{"id":28393,"date":"2020-06-26T10:40:18","date_gmt":"2020-06-26T08:40:18","guid":{"rendered":"https:\/\/vosgesinfo.fr\/remiremontinfo\/2020\/06\/remiremont-crise-coronavirus-a-coute-300-000-e-a-commune\/"},"modified":"2020-06-26T10:40:18","modified_gmt":"2020-06-26T08:40:18","slug":"remiremont-crise-coronavirus-a-coute-300-000-e-a-commune","status":"publish","type":"post","link":"https:\/\/vosgesinfo.fr\/remiremontinfo\/2020\/06\/remiremont-crise-coronavirus-a-coute-300-000-e-a-commune\/","title":{"rendered":"Remiremont : la crise du coronavirus a co\u00fbt\u00e9 300.000 \u20ac \u00e0 la commune"},"content":{"rendered":"<p style=\"text-align: center;\"><a href=\"\/2020\/06\/Annotation-2020-06-26-122604.png\"><img decoding=\"async\" class=\"alignnone size-full wp-image-289683\" src=\"\/2020\/06\/Annotation-2020-06-26-122604.png\" alt=\"Annotation 2020-06-26 122604\" width=\"800\" height=\"518\" \/><\/a><\/p>\n<h2><span style=\"font-size: medium;\"><span style=\"font-size: 12pt;\"><strong>Alors que le conseil municipal de Remiremont s\u2019appr\u00eate \u00e0 se r\u00e9unir ce soir au Centre des congr\u00e8s pour voter son budget, un \u00e9v\u00e9nement pas vraiment pass\u00e9 inaper\u00e7u fait l\u00e9g\u00e8rement bouger les courbes des d\u00e9penses de la commune\u00a0: la crise du Covid-19.<\/strong><\/span><\/span><\/h2>\n<p><span style=\"font-size: medium;\">La municipalit\u00e9 a d\u00fb faire face, pendant le confinement <\/span><span style=\"font-size: medium;\">et ensuite,<\/span><span style=\"font-size: medium;\"> \u00e0 des d\u00e9penses suppl\u00e9mentaires impr\u00e9vues\u00a0: masques, gels. Dans le m\u00eame temps, ses recettes ont diminu\u00e9\u00a0: pas d\u2019entr\u00e9es pour les \u00e9quipements municipaux, dans les mus\u00e9es ou au centre aquatique. La mairie a \u00e9galement d\u00e9cid\u00e9 de rendre le stationnement gratuit pour <\/span><span style=\"font-size: medium;\">une<\/span><span style=\"font-size: medium;\"> p\u00e9riode d\u00e9passant <\/span><span style=\"font-size: medium;\">de plusieurs jours<\/span><span style=\"font-size: medium;\"> le temps stricte du confinement. Pour <\/span><span style=\"font-size: medium;\">se faire une id\u00e9e, \u00e0 l\u2019ann\u00e9e, les tickets de stationnement rapportent 180.000 Euros environ \u00e0 la municipalit\u00e9. Autre baisse des rentr\u00e9es d\u2019argent\u00a0: il a \u00e9t\u00e9 d\u00e9cid\u00e9 de rendre l\u2019installation de terrasses gratuite pour les commer\u00e7ants jusqu\u2019\u00e0 la fin de l\u2019ann\u00e9e. Sur une ann\u00e9e, les places de terrassent rapportent environ 25.000 Euros \u00e0 la commune. Au total, baisse des recettes et d\u00e9penses suppl\u00e9mentaires comprises, il est estim\u00e9 que la crise li\u00e9e \u00e0 l\u2019\u00e9pid\u00e9mie aura co\u00fbt\u00e9 de fa\u00e7on directe quelques 300.000 Euros \u00e0 la municipalit\u00e9 romarimontaine.<\/span><\/p>\n","protected":false},"excerpt":{"rendered":"<p>Alors que le conseil municipal de Remiremont s\u2019appr\u00eate \u00e0 se r\u00e9unir ce soir au Centre des congr\u00e8s pour voter son [&hellip;]<\/p>\n","protected":false},"author":407,"featured_media":28394,"comment_status":"open","ping_status":"open","sticky":false,"template":"","format":"standard","meta":{"footnotes":""},"categories":[26,1556,35],"tags":[],"class_list":["post-28393","post","type-post","status-publish","format-standard","has-post-thumbnail","hentry","category-a-la-une","category-remiremont-remiremont-son-canton-2","category-remiremont-son-canton"],"acf":[],"yoast_head":"<!-- This site is optimized with the Yoast SEO plugin v22.5 - https:\/\/yoast.com\/wordpress\/plugins\/seo\/ -->\n<title>Remiremont : la crise du coronavirus a co\u00fbt\u00e9 300.000 \u20ac \u00e0 la commune - Remiremont Info<\/title>\n<meta name=\"robots\" content=\"index, follow, max-snippet:-1, max-image-preview:large, max-video-preview:-1\" \/>\n<link rel=\"canonical\" href=\"https:\/\/vosgesinfo.fr\/remiremontinfo\/2020\/06\/remiremont-crise-coronavirus-a-coute-300-000-e-a-commune\/\" \/>\n<meta name=\"twitter:card\" content=\"summary_large_image\" \/>\n<meta name=\"twitter:title\" content=\"Remiremont : la crise du coronavirus a co\u00fbt\u00e9 300.000 \u20ac \u00e0 la commune - Remiremont Info\" \/>\n<meta name=\"twitter:description\" content=\"Alors que le conseil municipal de Remiremont s\u2019appr\u00eate \u00e0 se r\u00e9unir ce soir au Centre des congr\u00e8s pour voter son [&hellip;]\" \/>\n<meta name=\"twitter:image\" content=\"https:\/\/vosgesinfo.fr\/app\/uploads\/sites\/5\/2024\/09\/202006annotation-2020-06-26-122604.png\" \/>\n<meta name=\"twitter:creator\" content=\"@VosgesInfo88\" \/>\n<meta name=\"twitter:site\" content=\"@VosgesInfo88\" \/>\n<meta name=\"twitter:label1\" content=\"\u00c9crit par\" \/>\n\t<meta name=\"twitter:data1\" content=\"C D\" \/>\n\t<meta name=\"twitter:label2\" content=\"Dur\u00e9e de lecture estim\u00e9e\" \/>\n\t<meta name=\"twitter:data2\" content=\"1 minute\" \/>\n<script type=\"application\/ld+json\" class=\"yoast-schema-graph\">{\"@context\":\"https:\/\/schema.org\",\"@graph\":[{\"@type\":\"Article\",\"@id\":\"https:\/\/vosgesinfo.fr\/remiremontinfo\/2020\/06\/remiremont-crise-coronavirus-a-coute-300-000-e-a-commune\/#article\",\"isPartOf\":{\"@id\":\"https:\/\/vosgesinfo.fr\/remiremontinfo\/2020\/06\/remiremont-crise-coronavirus-a-coute-300-000-e-a-commune\/\"},\"author\":{\"name\":\"C D\",\"@id\":\"https:\/\/vosgesinfo.fr\/remiremontinfo\/#\/schema\/person\/3bfd164d5218a185b1db68655a265316\"},\"headline\":\"Remiremont : la crise du coronavirus a co\u00fbt\u00e9 300.000 \u20ac \u00e0 la commune\",\"datePublished\":\"2020-06-26T08:40:18+00:00\",\"dateModified\":\"2020-06-26T08:40:18+00:00\",\"mainEntityOfPage\":{\"@id\":\"https:\/\/vosgesinfo.fr\/remiremontinfo\/2020\/06\/remiremont-crise-coronavirus-a-coute-300-000-e-a-commune\/\"},\"wordCount\":224,\"commentCount\":0,\"publisher\":{\"@id\":\"https:\/\/vosgesinfo.fr\/remiremontinfo\/#organization\"},\"image\":{\"@id\":\"https:\/\/vosgesinfo.fr\/remiremontinfo\/2020\/06\/remiremont-crise-coronavirus-a-coute-300-000-e-a-commune\/#primaryimage\"},\"thumbnailUrl\":\"https:\/\/vosgesinfo.fr\/app\/uploads\/sites\/5\/2024\/09\/202006annotation-2020-06-26-122604.png\",\"articleSection\":[\"A la Une\",\"Remiremont\",\"Remiremont &amp; son canton\"],\"inLanguage\":\"fr-FR\",\"potentialAction\":[{\"@type\":\"CommentAction\",\"name\":\"Comment\",\"target\":[\"https:\/\/vosgesinfo.fr\/remiremontinfo\/2020\/06\/remiremont-crise-coronavirus-a-coute-300-000-e-a-commune\/#respond\"]}]},{\"@type\":\"WebPage\",\"@id\":\"https:\/\/vosgesinfo.fr\/remiremontinfo\/2020\/06\/remiremont-crise-coronavirus-a-coute-300-000-e-a-commune\/\",\"url\":\"https:\/\/vosgesinfo.fr\/remiremontinfo\/2020\/06\/remiremont-crise-coronavirus-a-coute-300-000-e-a-commune\/\",\"name\":\"Remiremont : la crise du coronavirus a co\u00fbt\u00e9 300.000 \u20ac \u00e0 la commune - Remiremont Info\",\"isPartOf\":{\"@id\":\"https:\/\/vosgesinfo.fr\/remiremontinfo\/#website\"},\"primaryImageOfPage\":{\"@id\":\"https:\/\/vosgesinfo.fr\/remiremontinfo\/2020\/06\/remiremont-crise-coronavirus-a-coute-300-000-e-a-commune\/#primaryimage\"},\"image\":{\"@id\":\"https:\/\/vosgesinfo.fr\/remiremontinfo\/2020\/06\/remiremont-crise-coronavirus-a-coute-300-000-e-a-commune\/#primaryimage\"},\"thumbnailUrl\":\"https:\/\/vosgesinfo.fr\/app\/uploads\/sites\/5\/2024\/09\/202006annotation-2020-06-26-122604.png\",\"datePublished\":\"2020-06-26T08:40:18+00:00\",\"dateModified\":\"2020-06-26T08:40:18+00:00\",\"breadcrumb\":{\"@id\":\"https:\/\/vosgesinfo.fr\/remiremontinfo\/2020\/06\/remiremont-crise-coronavirus-a-coute-300-000-e-a-commune\/#breadcrumb\"},\"inLanguage\":\"fr-FR\",\"potentialAction\":[{\"@type\":\"ReadAction\",\"target\":[\"https:\/\/vosgesinfo.fr\/remiremontinfo\/2020\/06\/remiremont-crise-coronavirus-a-coute-300-000-e-a-commune\/\"]}]},{\"@type\":\"ImageObject\",\"inLanguage\":\"fr-FR\",\"@id\":\"https:\/\/vosgesinfo.fr\/remiremontinfo\/2020\/06\/remiremont-crise-coronavirus-a-coute-300-000-e-a-commune\/#primaryimage\",\"url\":\"https:\/\/vosgesinfo.fr\/app\/uploads\/sites\/5\/2024\/09\/202006annotation-2020-06-26-122604.png\",\"contentUrl\":\"https:\/\/vosgesinfo.fr\/app\/uploads\/sites\/5\/2024\/09\/202006annotation-2020-06-26-122604.png\",\"width\":800,\"height\":518},{\"@type\":\"BreadcrumbList\",\"@id\":\"https:\/\/vosgesinfo.fr\/remiremontinfo\/2020\/06\/remiremont-crise-coronavirus-a-coute-300-000-e-a-commune\/#breadcrumb\",\"itemListElement\":[{\"@type\":\"ListItem\",\"position\":1,\"name\":\"Home\",\"item\":\"https:\/\/vosgesinfo.fr\/remiremontinfo\/\"},{\"@type\":\"ListItem\",\"position\":2,\"name\":\"Remiremont : la crise du coronavirus a co\u00fbt\u00e9 300.000 \u20ac \u00e0 la commune\"}]},{\"@type\":\"WebSite\",\"@id\":\"https:\/\/vosgesinfo.fr\/remiremontinfo\/#website\",\"url\":\"https:\/\/vosgesinfo.fr\/remiremontinfo\/\",\"name\":\"Remiremont Info\",\"description\":\"Toute l&#039;actualit\u00e9 de Remiremont\",\"publisher\":{\"@id\":\"https:\/\/vosgesinfo.fr\/remiremontinfo\/#organization\"},\"alternateName\":\"Toute l'actualit\u00e9 de Remiremont\",\"potentialAction\":[{\"@type\":\"SearchAction\",\"target\":{\"@type\":\"EntryPoint\",\"urlTemplate\":\"https:\/\/vosgesinfo.fr\/remiremontinfo\/?s={search_term_string}\"},\"query-input\":\"required name=search_term_string\"}],\"inLanguage\":\"fr-FR\"},{\"@type\":\"Organization\",\"@id\":\"https:\/\/vosgesinfo.fr\/remiremontinfo\/#organization\",\"name\":\"Remiremont Info\",\"url\":\"https:\/\/vosgesinfo.fr\/remiremontinfo\/\",\"logo\":{\"@type\":\"ImageObject\",\"inLanguage\":\"fr-FR\",\"@id\":\"https:\/\/vosgesinfo.fr\/remiremontinfo\/#\/schema\/logo\/image\/\",\"url\":\"https:\/\/vosgesinfo.fr\/app\/uploads\/sites\/5\/2023\/08\/favicon-remiremontinfo.png\",\"contentUrl\":\"https:\/\/vosgesinfo.fr\/app\/uploads\/sites\/5\/2023\/08\/favicon-remiremontinfo.png\",\"width\":512,\"height\":512,\"caption\":\"Remiremont Info\"},\"image\":{\"@id\":\"https:\/\/vosgesinfo.fr\/remiremontinfo\/#\/schema\/logo\/image\/\"},\"sameAs\":[\"https:\/\/www.facebook.com\/remiremontinfo\",\"https:\/\/x.com\/VosgesInfo88\",\"https:\/\/www.youtube.com\/@vosgesinfo\"]},{\"@type\":\"Person\",\"@id\":\"https:\/\/vosgesinfo.fr\/remiremontinfo\/#\/schema\/person\/3bfd164d5218a185b1db68655a265316\",\"name\":\"C D\",\"image\":{\"@type\":\"ImageObject\",\"inLanguage\":\"fr-FR\",\"@id\":\"https:\/\/vosgesinfo.fr\/remiremontinfo\/#\/schema\/person\/image\/\",\"url\":\"https:\/\/secure.gravatar.com\/avatar\/1f9a70007336511a47468b8f1c66f922b8b7cf617b02a31149ada43893a5d48f?s=96&d=mm&r=g\",\"contentUrl\":\"https:\/\/secure.gravatar.com\/avatar\/1f9a70007336511a47468b8f1c66f922b8b7cf617b02a31149ada43893a5d48f?s=96&d=mm&r=g\",\"caption\":\"C D\"},\"url\":\"https:\/\/vosgesinfo.fr\/remiremontinfo\/author\/cedric-drevet\/\"}]}<\/script>\n<!-- \/ Yoast SEO plugin. -->","yoast_head_json":{"title":"Remiremont : la crise du coronavirus a co\u00fbt\u00e9 300.000 \u20ac \u00e0 la commune - Remiremont Info","robots":{"index":"index","follow":"follow","max-snippet":"max-snippet:-1","max-image-preview":"max-image-preview:large","max-video-preview":"max-video-preview:-1"},"canonical":"https:\/\/vosgesinfo.fr\/remiremontinfo\/2020\/06\/remiremont-crise-coronavirus-a-coute-300-000-e-a-commune\/","twitter_card":"summary_large_image","twitter_title":"Remiremont : la crise du coronavirus a co\u00fbt\u00e9 300.000 \u20ac \u00e0 la commune - Remiremont Info","twitter_description":"Alors que le conseil municipal de Remiremont s\u2019appr\u00eate \u00e0 se r\u00e9unir ce soir au Centre des congr\u00e8s pour voter son [&hellip;]","twitter_image":"https:\/\/vosgesinfo.fr\/app\/uploads\/sites\/5\/2024\/09\/202006annotation-2020-06-26-122604.png","twitter_creator":"@VosgesInfo88","twitter_site":"@VosgesInfo88","twitter_misc":{"\u00c9crit par":"C D","Dur\u00e9e de lecture estim\u00e9e":"1 minute"},"schema":{"@context":"https:\/\/schema.org","@graph":[{"@type":"Article","@id":"https:\/\/vosgesinfo.fr\/remiremontinfo\/2020\/06\/remiremont-crise-coronavirus-a-coute-300-000-e-a-commune\/#article","isPartOf":{"@id":"https:\/\/vosgesinfo.fr\/remiremontinfo\/2020\/06\/remiremont-crise-coronavirus-a-coute-300-000-e-a-commune\/"},"author":{"name":"C D","@id":"https:\/\/vosgesinfo.fr\/remiremontinfo\/#\/schema\/person\/3bfd164d5218a185b1db68655a265316"},"headline":"Remiremont : la crise du coronavirus a co\u00fbt\u00e9 300.000 \u20ac \u00e0 la commune","datePublished":"2020-06-26T08:40:18+00:00","dateModified":"2020-06-26T08:40:18+00:00","mainEntityOfPage":{"@id":"https:\/\/vosgesinfo.fr\/remiremontinfo\/2020\/06\/remiremont-crise-coronavirus-a-coute-300-000-e-a-commune\/"},"wordCount":224,"commentCount":0,"publisher":{"@id":"https:\/\/vosgesinfo.fr\/remiremontinfo\/#organization"},"image":{"@id":"https:\/\/vosgesinfo.fr\/remiremontinfo\/2020\/06\/remiremont-crise-coronavirus-a-coute-300-000-e-a-commune\/#primaryimage"},"thumbnailUrl":"https:\/\/vosgesinfo.fr\/app\/uploads\/sites\/5\/2024\/09\/202006annotation-2020-06-26-122604.png","articleSection":["A la Une","Remiremont","Remiremont &amp; son canton"],"inLanguage":"fr-FR","potentialAction":[{"@type":"CommentAction","name":"Comment","target":["https:\/\/vosgesinfo.fr\/remiremontinfo\/2020\/06\/remiremont-crise-coronavirus-a-coute-300-000-e-a-commune\/#respond"]}]},{"@type":"WebPage","@id":"https:\/\/vosgesinfo.fr\/remiremontinfo\/2020\/06\/remiremont-crise-coronavirus-a-coute-300-000-e-a-commune\/","url":"https:\/\/vosgesinfo.fr\/remiremontinfo\/2020\/06\/remiremont-crise-coronavirus-a-coute-300-000-e-a-commune\/","name":"Remiremont : la crise du coronavirus a co\u00fbt\u00e9 300.000 \u20ac \u00e0 la commune - Remiremont Info","isPartOf":{"@id":"https:\/\/vosgesinfo.fr\/remiremontinfo\/#website"},"primaryImageOfPage":{"@id":"https:\/\/vosgesinfo.fr\/remiremontinfo\/2020\/06\/remiremont-crise-coronavirus-a-coute-300-000-e-a-commune\/#primaryimage"},"image":{"@id":"https:\/\/vosgesinfo.fr\/remiremontinfo\/2020\/06\/remiremont-crise-coronavirus-a-coute-300-000-e-a-commune\/#primaryimage"},"thumbnailUrl":"https:\/\/vosgesinfo.fr\/app\/uploads\/sites\/5\/2024\/09\/202006annotation-2020-06-26-122604.png","datePublished":"2020-06-26T08:40:18+00:00","dateModified":"2020-06-26T08:40:18+00:00","breadcrumb":{"@id":"https:\/\/vosgesinfo.fr\/remiremontinfo\/2020\/06\/remiremont-crise-coronavirus-a-coute-300-000-e-a-commune\/#breadcrumb"},"inLanguage":"fr-FR","potentialAction":[{"@type":"ReadAction","target":["https:\/\/vosgesinfo.fr\/remiremontinfo\/2020\/06\/remiremont-crise-coronavirus-a-coute-300-000-e-a-commune\/"]}]},{"@type":"ImageObject","inLanguage":"fr-FR","@id":"https:\/\/vosgesinfo.fr\/remiremontinfo\/2020\/06\/remiremont-crise-coronavirus-a-coute-300-000-e-a-commune\/#primaryimage","url":"https:\/\/vosgesinfo.fr\/app\/uploads\/sites\/5\/2024\/09\/202006annotation-2020-06-26-122604.png","contentUrl":"https:\/\/vosgesinfo.fr\/app\/uploads\/sites\/5\/2024\/09\/202006annotation-2020-06-26-122604.png","width":800,"height":518},{"@type":"BreadcrumbList","@id":"https:\/\/vosgesinfo.fr\/remiremontinfo\/2020\/06\/remiremont-crise-coronavirus-a-coute-300-000-e-a-commune\/#breadcrumb","itemListElement":[{"@type":"ListItem","position":1,"name":"Home","item":"https:\/\/vosgesinfo.fr\/remiremontinfo\/"},{"@type":"ListItem","position":2,"name":"Remiremont : la crise du coronavirus a co\u00fbt\u00e9 300.000 \u20ac \u00e0 la commune"}]},{"@type":"WebSite","@id":"https:\/\/vosgesinfo.fr\/remiremontinfo\/#website","url":"https:\/\/vosgesinfo.fr\/remiremontinfo\/","name":"Remiremont Info","description":"Toute l&#039;actualit\u00e9 de Remiremont","publisher":{"@id":"https:\/\/vosgesinfo.fr\/remiremontinfo\/#organization"},"alternateName":"Toute l'actualit\u00e9 de Remiremont","potentialAction":[{"@type":"SearchAction","target":{"@type":"EntryPoint","urlTemplate":"https:\/\/vosgesinfo.fr\/remiremontinfo\/?s={search_term_string}"},"query-input":"required name=search_term_string"}],"inLanguage":"fr-FR"},{"@type":"Organization","@id":"https:\/\/vosgesinfo.fr\/remiremontinfo\/#organization","name":"Remiremont Info","url":"https:\/\/vosgesinfo.fr\/remiremontinfo\/","logo":{"@type":"ImageObject","inLanguage":"fr-FR","@id":"https:\/\/vosgesinfo.fr\/remiremontinfo\/#\/schema\/logo\/image\/","url":"https:\/\/vosgesinfo.fr\/app\/uploads\/sites\/5\/2023\/08\/favicon-remiremontinfo.png","contentUrl":"https:\/\/vosgesinfo.fr\/app\/uploads\/sites\/5\/2023\/08\/favicon-remiremontinfo.png","width":512,"height":512,"caption":"Remiremont Info"},"image":{"@id":"https:\/\/vosgesinfo.fr\/remiremontinfo\/#\/schema\/logo\/image\/"},"sameAs":["https:\/\/www.facebook.com\/remiremontinfo","https:\/\/x.com\/VosgesInfo88","https:\/\/www.youtube.com\/@vosgesinfo"]},{"@type":"Person","@id":"https:\/\/vosgesinfo.fr\/remiremontinfo\/#\/schema\/person\/3bfd164d5218a185b1db68655a265316","name":"C D","image":{"@type":"ImageObject","inLanguage":"fr-FR","@id":"https:\/\/vosgesinfo.fr\/remiremontinfo\/#\/schema\/person\/image\/","url":"https:\/\/secure.gravatar.com\/avatar\/1f9a70007336511a47468b8f1c66f922b8b7cf617b02a31149ada43893a5d48f?s=96&d=mm&r=g","contentUrl":"https:\/\/secure.gravatar.com\/avatar\/1f9a70007336511a47468b8f1c66f922b8b7cf617b02a31149ada43893a5d48f?s=96&d=mm&r=g","caption":"C D"},"url":"https:\/\/vosgesinfo.fr\/remiremontinfo\/author\/cedric-drevet\/"}]}},"_links":{"self":[{"href":"https:\/\/vosgesinfo.fr\/remiremontinfo\/wp-json\/wp\/v2\/posts\/28393","targetHints":{"allow":["GET"]}}],"collection":[{"href":"https:\/\/vosgesinfo.fr\/remiremontinfo\/wp-json\/wp\/v2\/posts"}],"about":[{"href":"https:\/\/vosgesinfo.fr\/remiremontinfo\/wp-json\/wp\/v2\/types\/post"}],"author":[{"embeddable":true,"href":"https:\/\/vosgesinfo.fr\/remiremontinfo\/wp-json\/wp\/v2\/users\/407"}],"replies":[{"embeddable":true,"href":"https:\/\/vosgesinfo.fr\/remiremontinfo\/wp-json\/wp\/v2\/comments?post=28393"}],"version-history":[{"count":0,"href":"https:\/\/vosgesinfo.fr\/remiremontinfo\/wp-json\/wp\/v2\/posts\/28393\/revisions"}],"wp:featuredmedia":[{"embeddable":true,"href":"https:\/\/vosgesinfo.fr\/remiremontinfo\/wp-json\/wp\/v2\/media\/28394"}],"wp:attachment":[{"href":"https:\/\/vosgesinfo.fr\/remiremontinfo\/wp-json\/wp\/v2\/media?parent=28393"}],"wp:term":[{"taxonomy":"category","embeddable":true,"href":"https:\/\/vosgesinfo.fr\/remiremontinfo\/wp-json\/wp\/v2\/categories?post=28393"},{"taxonomy":"post_tag","embeddable":true,"href":"https:\/\/vosgesinfo.fr\/remiremontinfo\/wp-json\/wp\/v2\/tags?post=28393"}],"curies":[{"name":"wp","href":"https:\/\/api.w.org\/{rel}","templated":true}]}}