{"id":28479,"date":"2020-06-27T03:55:17","date_gmt":"2020-06-27T01:55:17","guid":{"rendered":"https:\/\/vosgesinfo.fr\/remiremontinfo\/2020\/06\/remiremont-deces-de-monsieur-philippe-herzog\/"},"modified":"2020-06-27T03:55:17","modified_gmt":"2020-06-27T01:55:17","slug":"remiremont-deces-de-monsieur-philippe-herzog","status":"publish","type":"post","link":"https:\/\/vosgesinfo.fr\/remiremontinfo\/2020\/06\/remiremont-deces-de-monsieur-philippe-herzog\/","title":{"rendered":"Remiremont : D\u00e9c\u00e8s de Monsieur Philippe Herzog"},"content":{"rendered":"<div class=\"row\">\n<div class=\"col-xs-12 col-sm-12r\">\n<div class=\"text-up\">\n<p>SAINT-ETIENNE-L\u00c8S-REMIREMONT, ARCHETTES, POUXEUX<\/p>\n<p>Marie-Christine HERZOG, son \u00e9pouse ;<\/p>\n<p>Sabrina HERZOG et Pierre VIRION,<\/p>\n<p>Julien et St\u00e9phanie HERZOG,<\/p>\n<p>C\u00e9line HERZOG,<\/p>\n<p>Ses enfants et leurs conjoints ;<\/p>\n<p>Yanis, Anna, Paul, Jules, Robin, Lola, ses petits-enfants ;<\/p>\n<p>Ses fr\u00e8res et ses belles-soeurs,<\/p>\n<p>Toute la parent\u00e9 et les amis,<\/p>\n<p>ont la tristesse de vous faire part du d\u00e9c\u00e8s de<\/p>\n<\/div>\n<h3 class=\"info-card-title\"><span class=\"title uppercase\">Monsieur Philippe HERZOG<\/span><\/h3>\n<\/div>\n<\/div>\n<div class=\"message\">\n<p>survenu le 25 Juin 2020, \u00e0 l&rsquo;aube de ses 64 ans.<\/p>\n<p><strong>Ses obs\u00e8ques religieuses seront c\u00e9l\u00e9br\u00e9es ce jour, \u00e0 14 heures 30,<\/strong><\/p>\n<p><strong>en l&rsquo;\u00c9glise de Saint-Etienne-L\u00e8s-Remiremont, suivie de l&rsquo;inhumation.<\/strong><\/p>\n<p>L&rsquo;offrande tiendra lieu de condol\u00e9ances, le pr\u00e9sent avis de faire-part et de remerciements.<\/p>\n<p>La famille rappelle \u00e0 votre son souvenir,<\/p>\n<p>sa maman, Janine HERZOG,<\/p>\n<p>d\u00e9c\u00e9d\u00e9e en Avril 2020.<\/p>\n<p>Philippe repose \u00e0 la Maison Fun\u00e9raire Fournier,<\/p>\n<p>16, Rue G\u00e9n\u00e9ral Leclerc \u00e0 Remiremont o\u00f9 la famille sera pr\u00e9sente ce jour jusqu\u2019\u00e0 12 heures 00.<\/p>\n<\/div>\n","protected":false},"excerpt":{"rendered":"<p>SAINT-ETIENNE-L\u00c8S-REMIREMONT, ARCHETTES, POUXEUX Marie-Christine HERZOG, son \u00e9pouse ; Sabrina HERZOG et Pierre VIRION, Julien et St\u00e9phanie HERZOG, C\u00e9line HERZOG, Ses [&hellip;]<\/p>\n","protected":false},"author":407,"featured_media":0,"comment_status":"open","ping_status":"open","sticky":false,"template":"","format":"standard","meta":{"footnotes":""},"categories":[162],"tags":[],"class_list":["post-28479","post","type-post","status-publish","format-standard","hentry","category-avis-de-deces"],"acf":[],"yoast_head":"<!-- This site is optimized with the Yoast SEO plugin v22.5 - https:\/\/yoast.com\/wordpress\/plugins\/seo\/ -->\n<title>Remiremont : D\u00e9c\u00e8s de Monsieur Philippe Herzog - Remiremont Info<\/title>\n<meta name=\"robots\" content=\"index, follow, max-snippet:-1, max-image-preview:large, max-video-preview:-1\" \/>\n<link rel=\"canonical\" href=\"https:\/\/vosgesinfo.fr\/remiremontinfo\/2020\/06\/remiremont-deces-de-monsieur-philippe-herzog\/\" \/>\n<meta name=\"twitter:card\" content=\"summary_large_image\" \/>\n<meta name=\"twitter:title\" content=\"Remiremont : D\u00e9c\u00e8s de Monsieur Philippe Herzog - Remiremont Info\" \/>\n<meta name=\"twitter:description\" content=\"SAINT-ETIENNE-L\u00c8S-REMIREMONT, ARCHETTES, POUXEUX Marie-Christine HERZOG, son \u00e9pouse ; Sabrina HERZOG et Pierre VIRION, Julien et St\u00e9phanie HERZOG, C\u00e9line HERZOG, Ses [&hellip;]\" \/>\n<meta name=\"twitter:creator\" content=\"@VosgesInfo88\" \/>\n<meta name=\"twitter:site\" content=\"@VosgesInfo88\" \/>\n<meta name=\"twitter:label1\" content=\"\u00c9crit par\" \/>\n\t<meta name=\"twitter:data1\" content=\"C D\" \/>\n\t<meta name=\"twitter:label2\" content=\"Dur\u00e9e de lecture estim\u00e9e\" \/>\n\t<meta name=\"twitter:data2\" content=\"1 minute\" \/>\n<script type=\"application\/ld+json\" class=\"yoast-schema-graph\">{\"@context\":\"https:\/\/schema.org\",\"@graph\":[{\"@type\":\"Article\",\"@id\":\"https:\/\/vosgesinfo.fr\/remiremontinfo\/2020\/06\/remiremont-deces-de-monsieur-philippe-herzog\/#article\",\"isPartOf\":{\"@id\":\"https:\/\/vosgesinfo.fr\/remiremontinfo\/2020\/06\/remiremont-deces-de-monsieur-philippe-herzog\/\"},\"author\":{\"name\":\"C D\",\"@id\":\"https:\/\/vosgesinfo.fr\/remiremontinfo\/#\/schema\/person\/3bfd164d5218a185b1db68655a265316\"},\"headline\":\"Remiremont : D\u00e9c\u00e8s de Monsieur Philippe Herzog\",\"datePublished\":\"2020-06-27T01:55:17+00:00\",\"dateModified\":\"2020-06-27T01:55:17+00:00\",\"mainEntityOfPage\":{\"@id\":\"https:\/\/vosgesinfo.fr\/remiremontinfo\/2020\/06\/remiremont-deces-de-monsieur-philippe-herzog\/\"},\"wordCount\":154,\"commentCount\":0,\"publisher\":{\"@id\":\"https:\/\/vosgesinfo.fr\/remiremontinfo\/#organization\"},\"articleSection\":[\"Avis de d\u00e9c\u00e8s\"],\"inLanguage\":\"fr-FR\",\"potentialAction\":[{\"@type\":\"CommentAction\",\"name\":\"Comment\",\"target\":[\"https:\/\/vosgesinfo.fr\/remiremontinfo\/2020\/06\/remiremont-deces-de-monsieur-philippe-herzog\/#respond\"]}]},{\"@type\":\"WebPage\",\"@id\":\"https:\/\/vosgesinfo.fr\/remiremontinfo\/2020\/06\/remiremont-deces-de-monsieur-philippe-herzog\/\",\"url\":\"https:\/\/vosgesinfo.fr\/remiremontinfo\/2020\/06\/remiremont-deces-de-monsieur-philippe-herzog\/\",\"name\":\"Remiremont : D\u00e9c\u00e8s de Monsieur Philippe Herzog - Remiremont Info\",\"isPartOf\":{\"@id\":\"https:\/\/vosgesinfo.fr\/remiremontinfo\/#website\"},\"datePublished\":\"2020-06-27T01:55:17+00:00\",\"dateModified\":\"2020-06-27T01:55:17+00:00\",\"breadcrumb\":{\"@id\":\"https:\/\/vosgesinfo.fr\/remiremontinfo\/2020\/06\/remiremont-deces-de-monsieur-philippe-herzog\/#breadcrumb\"},\"inLanguage\":\"fr-FR\",\"potentialAction\":[{\"@type\":\"ReadAction\",\"target\":[\"https:\/\/vosgesinfo.fr\/remiremontinfo\/2020\/06\/remiremont-deces-de-monsieur-philippe-herzog\/\"]}]},{\"@type\":\"BreadcrumbList\",\"@id\":\"https:\/\/vosgesinfo.fr\/remiremontinfo\/2020\/06\/remiremont-deces-de-monsieur-philippe-herzog\/#breadcrumb\",\"itemListElement\":[{\"@type\":\"ListItem\",\"position\":1,\"name\":\"Home\",\"item\":\"https:\/\/vosgesinfo.fr\/remiremontinfo\/\"},{\"@type\":\"ListItem\",\"position\":2,\"name\":\"Remiremont : D\u00e9c\u00e8s de Monsieur Philippe Herzog\"}]},{\"@type\":\"WebSite\",\"@id\":\"https:\/\/vosgesinfo.fr\/remiremontinfo\/#website\",\"url\":\"https:\/\/vosgesinfo.fr\/remiremontinfo\/\",\"name\":\"Remiremont Info\",\"description\":\"Toute l&#039;actualit\u00e9 de Remiremont\",\"publisher\":{\"@id\":\"https:\/\/vosgesinfo.fr\/remiremontinfo\/#organization\"},\"alternateName\":\"Toute l'actualit\u00e9 de Remiremont\",\"potentialAction\":[{\"@type\":\"SearchAction\",\"target\":{\"@type\":\"EntryPoint\",\"urlTemplate\":\"https:\/\/vosgesinfo.fr\/remiremontinfo\/?s={search_term_string}\"},\"query-input\":\"required name=search_term_string\"}],\"inLanguage\":\"fr-FR\"},{\"@type\":\"Organization\",\"@id\":\"https:\/\/vosgesinfo.fr\/remiremontinfo\/#organization\",\"name\":\"Remiremont Info\",\"url\":\"https:\/\/vosgesinfo.fr\/remiremontinfo\/\",\"logo\":{\"@type\":\"ImageObject\",\"inLanguage\":\"fr-FR\",\"@id\":\"https:\/\/vosgesinfo.fr\/remiremontinfo\/#\/schema\/logo\/image\/\",\"url\":\"https:\/\/vosgesinfo.fr\/app\/uploads\/sites\/5\/2023\/08\/favicon-remiremontinfo.png\",\"contentUrl\":\"https:\/\/vosgesinfo.fr\/app\/uploads\/sites\/5\/2023\/08\/favicon-remiremontinfo.png\",\"width\":512,\"height\":512,\"caption\":\"Remiremont Info\"},\"image\":{\"@id\":\"https:\/\/vosgesinfo.fr\/remiremontinfo\/#\/schema\/logo\/image\/\"},\"sameAs\":[\"https:\/\/www.facebook.com\/remiremontinfo\",\"https:\/\/x.com\/VosgesInfo88\",\"https:\/\/www.youtube.com\/@vosgesinfo\"]},{\"@type\":\"Person\",\"@id\":\"https:\/\/vosgesinfo.fr\/remiremontinfo\/#\/schema\/person\/3bfd164d5218a185b1db68655a265316\",\"name\":\"C D\",\"image\":{\"@type\":\"ImageObject\",\"inLanguage\":\"fr-FR\",\"@id\":\"https:\/\/vosgesinfo.fr\/remiremontinfo\/#\/schema\/person\/image\/\",\"url\":\"https:\/\/secure.gravatar.com\/avatar\/1f9a70007336511a47468b8f1c66f922b8b7cf617b02a31149ada43893a5d48f?s=96&d=mm&r=g\",\"contentUrl\":\"https:\/\/secure.gravatar.com\/avatar\/1f9a70007336511a47468b8f1c66f922b8b7cf617b02a31149ada43893a5d48f?s=96&d=mm&r=g\",\"caption\":\"C D\"},\"url\":\"https:\/\/vosgesinfo.fr\/remiremontinfo\/author\/cedric-drevet\/\"}]}<\/script>\n<!-- \/ Yoast SEO plugin. -->","yoast_head_json":{"title":"Remiremont : D\u00e9c\u00e8s de Monsieur Philippe Herzog - Remiremont Info","robots":{"index":"index","follow":"follow","max-snippet":"max-snippet:-1","max-image-preview":"max-image-preview:large","max-video-preview":"max-video-preview:-1"},"canonical":"https:\/\/vosgesinfo.fr\/remiremontinfo\/2020\/06\/remiremont-deces-de-monsieur-philippe-herzog\/","twitter_card":"summary_large_image","twitter_title":"Remiremont : D\u00e9c\u00e8s de Monsieur Philippe Herzog - Remiremont Info","twitter_description":"SAINT-ETIENNE-L\u00c8S-REMIREMONT, ARCHETTES, POUXEUX Marie-Christine HERZOG, son \u00e9pouse ; Sabrina HERZOG et Pierre VIRION, Julien et St\u00e9phanie HERZOG, C\u00e9line HERZOG, Ses [&hellip;]","twitter_creator":"@VosgesInfo88","twitter_site":"@VosgesInfo88","twitter_misc":{"\u00c9crit par":"C D","Dur\u00e9e de lecture estim\u00e9e":"1 minute"},"schema":{"@context":"https:\/\/schema.org","@graph":[{"@type":"Article","@id":"https:\/\/vosgesinfo.fr\/remiremontinfo\/2020\/06\/remiremont-deces-de-monsieur-philippe-herzog\/#article","isPartOf":{"@id":"https:\/\/vosgesinfo.fr\/remiremontinfo\/2020\/06\/remiremont-deces-de-monsieur-philippe-herzog\/"},"author":{"name":"C D","@id":"https:\/\/vosgesinfo.fr\/remiremontinfo\/#\/schema\/person\/3bfd164d5218a185b1db68655a265316"},"headline":"Remiremont : D\u00e9c\u00e8s de Monsieur Philippe Herzog","datePublished":"2020-06-27T01:55:17+00:00","dateModified":"2020-06-27T01:55:17+00:00","mainEntityOfPage":{"@id":"https:\/\/vosgesinfo.fr\/remiremontinfo\/2020\/06\/remiremont-deces-de-monsieur-philippe-herzog\/"},"wordCount":154,"commentCount":0,"publisher":{"@id":"https:\/\/vosgesinfo.fr\/remiremontinfo\/#organization"},"articleSection":["Avis de d\u00e9c\u00e8s"],"inLanguage":"fr-FR","potentialAction":[{"@type":"CommentAction","name":"Comment","target":["https:\/\/vosgesinfo.fr\/remiremontinfo\/2020\/06\/remiremont-deces-de-monsieur-philippe-herzog\/#respond"]}]},{"@type":"WebPage","@id":"https:\/\/vosgesinfo.fr\/remiremontinfo\/2020\/06\/remiremont-deces-de-monsieur-philippe-herzog\/","url":"https:\/\/vosgesinfo.fr\/remiremontinfo\/2020\/06\/remiremont-deces-de-monsieur-philippe-herzog\/","name":"Remiremont : D\u00e9c\u00e8s de Monsieur Philippe Herzog - Remiremont Info","isPartOf":{"@id":"https:\/\/vosgesinfo.fr\/remiremontinfo\/#website"},"datePublished":"2020-06-27T01:55:17+00:00","dateModified":"2020-06-27T01:55:17+00:00","breadcrumb":{"@id":"https:\/\/vosgesinfo.fr\/remiremontinfo\/2020\/06\/remiremont-deces-de-monsieur-philippe-herzog\/#breadcrumb"},"inLanguage":"fr-FR","potentialAction":[{"@type":"ReadAction","target":["https:\/\/vosgesinfo.fr\/remiremontinfo\/2020\/06\/remiremont-deces-de-monsieur-philippe-herzog\/"]}]},{"@type":"BreadcrumbList","@id":"https:\/\/vosgesinfo.fr\/remiremontinfo\/2020\/06\/remiremont-deces-de-monsieur-philippe-herzog\/#breadcrumb","itemListElement":[{"@type":"ListItem","position":1,"name":"Home","item":"https:\/\/vosgesinfo.fr\/remiremontinfo\/"},{"@type":"ListItem","position":2,"name":"Remiremont : D\u00e9c\u00e8s de Monsieur Philippe Herzog"}]},{"@type":"WebSite","@id":"https:\/\/vosgesinfo.fr\/remiremontinfo\/#website","url":"https:\/\/vosgesinfo.fr\/remiremontinfo\/","name":"Remiremont Info","description":"Toute l&#039;actualit\u00e9 de Remiremont","publisher":{"@id":"https:\/\/vosgesinfo.fr\/remiremontinfo\/#organization"},"alternateName":"Toute l'actualit\u00e9 de Remiremont","potentialAction":[{"@type":"SearchAction","target":{"@type":"EntryPoint","urlTemplate":"https:\/\/vosgesinfo.fr\/remiremontinfo\/?s={search_term_string}"},"query-input":"required name=search_term_string"}],"inLanguage":"fr-FR"},{"@type":"Organization","@id":"https:\/\/vosgesinfo.fr\/remiremontinfo\/#organization","name":"Remiremont Info","url":"https:\/\/vosgesinfo.fr\/remiremontinfo\/","logo":{"@type":"ImageObject","inLanguage":"fr-FR","@id":"https:\/\/vosgesinfo.fr\/remiremontinfo\/#\/schema\/logo\/image\/","url":"https:\/\/vosgesinfo.fr\/app\/uploads\/sites\/5\/2023\/08\/favicon-remiremontinfo.png","contentUrl":"https:\/\/vosgesinfo.fr\/app\/uploads\/sites\/5\/2023\/08\/favicon-remiremontinfo.png","width":512,"height":512,"caption":"Remiremont Info"},"image":{"@id":"https:\/\/vosgesinfo.fr\/remiremontinfo\/#\/schema\/logo\/image\/"},"sameAs":["https:\/\/www.facebook.com\/remiremontinfo","https:\/\/x.com\/VosgesInfo88","https:\/\/www.youtube.com\/@vosgesinfo"]},{"@type":"Person","@id":"https:\/\/vosgesinfo.fr\/remiremontinfo\/#\/schema\/person\/3bfd164d5218a185b1db68655a265316","name":"C D","image":{"@type":"ImageObject","inLanguage":"fr-FR","@id":"https:\/\/vosgesinfo.fr\/remiremontinfo\/#\/schema\/person\/image\/","url":"https:\/\/secure.gravatar.com\/avatar\/1f9a70007336511a47468b8f1c66f922b8b7cf617b02a31149ada43893a5d48f?s=96&d=mm&r=g","contentUrl":"https:\/\/secure.gravatar.com\/avatar\/1f9a70007336511a47468b8f1c66f922b8b7cf617b02a31149ada43893a5d48f?s=96&d=mm&r=g","caption":"C D"},"url":"https:\/\/vosgesinfo.fr\/remiremontinfo\/author\/cedric-drevet\/"}]}},"_links":{"self":[{"href":"https:\/\/vosgesinfo.fr\/remiremontinfo\/wp-json\/wp\/v2\/posts\/28479","targetHints":{"allow":["GET"]}}],"collection":[{"href":"https:\/\/vosgesinfo.fr\/remiremontinfo\/wp-json\/wp\/v2\/posts"}],"about":[{"href":"https:\/\/vosgesinfo.fr\/remiremontinfo\/wp-json\/wp\/v2\/types\/post"}],"author":[{"embeddable":true,"href":"https:\/\/vosgesinfo.fr\/remiremontinfo\/wp-json\/wp\/v2\/users\/407"}],"replies":[{"embeddable":true,"href":"https:\/\/vosgesinfo.fr\/remiremontinfo\/wp-json\/wp\/v2\/comments?post=28479"}],"version-history":[{"count":0,"href":"https:\/\/vosgesinfo.fr\/remiremontinfo\/wp-json\/wp\/v2\/posts\/28479\/revisions"}],"wp:attachment":[{"href":"https:\/\/vosgesinfo.fr\/remiremontinfo\/wp-json\/wp\/v2\/media?parent=28479"}],"wp:term":[{"taxonomy":"category","embeddable":true,"href":"https:\/\/vosgesinfo.fr\/remiremontinfo\/wp-json\/wp\/v2\/categories?post=28479"},{"taxonomy":"post_tag","embeddable":true,"href":"https:\/\/vosgesinfo.fr\/remiremontinfo\/wp-json\/wp\/v2\/tags?post=28479"}],"curies":[{"name":"wp","href":"https:\/\/api.w.org\/{rel}","templated":true}]}}