{"id":28716,"date":"2020-07-03T09:53:46","date_gmt":"2020-07-03T07:53:46","guid":{"rendered":"https:\/\/vosgesinfo.fr\/remiremontinfo\/2020\/07\/fraispertuis-city-reouverture-far-west-vosgien-a-partir-11-juillet\/"},"modified":"2020-07-03T09:53:46","modified_gmt":"2020-07-03T07:53:46","slug":"fraispertuis-city-reouverture-far-west-vosgien-a-partir-11-juillet","status":"publish","type":"post","link":"https:\/\/vosgesinfo.fr\/remiremontinfo\/2020\/07\/fraispertuis-city-reouverture-far-west-vosgien-a-partir-11-juillet\/","title":{"rendered":"Fraispertuis City : r\u00e9ouverture du far-west vosgien \u00e0 partir du 11 juillet !"},"content":{"rendered":"<h2>Apr\u00e8s une longue\u00a0 p\u00e9riode de fermeture suite au confinement, le parc \u00e0 th\u00e8me Fraispertuis City va rouvrir ses portes \u00e0 partir du samedi 11 juillet. Cette ann\u00e9e, le parc va ouvrir avec trois nouvelles attractions :\u00a0Corb\u2019hauts, Post Office et P\u2019tits moussaillons !<\/h2>\n<p>C\u2019est une saison in\u00e9dite qui va s\u2019ouvrir ! Le parc d\u2019attractions Fraispertuis City situ\u00e9 \u00e0 Jeanm\u00e9nil va enfin pouvoir rouvrir ses portes dans une semaine. L\u2019ouverture a \u00e9t\u00e9 d\u00e9cal\u00e9e \u00e0 cause de l\u2019\u00e9pid\u00e9mie de coronavirus et du confinement. Toutes les \u00e9quipes de\u00a0Fraispertuis City s\u2019affairent pour que le public puisse retrouver le parc dans les meilleures conditions. Les diff\u00e9rentes mesures seront d\u2019ailleurs annonc\u00e9es sur le site officiel en d\u00e9but de semaine prochaine. Du gel hydroalcoolique sera mis \u00e0 disposition du public.<\/p>\n<p>Cette ann\u00e9e, le parc va proposer trois nouvelles attractions :\u00a0Corb\u2019hauts, Post Office et P\u2019tits moussaillons. Voguer dans un mini galion pirate, s\u2019envoler pour taquiner les corbeaux malicieux ou d\u00e9raper joyeusement dans un colis postal\u2026 Pour tester ces nouveaut\u00e9s 2020, rendez-vous \u00e0 partir du samedi 11 juillet.<br \/>\nC.K.N.<\/p>\n","protected":false},"excerpt":{"rendered":"<p>Apr\u00e8s une longue\u00a0 p\u00e9riode de fermeture suite au confinement, le parc \u00e0 th\u00e8me Fraispertuis City va rouvrir ses portes \u00e0 [&hellip;]<\/p>\n","protected":false},"author":407,"featured_media":28717,"comment_status":"open","ping_status":"open","sticky":false,"template":"","format":"standard","meta":{"footnotes":""},"categories":[26,54,18],"tags":[],"class_list":["post-28716","post","type-post","status-publish","format-standard","has-post-thumbnail","hentry","category-a-la-une","category-loisirs","category-vosges"],"acf":[],"yoast_head":"<!-- This site is optimized with the Yoast SEO plugin v22.5 - https:\/\/yoast.com\/wordpress\/plugins\/seo\/ -->\n<title>Fraispertuis City : r\u00e9ouverture du far-west vosgien \u00e0 partir du 11 juillet ! - Remiremont Info<\/title>\n<meta name=\"robots\" content=\"index, follow, max-snippet:-1, max-image-preview:large, max-video-preview:-1\" \/>\n<link rel=\"canonical\" href=\"https:\/\/vosgesinfo.fr\/remiremontinfo\/2020\/07\/fraispertuis-city-reouverture-far-west-vosgien-a-partir-11-juillet\/\" \/>\n<meta name=\"twitter:card\" content=\"summary_large_image\" \/>\n<meta name=\"twitter:title\" content=\"Fraispertuis City : r\u00e9ouverture du far-west vosgien \u00e0 partir du 11 juillet ! - Remiremont Info\" \/>\n<meta name=\"twitter:description\" content=\"Apr\u00e8s une longue\u00a0 p\u00e9riode de fermeture suite au confinement, le parc \u00e0 th\u00e8me Fraispertuis City va rouvrir ses portes \u00e0 [&hellip;]\" \/>\n<meta name=\"twitter:image\" content=\"https:\/\/vosgesinfo.fr\/app\/uploads\/sites\/5\/2024\/09\/202007106340934-10158720817844853-751426058006444861-o-800x600-1.jpg\" \/>\n<meta name=\"twitter:creator\" content=\"@VosgesInfo88\" \/>\n<meta name=\"twitter:site\" content=\"@VosgesInfo88\" \/>\n<meta name=\"twitter:label1\" content=\"\u00c9crit par\" \/>\n\t<meta name=\"twitter:data1\" content=\"C D\" \/>\n\t<meta name=\"twitter:label2\" content=\"Dur\u00e9e de lecture estim\u00e9e\" \/>\n\t<meta name=\"twitter:data2\" content=\"1 minute\" \/>\n<script type=\"application\/ld+json\" class=\"yoast-schema-graph\">{\"@context\":\"https:\/\/schema.org\",\"@graph\":[{\"@type\":\"Article\",\"@id\":\"https:\/\/vosgesinfo.fr\/remiremontinfo\/2020\/07\/fraispertuis-city-reouverture-far-west-vosgien-a-partir-11-juillet\/#article\",\"isPartOf\":{\"@id\":\"https:\/\/vosgesinfo.fr\/remiremontinfo\/2020\/07\/fraispertuis-city-reouverture-far-west-vosgien-a-partir-11-juillet\/\"},\"author\":{\"name\":\"C D\",\"@id\":\"https:\/\/vosgesinfo.fr\/remiremontinfo\/#\/schema\/person\/3bfd164d5218a185b1db68655a265316\"},\"headline\":\"Fraispertuis City : r\u00e9ouverture du far-west vosgien \u00e0 partir du 11 juillet !\",\"datePublished\":\"2020-07-03T07:53:46+00:00\",\"dateModified\":\"2020-07-03T07:53:46+00:00\",\"mainEntityOfPage\":{\"@id\":\"https:\/\/vosgesinfo.fr\/remiremontinfo\/2020\/07\/fraispertuis-city-reouverture-far-west-vosgien-a-partir-11-juillet\/\"},\"wordCount\":198,\"commentCount\":0,\"publisher\":{\"@id\":\"https:\/\/vosgesinfo.fr\/remiremontinfo\/#organization\"},\"image\":{\"@id\":\"https:\/\/vosgesinfo.fr\/remiremontinfo\/2020\/07\/fraispertuis-city-reouverture-far-west-vosgien-a-partir-11-juillet\/#primaryimage\"},\"thumbnailUrl\":\"https:\/\/vosgesinfo.fr\/app\/uploads\/sites\/5\/2024\/09\/202007106340934-10158720817844853-751426058006444861-o-800x600-1.jpg\",\"articleSection\":[\"A la Une\",\"Loisirs\",\"Vosges\"],\"inLanguage\":\"fr-FR\",\"potentialAction\":[{\"@type\":\"CommentAction\",\"name\":\"Comment\",\"target\":[\"https:\/\/vosgesinfo.fr\/remiremontinfo\/2020\/07\/fraispertuis-city-reouverture-far-west-vosgien-a-partir-11-juillet\/#respond\"]}]},{\"@type\":\"WebPage\",\"@id\":\"https:\/\/vosgesinfo.fr\/remiremontinfo\/2020\/07\/fraispertuis-city-reouverture-far-west-vosgien-a-partir-11-juillet\/\",\"url\":\"https:\/\/vosgesinfo.fr\/remiremontinfo\/2020\/07\/fraispertuis-city-reouverture-far-west-vosgien-a-partir-11-juillet\/\",\"name\":\"Fraispertuis City : r\u00e9ouverture du far-west vosgien \u00e0 partir du 11 juillet ! - Remiremont Info\",\"isPartOf\":{\"@id\":\"https:\/\/vosgesinfo.fr\/remiremontinfo\/#website\"},\"primaryImageOfPage\":{\"@id\":\"https:\/\/vosgesinfo.fr\/remiremontinfo\/2020\/07\/fraispertuis-city-reouverture-far-west-vosgien-a-partir-11-juillet\/#primaryimage\"},\"image\":{\"@id\":\"https:\/\/vosgesinfo.fr\/remiremontinfo\/2020\/07\/fraispertuis-city-reouverture-far-west-vosgien-a-partir-11-juillet\/#primaryimage\"},\"thumbnailUrl\":\"https:\/\/vosgesinfo.fr\/app\/uploads\/sites\/5\/2024\/09\/202007106340934-10158720817844853-751426058006444861-o-800x600-1.jpg\",\"datePublished\":\"2020-07-03T07:53:46+00:00\",\"dateModified\":\"2020-07-03T07:53:46+00:00\",\"breadcrumb\":{\"@id\":\"https:\/\/vosgesinfo.fr\/remiremontinfo\/2020\/07\/fraispertuis-city-reouverture-far-west-vosgien-a-partir-11-juillet\/#breadcrumb\"},\"inLanguage\":\"fr-FR\",\"potentialAction\":[{\"@type\":\"ReadAction\",\"target\":[\"https:\/\/vosgesinfo.fr\/remiremontinfo\/2020\/07\/fraispertuis-city-reouverture-far-west-vosgien-a-partir-11-juillet\/\"]}]},{\"@type\":\"ImageObject\",\"inLanguage\":\"fr-FR\",\"@id\":\"https:\/\/vosgesinfo.fr\/remiremontinfo\/2020\/07\/fraispertuis-city-reouverture-far-west-vosgien-a-partir-11-juillet\/#primaryimage\",\"url\":\"https:\/\/vosgesinfo.fr\/app\/uploads\/sites\/5\/2024\/09\/202007106340934-10158720817844853-751426058006444861-o-800x600-1.jpg\",\"contentUrl\":\"https:\/\/vosgesinfo.fr\/app\/uploads\/sites\/5\/2024\/09\/202007106340934-10158720817844853-751426058006444861-o-800x600-1.jpg\",\"width\":800,\"height\":600},{\"@type\":\"BreadcrumbList\",\"@id\":\"https:\/\/vosgesinfo.fr\/remiremontinfo\/2020\/07\/fraispertuis-city-reouverture-far-west-vosgien-a-partir-11-juillet\/#breadcrumb\",\"itemListElement\":[{\"@type\":\"ListItem\",\"position\":1,\"name\":\"Home\",\"item\":\"https:\/\/vosgesinfo.fr\/remiremontinfo\/\"},{\"@type\":\"ListItem\",\"position\":2,\"name\":\"Fraispertuis City : r\u00e9ouverture du far-west vosgien \u00e0 partir du 11 juillet !\"}]},{\"@type\":\"WebSite\",\"@id\":\"https:\/\/vosgesinfo.fr\/remiremontinfo\/#website\",\"url\":\"https:\/\/vosgesinfo.fr\/remiremontinfo\/\",\"name\":\"Remiremont Info\",\"description\":\"Toute l&#039;actualit\u00e9 de Remiremont\",\"publisher\":{\"@id\":\"https:\/\/vosgesinfo.fr\/remiremontinfo\/#organization\"},\"alternateName\":\"Toute l'actualit\u00e9 de Remiremont\",\"potentialAction\":[{\"@type\":\"SearchAction\",\"target\":{\"@type\":\"EntryPoint\",\"urlTemplate\":\"https:\/\/vosgesinfo.fr\/remiremontinfo\/?s={search_term_string}\"},\"query-input\":\"required name=search_term_string\"}],\"inLanguage\":\"fr-FR\"},{\"@type\":\"Organization\",\"@id\":\"https:\/\/vosgesinfo.fr\/remiremontinfo\/#organization\",\"name\":\"Remiremont Info\",\"url\":\"https:\/\/vosgesinfo.fr\/remiremontinfo\/\",\"logo\":{\"@type\":\"ImageObject\",\"inLanguage\":\"fr-FR\",\"@id\":\"https:\/\/vosgesinfo.fr\/remiremontinfo\/#\/schema\/logo\/image\/\",\"url\":\"https:\/\/vosgesinfo.fr\/app\/uploads\/sites\/5\/2023\/08\/favicon-remiremontinfo.png\",\"contentUrl\":\"https:\/\/vosgesinfo.fr\/app\/uploads\/sites\/5\/2023\/08\/favicon-remiremontinfo.png\",\"width\":512,\"height\":512,\"caption\":\"Remiremont Info\"},\"image\":{\"@id\":\"https:\/\/vosgesinfo.fr\/remiremontinfo\/#\/schema\/logo\/image\/\"},\"sameAs\":[\"https:\/\/www.facebook.com\/remiremontinfo\",\"https:\/\/x.com\/VosgesInfo88\",\"https:\/\/www.youtube.com\/@vosgesinfo\"]},{\"@type\":\"Person\",\"@id\":\"https:\/\/vosgesinfo.fr\/remiremontinfo\/#\/schema\/person\/3bfd164d5218a185b1db68655a265316\",\"name\":\"C D\",\"image\":{\"@type\":\"ImageObject\",\"inLanguage\":\"fr-FR\",\"@id\":\"https:\/\/vosgesinfo.fr\/remiremontinfo\/#\/schema\/person\/image\/\",\"url\":\"https:\/\/secure.gravatar.com\/avatar\/1f9a70007336511a47468b8f1c66f922b8b7cf617b02a31149ada43893a5d48f?s=96&d=mm&r=g\",\"contentUrl\":\"https:\/\/secure.gravatar.com\/avatar\/1f9a70007336511a47468b8f1c66f922b8b7cf617b02a31149ada43893a5d48f?s=96&d=mm&r=g\",\"caption\":\"C D\"},\"url\":\"https:\/\/vosgesinfo.fr\/remiremontinfo\/author\/cedric-drevet\/\"}]}<\/script>\n<!-- \/ Yoast SEO plugin. -->","yoast_head_json":{"title":"Fraispertuis City : r\u00e9ouverture du far-west vosgien \u00e0 partir du 11 juillet ! - Remiremont Info","robots":{"index":"index","follow":"follow","max-snippet":"max-snippet:-1","max-image-preview":"max-image-preview:large","max-video-preview":"max-video-preview:-1"},"canonical":"https:\/\/vosgesinfo.fr\/remiremontinfo\/2020\/07\/fraispertuis-city-reouverture-far-west-vosgien-a-partir-11-juillet\/","twitter_card":"summary_large_image","twitter_title":"Fraispertuis City : r\u00e9ouverture du far-west vosgien \u00e0 partir du 11 juillet ! - Remiremont Info","twitter_description":"Apr\u00e8s une longue\u00a0 p\u00e9riode de fermeture suite au confinement, le parc \u00e0 th\u00e8me Fraispertuis City va rouvrir ses portes \u00e0 [&hellip;]","twitter_image":"https:\/\/vosgesinfo.fr\/app\/uploads\/sites\/5\/2024\/09\/202007106340934-10158720817844853-751426058006444861-o-800x600-1.jpg","twitter_creator":"@VosgesInfo88","twitter_site":"@VosgesInfo88","twitter_misc":{"\u00c9crit par":"C D","Dur\u00e9e de lecture estim\u00e9e":"1 minute"},"schema":{"@context":"https:\/\/schema.org","@graph":[{"@type":"Article","@id":"https:\/\/vosgesinfo.fr\/remiremontinfo\/2020\/07\/fraispertuis-city-reouverture-far-west-vosgien-a-partir-11-juillet\/#article","isPartOf":{"@id":"https:\/\/vosgesinfo.fr\/remiremontinfo\/2020\/07\/fraispertuis-city-reouverture-far-west-vosgien-a-partir-11-juillet\/"},"author":{"name":"C D","@id":"https:\/\/vosgesinfo.fr\/remiremontinfo\/#\/schema\/person\/3bfd164d5218a185b1db68655a265316"},"headline":"Fraispertuis City : r\u00e9ouverture du far-west vosgien \u00e0 partir du 11 juillet !","datePublished":"2020-07-03T07:53:46+00:00","dateModified":"2020-07-03T07:53:46+00:00","mainEntityOfPage":{"@id":"https:\/\/vosgesinfo.fr\/remiremontinfo\/2020\/07\/fraispertuis-city-reouverture-far-west-vosgien-a-partir-11-juillet\/"},"wordCount":198,"commentCount":0,"publisher":{"@id":"https:\/\/vosgesinfo.fr\/remiremontinfo\/#organization"},"image":{"@id":"https:\/\/vosgesinfo.fr\/remiremontinfo\/2020\/07\/fraispertuis-city-reouverture-far-west-vosgien-a-partir-11-juillet\/#primaryimage"},"thumbnailUrl":"https:\/\/vosgesinfo.fr\/app\/uploads\/sites\/5\/2024\/09\/202007106340934-10158720817844853-751426058006444861-o-800x600-1.jpg","articleSection":["A la Une","Loisirs","Vosges"],"inLanguage":"fr-FR","potentialAction":[{"@type":"CommentAction","name":"Comment","target":["https:\/\/vosgesinfo.fr\/remiremontinfo\/2020\/07\/fraispertuis-city-reouverture-far-west-vosgien-a-partir-11-juillet\/#respond"]}]},{"@type":"WebPage","@id":"https:\/\/vosgesinfo.fr\/remiremontinfo\/2020\/07\/fraispertuis-city-reouverture-far-west-vosgien-a-partir-11-juillet\/","url":"https:\/\/vosgesinfo.fr\/remiremontinfo\/2020\/07\/fraispertuis-city-reouverture-far-west-vosgien-a-partir-11-juillet\/","name":"Fraispertuis City : r\u00e9ouverture du far-west vosgien \u00e0 partir du 11 juillet ! - Remiremont Info","isPartOf":{"@id":"https:\/\/vosgesinfo.fr\/remiremontinfo\/#website"},"primaryImageOfPage":{"@id":"https:\/\/vosgesinfo.fr\/remiremontinfo\/2020\/07\/fraispertuis-city-reouverture-far-west-vosgien-a-partir-11-juillet\/#primaryimage"},"image":{"@id":"https:\/\/vosgesinfo.fr\/remiremontinfo\/2020\/07\/fraispertuis-city-reouverture-far-west-vosgien-a-partir-11-juillet\/#primaryimage"},"thumbnailUrl":"https:\/\/vosgesinfo.fr\/app\/uploads\/sites\/5\/2024\/09\/202007106340934-10158720817844853-751426058006444861-o-800x600-1.jpg","datePublished":"2020-07-03T07:53:46+00:00","dateModified":"2020-07-03T07:53:46+00:00","breadcrumb":{"@id":"https:\/\/vosgesinfo.fr\/remiremontinfo\/2020\/07\/fraispertuis-city-reouverture-far-west-vosgien-a-partir-11-juillet\/#breadcrumb"},"inLanguage":"fr-FR","potentialAction":[{"@type":"ReadAction","target":["https:\/\/vosgesinfo.fr\/remiremontinfo\/2020\/07\/fraispertuis-city-reouverture-far-west-vosgien-a-partir-11-juillet\/"]}]},{"@type":"ImageObject","inLanguage":"fr-FR","@id":"https:\/\/vosgesinfo.fr\/remiremontinfo\/2020\/07\/fraispertuis-city-reouverture-far-west-vosgien-a-partir-11-juillet\/#primaryimage","url":"https:\/\/vosgesinfo.fr\/app\/uploads\/sites\/5\/2024\/09\/202007106340934-10158720817844853-751426058006444861-o-800x600-1.jpg","contentUrl":"https:\/\/vosgesinfo.fr\/app\/uploads\/sites\/5\/2024\/09\/202007106340934-10158720817844853-751426058006444861-o-800x600-1.jpg","width":800,"height":600},{"@type":"BreadcrumbList","@id":"https:\/\/vosgesinfo.fr\/remiremontinfo\/2020\/07\/fraispertuis-city-reouverture-far-west-vosgien-a-partir-11-juillet\/#breadcrumb","itemListElement":[{"@type":"ListItem","position":1,"name":"Home","item":"https:\/\/vosgesinfo.fr\/remiremontinfo\/"},{"@type":"ListItem","position":2,"name":"Fraispertuis City : r\u00e9ouverture du far-west vosgien \u00e0 partir du 11 juillet !"}]},{"@type":"WebSite","@id":"https:\/\/vosgesinfo.fr\/remiremontinfo\/#website","url":"https:\/\/vosgesinfo.fr\/remiremontinfo\/","name":"Remiremont Info","description":"Toute l&#039;actualit\u00e9 de Remiremont","publisher":{"@id":"https:\/\/vosgesinfo.fr\/remiremontinfo\/#organization"},"alternateName":"Toute l'actualit\u00e9 de Remiremont","potentialAction":[{"@type":"SearchAction","target":{"@type":"EntryPoint","urlTemplate":"https:\/\/vosgesinfo.fr\/remiremontinfo\/?s={search_term_string}"},"query-input":"required name=search_term_string"}],"inLanguage":"fr-FR"},{"@type":"Organization","@id":"https:\/\/vosgesinfo.fr\/remiremontinfo\/#organization","name":"Remiremont Info","url":"https:\/\/vosgesinfo.fr\/remiremontinfo\/","logo":{"@type":"ImageObject","inLanguage":"fr-FR","@id":"https:\/\/vosgesinfo.fr\/remiremontinfo\/#\/schema\/logo\/image\/","url":"https:\/\/vosgesinfo.fr\/app\/uploads\/sites\/5\/2023\/08\/favicon-remiremontinfo.png","contentUrl":"https:\/\/vosgesinfo.fr\/app\/uploads\/sites\/5\/2023\/08\/favicon-remiremontinfo.png","width":512,"height":512,"caption":"Remiremont Info"},"image":{"@id":"https:\/\/vosgesinfo.fr\/remiremontinfo\/#\/schema\/logo\/image\/"},"sameAs":["https:\/\/www.facebook.com\/remiremontinfo","https:\/\/x.com\/VosgesInfo88","https:\/\/www.youtube.com\/@vosgesinfo"]},{"@type":"Person","@id":"https:\/\/vosgesinfo.fr\/remiremontinfo\/#\/schema\/person\/3bfd164d5218a185b1db68655a265316","name":"C D","image":{"@type":"ImageObject","inLanguage":"fr-FR","@id":"https:\/\/vosgesinfo.fr\/remiremontinfo\/#\/schema\/person\/image\/","url":"https:\/\/secure.gravatar.com\/avatar\/1f9a70007336511a47468b8f1c66f922b8b7cf617b02a31149ada43893a5d48f?s=96&d=mm&r=g","contentUrl":"https:\/\/secure.gravatar.com\/avatar\/1f9a70007336511a47468b8f1c66f922b8b7cf617b02a31149ada43893a5d48f?s=96&d=mm&r=g","caption":"C D"},"url":"https:\/\/vosgesinfo.fr\/remiremontinfo\/author\/cedric-drevet\/"}]}},"_links":{"self":[{"href":"https:\/\/vosgesinfo.fr\/remiremontinfo\/wp-json\/wp\/v2\/posts\/28716","targetHints":{"allow":["GET"]}}],"collection":[{"href":"https:\/\/vosgesinfo.fr\/remiremontinfo\/wp-json\/wp\/v2\/posts"}],"about":[{"href":"https:\/\/vosgesinfo.fr\/remiremontinfo\/wp-json\/wp\/v2\/types\/post"}],"author":[{"embeddable":true,"href":"https:\/\/vosgesinfo.fr\/remiremontinfo\/wp-json\/wp\/v2\/users\/407"}],"replies":[{"embeddable":true,"href":"https:\/\/vosgesinfo.fr\/remiremontinfo\/wp-json\/wp\/v2\/comments?post=28716"}],"version-history":[{"count":0,"href":"https:\/\/vosgesinfo.fr\/remiremontinfo\/wp-json\/wp\/v2\/posts\/28716\/revisions"}],"wp:featuredmedia":[{"embeddable":true,"href":"https:\/\/vosgesinfo.fr\/remiremontinfo\/wp-json\/wp\/v2\/media\/28717"}],"wp:attachment":[{"href":"https:\/\/vosgesinfo.fr\/remiremontinfo\/wp-json\/wp\/v2\/media?parent=28716"}],"wp:term":[{"taxonomy":"category","embeddable":true,"href":"https:\/\/vosgesinfo.fr\/remiremontinfo\/wp-json\/wp\/v2\/categories?post=28716"},{"taxonomy":"post_tag","embeddable":true,"href":"https:\/\/vosgesinfo.fr\/remiremontinfo\/wp-json\/wp\/v2\/tags?post=28716"}],"curies":[{"name":"wp","href":"https:\/\/api.w.org\/{rel}","templated":true}]}}