{"id":28720,"date":"2020-07-03T10:32:55","date_gmt":"2020-07-03T08:32:55","guid":{"rendered":"https:\/\/vosgesinfo.fr\/remiremontinfo\/2020\/07\/saint-ame-makoon-expose-creations-de-maroquinerie-studio-bbmat\/"},"modified":"2020-07-03T10:32:55","modified_gmt":"2020-07-03T08:32:55","slug":"saint-ame-makoon-expose-creations-de-maroquinerie-studio-bbmat","status":"publish","type":"post","link":"https:\/\/vosgesinfo.fr\/remiremontinfo\/2020\/07\/saint-ame-makoon-expose-creations-de-maroquinerie-studio-bbmat\/","title":{"rendered":"Saint-Am\u00e9\u00a0: \u00ab\u00a0Makoon\u00a0\u00bb expose ses cr\u00e9ations de maroquinerie au studio BBMat"},"content":{"rendered":"<p style=\"text-align: center;\"><a href=\"\/2020\/07\/106596263_896582270824165_7117140008577973292_n.jpg\"><img decoding=\"async\" class=\"alignnone size-full wp-image-290289\" src=\"\/2020\/07\/106596263_896582270824165_7117140008577973292_n.jpg\" alt=\"106596263_896582270824165_7117140008577973292_n\" width=\"800\" height=\"600\" \/><\/a><\/p>\n<h2><span style=\"font-size: 12pt;\"><strong>Dans le cadre de l\u2019op\u00e9ration \u00ab J\u2019expose un Artisan d\u2019art \u00bb,la photographe Bbmat, situ\u00e9e au 14 rue du bois des Abbesses \u00e0 Saint Am\u00e9, accueille actuellement Anne Gaelle Olivier, dite Makoon, cr\u00e9atrice de sacs, besaces et articles de maroquinerie.<\/strong><\/span><\/h2>\n<p>Bas\u00e9e \u00e0 Uxegney, Anne Gaelle Olivier a pass\u00e9 un baccalaur\u00e9at art plastique. Elle s\u2019est ensuite dirig\u00e9e vers le Th\u00e9\u00e2tre, puis s\u2019est expatri\u00e9e. <em>\u00ab\u00a0Je suis partie 10 ans au Canada, j\u2019\u00e9tais dans un studio d\u2019art\u00a0\u00bb<\/em>. A son retour, depuis 2014\/2015, elle propose des cr\u00e9ations de maroquinerie. <em>\u00ab\u00a0Je fais des sacs, des besaces, des portes ch\u00e9quier, des portes cartes\u00a0\u00bb<\/em>, explique t\u2019elle, <em>\u00ab\u00a0Je varie mes imprim\u00e9s\u00a0\u00bb<\/em>\u00a0: cuir, imprim\u00e9s, laine card\u00e9e. L\u2019artisane autodidacte se dit tr\u00e8s inspir\u00e9e par la nature.<\/p>\n<p>Plus d\u2019information sur la page Facebook <a href=\"https:\/\/www.facebook.com\/makoon88\/\">https:\/\/www.facebook.com\/makoon88\/<\/a>. Retrouvez \u00e9galement les cr\u00e9ations cet \u00e9t\u00e9, du 11 juillet au 16 aout, de 11h \u00e0 18h30 \u00e0 quelques pas du jardin de Berchigranges, \u00e0 l\u2019occasion de l\u2019exposition\/boutique estivale de cr\u00e9ateurs \u00ab\u00a0Bulles d\u2019Arts au jardin\u00a0\u00bb.<\/p>\n<h3><span style=\"font-size: 12pt;\"><strong><em>\u00ab J\u2019expose un Artisan d\u2019art \u00bb<\/em><\/strong><\/span><\/h3>\n<p>Des bijoux artisanaux chez un fleuriste, des chapeaux chez un boulanger, des c\u00e9ramiques dans les \u00e9tag\u00e8res d\u2019un salon de th\u00e9, des robes chez un bijoutier, un canap\u00e9 chez un garagiste : tout un r\u00e9seau d\u2019artisans s\u2019organise pour accueillir de juin \u00e0 ao\u00fbt les cr\u00e9ations d\u2019artisans d\u2019art du Grand Est qui n\u2019ont pas de lieux pour exposer.<\/p>\n<p>Cette op\u00e9ration pilot\u00e9e par les chambres de m\u00e9tiers et de l\u2019artisanat du Grand Est a \u00e9t\u00e9 initi\u00e9e pour apporter une solution \u00e0 ces artisans d\u2019art dont l\u2019atelier n\u2019est pas accessible et qui sont priv\u00e9s de salons, march\u00e9s des m\u00e9tiers d\u2019arts et autres manifestations annul\u00e9s \u00e0 cause de la Covid 19. Ces \u00ab\u00a0tandems\u00a0\u00bb, ou \u00ab\u00a0duos\u00a0\u00bb permettent de donner de la visibilit\u00e9 aux cr\u00e9ateurs, parfois dans des lieux in\u00e9dits.<\/p>\n\n","protected":false},"excerpt":{"rendered":"<p>Dans le cadre de l\u2019op\u00e9ration \u00ab J\u2019expose un Artisan d\u2019art \u00bb,la photographe Bbmat, situ\u00e9e au 14 rue du bois des [&hellip;]<\/p>\n","protected":false},"author":407,"featured_media":28721,"comment_status":"open","ping_status":"open","sticky":false,"template":"","format":"standard","meta":{"footnotes":""},"categories":[26,35,223],"tags":[],"class_list":["post-28720","post","type-post","status-publish","format-standard","has-post-thumbnail","hentry","category-a-la-une","category-remiremont-son-canton","category-saint-ame"],"acf":[],"yoast_head":"<!-- This site is optimized with the Yoast SEO plugin v22.5 - https:\/\/yoast.com\/wordpress\/plugins\/seo\/ -->\n<title>Saint-Am\u00e9\u00a0: \u00ab\u00a0Makoon\u00a0\u00bb expose ses cr\u00e9ations de maroquinerie au studio BBMat - Remiremont Info<\/title>\n<meta name=\"robots\" content=\"index, follow, max-snippet:-1, max-image-preview:large, max-video-preview:-1\" \/>\n<link rel=\"canonical\" href=\"https:\/\/vosgesinfo.fr\/remiremontinfo\/2020\/07\/saint-ame-makoon-expose-creations-de-maroquinerie-studio-bbmat\/\" \/>\n<meta name=\"twitter:card\" content=\"summary_large_image\" \/>\n<meta name=\"twitter:title\" content=\"Saint-Am\u00e9\u00a0: \u00ab\u00a0Makoon\u00a0\u00bb expose ses cr\u00e9ations de maroquinerie au studio BBMat - Remiremont Info\" \/>\n<meta name=\"twitter:description\" content=\"Dans le cadre de l\u2019op\u00e9ration \u00ab J\u2019expose un Artisan d\u2019art \u00bb,la photographe Bbmat, situ\u00e9e au 14 rue du bois des [&hellip;]\" \/>\n<meta name=\"twitter:image\" content=\"https:\/\/vosgesinfo.fr\/app\/uploads\/sites\/5\/2024\/09\/202007106505168-301077474261541-4633165828506174185-n.jpg\" \/>\n<meta name=\"twitter:creator\" content=\"@VosgesInfo88\" \/>\n<meta name=\"twitter:site\" content=\"@VosgesInfo88\" \/>\n<meta name=\"twitter:label1\" content=\"\u00c9crit par\" \/>\n\t<meta name=\"twitter:data1\" content=\"C D\" \/>\n\t<meta name=\"twitter:label2\" content=\"Dur\u00e9e de lecture estim\u00e9e\" \/>\n\t<meta name=\"twitter:data2\" content=\"2 minutes\" \/>\n<script type=\"application\/ld+json\" class=\"yoast-schema-graph\">{\"@context\":\"https:\/\/schema.org\",\"@graph\":[{\"@type\":\"Article\",\"@id\":\"https:\/\/vosgesinfo.fr\/remiremontinfo\/2020\/07\/saint-ame-makoon-expose-creations-de-maroquinerie-studio-bbmat\/#article\",\"isPartOf\":{\"@id\":\"https:\/\/vosgesinfo.fr\/remiremontinfo\/2020\/07\/saint-ame-makoon-expose-creations-de-maroquinerie-studio-bbmat\/\"},\"author\":{\"name\":\"C D\",\"@id\":\"https:\/\/vosgesinfo.fr\/remiremontinfo\/#\/schema\/person\/3bfd164d5218a185b1db68655a265316\"},\"headline\":\"Saint-Am\u00e9\u00a0: \u00ab\u00a0Makoon\u00a0\u00bb expose ses cr\u00e9ations de maroquinerie au studio BBMat\",\"datePublished\":\"2020-07-03T08:32:55+00:00\",\"dateModified\":\"2020-07-03T08:32:55+00:00\",\"mainEntityOfPage\":{\"@id\":\"https:\/\/vosgesinfo.fr\/remiremontinfo\/2020\/07\/saint-ame-makoon-expose-creations-de-maroquinerie-studio-bbmat\/\"},\"wordCount\":349,\"commentCount\":0,\"publisher\":{\"@id\":\"https:\/\/vosgesinfo.fr\/remiremontinfo\/#organization\"},\"image\":{\"@id\":\"https:\/\/vosgesinfo.fr\/remiremontinfo\/2020\/07\/saint-ame-makoon-expose-creations-de-maroquinerie-studio-bbmat\/#primaryimage\"},\"thumbnailUrl\":\"https:\/\/vosgesinfo.fr\/app\/uploads\/sites\/5\/2024\/09\/202007106505168-301077474261541-4633165828506174185-n.jpg\",\"articleSection\":[\"A la Une\",\"Remiremont &amp; son canton\",\"Saint-Am\u00e9\"],\"inLanguage\":\"fr-FR\",\"potentialAction\":[{\"@type\":\"CommentAction\",\"name\":\"Comment\",\"target\":[\"https:\/\/vosgesinfo.fr\/remiremontinfo\/2020\/07\/saint-ame-makoon-expose-creations-de-maroquinerie-studio-bbmat\/#respond\"]}]},{\"@type\":\"WebPage\",\"@id\":\"https:\/\/vosgesinfo.fr\/remiremontinfo\/2020\/07\/saint-ame-makoon-expose-creations-de-maroquinerie-studio-bbmat\/\",\"url\":\"https:\/\/vosgesinfo.fr\/remiremontinfo\/2020\/07\/saint-ame-makoon-expose-creations-de-maroquinerie-studio-bbmat\/\",\"name\":\"Saint-Am\u00e9\u00a0: \u00ab\u00a0Makoon\u00a0\u00bb expose ses cr\u00e9ations de maroquinerie au studio BBMat - Remiremont Info\",\"isPartOf\":{\"@id\":\"https:\/\/vosgesinfo.fr\/remiremontinfo\/#website\"},\"primaryImageOfPage\":{\"@id\":\"https:\/\/vosgesinfo.fr\/remiremontinfo\/2020\/07\/saint-ame-makoon-expose-creations-de-maroquinerie-studio-bbmat\/#primaryimage\"},\"image\":{\"@id\":\"https:\/\/vosgesinfo.fr\/remiremontinfo\/2020\/07\/saint-ame-makoon-expose-creations-de-maroquinerie-studio-bbmat\/#primaryimage\"},\"thumbnailUrl\":\"https:\/\/vosgesinfo.fr\/app\/uploads\/sites\/5\/2024\/09\/202007106505168-301077474261541-4633165828506174185-n.jpg\",\"datePublished\":\"2020-07-03T08:32:55+00:00\",\"dateModified\":\"2020-07-03T08:32:55+00:00\",\"breadcrumb\":{\"@id\":\"https:\/\/vosgesinfo.fr\/remiremontinfo\/2020\/07\/saint-ame-makoon-expose-creations-de-maroquinerie-studio-bbmat\/#breadcrumb\"},\"inLanguage\":\"fr-FR\",\"potentialAction\":[{\"@type\":\"ReadAction\",\"target\":[\"https:\/\/vosgesinfo.fr\/remiremontinfo\/2020\/07\/saint-ame-makoon-expose-creations-de-maroquinerie-studio-bbmat\/\"]}]},{\"@type\":\"ImageObject\",\"inLanguage\":\"fr-FR\",\"@id\":\"https:\/\/vosgesinfo.fr\/remiremontinfo\/2020\/07\/saint-ame-makoon-expose-creations-de-maroquinerie-studio-bbmat\/#primaryimage\",\"url\":\"https:\/\/vosgesinfo.fr\/app\/uploads\/sites\/5\/2024\/09\/202007106505168-301077474261541-4633165828506174185-n.jpg\",\"contentUrl\":\"https:\/\/vosgesinfo.fr\/app\/uploads\/sites\/5\/2024\/09\/202007106505168-301077474261541-4633165828506174185-n.jpg\",\"width\":800,\"height\":600},{\"@type\":\"BreadcrumbList\",\"@id\":\"https:\/\/vosgesinfo.fr\/remiremontinfo\/2020\/07\/saint-ame-makoon-expose-creations-de-maroquinerie-studio-bbmat\/#breadcrumb\",\"itemListElement\":[{\"@type\":\"ListItem\",\"position\":1,\"name\":\"Home\",\"item\":\"https:\/\/vosgesinfo.fr\/remiremontinfo\/\"},{\"@type\":\"ListItem\",\"position\":2,\"name\":\"Saint-Am\u00e9\u00a0: \u00ab\u00a0Makoon\u00a0\u00bb expose ses cr\u00e9ations de maroquinerie au studio BBMat\"}]},{\"@type\":\"WebSite\",\"@id\":\"https:\/\/vosgesinfo.fr\/remiremontinfo\/#website\",\"url\":\"https:\/\/vosgesinfo.fr\/remiremontinfo\/\",\"name\":\"Remiremont Info\",\"description\":\"Toute l&#039;actualit\u00e9 de Remiremont\",\"publisher\":{\"@id\":\"https:\/\/vosgesinfo.fr\/remiremontinfo\/#organization\"},\"alternateName\":\"Toute l'actualit\u00e9 de Remiremont\",\"potentialAction\":[{\"@type\":\"SearchAction\",\"target\":{\"@type\":\"EntryPoint\",\"urlTemplate\":\"https:\/\/vosgesinfo.fr\/remiremontinfo\/?s={search_term_string}\"},\"query-input\":\"required name=search_term_string\"}],\"inLanguage\":\"fr-FR\"},{\"@type\":\"Organization\",\"@id\":\"https:\/\/vosgesinfo.fr\/remiremontinfo\/#organization\",\"name\":\"Remiremont Info\",\"url\":\"https:\/\/vosgesinfo.fr\/remiremontinfo\/\",\"logo\":{\"@type\":\"ImageObject\",\"inLanguage\":\"fr-FR\",\"@id\":\"https:\/\/vosgesinfo.fr\/remiremontinfo\/#\/schema\/logo\/image\/\",\"url\":\"https:\/\/vosgesinfo.fr\/app\/uploads\/sites\/5\/2023\/08\/favicon-remiremontinfo.png\",\"contentUrl\":\"https:\/\/vosgesinfo.fr\/app\/uploads\/sites\/5\/2023\/08\/favicon-remiremontinfo.png\",\"width\":512,\"height\":512,\"caption\":\"Remiremont Info\"},\"image\":{\"@id\":\"https:\/\/vosgesinfo.fr\/remiremontinfo\/#\/schema\/logo\/image\/\"},\"sameAs\":[\"https:\/\/www.facebook.com\/remiremontinfo\",\"https:\/\/x.com\/VosgesInfo88\",\"https:\/\/www.youtube.com\/@vosgesinfo\"]},{\"@type\":\"Person\",\"@id\":\"https:\/\/vosgesinfo.fr\/remiremontinfo\/#\/schema\/person\/3bfd164d5218a185b1db68655a265316\",\"name\":\"C D\",\"image\":{\"@type\":\"ImageObject\",\"inLanguage\":\"fr-FR\",\"@id\":\"https:\/\/vosgesinfo.fr\/remiremontinfo\/#\/schema\/person\/image\/\",\"url\":\"https:\/\/secure.gravatar.com\/avatar\/1f9a70007336511a47468b8f1c66f922b8b7cf617b02a31149ada43893a5d48f?s=96&d=mm&r=g\",\"contentUrl\":\"https:\/\/secure.gravatar.com\/avatar\/1f9a70007336511a47468b8f1c66f922b8b7cf617b02a31149ada43893a5d48f?s=96&d=mm&r=g\",\"caption\":\"C D\"},\"url\":\"https:\/\/vosgesinfo.fr\/remiremontinfo\/author\/cedric-drevet\/\"}]}<\/script>\n<!-- \/ Yoast SEO plugin. -->","yoast_head_json":{"title":"Saint-Am\u00e9\u00a0: \u00ab\u00a0Makoon\u00a0\u00bb expose ses cr\u00e9ations de maroquinerie au studio BBMat - Remiremont Info","robots":{"index":"index","follow":"follow","max-snippet":"max-snippet:-1","max-image-preview":"max-image-preview:large","max-video-preview":"max-video-preview:-1"},"canonical":"https:\/\/vosgesinfo.fr\/remiremontinfo\/2020\/07\/saint-ame-makoon-expose-creations-de-maroquinerie-studio-bbmat\/","twitter_card":"summary_large_image","twitter_title":"Saint-Am\u00e9\u00a0: \u00ab\u00a0Makoon\u00a0\u00bb expose ses cr\u00e9ations de maroquinerie au studio BBMat - Remiremont Info","twitter_description":"Dans le cadre de l\u2019op\u00e9ration \u00ab J\u2019expose un Artisan d\u2019art \u00bb,la photographe Bbmat, situ\u00e9e au 14 rue du bois des [&hellip;]","twitter_image":"https:\/\/vosgesinfo.fr\/app\/uploads\/sites\/5\/2024\/09\/202007106505168-301077474261541-4633165828506174185-n.jpg","twitter_creator":"@VosgesInfo88","twitter_site":"@VosgesInfo88","twitter_misc":{"\u00c9crit par":"C D","Dur\u00e9e de lecture estim\u00e9e":"2 minutes"},"schema":{"@context":"https:\/\/schema.org","@graph":[{"@type":"Article","@id":"https:\/\/vosgesinfo.fr\/remiremontinfo\/2020\/07\/saint-ame-makoon-expose-creations-de-maroquinerie-studio-bbmat\/#article","isPartOf":{"@id":"https:\/\/vosgesinfo.fr\/remiremontinfo\/2020\/07\/saint-ame-makoon-expose-creations-de-maroquinerie-studio-bbmat\/"},"author":{"name":"C D","@id":"https:\/\/vosgesinfo.fr\/remiremontinfo\/#\/schema\/person\/3bfd164d5218a185b1db68655a265316"},"headline":"Saint-Am\u00e9\u00a0: \u00ab\u00a0Makoon\u00a0\u00bb expose ses cr\u00e9ations de maroquinerie au studio BBMat","datePublished":"2020-07-03T08:32:55+00:00","dateModified":"2020-07-03T08:32:55+00:00","mainEntityOfPage":{"@id":"https:\/\/vosgesinfo.fr\/remiremontinfo\/2020\/07\/saint-ame-makoon-expose-creations-de-maroquinerie-studio-bbmat\/"},"wordCount":349,"commentCount":0,"publisher":{"@id":"https:\/\/vosgesinfo.fr\/remiremontinfo\/#organization"},"image":{"@id":"https:\/\/vosgesinfo.fr\/remiremontinfo\/2020\/07\/saint-ame-makoon-expose-creations-de-maroquinerie-studio-bbmat\/#primaryimage"},"thumbnailUrl":"https:\/\/vosgesinfo.fr\/app\/uploads\/sites\/5\/2024\/09\/202007106505168-301077474261541-4633165828506174185-n.jpg","articleSection":["A la Une","Remiremont &amp; son canton","Saint-Am\u00e9"],"inLanguage":"fr-FR","potentialAction":[{"@type":"CommentAction","name":"Comment","target":["https:\/\/vosgesinfo.fr\/remiremontinfo\/2020\/07\/saint-ame-makoon-expose-creations-de-maroquinerie-studio-bbmat\/#respond"]}]},{"@type":"WebPage","@id":"https:\/\/vosgesinfo.fr\/remiremontinfo\/2020\/07\/saint-ame-makoon-expose-creations-de-maroquinerie-studio-bbmat\/","url":"https:\/\/vosgesinfo.fr\/remiremontinfo\/2020\/07\/saint-ame-makoon-expose-creations-de-maroquinerie-studio-bbmat\/","name":"Saint-Am\u00e9\u00a0: \u00ab\u00a0Makoon\u00a0\u00bb expose ses cr\u00e9ations de maroquinerie au studio BBMat - Remiremont Info","isPartOf":{"@id":"https:\/\/vosgesinfo.fr\/remiremontinfo\/#website"},"primaryImageOfPage":{"@id":"https:\/\/vosgesinfo.fr\/remiremontinfo\/2020\/07\/saint-ame-makoon-expose-creations-de-maroquinerie-studio-bbmat\/#primaryimage"},"image":{"@id":"https:\/\/vosgesinfo.fr\/remiremontinfo\/2020\/07\/saint-ame-makoon-expose-creations-de-maroquinerie-studio-bbmat\/#primaryimage"},"thumbnailUrl":"https:\/\/vosgesinfo.fr\/app\/uploads\/sites\/5\/2024\/09\/202007106505168-301077474261541-4633165828506174185-n.jpg","datePublished":"2020-07-03T08:32:55+00:00","dateModified":"2020-07-03T08:32:55+00:00","breadcrumb":{"@id":"https:\/\/vosgesinfo.fr\/remiremontinfo\/2020\/07\/saint-ame-makoon-expose-creations-de-maroquinerie-studio-bbmat\/#breadcrumb"},"inLanguage":"fr-FR","potentialAction":[{"@type":"ReadAction","target":["https:\/\/vosgesinfo.fr\/remiremontinfo\/2020\/07\/saint-ame-makoon-expose-creations-de-maroquinerie-studio-bbmat\/"]}]},{"@type":"ImageObject","inLanguage":"fr-FR","@id":"https:\/\/vosgesinfo.fr\/remiremontinfo\/2020\/07\/saint-ame-makoon-expose-creations-de-maroquinerie-studio-bbmat\/#primaryimage","url":"https:\/\/vosgesinfo.fr\/app\/uploads\/sites\/5\/2024\/09\/202007106505168-301077474261541-4633165828506174185-n.jpg","contentUrl":"https:\/\/vosgesinfo.fr\/app\/uploads\/sites\/5\/2024\/09\/202007106505168-301077474261541-4633165828506174185-n.jpg","width":800,"height":600},{"@type":"BreadcrumbList","@id":"https:\/\/vosgesinfo.fr\/remiremontinfo\/2020\/07\/saint-ame-makoon-expose-creations-de-maroquinerie-studio-bbmat\/#breadcrumb","itemListElement":[{"@type":"ListItem","position":1,"name":"Home","item":"https:\/\/vosgesinfo.fr\/remiremontinfo\/"},{"@type":"ListItem","position":2,"name":"Saint-Am\u00e9\u00a0: \u00ab\u00a0Makoon\u00a0\u00bb expose ses cr\u00e9ations de maroquinerie au studio BBMat"}]},{"@type":"WebSite","@id":"https:\/\/vosgesinfo.fr\/remiremontinfo\/#website","url":"https:\/\/vosgesinfo.fr\/remiremontinfo\/","name":"Remiremont Info","description":"Toute l&#039;actualit\u00e9 de Remiremont","publisher":{"@id":"https:\/\/vosgesinfo.fr\/remiremontinfo\/#organization"},"alternateName":"Toute l'actualit\u00e9 de Remiremont","potentialAction":[{"@type":"SearchAction","target":{"@type":"EntryPoint","urlTemplate":"https:\/\/vosgesinfo.fr\/remiremontinfo\/?s={search_term_string}"},"query-input":"required name=search_term_string"}],"inLanguage":"fr-FR"},{"@type":"Organization","@id":"https:\/\/vosgesinfo.fr\/remiremontinfo\/#organization","name":"Remiremont Info","url":"https:\/\/vosgesinfo.fr\/remiremontinfo\/","logo":{"@type":"ImageObject","inLanguage":"fr-FR","@id":"https:\/\/vosgesinfo.fr\/remiremontinfo\/#\/schema\/logo\/image\/","url":"https:\/\/vosgesinfo.fr\/app\/uploads\/sites\/5\/2023\/08\/favicon-remiremontinfo.png","contentUrl":"https:\/\/vosgesinfo.fr\/app\/uploads\/sites\/5\/2023\/08\/favicon-remiremontinfo.png","width":512,"height":512,"caption":"Remiremont Info"},"image":{"@id":"https:\/\/vosgesinfo.fr\/remiremontinfo\/#\/schema\/logo\/image\/"},"sameAs":["https:\/\/www.facebook.com\/remiremontinfo","https:\/\/x.com\/VosgesInfo88","https:\/\/www.youtube.com\/@vosgesinfo"]},{"@type":"Person","@id":"https:\/\/vosgesinfo.fr\/remiremontinfo\/#\/schema\/person\/3bfd164d5218a185b1db68655a265316","name":"C D","image":{"@type":"ImageObject","inLanguage":"fr-FR","@id":"https:\/\/vosgesinfo.fr\/remiremontinfo\/#\/schema\/person\/image\/","url":"https:\/\/secure.gravatar.com\/avatar\/1f9a70007336511a47468b8f1c66f922b8b7cf617b02a31149ada43893a5d48f?s=96&d=mm&r=g","contentUrl":"https:\/\/secure.gravatar.com\/avatar\/1f9a70007336511a47468b8f1c66f922b8b7cf617b02a31149ada43893a5d48f?s=96&d=mm&r=g","caption":"C D"},"url":"https:\/\/vosgesinfo.fr\/remiremontinfo\/author\/cedric-drevet\/"}]}},"_links":{"self":[{"href":"https:\/\/vosgesinfo.fr\/remiremontinfo\/wp-json\/wp\/v2\/posts\/28720","targetHints":{"allow":["GET"]}}],"collection":[{"href":"https:\/\/vosgesinfo.fr\/remiremontinfo\/wp-json\/wp\/v2\/posts"}],"about":[{"href":"https:\/\/vosgesinfo.fr\/remiremontinfo\/wp-json\/wp\/v2\/types\/post"}],"author":[{"embeddable":true,"href":"https:\/\/vosgesinfo.fr\/remiremontinfo\/wp-json\/wp\/v2\/users\/407"}],"replies":[{"embeddable":true,"href":"https:\/\/vosgesinfo.fr\/remiremontinfo\/wp-json\/wp\/v2\/comments?post=28720"}],"version-history":[{"count":0,"href":"https:\/\/vosgesinfo.fr\/remiremontinfo\/wp-json\/wp\/v2\/posts\/28720\/revisions"}],"wp:featuredmedia":[{"embeddable":true,"href":"https:\/\/vosgesinfo.fr\/remiremontinfo\/wp-json\/wp\/v2\/media\/28721"}],"wp:attachment":[{"href":"https:\/\/vosgesinfo.fr\/remiremontinfo\/wp-json\/wp\/v2\/media?parent=28720"}],"wp:term":[{"taxonomy":"category","embeddable":true,"href":"https:\/\/vosgesinfo.fr\/remiremontinfo\/wp-json\/wp\/v2\/categories?post=28720"},{"taxonomy":"post_tag","embeddable":true,"href":"https:\/\/vosgesinfo.fr\/remiremontinfo\/wp-json\/wp\/v2\/tags?post=28720"}],"curies":[{"name":"wp","href":"https:\/\/api.w.org\/{rel}","templated":true}]}}