{"id":2880,"date":"2023-11-23T15:46:28","date_gmt":"2023-11-23T14:46:28","guid":{"rendered":"https:\/\/vosgesinfo.fr\/remiremontinfo\/2023\/11\/saint-etienne-les-remiremont-un-enfant-blesse-apres-avoir-ete-percute-par-un-vehicule\/"},"modified":"2023-11-23T15:46:28","modified_gmt":"2023-11-23T14:46:28","slug":"saint-etienne-les-remiremont-un-enfant-blesse-apres-avoir-ete-percute-par-un-vehicule","status":"publish","type":"post","link":"https:\/\/vosgesinfo.fr\/remiremontinfo\/2023\/11\/saint-etienne-les-remiremont-un-enfant-blesse-apres-avoir-ete-percute-par-un-vehicule\/","title":{"rendered":"Saint-\u00c9tienne-L\u00e8s-Remiremont &#8211; Un enfant bless\u00e9 apr\u00e8s avoir \u00e9t\u00e9 percut\u00e9 par un v\u00e9hicule"},"content":{"rendered":"<div id=\"attachment_347994\" style=\"width: 640px\" class=\"wp-caption aligncenter\"><a href=\"https:\/\/vosgesinfo.fr\/app\/uploads\/sites\/5\/2022\/07\/pompiers-nouveau-630x460-1.jpg\"><img decoding=\"async\" aria-describedby=\"caption-attachment-347994\" class=\"size-full wp-image-347994\" src=\"https:\/\/vosgesinfo.fr\/app\/uploads\/sites\/5\/2022\/07\/pompiers-nouveau-630x460-1.jpg\" alt=\"Les Sapeurs-pompiers de Remiremont \u00e9taient rapidement sur les lieux de l'incident\/ Photo d'illustration \" width=\"630\" height=\"460\" \/><\/a><p id=\"caption-attachment-347994\" class=\"wp-caption-text\"><span style=\"font-size: 10pt;\">Les sapeurs-pompiers de Remiremont \u00e9taient rapidement sur les lieux de l&rsquo;incident\/ Photo d&rsquo;illustration<\/span><\/p><\/div>\n<p>Aux alentours de 18h30 ce mercredi, un enfant a \u00e9t\u00e9 renvers\u00e9 par un v\u00e9hicule au rond-point de l&rsquo;Avenue de l&rsquo;Europe pr\u00e8s de l&rsquo;hypermarch\u00e9 Leclerc \u00e0 Saint-\u00c9tienne-L\u00e8s-Remiremont. Ag\u00e9 deux ans, l&rsquo;enfant \u00e9tait attach\u00e9 dans sa poussette quand une voiture l&rsquo;a percut\u00e9e au niveau d&rsquo;un passage pi\u00e9ton. Projet\u00e9 \u00e0 plusieurs m\u00e8tres, le bambin pr\u00e9sentait plusieurs h\u00e9matomes.<\/p>\n<p>Il a \u00e9t\u00e9 rapidement pris en charge par les sapeurs-pompiers de Remiremont avant d&rsquo;\u00eatre transport\u00e9 aux urgences p\u00e9diatriques de l&rsquo;h\u00f4pital Emile Durkheim d&rsquo;Epinal. Son pronostic vital n&rsquo;est pas engag\u00e9. Il a \u00e9t\u00e9 transf\u00e9r\u00e9 ce jeudi \u00e0 l&rsquo;h\u00f4pital de Remiremont apr\u00e8s des examens de contr\u00f4le.<\/p>\n<p>Une enqu\u00eate a \u00e9t\u00e9 ouverte pour conna\u00eetre les circonstances exactes de l&rsquo;incident. Elle a \u00e9t\u00e9 confi\u00e9e aux agents du commissariat de police de Remiremont.<\/p>\n<p>J.C<\/p>\n","protected":false},"excerpt":{"rendered":"<p>Aux alentours de 18h30 ce mercredi, un enfant a \u00e9t\u00e9 renvers\u00e9 par un v\u00e9hicule au rond-point de l&rsquo;Avenue de l&rsquo;Europe [&hellip;]<\/p>\n","protected":false},"author":414,"featured_media":2881,"comment_status":"open","ping_status":"open","sticky":false,"template":"","format":"standard","meta":{"footnotes":""},"categories":[26,8,35,100],"tags":[294,470,98,390,148,471],"class_list":["post-2880","post","type-post","status-publish","format-standard","has-post-thumbnail","hentry","category-a-la-une","category-faits-divers","category-remiremont-son-canton","category-saint-nabord","tag-accident","tag-enfant","tag-faits-divers","tag-police","tag-pompiers","tag-poussette"],"acf":[],"yoast_head":"<!-- This site is optimized with the Yoast SEO plugin v22.5 - https:\/\/yoast.com\/wordpress\/plugins\/seo\/ -->\n<title>Saint-\u00c9tienne-L\u00e8s-Remiremont - Un enfant bless\u00e9 apr\u00e8s avoir \u00e9t\u00e9 percut\u00e9 par un v\u00e9hicule - Remiremont Info<\/title>\n<meta name=\"robots\" content=\"index, follow, max-snippet:-1, max-image-preview:large, max-video-preview:-1\" \/>\n<link rel=\"canonical\" href=\"https:\/\/vosgesinfo.fr\/remiremontinfo\/2023\/11\/saint-etienne-les-remiremont-un-enfant-blesse-apres-avoir-ete-percute-par-un-vehicule\/\" \/>\n<meta name=\"twitter:card\" content=\"summary_large_image\" \/>\n<meta name=\"twitter:title\" content=\"Saint-\u00c9tienne-L\u00e8s-Remiremont - Un enfant bless\u00e9 apr\u00e8s avoir \u00e9t\u00e9 percut\u00e9 par un v\u00e9hicule - Remiremont Info\" \/>\n<meta name=\"twitter:description\" content=\"Aux alentours de 18h30 ce mercredi, un enfant a \u00e9t\u00e9 renvers\u00e9 par un v\u00e9hicule au rond-point de l&rsquo;Avenue de l&rsquo;Europe [&hellip;]\" \/>\n<meta name=\"twitter:image\" content=\"https:\/\/vosgesinfo.fr\/app\/uploads\/sites\/5\/2020\/08\/pompiers-nouveau.jpg\" \/>\n<meta name=\"twitter:creator\" content=\"@VosgesInfo88\" \/>\n<meta name=\"twitter:site\" content=\"@VosgesInfo88\" \/>\n<meta name=\"twitter:label1\" content=\"\u00c9crit par\" \/>\n\t<meta name=\"twitter:data1\" content=\"Julien Chassard\" \/>\n\t<meta name=\"twitter:label2\" content=\"Dur\u00e9e de lecture estim\u00e9e\" \/>\n\t<meta name=\"twitter:data2\" content=\"1 minute\" \/>\n<script type=\"application\/ld+json\" class=\"yoast-schema-graph\">{\"@context\":\"https:\/\/schema.org\",\"@graph\":[{\"@type\":\"Article\",\"@id\":\"https:\/\/vosgesinfo.fr\/remiremontinfo\/2023\/11\/saint-etienne-les-remiremont-un-enfant-blesse-apres-avoir-ete-percute-par-un-vehicule\/#article\",\"isPartOf\":{\"@id\":\"https:\/\/vosgesinfo.fr\/remiremontinfo\/2023\/11\/saint-etienne-les-remiremont-un-enfant-blesse-apres-avoir-ete-percute-par-un-vehicule\/\"},\"author\":{\"name\":\"Julien Chassard\",\"@id\":\"https:\/\/vosgesinfo.fr\/remiremontinfo\/#\/schema\/person\/9f7d5afbed21dfe30e21502db85507c8\"},\"headline\":\"Saint-\u00c9tienne-L\u00e8s-Remiremont &#8211; Un enfant bless\u00e9 apr\u00e8s avoir \u00e9t\u00e9 percut\u00e9 par un v\u00e9hicule\",\"datePublished\":\"2023-11-23T14:46:28+00:00\",\"dateModified\":\"2023-11-23T14:46:28+00:00\",\"mainEntityOfPage\":{\"@id\":\"https:\/\/vosgesinfo.fr\/remiremontinfo\/2023\/11\/saint-etienne-les-remiremont-un-enfant-blesse-apres-avoir-ete-percute-par-un-vehicule\/\"},\"wordCount\":189,\"commentCount\":0,\"publisher\":{\"@id\":\"https:\/\/vosgesinfo.fr\/remiremontinfo\/#organization\"},\"image\":{\"@id\":\"https:\/\/vosgesinfo.fr\/remiremontinfo\/2023\/11\/saint-etienne-les-remiremont-un-enfant-blesse-apres-avoir-ete-percute-par-un-vehicule\/#primaryimage\"},\"thumbnailUrl\":\"https:\/\/vosgesinfo.fr\/app\/uploads\/sites\/5\/2020\/08\/pompiers-nouveau.jpg\",\"keywords\":[\"accident\",\"enfant\",\"Faits divers\",\"police\",\"pompiers\",\"poussette\"],\"articleSection\":[\"A la Une\",\"Faits-divers\",\"Remiremont &amp; son canton\",\"Saint-Nabord\"],\"inLanguage\":\"fr-FR\",\"potentialAction\":[{\"@type\":\"CommentAction\",\"name\":\"Comment\",\"target\":[\"https:\/\/vosgesinfo.fr\/remiremontinfo\/2023\/11\/saint-etienne-les-remiremont-un-enfant-blesse-apres-avoir-ete-percute-par-un-vehicule\/#respond\"]}]},{\"@type\":\"WebPage\",\"@id\":\"https:\/\/vosgesinfo.fr\/remiremontinfo\/2023\/11\/saint-etienne-les-remiremont-un-enfant-blesse-apres-avoir-ete-percute-par-un-vehicule\/\",\"url\":\"https:\/\/vosgesinfo.fr\/remiremontinfo\/2023\/11\/saint-etienne-les-remiremont-un-enfant-blesse-apres-avoir-ete-percute-par-un-vehicule\/\",\"name\":\"Saint-\u00c9tienne-L\u00e8s-Remiremont - Un enfant bless\u00e9 apr\u00e8s avoir \u00e9t\u00e9 percut\u00e9 par un v\u00e9hicule - Remiremont Info\",\"isPartOf\":{\"@id\":\"https:\/\/vosgesinfo.fr\/remiremontinfo\/#website\"},\"primaryImageOfPage\":{\"@id\":\"https:\/\/vosgesinfo.fr\/remiremontinfo\/2023\/11\/saint-etienne-les-remiremont-un-enfant-blesse-apres-avoir-ete-percute-par-un-vehicule\/#primaryimage\"},\"image\":{\"@id\":\"https:\/\/vosgesinfo.fr\/remiremontinfo\/2023\/11\/saint-etienne-les-remiremont-un-enfant-blesse-apres-avoir-ete-percute-par-un-vehicule\/#primaryimage\"},\"thumbnailUrl\":\"https:\/\/vosgesinfo.fr\/app\/uploads\/sites\/5\/2020\/08\/pompiers-nouveau.jpg\",\"datePublished\":\"2023-11-23T14:46:28+00:00\",\"dateModified\":\"2023-11-23T14:46:28+00:00\",\"breadcrumb\":{\"@id\":\"https:\/\/vosgesinfo.fr\/remiremontinfo\/2023\/11\/saint-etienne-les-remiremont-un-enfant-blesse-apres-avoir-ete-percute-par-un-vehicule\/#breadcrumb\"},\"inLanguage\":\"fr-FR\",\"potentialAction\":[{\"@type\":\"ReadAction\",\"target\":[\"https:\/\/vosgesinfo.fr\/remiremontinfo\/2023\/11\/saint-etienne-les-remiremont-un-enfant-blesse-apres-avoir-ete-percute-par-un-vehicule\/\"]}]},{\"@type\":\"ImageObject\",\"inLanguage\":\"fr-FR\",\"@id\":\"https:\/\/vosgesinfo.fr\/remiremontinfo\/2023\/11\/saint-etienne-les-remiremont-un-enfant-blesse-apres-avoir-ete-percute-par-un-vehicule\/#primaryimage\",\"url\":\"https:\/\/vosgesinfo.fr\/app\/uploads\/sites\/5\/2020\/08\/pompiers-nouveau.jpg\",\"contentUrl\":\"https:\/\/vosgesinfo.fr\/app\/uploads\/sites\/5\/2020\/08\/pompiers-nouveau.jpg\",\"width\":630,\"height\":473},{\"@type\":\"BreadcrumbList\",\"@id\":\"https:\/\/vosgesinfo.fr\/remiremontinfo\/2023\/11\/saint-etienne-les-remiremont-un-enfant-blesse-apres-avoir-ete-percute-par-un-vehicule\/#breadcrumb\",\"itemListElement\":[{\"@type\":\"ListItem\",\"position\":1,\"name\":\"Home\",\"item\":\"https:\/\/vosgesinfo.fr\/remiremontinfo\/\"},{\"@type\":\"ListItem\",\"position\":2,\"name\":\"Saint-\u00c9tienne-L\u00e8s-Remiremont &#8211; Un enfant bless\u00e9 apr\u00e8s avoir \u00e9t\u00e9 percut\u00e9 par un v\u00e9hicule\"}]},{\"@type\":\"WebSite\",\"@id\":\"https:\/\/vosgesinfo.fr\/remiremontinfo\/#website\",\"url\":\"https:\/\/vosgesinfo.fr\/remiremontinfo\/\",\"name\":\"Remiremont Info\",\"description\":\"Toute l&#039;actualit\u00e9 de Remiremont\",\"publisher\":{\"@id\":\"https:\/\/vosgesinfo.fr\/remiremontinfo\/#organization\"},\"alternateName\":\"Toute l'actualit\u00e9 de Remiremont\",\"potentialAction\":[{\"@type\":\"SearchAction\",\"target\":{\"@type\":\"EntryPoint\",\"urlTemplate\":\"https:\/\/vosgesinfo.fr\/remiremontinfo\/?s={search_term_string}\"},\"query-input\":\"required name=search_term_string\"}],\"inLanguage\":\"fr-FR\"},{\"@type\":\"Organization\",\"@id\":\"https:\/\/vosgesinfo.fr\/remiremontinfo\/#organization\",\"name\":\"Remiremont Info\",\"url\":\"https:\/\/vosgesinfo.fr\/remiremontinfo\/\",\"logo\":{\"@type\":\"ImageObject\",\"inLanguage\":\"fr-FR\",\"@id\":\"https:\/\/vosgesinfo.fr\/remiremontinfo\/#\/schema\/logo\/image\/\",\"url\":\"https:\/\/vosgesinfo.fr\/app\/uploads\/sites\/5\/2023\/08\/favicon-remiremontinfo.png\",\"contentUrl\":\"https:\/\/vosgesinfo.fr\/app\/uploads\/sites\/5\/2023\/08\/favicon-remiremontinfo.png\",\"width\":512,\"height\":512,\"caption\":\"Remiremont Info\"},\"image\":{\"@id\":\"https:\/\/vosgesinfo.fr\/remiremontinfo\/#\/schema\/logo\/image\/\"},\"sameAs\":[\"https:\/\/www.facebook.com\/remiremontinfo\",\"https:\/\/x.com\/VosgesInfo88\",\"https:\/\/www.youtube.com\/@vosgesinfo\"]},{\"@type\":\"Person\",\"@id\":\"https:\/\/vosgesinfo.fr\/remiremontinfo\/#\/schema\/person\/9f7d5afbed21dfe30e21502db85507c8\",\"name\":\"Julien Chassard\",\"image\":{\"@type\":\"ImageObject\",\"inLanguage\":\"fr-FR\",\"@id\":\"https:\/\/vosgesinfo.fr\/remiremontinfo\/#\/schema\/person\/image\/\",\"url\":\"https:\/\/secure.gravatar.com\/avatar\/b1edc920568095a5269cc92a13830411052ebb396f029db539972c12276b9ba9?s=96&d=mm&r=g\",\"contentUrl\":\"https:\/\/secure.gravatar.com\/avatar\/b1edc920568095a5269cc92a13830411052ebb396f029db539972c12276b9ba9?s=96&d=mm&r=g\",\"caption\":\"Julien Chassard\"},\"url\":\"https:\/\/vosgesinfo.fr\/remiremontinfo\/author\/j-chassard882\/\"}]}<\/script>\n<!-- \/ Yoast SEO plugin. -->","yoast_head_json":{"title":"Saint-\u00c9tienne-L\u00e8s-Remiremont - Un enfant bless\u00e9 apr\u00e8s avoir \u00e9t\u00e9 percut\u00e9 par un v\u00e9hicule - Remiremont Info","robots":{"index":"index","follow":"follow","max-snippet":"max-snippet:-1","max-image-preview":"max-image-preview:large","max-video-preview":"max-video-preview:-1"},"canonical":"https:\/\/vosgesinfo.fr\/remiremontinfo\/2023\/11\/saint-etienne-les-remiremont-un-enfant-blesse-apres-avoir-ete-percute-par-un-vehicule\/","twitter_card":"summary_large_image","twitter_title":"Saint-\u00c9tienne-L\u00e8s-Remiremont - Un enfant bless\u00e9 apr\u00e8s avoir \u00e9t\u00e9 percut\u00e9 par un v\u00e9hicule - Remiremont Info","twitter_description":"Aux alentours de 18h30 ce mercredi, un enfant a \u00e9t\u00e9 renvers\u00e9 par un v\u00e9hicule au rond-point de l&rsquo;Avenue de l&rsquo;Europe [&hellip;]","twitter_image":"https:\/\/vosgesinfo.fr\/app\/uploads\/sites\/5\/2020\/08\/pompiers-nouveau.jpg","twitter_creator":"@VosgesInfo88","twitter_site":"@VosgesInfo88","twitter_misc":{"\u00c9crit par":"Julien Chassard","Dur\u00e9e de lecture estim\u00e9e":"1 minute"},"schema":{"@context":"https:\/\/schema.org","@graph":[{"@type":"Article","@id":"https:\/\/vosgesinfo.fr\/remiremontinfo\/2023\/11\/saint-etienne-les-remiremont-un-enfant-blesse-apres-avoir-ete-percute-par-un-vehicule\/#article","isPartOf":{"@id":"https:\/\/vosgesinfo.fr\/remiremontinfo\/2023\/11\/saint-etienne-les-remiremont-un-enfant-blesse-apres-avoir-ete-percute-par-un-vehicule\/"},"author":{"name":"Julien Chassard","@id":"https:\/\/vosgesinfo.fr\/remiremontinfo\/#\/schema\/person\/9f7d5afbed21dfe30e21502db85507c8"},"headline":"Saint-\u00c9tienne-L\u00e8s-Remiremont &#8211; Un enfant bless\u00e9 apr\u00e8s avoir \u00e9t\u00e9 percut\u00e9 par un v\u00e9hicule","datePublished":"2023-11-23T14:46:28+00:00","dateModified":"2023-11-23T14:46:28+00:00","mainEntityOfPage":{"@id":"https:\/\/vosgesinfo.fr\/remiremontinfo\/2023\/11\/saint-etienne-les-remiremont-un-enfant-blesse-apres-avoir-ete-percute-par-un-vehicule\/"},"wordCount":189,"commentCount":0,"publisher":{"@id":"https:\/\/vosgesinfo.fr\/remiremontinfo\/#organization"},"image":{"@id":"https:\/\/vosgesinfo.fr\/remiremontinfo\/2023\/11\/saint-etienne-les-remiremont-un-enfant-blesse-apres-avoir-ete-percute-par-un-vehicule\/#primaryimage"},"thumbnailUrl":"https:\/\/vosgesinfo.fr\/app\/uploads\/sites\/5\/2020\/08\/pompiers-nouveau.jpg","keywords":["accident","enfant","Faits divers","police","pompiers","poussette"],"articleSection":["A la Une","Faits-divers","Remiremont &amp; son canton","Saint-Nabord"],"inLanguage":"fr-FR","potentialAction":[{"@type":"CommentAction","name":"Comment","target":["https:\/\/vosgesinfo.fr\/remiremontinfo\/2023\/11\/saint-etienne-les-remiremont-un-enfant-blesse-apres-avoir-ete-percute-par-un-vehicule\/#respond"]}]},{"@type":"WebPage","@id":"https:\/\/vosgesinfo.fr\/remiremontinfo\/2023\/11\/saint-etienne-les-remiremont-un-enfant-blesse-apres-avoir-ete-percute-par-un-vehicule\/","url":"https:\/\/vosgesinfo.fr\/remiremontinfo\/2023\/11\/saint-etienne-les-remiremont-un-enfant-blesse-apres-avoir-ete-percute-par-un-vehicule\/","name":"Saint-\u00c9tienne-L\u00e8s-Remiremont - Un enfant bless\u00e9 apr\u00e8s avoir \u00e9t\u00e9 percut\u00e9 par un v\u00e9hicule - Remiremont Info","isPartOf":{"@id":"https:\/\/vosgesinfo.fr\/remiremontinfo\/#website"},"primaryImageOfPage":{"@id":"https:\/\/vosgesinfo.fr\/remiremontinfo\/2023\/11\/saint-etienne-les-remiremont-un-enfant-blesse-apres-avoir-ete-percute-par-un-vehicule\/#primaryimage"},"image":{"@id":"https:\/\/vosgesinfo.fr\/remiremontinfo\/2023\/11\/saint-etienne-les-remiremont-un-enfant-blesse-apres-avoir-ete-percute-par-un-vehicule\/#primaryimage"},"thumbnailUrl":"https:\/\/vosgesinfo.fr\/app\/uploads\/sites\/5\/2020\/08\/pompiers-nouveau.jpg","datePublished":"2023-11-23T14:46:28+00:00","dateModified":"2023-11-23T14:46:28+00:00","breadcrumb":{"@id":"https:\/\/vosgesinfo.fr\/remiremontinfo\/2023\/11\/saint-etienne-les-remiremont-un-enfant-blesse-apres-avoir-ete-percute-par-un-vehicule\/#breadcrumb"},"inLanguage":"fr-FR","potentialAction":[{"@type":"ReadAction","target":["https:\/\/vosgesinfo.fr\/remiremontinfo\/2023\/11\/saint-etienne-les-remiremont-un-enfant-blesse-apres-avoir-ete-percute-par-un-vehicule\/"]}]},{"@type":"ImageObject","inLanguage":"fr-FR","@id":"https:\/\/vosgesinfo.fr\/remiremontinfo\/2023\/11\/saint-etienne-les-remiremont-un-enfant-blesse-apres-avoir-ete-percute-par-un-vehicule\/#primaryimage","url":"https:\/\/vosgesinfo.fr\/app\/uploads\/sites\/5\/2020\/08\/pompiers-nouveau.jpg","contentUrl":"https:\/\/vosgesinfo.fr\/app\/uploads\/sites\/5\/2020\/08\/pompiers-nouveau.jpg","width":630,"height":473},{"@type":"BreadcrumbList","@id":"https:\/\/vosgesinfo.fr\/remiremontinfo\/2023\/11\/saint-etienne-les-remiremont-un-enfant-blesse-apres-avoir-ete-percute-par-un-vehicule\/#breadcrumb","itemListElement":[{"@type":"ListItem","position":1,"name":"Home","item":"https:\/\/vosgesinfo.fr\/remiremontinfo\/"},{"@type":"ListItem","position":2,"name":"Saint-\u00c9tienne-L\u00e8s-Remiremont &#8211; Un enfant bless\u00e9 apr\u00e8s avoir \u00e9t\u00e9 percut\u00e9 par un v\u00e9hicule"}]},{"@type":"WebSite","@id":"https:\/\/vosgesinfo.fr\/remiremontinfo\/#website","url":"https:\/\/vosgesinfo.fr\/remiremontinfo\/","name":"Remiremont Info","description":"Toute l&#039;actualit\u00e9 de Remiremont","publisher":{"@id":"https:\/\/vosgesinfo.fr\/remiremontinfo\/#organization"},"alternateName":"Toute l'actualit\u00e9 de Remiremont","potentialAction":[{"@type":"SearchAction","target":{"@type":"EntryPoint","urlTemplate":"https:\/\/vosgesinfo.fr\/remiremontinfo\/?s={search_term_string}"},"query-input":"required name=search_term_string"}],"inLanguage":"fr-FR"},{"@type":"Organization","@id":"https:\/\/vosgesinfo.fr\/remiremontinfo\/#organization","name":"Remiremont Info","url":"https:\/\/vosgesinfo.fr\/remiremontinfo\/","logo":{"@type":"ImageObject","inLanguage":"fr-FR","@id":"https:\/\/vosgesinfo.fr\/remiremontinfo\/#\/schema\/logo\/image\/","url":"https:\/\/vosgesinfo.fr\/app\/uploads\/sites\/5\/2023\/08\/favicon-remiremontinfo.png","contentUrl":"https:\/\/vosgesinfo.fr\/app\/uploads\/sites\/5\/2023\/08\/favicon-remiremontinfo.png","width":512,"height":512,"caption":"Remiremont Info"},"image":{"@id":"https:\/\/vosgesinfo.fr\/remiremontinfo\/#\/schema\/logo\/image\/"},"sameAs":["https:\/\/www.facebook.com\/remiremontinfo","https:\/\/x.com\/VosgesInfo88","https:\/\/www.youtube.com\/@vosgesinfo"]},{"@type":"Person","@id":"https:\/\/vosgesinfo.fr\/remiremontinfo\/#\/schema\/person\/9f7d5afbed21dfe30e21502db85507c8","name":"Julien Chassard","image":{"@type":"ImageObject","inLanguage":"fr-FR","@id":"https:\/\/vosgesinfo.fr\/remiremontinfo\/#\/schema\/person\/image\/","url":"https:\/\/secure.gravatar.com\/avatar\/b1edc920568095a5269cc92a13830411052ebb396f029db539972c12276b9ba9?s=96&d=mm&r=g","contentUrl":"https:\/\/secure.gravatar.com\/avatar\/b1edc920568095a5269cc92a13830411052ebb396f029db539972c12276b9ba9?s=96&d=mm&r=g","caption":"Julien Chassard"},"url":"https:\/\/vosgesinfo.fr\/remiremontinfo\/author\/j-chassard882\/"}]}},"_links":{"self":[{"href":"https:\/\/vosgesinfo.fr\/remiremontinfo\/wp-json\/wp\/v2\/posts\/2880","targetHints":{"allow":["GET"]}}],"collection":[{"href":"https:\/\/vosgesinfo.fr\/remiremontinfo\/wp-json\/wp\/v2\/posts"}],"about":[{"href":"https:\/\/vosgesinfo.fr\/remiremontinfo\/wp-json\/wp\/v2\/types\/post"}],"author":[{"embeddable":true,"href":"https:\/\/vosgesinfo.fr\/remiremontinfo\/wp-json\/wp\/v2\/users\/414"}],"replies":[{"embeddable":true,"href":"https:\/\/vosgesinfo.fr\/remiremontinfo\/wp-json\/wp\/v2\/comments?post=2880"}],"version-history":[{"count":0,"href":"https:\/\/vosgesinfo.fr\/remiremontinfo\/wp-json\/wp\/v2\/posts\/2880\/revisions"}],"wp:featuredmedia":[{"embeddable":true,"href":"https:\/\/vosgesinfo.fr\/remiremontinfo\/wp-json\/wp\/v2\/media\/2881"}],"wp:attachment":[{"href":"https:\/\/vosgesinfo.fr\/remiremontinfo\/wp-json\/wp\/v2\/media?parent=2880"}],"wp:term":[{"taxonomy":"category","embeddable":true,"href":"https:\/\/vosgesinfo.fr\/remiremontinfo\/wp-json\/wp\/v2\/categories?post=2880"},{"taxonomy":"post_tag","embeddable":true,"href":"https:\/\/vosgesinfo.fr\/remiremontinfo\/wp-json\/wp\/v2\/tags?post=2880"}],"curies":[{"name":"wp","href":"https:\/\/api.w.org\/{rel}","templated":true}]}}