{"id":29147,"date":"2020-07-15T07:01:24","date_gmt":"2020-07-15T05:01:24","guid":{"rendered":"https:\/\/vosgesinfo.fr\/remiremontinfo\/2020\/07\/saint-etienne-passionnes-dautomobile-testent-puissance-de-vehicule\/"},"modified":"2020-07-15T07:01:24","modified_gmt":"2020-07-15T05:01:24","slug":"saint-etienne-passionnes-dautomobile-testent-puissance-de-vehicule","status":"publish","type":"post","link":"https:\/\/vosgesinfo.fr\/remiremontinfo\/2020\/07\/saint-etienne-passionnes-dautomobile-testent-puissance-de-vehicule\/","title":{"rendered":"Saint-Etienne : des passionn\u00e9s d&rsquo;automobile testent la puissance de leur v\u00e9hicule"},"content":{"rendered":"<p style=\"text-align: center;\"><a href=\"\/2020\/07\/image00045.jpeg\"><img decoding=\"async\" class=\"alignnone size-full wp-image-291103\" src=\"\/2020\/07\/image00045.jpeg\" alt=\"image00045\" width=\"800\" height=\"600\" \/><\/a><\/p>\n<h2><span style=\"font-size: 12pt;\"><strong><span style=\"font-family: 'Gentium Book Basic';\">Le week-end dernier, des passionn\u00e9s d\u2019automobile se sont donn\u00e9s rendez-vous \u00e0 Saint-Etienne-l\u00e8s-Remiremont, pour une s\u00e9ance de passage au banc de puissance. <\/span><\/strong><\/span><\/h2>\n<p><span style=\"font-family: 'Gentium Book Basic';\"><span style=\"font-size: medium;\">\u00ab\u00a0R-garage\u00a0\u00bb, <\/span><\/span><span style=\"font-family: 'Gentium Book Basic';\"><span style=\"font-size: medium;\">organisateur de l\u2019\u00e9v\u00e9nement,<\/span><\/span><span style=\"font-family: 'Gentium Book Basic';\"><span style=\"font-size: medium;\"> est<\/span><\/span><span style=\"font-family: 'Gentium Book Basic';\"><span style=\"font-size: medium;\"> sp\u00e9cialis\u00e9 dans l&rsquo;entretien <\/span><\/span><span style=\"font-family: 'Gentium Book Basic';\"><span style=\"font-size: medium;\">et<\/span><\/span><span style=\"font-family: 'Gentium Book Basic';\"><span style=\"font-size: medium;\"> la r\u00e9novation de v\u00e9hicule<\/span><\/span><span style=\"font-family: 'Gentium Book Basic';\"><span style=\"font-size: medium;\">s<\/span><\/span><span style=\"font-family: 'Gentium Book Basic';\"><span style=\"font-size: medium;\"> de loisirs, anciens, youngtimer et de comp\u00e9tition historique. <\/span><\/span><span style=\"font-family: 'Gentium Book Basic';\"><span style=\"font-size: medium;\">Ce week-end, l\u2019\u00e9tablissement accueillait <em>\u00ab\u00a0<\/em><\/span><\/span><em><span style=\"font-family: 'Gentium Book Basic';\"><span style=\"font-size: medium;\">u<\/span><\/span><\/em><span style=\"font-family: 'Gentium Book Basic';\"><span style=\"font-size: medium;\"><em>n rassemblement de passionn\u00e9s de tous styles de voiture\u00a0\u00bb<\/em>. On pouvait d\u00e9couvrir plusieurs <\/span><\/span><span style=\"font-family: 'Gentium Book Basic';\"><span style=\"font-size: medium;\">automobiles<\/span><\/span><span style=\"font-family: 'Gentium Book Basic';\"><span style=\"font-size: medium;\"> historiques et notamment une Trabant, voiture embl\u00e9matique de la R\u00e9publique D\u00e9mocratique Allemande (RDA). <\/span><\/span><span style=\"font-family: 'Gentium Book Basic';\"><span style=\"font-size: medium;\">Tout au long de la journ\u00e9e, des v\u00e9hicules sont pass\u00e9 au banc de puissance. <\/span><\/span><em><span style=\"font-family: 'Gentium Book Basic';\"><span style=\"font-size: medium;\">\u00ab\u00a0<\/span><\/span><\/em><span style=\"font-family: 'Gentium Book Basic';\"><span style=\"font-size: medium;\"><em>\u00c7a simule une acc\u00e9l\u00e9ration sur route, tout en testant les performances du v\u00e9hicule\u00a0\u00bb<\/em>. U<\/span><\/span><span style=\"font-family: 'Gentium Book Basic';\"><span style=\"font-size: medium;\">ne panne \u00e9lectronique du banc a<\/span><\/span><span style=\"font-family: 'Gentium Book Basic';\"><span style=\"font-size: medium;\">yant<\/span><\/span><span style=\"font-family: 'Gentium Book Basic';\"><span style=\"font-size: medium;\"> \u00e9court\u00e9 la journ\u00e9e, <\/span><\/span><span style=\"font-family: 'Gentium Book Basic';\"><span style=\"font-size: medium;\">tous les participants n\u2019ont pas pu tester leur v\u00e9hicule.<\/span><\/span> <span style=\"font-family: 'Gentium Book Basic';\"><span style=\"font-size: medium;\">Une nouvell<\/span><\/span><span style=\"font-family: 'Gentium Book Basic';\"><span style=\"font-size: medium;\">e journ\u00e9e <\/span><\/span><span style=\"font-family: 'Gentium Book Basic';\"><span style=\"font-size: medium;\">sera <\/span><\/span><span style=\"font-family: 'Gentium Book Basic';\"><span style=\"font-size: medium;\">donc <\/span><\/span><span style=\"font-family: 'Gentium Book Basic';\"><span style=\"font-size: medium;\">prochainement organis\u00e9e,<\/span><\/span><span style=\"font-family: 'Gentium Book Basic';\"><span style=\"font-size: medium;\"> un samedi, pour permettre \u00e0 ceux qui n&rsquo;ont pas pu \u00eatre satisfait de revenir.<\/span><\/span><\/p>\n\n","protected":false},"excerpt":{"rendered":"<p>Le week-end dernier, des passionn\u00e9s d\u2019automobile se sont donn\u00e9s rendez-vous \u00e0 Saint-Etienne-l\u00e8s-Remiremont, pour une s\u00e9ance de passage au banc de [&hellip;]<\/p>\n","protected":false},"author":407,"featured_media":29148,"comment_status":"open","ping_status":"open","sticky":false,"template":"","format":"standard","meta":{"footnotes":""},"categories":[26,54,35,155],"tags":[],"class_list":["post-29147","post","type-post","status-publish","format-standard","has-post-thumbnail","hentry","category-a-la-une","category-loisirs","category-remiremont-son-canton","category-saint-etienne"],"acf":[],"yoast_head":"<!-- This site is optimized with the Yoast SEO plugin v22.5 - https:\/\/yoast.com\/wordpress\/plugins\/seo\/ -->\n<title>Saint-Etienne : des passionn\u00e9s d&#039;automobile testent la puissance de leur v\u00e9hicule - Remiremont Info<\/title>\n<meta name=\"robots\" content=\"index, follow, max-snippet:-1, max-image-preview:large, max-video-preview:-1\" \/>\n<link rel=\"canonical\" href=\"https:\/\/vosgesinfo.fr\/remiremontinfo\/2020\/07\/saint-etienne-passionnes-dautomobile-testent-puissance-de-vehicule\/\" \/>\n<meta name=\"twitter:card\" content=\"summary_large_image\" \/>\n<meta name=\"twitter:title\" content=\"Saint-Etienne : des passionn\u00e9s d&#039;automobile testent la puissance de leur v\u00e9hicule - Remiremont Info\" \/>\n<meta name=\"twitter:description\" content=\"Le week-end dernier, des passionn\u00e9s d\u2019automobile se sont donn\u00e9s rendez-vous \u00e0 Saint-Etienne-l\u00e8s-Remiremont, pour une s\u00e9ance de passage au banc de [&hellip;]\" \/>\n<meta name=\"twitter:image\" content=\"https:\/\/vosgesinfo.fr\/app\/uploads\/sites\/5\/2024\/09\/202007image00045.jpeg\" \/>\n<meta name=\"twitter:creator\" content=\"@VosgesInfo88\" \/>\n<meta name=\"twitter:site\" content=\"@VosgesInfo88\" \/>\n<meta name=\"twitter:label1\" content=\"\u00c9crit par\" \/>\n\t<meta name=\"twitter:data1\" content=\"C D\" \/>\n\t<meta name=\"twitter:label2\" content=\"Dur\u00e9e de lecture estim\u00e9e\" \/>\n\t<meta name=\"twitter:data2\" content=\"1 minute\" \/>\n<script type=\"application\/ld+json\" class=\"yoast-schema-graph\">{\"@context\":\"https:\/\/schema.org\",\"@graph\":[{\"@type\":\"Article\",\"@id\":\"https:\/\/vosgesinfo.fr\/remiremontinfo\/2020\/07\/saint-etienne-passionnes-dautomobile-testent-puissance-de-vehicule\/#article\",\"isPartOf\":{\"@id\":\"https:\/\/vosgesinfo.fr\/remiremontinfo\/2020\/07\/saint-etienne-passionnes-dautomobile-testent-puissance-de-vehicule\/\"},\"author\":{\"name\":\"C D\",\"@id\":\"https:\/\/vosgesinfo.fr\/remiremontinfo\/#\/schema\/person\/3bfd164d5218a185b1db68655a265316\"},\"headline\":\"Saint-Etienne : des passionn\u00e9s d&rsquo;automobile testent la puissance de leur v\u00e9hicule\",\"datePublished\":\"2020-07-15T05:01:24+00:00\",\"dateModified\":\"2020-07-15T05:01:24+00:00\",\"mainEntityOfPage\":{\"@id\":\"https:\/\/vosgesinfo.fr\/remiremontinfo\/2020\/07\/saint-etienne-passionnes-dautomobile-testent-puissance-de-vehicule\/\"},\"wordCount\":192,\"commentCount\":0,\"publisher\":{\"@id\":\"https:\/\/vosgesinfo.fr\/remiremontinfo\/#organization\"},\"image\":{\"@id\":\"https:\/\/vosgesinfo.fr\/remiremontinfo\/2020\/07\/saint-etienne-passionnes-dautomobile-testent-puissance-de-vehicule\/#primaryimage\"},\"thumbnailUrl\":\"https:\/\/vosgesinfo.fr\/app\/uploads\/sites\/5\/2024\/09\/202007image00045.jpeg\",\"articleSection\":[\"A la Une\",\"Loisirs\",\"Remiremont &amp; son canton\",\"Saint-Etienne\"],\"inLanguage\":\"fr-FR\",\"potentialAction\":[{\"@type\":\"CommentAction\",\"name\":\"Comment\",\"target\":[\"https:\/\/vosgesinfo.fr\/remiremontinfo\/2020\/07\/saint-etienne-passionnes-dautomobile-testent-puissance-de-vehicule\/#respond\"]}]},{\"@type\":\"WebPage\",\"@id\":\"https:\/\/vosgesinfo.fr\/remiremontinfo\/2020\/07\/saint-etienne-passionnes-dautomobile-testent-puissance-de-vehicule\/\",\"url\":\"https:\/\/vosgesinfo.fr\/remiremontinfo\/2020\/07\/saint-etienne-passionnes-dautomobile-testent-puissance-de-vehicule\/\",\"name\":\"Saint-Etienne : des passionn\u00e9s d'automobile testent la puissance de leur v\u00e9hicule - Remiremont Info\",\"isPartOf\":{\"@id\":\"https:\/\/vosgesinfo.fr\/remiremontinfo\/#website\"},\"primaryImageOfPage\":{\"@id\":\"https:\/\/vosgesinfo.fr\/remiremontinfo\/2020\/07\/saint-etienne-passionnes-dautomobile-testent-puissance-de-vehicule\/#primaryimage\"},\"image\":{\"@id\":\"https:\/\/vosgesinfo.fr\/remiremontinfo\/2020\/07\/saint-etienne-passionnes-dautomobile-testent-puissance-de-vehicule\/#primaryimage\"},\"thumbnailUrl\":\"https:\/\/vosgesinfo.fr\/app\/uploads\/sites\/5\/2024\/09\/202007image00045.jpeg\",\"datePublished\":\"2020-07-15T05:01:24+00:00\",\"dateModified\":\"2020-07-15T05:01:24+00:00\",\"breadcrumb\":{\"@id\":\"https:\/\/vosgesinfo.fr\/remiremontinfo\/2020\/07\/saint-etienne-passionnes-dautomobile-testent-puissance-de-vehicule\/#breadcrumb\"},\"inLanguage\":\"fr-FR\",\"potentialAction\":[{\"@type\":\"ReadAction\",\"target\":[\"https:\/\/vosgesinfo.fr\/remiremontinfo\/2020\/07\/saint-etienne-passionnes-dautomobile-testent-puissance-de-vehicule\/\"]}]},{\"@type\":\"ImageObject\",\"inLanguage\":\"fr-FR\",\"@id\":\"https:\/\/vosgesinfo.fr\/remiremontinfo\/2020\/07\/saint-etienne-passionnes-dautomobile-testent-puissance-de-vehicule\/#primaryimage\",\"url\":\"https:\/\/vosgesinfo.fr\/app\/uploads\/sites\/5\/2024\/09\/202007image00045.jpeg\",\"contentUrl\":\"https:\/\/vosgesinfo.fr\/app\/uploads\/sites\/5\/2024\/09\/202007image00045.jpeg\",\"width\":800,\"height\":600},{\"@type\":\"BreadcrumbList\",\"@id\":\"https:\/\/vosgesinfo.fr\/remiremontinfo\/2020\/07\/saint-etienne-passionnes-dautomobile-testent-puissance-de-vehicule\/#breadcrumb\",\"itemListElement\":[{\"@type\":\"ListItem\",\"position\":1,\"name\":\"Home\",\"item\":\"https:\/\/vosgesinfo.fr\/remiremontinfo\/\"},{\"@type\":\"ListItem\",\"position\":2,\"name\":\"Saint-Etienne : des passionn\u00e9s d&rsquo;automobile testent la puissance de leur v\u00e9hicule\"}]},{\"@type\":\"WebSite\",\"@id\":\"https:\/\/vosgesinfo.fr\/remiremontinfo\/#website\",\"url\":\"https:\/\/vosgesinfo.fr\/remiremontinfo\/\",\"name\":\"Remiremont Info\",\"description\":\"Toute l&#039;actualit\u00e9 de Remiremont\",\"publisher\":{\"@id\":\"https:\/\/vosgesinfo.fr\/remiremontinfo\/#organization\"},\"alternateName\":\"Toute l'actualit\u00e9 de Remiremont\",\"potentialAction\":[{\"@type\":\"SearchAction\",\"target\":{\"@type\":\"EntryPoint\",\"urlTemplate\":\"https:\/\/vosgesinfo.fr\/remiremontinfo\/?s={search_term_string}\"},\"query-input\":\"required name=search_term_string\"}],\"inLanguage\":\"fr-FR\"},{\"@type\":\"Organization\",\"@id\":\"https:\/\/vosgesinfo.fr\/remiremontinfo\/#organization\",\"name\":\"Remiremont Info\",\"url\":\"https:\/\/vosgesinfo.fr\/remiremontinfo\/\",\"logo\":{\"@type\":\"ImageObject\",\"inLanguage\":\"fr-FR\",\"@id\":\"https:\/\/vosgesinfo.fr\/remiremontinfo\/#\/schema\/logo\/image\/\",\"url\":\"https:\/\/vosgesinfo.fr\/app\/uploads\/sites\/5\/2023\/08\/favicon-remiremontinfo.png\",\"contentUrl\":\"https:\/\/vosgesinfo.fr\/app\/uploads\/sites\/5\/2023\/08\/favicon-remiremontinfo.png\",\"width\":512,\"height\":512,\"caption\":\"Remiremont Info\"},\"image\":{\"@id\":\"https:\/\/vosgesinfo.fr\/remiremontinfo\/#\/schema\/logo\/image\/\"},\"sameAs\":[\"https:\/\/www.facebook.com\/remiremontinfo\",\"https:\/\/x.com\/VosgesInfo88\",\"https:\/\/www.youtube.com\/@vosgesinfo\"]},{\"@type\":\"Person\",\"@id\":\"https:\/\/vosgesinfo.fr\/remiremontinfo\/#\/schema\/person\/3bfd164d5218a185b1db68655a265316\",\"name\":\"C D\",\"image\":{\"@type\":\"ImageObject\",\"inLanguage\":\"fr-FR\",\"@id\":\"https:\/\/vosgesinfo.fr\/remiremontinfo\/#\/schema\/person\/image\/\",\"url\":\"https:\/\/secure.gravatar.com\/avatar\/1f9a70007336511a47468b8f1c66f922b8b7cf617b02a31149ada43893a5d48f?s=96&d=mm&r=g\",\"contentUrl\":\"https:\/\/secure.gravatar.com\/avatar\/1f9a70007336511a47468b8f1c66f922b8b7cf617b02a31149ada43893a5d48f?s=96&d=mm&r=g\",\"caption\":\"C D\"},\"url\":\"https:\/\/vosgesinfo.fr\/remiremontinfo\/author\/cedric-drevet\/\"}]}<\/script>\n<!-- \/ Yoast SEO plugin. -->","yoast_head_json":{"title":"Saint-Etienne : des passionn\u00e9s d'automobile testent la puissance de leur v\u00e9hicule - Remiremont Info","robots":{"index":"index","follow":"follow","max-snippet":"max-snippet:-1","max-image-preview":"max-image-preview:large","max-video-preview":"max-video-preview:-1"},"canonical":"https:\/\/vosgesinfo.fr\/remiremontinfo\/2020\/07\/saint-etienne-passionnes-dautomobile-testent-puissance-de-vehicule\/","twitter_card":"summary_large_image","twitter_title":"Saint-Etienne : des passionn\u00e9s d'automobile testent la puissance de leur v\u00e9hicule - Remiremont Info","twitter_description":"Le week-end dernier, des passionn\u00e9s d\u2019automobile se sont donn\u00e9s rendez-vous \u00e0 Saint-Etienne-l\u00e8s-Remiremont, pour une s\u00e9ance de passage au banc de [&hellip;]","twitter_image":"https:\/\/vosgesinfo.fr\/app\/uploads\/sites\/5\/2024\/09\/202007image00045.jpeg","twitter_creator":"@VosgesInfo88","twitter_site":"@VosgesInfo88","twitter_misc":{"\u00c9crit par":"C D","Dur\u00e9e de lecture estim\u00e9e":"1 minute"},"schema":{"@context":"https:\/\/schema.org","@graph":[{"@type":"Article","@id":"https:\/\/vosgesinfo.fr\/remiremontinfo\/2020\/07\/saint-etienne-passionnes-dautomobile-testent-puissance-de-vehicule\/#article","isPartOf":{"@id":"https:\/\/vosgesinfo.fr\/remiremontinfo\/2020\/07\/saint-etienne-passionnes-dautomobile-testent-puissance-de-vehicule\/"},"author":{"name":"C D","@id":"https:\/\/vosgesinfo.fr\/remiremontinfo\/#\/schema\/person\/3bfd164d5218a185b1db68655a265316"},"headline":"Saint-Etienne : des passionn\u00e9s d&rsquo;automobile testent la puissance de leur v\u00e9hicule","datePublished":"2020-07-15T05:01:24+00:00","dateModified":"2020-07-15T05:01:24+00:00","mainEntityOfPage":{"@id":"https:\/\/vosgesinfo.fr\/remiremontinfo\/2020\/07\/saint-etienne-passionnes-dautomobile-testent-puissance-de-vehicule\/"},"wordCount":192,"commentCount":0,"publisher":{"@id":"https:\/\/vosgesinfo.fr\/remiremontinfo\/#organization"},"image":{"@id":"https:\/\/vosgesinfo.fr\/remiremontinfo\/2020\/07\/saint-etienne-passionnes-dautomobile-testent-puissance-de-vehicule\/#primaryimage"},"thumbnailUrl":"https:\/\/vosgesinfo.fr\/app\/uploads\/sites\/5\/2024\/09\/202007image00045.jpeg","articleSection":["A la Une","Loisirs","Remiremont &amp; son canton","Saint-Etienne"],"inLanguage":"fr-FR","potentialAction":[{"@type":"CommentAction","name":"Comment","target":["https:\/\/vosgesinfo.fr\/remiremontinfo\/2020\/07\/saint-etienne-passionnes-dautomobile-testent-puissance-de-vehicule\/#respond"]}]},{"@type":"WebPage","@id":"https:\/\/vosgesinfo.fr\/remiremontinfo\/2020\/07\/saint-etienne-passionnes-dautomobile-testent-puissance-de-vehicule\/","url":"https:\/\/vosgesinfo.fr\/remiremontinfo\/2020\/07\/saint-etienne-passionnes-dautomobile-testent-puissance-de-vehicule\/","name":"Saint-Etienne : des passionn\u00e9s d'automobile testent la puissance de leur v\u00e9hicule - Remiremont Info","isPartOf":{"@id":"https:\/\/vosgesinfo.fr\/remiremontinfo\/#website"},"primaryImageOfPage":{"@id":"https:\/\/vosgesinfo.fr\/remiremontinfo\/2020\/07\/saint-etienne-passionnes-dautomobile-testent-puissance-de-vehicule\/#primaryimage"},"image":{"@id":"https:\/\/vosgesinfo.fr\/remiremontinfo\/2020\/07\/saint-etienne-passionnes-dautomobile-testent-puissance-de-vehicule\/#primaryimage"},"thumbnailUrl":"https:\/\/vosgesinfo.fr\/app\/uploads\/sites\/5\/2024\/09\/202007image00045.jpeg","datePublished":"2020-07-15T05:01:24+00:00","dateModified":"2020-07-15T05:01:24+00:00","breadcrumb":{"@id":"https:\/\/vosgesinfo.fr\/remiremontinfo\/2020\/07\/saint-etienne-passionnes-dautomobile-testent-puissance-de-vehicule\/#breadcrumb"},"inLanguage":"fr-FR","potentialAction":[{"@type":"ReadAction","target":["https:\/\/vosgesinfo.fr\/remiremontinfo\/2020\/07\/saint-etienne-passionnes-dautomobile-testent-puissance-de-vehicule\/"]}]},{"@type":"ImageObject","inLanguage":"fr-FR","@id":"https:\/\/vosgesinfo.fr\/remiremontinfo\/2020\/07\/saint-etienne-passionnes-dautomobile-testent-puissance-de-vehicule\/#primaryimage","url":"https:\/\/vosgesinfo.fr\/app\/uploads\/sites\/5\/2024\/09\/202007image00045.jpeg","contentUrl":"https:\/\/vosgesinfo.fr\/app\/uploads\/sites\/5\/2024\/09\/202007image00045.jpeg","width":800,"height":600},{"@type":"BreadcrumbList","@id":"https:\/\/vosgesinfo.fr\/remiremontinfo\/2020\/07\/saint-etienne-passionnes-dautomobile-testent-puissance-de-vehicule\/#breadcrumb","itemListElement":[{"@type":"ListItem","position":1,"name":"Home","item":"https:\/\/vosgesinfo.fr\/remiremontinfo\/"},{"@type":"ListItem","position":2,"name":"Saint-Etienne : des passionn\u00e9s d&rsquo;automobile testent la puissance de leur v\u00e9hicule"}]},{"@type":"WebSite","@id":"https:\/\/vosgesinfo.fr\/remiremontinfo\/#website","url":"https:\/\/vosgesinfo.fr\/remiremontinfo\/","name":"Remiremont Info","description":"Toute l&#039;actualit\u00e9 de Remiremont","publisher":{"@id":"https:\/\/vosgesinfo.fr\/remiremontinfo\/#organization"},"alternateName":"Toute l'actualit\u00e9 de Remiremont","potentialAction":[{"@type":"SearchAction","target":{"@type":"EntryPoint","urlTemplate":"https:\/\/vosgesinfo.fr\/remiremontinfo\/?s={search_term_string}"},"query-input":"required name=search_term_string"}],"inLanguage":"fr-FR"},{"@type":"Organization","@id":"https:\/\/vosgesinfo.fr\/remiremontinfo\/#organization","name":"Remiremont Info","url":"https:\/\/vosgesinfo.fr\/remiremontinfo\/","logo":{"@type":"ImageObject","inLanguage":"fr-FR","@id":"https:\/\/vosgesinfo.fr\/remiremontinfo\/#\/schema\/logo\/image\/","url":"https:\/\/vosgesinfo.fr\/app\/uploads\/sites\/5\/2023\/08\/favicon-remiremontinfo.png","contentUrl":"https:\/\/vosgesinfo.fr\/app\/uploads\/sites\/5\/2023\/08\/favicon-remiremontinfo.png","width":512,"height":512,"caption":"Remiremont Info"},"image":{"@id":"https:\/\/vosgesinfo.fr\/remiremontinfo\/#\/schema\/logo\/image\/"},"sameAs":["https:\/\/www.facebook.com\/remiremontinfo","https:\/\/x.com\/VosgesInfo88","https:\/\/www.youtube.com\/@vosgesinfo"]},{"@type":"Person","@id":"https:\/\/vosgesinfo.fr\/remiremontinfo\/#\/schema\/person\/3bfd164d5218a185b1db68655a265316","name":"C D","image":{"@type":"ImageObject","inLanguage":"fr-FR","@id":"https:\/\/vosgesinfo.fr\/remiremontinfo\/#\/schema\/person\/image\/","url":"https:\/\/secure.gravatar.com\/avatar\/1f9a70007336511a47468b8f1c66f922b8b7cf617b02a31149ada43893a5d48f?s=96&d=mm&r=g","contentUrl":"https:\/\/secure.gravatar.com\/avatar\/1f9a70007336511a47468b8f1c66f922b8b7cf617b02a31149ada43893a5d48f?s=96&d=mm&r=g","caption":"C D"},"url":"https:\/\/vosgesinfo.fr\/remiremontinfo\/author\/cedric-drevet\/"}]}},"_links":{"self":[{"href":"https:\/\/vosgesinfo.fr\/remiremontinfo\/wp-json\/wp\/v2\/posts\/29147","targetHints":{"allow":["GET"]}}],"collection":[{"href":"https:\/\/vosgesinfo.fr\/remiremontinfo\/wp-json\/wp\/v2\/posts"}],"about":[{"href":"https:\/\/vosgesinfo.fr\/remiremontinfo\/wp-json\/wp\/v2\/types\/post"}],"author":[{"embeddable":true,"href":"https:\/\/vosgesinfo.fr\/remiremontinfo\/wp-json\/wp\/v2\/users\/407"}],"replies":[{"embeddable":true,"href":"https:\/\/vosgesinfo.fr\/remiremontinfo\/wp-json\/wp\/v2\/comments?post=29147"}],"version-history":[{"count":0,"href":"https:\/\/vosgesinfo.fr\/remiremontinfo\/wp-json\/wp\/v2\/posts\/29147\/revisions"}],"wp:featuredmedia":[{"embeddable":true,"href":"https:\/\/vosgesinfo.fr\/remiremontinfo\/wp-json\/wp\/v2\/media\/29148"}],"wp:attachment":[{"href":"https:\/\/vosgesinfo.fr\/remiremontinfo\/wp-json\/wp\/v2\/media?parent=29147"}],"wp:term":[{"taxonomy":"category","embeddable":true,"href":"https:\/\/vosgesinfo.fr\/remiremontinfo\/wp-json\/wp\/v2\/categories?post=29147"},{"taxonomy":"post_tag","embeddable":true,"href":"https:\/\/vosgesinfo.fr\/remiremontinfo\/wp-json\/wp\/v2\/tags?post=29147"}],"curies":[{"name":"wp","href":"https:\/\/api.w.org\/{rel}","templated":true}]}}