{"id":29166,"date":"2020-07-15T07:00:10","date_gmt":"2020-07-15T05:00:10","guid":{"rendered":"https:\/\/vosgesinfo.fr\/remiremontinfo\/2020\/07\/saint-nabord-adjoints-aux-travaux-a-lurbanisme-rencontrent-acteurs-services-techniques\/"},"modified":"2020-07-15T07:00:10","modified_gmt":"2020-07-15T05:00:10","slug":"saint-nabord-adjoints-aux-travaux-a-lurbanisme-rencontrent-acteurs-services-techniques","status":"publish","type":"post","link":"https:\/\/vosgesinfo.fr\/remiremontinfo\/2020\/07\/saint-nabord-adjoints-aux-travaux-a-lurbanisme-rencontrent-acteurs-services-techniques\/","title":{"rendered":"Saint-Nabord : les adjoints aux travaux et \u00e0 l&rsquo;urbanisme rencontrent les acteurs des services techniques"},"content":{"rendered":"<p style=\"text-align: center;\"><a href=\"\/2020\/07\/108777401_165042898478102_449158043150973689_o2.jpg\"><img decoding=\"async\" class=\"alignnone size-full wp-image-291129\" src=\"\/2020\/07\/108777401_165042898478102_449158043150973689_o2.jpg\" alt=\"108777401_165042898478102_449158043150973689_o\" width=\"800\" height=\"536\" \/><\/a><\/p>\n<p><span style=\"font-size: 10pt;\"><em>Page Facebook \u00ab\u00a0Ville de Saint-Nabord\u00a0\u00bb<\/em><\/span><\/p>\n<h2><span style=\"font-size: 12pt;\"><strong>La prise de fonction des nouveaux \u00e9lus se poursuit \u00e0 Saint-Nabord. Apr\u00e8s les Finances et le Scolaire, c\u2019est au tour de l\u2019Adjoint aux Travaux, Val\u00e9ry Audinot et l\u2019Adjoint \u00e0 l\u2019Urbanisme et \u00e0 la S\u00e9curit\u00e9, St\u00e9phane Grandjean, d\u2019entrer en sc\u00e8ne et de rencontrer les acteurs des Services techniques.<\/strong><\/span><\/h2>\n<p>Un premier rendez-vous, r\u00e9unissant \u00e9galement Francis RISSER, responsable des Services techniques, monsieur le Maire, Jean-Pierre CALMELS et Fabien JEANDEL, Directeur G\u00e9n\u00e9ral des Services, s\u2019est organis\u00e9 jeudi 9 juillet au 1er \u00e9tage de la Mairie. Au programme de cette demie journ\u00e9e de travail, une pr\u00e9sentation d\u00e9taill\u00e9e de l\u2019ensemble des chantiers en cours, \u00e0 venir, \u00e0 valider et \u00e0 d\u00e9finir. En t\u00eate de cette liste exhaustive :<\/p>\n<ul>\n<li>le CPE (Contrat de Performance \u00e9nerg\u00e9tique) visant le remplacement des points lumineux de l\u2019ensemble de la commune par de l\u2019\u00e9clairage \u00e0 LED<\/li>\n<li>le d\u00e9marrage des travaux \u00e0 Rouveroye destin\u00e9s \u00e0 am\u00e9liorer la s\u00e9curisation dans cette zone fortement impact\u00e9e par une importante circulation,<\/li>\n<li>la r\u00e9vision du PLU (Plan Local d\u2019Urbanisme),<\/li>\n<li>l\u2019am\u00e9nagement du plateau de Sainte-Anne,<\/li>\n<li>pr\u00e9sentation du projet de la station d\u2019\u00e9puration,<\/li>\n<li>r\u00e9flexion sur le projet de la maison m\u00e9dicale,<\/li>\n<li>entretien de la voirie,&#8230;<\/li>\n<\/ul>\n<p>\u2026 de quoi occuper nos Adjoints durant tout le mandat !!!<\/p>\n<p>Vendredi 10 juillet, 7 heures du matin, ces m\u00eames \u00e9lus se sont rendus aux Ateliers municipaux pour rencontrer le responsable, Denis VINCENT et l\u2019ensemble du personnel technique avant leur d\u00e9part sur les diff\u00e9rents chantiers. Moment privil\u00e9gi\u00e9 pour le Maire et ses Adjoints pour se pr\u00e9senter, \u00e9changer et r\u00e9pondre aux demandes de ces hommes de terrain. Occasion pour Jean-Pierre CALMELS et Val\u00e9ry AUDINOT de rappeler aux diff\u00e9rentes \u00e9quipes des Espaces verts, des fontainiers, de l\u2019assainissement, des b\u00e2timents, de la s\u00e9curit\u00e9, de la voirie \u00ab qu\u2019ils doivent toujours se mettre \u00e0 la place des habitants qui vivent des situations probl\u00e9matiques et que les \u00e9lus sont l\u00e0 aussi pour les assister dans la gestion de crises. \u00bb La rencontre s\u2019est termin\u00e9e par une visite de l\u2019ensemble des ateliers et de la serre communale. St\u00e9phane GRANDJEAN et Val\u00e9ry AUDINOT ont \u00e9galement abord\u00e9 le point \u00ab S\u00e9curit\u00e9 \u00bb avec Micha\u00ebl JUNCOSA, policier municipal \u00e0 Saint-Nabord, qui a rappel\u00e9 le r\u00f4le et les missions du policier municipal.<\/p>\n<p><span style=\"font-size: 10pt;\"><em>Page Facebook \u00ab\u00a0Ville de Saint-Nabord\u00a0\u00bb<\/em><\/span><\/p>\n\n","protected":false},"excerpt":{"rendered":"<p>Page Facebook \u00ab\u00a0Ville de Saint-Nabord\u00a0\u00bb La prise de fonction des nouveaux \u00e9lus se poursuit \u00e0 Saint-Nabord. Apr\u00e8s les Finances et [&hellip;]<\/p>\n","protected":false},"author":407,"featured_media":29167,"comment_status":"open","ping_status":"open","sticky":false,"template":"","format":"standard","meta":{"footnotes":""},"categories":[26,35,100],"tags":[],"class_list":["post-29166","post","type-post","status-publish","format-standard","has-post-thumbnail","hentry","category-a-la-une","category-remiremont-son-canton","category-saint-nabord"],"acf":[],"yoast_head":"<!-- This site is optimized with the Yoast SEO plugin v22.5 - https:\/\/yoast.com\/wordpress\/plugins\/seo\/ -->\n<title>Saint-Nabord : les adjoints aux travaux et \u00e0 l&#039;urbanisme rencontrent les acteurs des services techniques - Remiremont Info<\/title>\n<meta name=\"robots\" content=\"index, follow, max-snippet:-1, max-image-preview:large, max-video-preview:-1\" \/>\n<link rel=\"canonical\" href=\"https:\/\/vosgesinfo.fr\/remiremontinfo\/2020\/07\/saint-nabord-adjoints-aux-travaux-a-lurbanisme-rencontrent-acteurs-services-techniques\/\" \/>\n<meta name=\"twitter:card\" content=\"summary_large_image\" \/>\n<meta name=\"twitter:title\" content=\"Saint-Nabord : les adjoints aux travaux et \u00e0 l&#039;urbanisme rencontrent les acteurs des services techniques - Remiremont Info\" \/>\n<meta name=\"twitter:description\" content=\"Page Facebook \u00ab\u00a0Ville de Saint-Nabord\u00a0\u00bb La prise de fonction des nouveaux \u00e9lus se poursuit \u00e0 Saint-Nabord. Apr\u00e8s les Finances et [&hellip;]\" \/>\n<meta name=\"twitter:image\" content=\"https:\/\/vosgesinfo.fr\/app\/uploads\/sites\/5\/2024\/09\/202007108777401-165042898478102-449158043150973689-o2.jpg\" \/>\n<meta name=\"twitter:creator\" content=\"@VosgesInfo88\" \/>\n<meta name=\"twitter:site\" content=\"@VosgesInfo88\" \/>\n<meta name=\"twitter:label1\" content=\"\u00c9crit par\" \/>\n\t<meta name=\"twitter:data1\" content=\"C D\" \/>\n\t<meta name=\"twitter:label2\" content=\"Dur\u00e9e de lecture estim\u00e9e\" \/>\n\t<meta name=\"twitter:data2\" content=\"2 minutes\" \/>\n<script type=\"application\/ld+json\" class=\"yoast-schema-graph\">{\"@context\":\"https:\/\/schema.org\",\"@graph\":[{\"@type\":\"Article\",\"@id\":\"https:\/\/vosgesinfo.fr\/remiremontinfo\/2020\/07\/saint-nabord-adjoints-aux-travaux-a-lurbanisme-rencontrent-acteurs-services-techniques\/#article\",\"isPartOf\":{\"@id\":\"https:\/\/vosgesinfo.fr\/remiremontinfo\/2020\/07\/saint-nabord-adjoints-aux-travaux-a-lurbanisme-rencontrent-acteurs-services-techniques\/\"},\"author\":{\"name\":\"C D\",\"@id\":\"https:\/\/vosgesinfo.fr\/remiremontinfo\/#\/schema\/person\/3bfd164d5218a185b1db68655a265316\"},\"headline\":\"Saint-Nabord : les adjoints aux travaux et \u00e0 l&rsquo;urbanisme rencontrent les acteurs des services techniques\",\"datePublished\":\"2020-07-15T05:00:10+00:00\",\"dateModified\":\"2020-07-15T05:00:10+00:00\",\"mainEntityOfPage\":{\"@id\":\"https:\/\/vosgesinfo.fr\/remiremontinfo\/2020\/07\/saint-nabord-adjoints-aux-travaux-a-lurbanisme-rencontrent-acteurs-services-techniques\/\"},\"wordCount\":427,\"commentCount\":0,\"publisher\":{\"@id\":\"https:\/\/vosgesinfo.fr\/remiremontinfo\/#organization\"},\"image\":{\"@id\":\"https:\/\/vosgesinfo.fr\/remiremontinfo\/2020\/07\/saint-nabord-adjoints-aux-travaux-a-lurbanisme-rencontrent-acteurs-services-techniques\/#primaryimage\"},\"thumbnailUrl\":\"https:\/\/vosgesinfo.fr\/app\/uploads\/sites\/5\/2024\/09\/202007108777401-165042898478102-449158043150973689-o2.jpg\",\"articleSection\":[\"A la Une\",\"Remiremont &amp; son canton\",\"Saint-Nabord\"],\"inLanguage\":\"fr-FR\",\"potentialAction\":[{\"@type\":\"CommentAction\",\"name\":\"Comment\",\"target\":[\"https:\/\/vosgesinfo.fr\/remiremontinfo\/2020\/07\/saint-nabord-adjoints-aux-travaux-a-lurbanisme-rencontrent-acteurs-services-techniques\/#respond\"]}]},{\"@type\":\"WebPage\",\"@id\":\"https:\/\/vosgesinfo.fr\/remiremontinfo\/2020\/07\/saint-nabord-adjoints-aux-travaux-a-lurbanisme-rencontrent-acteurs-services-techniques\/\",\"url\":\"https:\/\/vosgesinfo.fr\/remiremontinfo\/2020\/07\/saint-nabord-adjoints-aux-travaux-a-lurbanisme-rencontrent-acteurs-services-techniques\/\",\"name\":\"Saint-Nabord : les adjoints aux travaux et \u00e0 l'urbanisme rencontrent les acteurs des services techniques - Remiremont Info\",\"isPartOf\":{\"@id\":\"https:\/\/vosgesinfo.fr\/remiremontinfo\/#website\"},\"primaryImageOfPage\":{\"@id\":\"https:\/\/vosgesinfo.fr\/remiremontinfo\/2020\/07\/saint-nabord-adjoints-aux-travaux-a-lurbanisme-rencontrent-acteurs-services-techniques\/#primaryimage\"},\"image\":{\"@id\":\"https:\/\/vosgesinfo.fr\/remiremontinfo\/2020\/07\/saint-nabord-adjoints-aux-travaux-a-lurbanisme-rencontrent-acteurs-services-techniques\/#primaryimage\"},\"thumbnailUrl\":\"https:\/\/vosgesinfo.fr\/app\/uploads\/sites\/5\/2024\/09\/202007108777401-165042898478102-449158043150973689-o2.jpg\",\"datePublished\":\"2020-07-15T05:00:10+00:00\",\"dateModified\":\"2020-07-15T05:00:10+00:00\",\"breadcrumb\":{\"@id\":\"https:\/\/vosgesinfo.fr\/remiremontinfo\/2020\/07\/saint-nabord-adjoints-aux-travaux-a-lurbanisme-rencontrent-acteurs-services-techniques\/#breadcrumb\"},\"inLanguage\":\"fr-FR\",\"potentialAction\":[{\"@type\":\"ReadAction\",\"target\":[\"https:\/\/vosgesinfo.fr\/remiremontinfo\/2020\/07\/saint-nabord-adjoints-aux-travaux-a-lurbanisme-rencontrent-acteurs-services-techniques\/\"]}]},{\"@type\":\"ImageObject\",\"inLanguage\":\"fr-FR\",\"@id\":\"https:\/\/vosgesinfo.fr\/remiremontinfo\/2020\/07\/saint-nabord-adjoints-aux-travaux-a-lurbanisme-rencontrent-acteurs-services-techniques\/#primaryimage\",\"url\":\"https:\/\/vosgesinfo.fr\/app\/uploads\/sites\/5\/2024\/09\/202007108777401-165042898478102-449158043150973689-o2.jpg\",\"contentUrl\":\"https:\/\/vosgesinfo.fr\/app\/uploads\/sites\/5\/2024\/09\/202007108777401-165042898478102-449158043150973689-o2.jpg\",\"width\":800,\"height\":536},{\"@type\":\"BreadcrumbList\",\"@id\":\"https:\/\/vosgesinfo.fr\/remiremontinfo\/2020\/07\/saint-nabord-adjoints-aux-travaux-a-lurbanisme-rencontrent-acteurs-services-techniques\/#breadcrumb\",\"itemListElement\":[{\"@type\":\"ListItem\",\"position\":1,\"name\":\"Home\",\"item\":\"https:\/\/vosgesinfo.fr\/remiremontinfo\/\"},{\"@type\":\"ListItem\",\"position\":2,\"name\":\"Saint-Nabord : les adjoints aux travaux et \u00e0 l&rsquo;urbanisme rencontrent les acteurs des services techniques\"}]},{\"@type\":\"WebSite\",\"@id\":\"https:\/\/vosgesinfo.fr\/remiremontinfo\/#website\",\"url\":\"https:\/\/vosgesinfo.fr\/remiremontinfo\/\",\"name\":\"Remiremont Info\",\"description\":\"Toute l&#039;actualit\u00e9 de Remiremont\",\"publisher\":{\"@id\":\"https:\/\/vosgesinfo.fr\/remiremontinfo\/#organization\"},\"alternateName\":\"Toute l'actualit\u00e9 de Remiremont\",\"potentialAction\":[{\"@type\":\"SearchAction\",\"target\":{\"@type\":\"EntryPoint\",\"urlTemplate\":\"https:\/\/vosgesinfo.fr\/remiremontinfo\/?s={search_term_string}\"},\"query-input\":\"required name=search_term_string\"}],\"inLanguage\":\"fr-FR\"},{\"@type\":\"Organization\",\"@id\":\"https:\/\/vosgesinfo.fr\/remiremontinfo\/#organization\",\"name\":\"Remiremont Info\",\"url\":\"https:\/\/vosgesinfo.fr\/remiremontinfo\/\",\"logo\":{\"@type\":\"ImageObject\",\"inLanguage\":\"fr-FR\",\"@id\":\"https:\/\/vosgesinfo.fr\/remiremontinfo\/#\/schema\/logo\/image\/\",\"url\":\"https:\/\/vosgesinfo.fr\/app\/uploads\/sites\/5\/2023\/08\/favicon-remiremontinfo.png\",\"contentUrl\":\"https:\/\/vosgesinfo.fr\/app\/uploads\/sites\/5\/2023\/08\/favicon-remiremontinfo.png\",\"width\":512,\"height\":512,\"caption\":\"Remiremont Info\"},\"image\":{\"@id\":\"https:\/\/vosgesinfo.fr\/remiremontinfo\/#\/schema\/logo\/image\/\"},\"sameAs\":[\"https:\/\/www.facebook.com\/remiremontinfo\",\"https:\/\/x.com\/VosgesInfo88\",\"https:\/\/www.youtube.com\/@vosgesinfo\"]},{\"@type\":\"Person\",\"@id\":\"https:\/\/vosgesinfo.fr\/remiremontinfo\/#\/schema\/person\/3bfd164d5218a185b1db68655a265316\",\"name\":\"C D\",\"image\":{\"@type\":\"ImageObject\",\"inLanguage\":\"fr-FR\",\"@id\":\"https:\/\/vosgesinfo.fr\/remiremontinfo\/#\/schema\/person\/image\/\",\"url\":\"https:\/\/secure.gravatar.com\/avatar\/1f9a70007336511a47468b8f1c66f922b8b7cf617b02a31149ada43893a5d48f?s=96&d=mm&r=g\",\"contentUrl\":\"https:\/\/secure.gravatar.com\/avatar\/1f9a70007336511a47468b8f1c66f922b8b7cf617b02a31149ada43893a5d48f?s=96&d=mm&r=g\",\"caption\":\"C D\"},\"url\":\"https:\/\/vosgesinfo.fr\/remiremontinfo\/author\/cedric-drevet\/\"}]}<\/script>\n<!-- \/ Yoast SEO plugin. -->","yoast_head_json":{"title":"Saint-Nabord : les adjoints aux travaux et \u00e0 l'urbanisme rencontrent les acteurs des services techniques - Remiremont Info","robots":{"index":"index","follow":"follow","max-snippet":"max-snippet:-1","max-image-preview":"max-image-preview:large","max-video-preview":"max-video-preview:-1"},"canonical":"https:\/\/vosgesinfo.fr\/remiremontinfo\/2020\/07\/saint-nabord-adjoints-aux-travaux-a-lurbanisme-rencontrent-acteurs-services-techniques\/","twitter_card":"summary_large_image","twitter_title":"Saint-Nabord : les adjoints aux travaux et \u00e0 l'urbanisme rencontrent les acteurs des services techniques - Remiremont Info","twitter_description":"Page Facebook \u00ab\u00a0Ville de Saint-Nabord\u00a0\u00bb La prise de fonction des nouveaux \u00e9lus se poursuit \u00e0 Saint-Nabord. Apr\u00e8s les Finances et [&hellip;]","twitter_image":"https:\/\/vosgesinfo.fr\/app\/uploads\/sites\/5\/2024\/09\/202007108777401-165042898478102-449158043150973689-o2.jpg","twitter_creator":"@VosgesInfo88","twitter_site":"@VosgesInfo88","twitter_misc":{"\u00c9crit par":"C D","Dur\u00e9e de lecture estim\u00e9e":"2 minutes"},"schema":{"@context":"https:\/\/schema.org","@graph":[{"@type":"Article","@id":"https:\/\/vosgesinfo.fr\/remiremontinfo\/2020\/07\/saint-nabord-adjoints-aux-travaux-a-lurbanisme-rencontrent-acteurs-services-techniques\/#article","isPartOf":{"@id":"https:\/\/vosgesinfo.fr\/remiremontinfo\/2020\/07\/saint-nabord-adjoints-aux-travaux-a-lurbanisme-rencontrent-acteurs-services-techniques\/"},"author":{"name":"C D","@id":"https:\/\/vosgesinfo.fr\/remiremontinfo\/#\/schema\/person\/3bfd164d5218a185b1db68655a265316"},"headline":"Saint-Nabord : les adjoints aux travaux et \u00e0 l&rsquo;urbanisme rencontrent les acteurs des services techniques","datePublished":"2020-07-15T05:00:10+00:00","dateModified":"2020-07-15T05:00:10+00:00","mainEntityOfPage":{"@id":"https:\/\/vosgesinfo.fr\/remiremontinfo\/2020\/07\/saint-nabord-adjoints-aux-travaux-a-lurbanisme-rencontrent-acteurs-services-techniques\/"},"wordCount":427,"commentCount":0,"publisher":{"@id":"https:\/\/vosgesinfo.fr\/remiremontinfo\/#organization"},"image":{"@id":"https:\/\/vosgesinfo.fr\/remiremontinfo\/2020\/07\/saint-nabord-adjoints-aux-travaux-a-lurbanisme-rencontrent-acteurs-services-techniques\/#primaryimage"},"thumbnailUrl":"https:\/\/vosgesinfo.fr\/app\/uploads\/sites\/5\/2024\/09\/202007108777401-165042898478102-449158043150973689-o2.jpg","articleSection":["A la Une","Remiremont &amp; son canton","Saint-Nabord"],"inLanguage":"fr-FR","potentialAction":[{"@type":"CommentAction","name":"Comment","target":["https:\/\/vosgesinfo.fr\/remiremontinfo\/2020\/07\/saint-nabord-adjoints-aux-travaux-a-lurbanisme-rencontrent-acteurs-services-techniques\/#respond"]}]},{"@type":"WebPage","@id":"https:\/\/vosgesinfo.fr\/remiremontinfo\/2020\/07\/saint-nabord-adjoints-aux-travaux-a-lurbanisme-rencontrent-acteurs-services-techniques\/","url":"https:\/\/vosgesinfo.fr\/remiremontinfo\/2020\/07\/saint-nabord-adjoints-aux-travaux-a-lurbanisme-rencontrent-acteurs-services-techniques\/","name":"Saint-Nabord : les adjoints aux travaux et \u00e0 l'urbanisme rencontrent les acteurs des services techniques - Remiremont Info","isPartOf":{"@id":"https:\/\/vosgesinfo.fr\/remiremontinfo\/#website"},"primaryImageOfPage":{"@id":"https:\/\/vosgesinfo.fr\/remiremontinfo\/2020\/07\/saint-nabord-adjoints-aux-travaux-a-lurbanisme-rencontrent-acteurs-services-techniques\/#primaryimage"},"image":{"@id":"https:\/\/vosgesinfo.fr\/remiremontinfo\/2020\/07\/saint-nabord-adjoints-aux-travaux-a-lurbanisme-rencontrent-acteurs-services-techniques\/#primaryimage"},"thumbnailUrl":"https:\/\/vosgesinfo.fr\/app\/uploads\/sites\/5\/2024\/09\/202007108777401-165042898478102-449158043150973689-o2.jpg","datePublished":"2020-07-15T05:00:10+00:00","dateModified":"2020-07-15T05:00:10+00:00","breadcrumb":{"@id":"https:\/\/vosgesinfo.fr\/remiremontinfo\/2020\/07\/saint-nabord-adjoints-aux-travaux-a-lurbanisme-rencontrent-acteurs-services-techniques\/#breadcrumb"},"inLanguage":"fr-FR","potentialAction":[{"@type":"ReadAction","target":["https:\/\/vosgesinfo.fr\/remiremontinfo\/2020\/07\/saint-nabord-adjoints-aux-travaux-a-lurbanisme-rencontrent-acteurs-services-techniques\/"]}]},{"@type":"ImageObject","inLanguage":"fr-FR","@id":"https:\/\/vosgesinfo.fr\/remiremontinfo\/2020\/07\/saint-nabord-adjoints-aux-travaux-a-lurbanisme-rencontrent-acteurs-services-techniques\/#primaryimage","url":"https:\/\/vosgesinfo.fr\/app\/uploads\/sites\/5\/2024\/09\/202007108777401-165042898478102-449158043150973689-o2.jpg","contentUrl":"https:\/\/vosgesinfo.fr\/app\/uploads\/sites\/5\/2024\/09\/202007108777401-165042898478102-449158043150973689-o2.jpg","width":800,"height":536},{"@type":"BreadcrumbList","@id":"https:\/\/vosgesinfo.fr\/remiremontinfo\/2020\/07\/saint-nabord-adjoints-aux-travaux-a-lurbanisme-rencontrent-acteurs-services-techniques\/#breadcrumb","itemListElement":[{"@type":"ListItem","position":1,"name":"Home","item":"https:\/\/vosgesinfo.fr\/remiremontinfo\/"},{"@type":"ListItem","position":2,"name":"Saint-Nabord : les adjoints aux travaux et \u00e0 l&rsquo;urbanisme rencontrent les acteurs des services techniques"}]},{"@type":"WebSite","@id":"https:\/\/vosgesinfo.fr\/remiremontinfo\/#website","url":"https:\/\/vosgesinfo.fr\/remiremontinfo\/","name":"Remiremont Info","description":"Toute l&#039;actualit\u00e9 de Remiremont","publisher":{"@id":"https:\/\/vosgesinfo.fr\/remiremontinfo\/#organization"},"alternateName":"Toute l'actualit\u00e9 de Remiremont","potentialAction":[{"@type":"SearchAction","target":{"@type":"EntryPoint","urlTemplate":"https:\/\/vosgesinfo.fr\/remiremontinfo\/?s={search_term_string}"},"query-input":"required name=search_term_string"}],"inLanguage":"fr-FR"},{"@type":"Organization","@id":"https:\/\/vosgesinfo.fr\/remiremontinfo\/#organization","name":"Remiremont Info","url":"https:\/\/vosgesinfo.fr\/remiremontinfo\/","logo":{"@type":"ImageObject","inLanguage":"fr-FR","@id":"https:\/\/vosgesinfo.fr\/remiremontinfo\/#\/schema\/logo\/image\/","url":"https:\/\/vosgesinfo.fr\/app\/uploads\/sites\/5\/2023\/08\/favicon-remiremontinfo.png","contentUrl":"https:\/\/vosgesinfo.fr\/app\/uploads\/sites\/5\/2023\/08\/favicon-remiremontinfo.png","width":512,"height":512,"caption":"Remiremont Info"},"image":{"@id":"https:\/\/vosgesinfo.fr\/remiremontinfo\/#\/schema\/logo\/image\/"},"sameAs":["https:\/\/www.facebook.com\/remiremontinfo","https:\/\/x.com\/VosgesInfo88","https:\/\/www.youtube.com\/@vosgesinfo"]},{"@type":"Person","@id":"https:\/\/vosgesinfo.fr\/remiremontinfo\/#\/schema\/person\/3bfd164d5218a185b1db68655a265316","name":"C D","image":{"@type":"ImageObject","inLanguage":"fr-FR","@id":"https:\/\/vosgesinfo.fr\/remiremontinfo\/#\/schema\/person\/image\/","url":"https:\/\/secure.gravatar.com\/avatar\/1f9a70007336511a47468b8f1c66f922b8b7cf617b02a31149ada43893a5d48f?s=96&d=mm&r=g","contentUrl":"https:\/\/secure.gravatar.com\/avatar\/1f9a70007336511a47468b8f1c66f922b8b7cf617b02a31149ada43893a5d48f?s=96&d=mm&r=g","caption":"C D"},"url":"https:\/\/vosgesinfo.fr\/remiremontinfo\/author\/cedric-drevet\/"}]}},"_links":{"self":[{"href":"https:\/\/vosgesinfo.fr\/remiremontinfo\/wp-json\/wp\/v2\/posts\/29166","targetHints":{"allow":["GET"]}}],"collection":[{"href":"https:\/\/vosgesinfo.fr\/remiremontinfo\/wp-json\/wp\/v2\/posts"}],"about":[{"href":"https:\/\/vosgesinfo.fr\/remiremontinfo\/wp-json\/wp\/v2\/types\/post"}],"author":[{"embeddable":true,"href":"https:\/\/vosgesinfo.fr\/remiremontinfo\/wp-json\/wp\/v2\/users\/407"}],"replies":[{"embeddable":true,"href":"https:\/\/vosgesinfo.fr\/remiremontinfo\/wp-json\/wp\/v2\/comments?post=29166"}],"version-history":[{"count":0,"href":"https:\/\/vosgesinfo.fr\/remiremontinfo\/wp-json\/wp\/v2\/posts\/29166\/revisions"}],"wp:featuredmedia":[{"embeddable":true,"href":"https:\/\/vosgesinfo.fr\/remiremontinfo\/wp-json\/wp\/v2\/media\/29167"}],"wp:attachment":[{"href":"https:\/\/vosgesinfo.fr\/remiremontinfo\/wp-json\/wp\/v2\/media?parent=29166"}],"wp:term":[{"taxonomy":"category","embeddable":true,"href":"https:\/\/vosgesinfo.fr\/remiremontinfo\/wp-json\/wp\/v2\/categories?post=29166"},{"taxonomy":"post_tag","embeddable":true,"href":"https:\/\/vosgesinfo.fr\/remiremontinfo\/wp-json\/wp\/v2\/tags?post=29166"}],"curies":[{"name":"wp","href":"https:\/\/api.w.org\/{rel}","templated":true}]}}