{"id":29501,"date":"2020-07-28T05:50:08","date_gmt":"2020-07-28T03:50:08","guid":{"rendered":"https:\/\/vosgesinfo.fr\/remiremontinfo\/2020\/07\/saint-nabord-jury-concours-maisons-fleuries-passera-mercredi\/"},"modified":"2020-07-28T05:50:08","modified_gmt":"2020-07-28T03:50:08","slug":"saint-nabord-jury-concours-maisons-fleuries-passera-mercredi","status":"publish","type":"post","link":"https:\/\/vosgesinfo.fr\/remiremontinfo\/2020\/07\/saint-nabord-jury-concours-maisons-fleuries-passera-mercredi\/","title":{"rendered":"Saint-Nabord\u00a0: le jury du concours des \u00ab\u00a0Maisons Fleuries\u00a0\u00bb passera ce mercredi"},"content":{"rendered":"<p style=\"text-align: center;\"><a href=\"\/2020\/07\/Annotation-2020-07-28-093515.png\"><img decoding=\"async\" class=\"alignnone size-full wp-image-291864\" src=\"\/2020\/07\/Annotation-2020-07-28-093515.png\" alt=\"Annotation 2020-07-28 093515\" width=\"800\" height=\"528\" \/><\/a><\/p>\n<h2><span style=\"font-size: 12pt;\"><strong><span style=\"color: #050505;\"><span style=\"font-family: 'Times New Roman', serif;\">Au cours de la r\u00e9union de la Commission Environnement qui s\u2019est d\u00e9roul\u00e9e ce lundi 27 juillet, Patrick Lambolez, conseiller communal d\u00e9l\u00e9gu\u00e9 a pr\u00e9sent\u00e9 l\u2019organisation du concours des maisons fleuries pour la commune de Saint-Nabord.<\/span><\/span><\/strong><\/span><\/h2>\n<p><span style=\"font-size: medium;\"><span style=\"color: #050505;\"><span style=\"font-family: 'Times New Roman', serif;\">Que les jardiniers qui ont tant \u0153uvr\u00e9 au jardin durant le confinement se r\u00e9jouissent, le passage du jury s\u2019effectuera dans la commune le mercredi 29 juillet entre 13h30 et 18h30.<\/span><\/span><\/span><\/p>\n<p><span style=\"font-size: medium;\"><span style=\"color: #050505;\"><span style=\"font-family: 'Times New Roman', serif;\">Le jury, \u00e0 bord du mini bus communal, sera compos\u00e9 d\u2019un nombre restreint de personnes afin de respecter les mesures de s\u00e9curit\u00e9 : un \u00e9lu, Patrick Lambolez, un employ\u00e9 municipal (Denis Vincent ou Lionel Griset), un habitant de Saint-Nabord et deux professionnels du monde agricole ou horticole.<\/span><\/span><\/span><\/p>\n<p><span style=\"font-size: medium;\"><span style=\"color: #050505;\"><span style=\"font-family: 'Times New Roman', serif;\">Faute de temps, le r\u00e8glement reste inchang\u00e9 cependant les membres de la commission ont exprim\u00e9 le d\u00e9sir de le modifier pour les prochaines ann\u00e9es en r\u00e9compensant \u00e9galement le plus beau potager de Saint-Nabord.<\/span><\/span><\/span><\/p>\n","protected":false},"excerpt":{"rendered":"<p>Au cours de la r\u00e9union de la Commission Environnement qui s\u2019est d\u00e9roul\u00e9e ce lundi 27 juillet, Patrick Lambolez, conseiller communal [&hellip;]<\/p>\n","protected":false},"author":407,"featured_media":29502,"comment_status":"open","ping_status":"open","sticky":false,"template":"","format":"standard","meta":{"footnotes":""},"categories":[26,35,100],"tags":[],"class_list":["post-29501","post","type-post","status-publish","format-standard","has-post-thumbnail","hentry","category-a-la-une","category-remiremont-son-canton","category-saint-nabord"],"acf":[],"yoast_head":"<!-- This site is optimized with the Yoast SEO plugin v22.5 - https:\/\/yoast.com\/wordpress\/plugins\/seo\/ -->\n<title>Saint-Nabord\u00a0: le jury du concours des \u00ab\u00a0Maisons Fleuries\u00a0\u00bb passera ce mercredi - Remiremont Info<\/title>\n<meta name=\"robots\" content=\"index, follow, max-snippet:-1, max-image-preview:large, max-video-preview:-1\" \/>\n<link rel=\"canonical\" href=\"https:\/\/vosgesinfo.fr\/remiremontinfo\/2020\/07\/saint-nabord-jury-concours-maisons-fleuries-passera-mercredi\/\" \/>\n<meta name=\"twitter:card\" content=\"summary_large_image\" \/>\n<meta name=\"twitter:title\" content=\"Saint-Nabord\u00a0: le jury du concours des \u00ab\u00a0Maisons Fleuries\u00a0\u00bb passera ce mercredi - Remiremont Info\" \/>\n<meta name=\"twitter:description\" content=\"Au cours de la r\u00e9union de la Commission Environnement qui s\u2019est d\u00e9roul\u00e9e ce lundi 27 juillet, Patrick Lambolez, conseiller communal [&hellip;]\" \/>\n<meta name=\"twitter:image\" content=\"https:\/\/vosgesinfo.fr\/app\/uploads\/sites\/5\/2024\/09\/202007annotation-2020-07-28-093515.png\" \/>\n<meta name=\"twitter:creator\" content=\"@VosgesInfo88\" \/>\n<meta name=\"twitter:site\" content=\"@VosgesInfo88\" \/>\n<meta name=\"twitter:label1\" content=\"\u00c9crit par\" \/>\n\t<meta name=\"twitter:data1\" content=\"C D\" \/>\n\t<meta name=\"twitter:label2\" content=\"Dur\u00e9e de lecture estim\u00e9e\" \/>\n\t<meta name=\"twitter:data2\" content=\"1 minute\" \/>\n<script type=\"application\/ld+json\" class=\"yoast-schema-graph\">{\"@context\":\"https:\/\/schema.org\",\"@graph\":[{\"@type\":\"Article\",\"@id\":\"https:\/\/vosgesinfo.fr\/remiremontinfo\/2020\/07\/saint-nabord-jury-concours-maisons-fleuries-passera-mercredi\/#article\",\"isPartOf\":{\"@id\":\"https:\/\/vosgesinfo.fr\/remiremontinfo\/2020\/07\/saint-nabord-jury-concours-maisons-fleuries-passera-mercredi\/\"},\"author\":{\"name\":\"C D\",\"@id\":\"https:\/\/vosgesinfo.fr\/remiremontinfo\/#\/schema\/person\/3bfd164d5218a185b1db68655a265316\"},\"headline\":\"Saint-Nabord\u00a0: le jury du concours des \u00ab\u00a0Maisons Fleuries\u00a0\u00bb passera ce mercredi\",\"datePublished\":\"2020-07-28T03:50:08+00:00\",\"dateModified\":\"2020-07-28T03:50:08+00:00\",\"mainEntityOfPage\":{\"@id\":\"https:\/\/vosgesinfo.fr\/remiremontinfo\/2020\/07\/saint-nabord-jury-concours-maisons-fleuries-passera-mercredi\/\"},\"wordCount\":167,\"commentCount\":0,\"publisher\":{\"@id\":\"https:\/\/vosgesinfo.fr\/remiremontinfo\/#organization\"},\"image\":{\"@id\":\"https:\/\/vosgesinfo.fr\/remiremontinfo\/2020\/07\/saint-nabord-jury-concours-maisons-fleuries-passera-mercredi\/#primaryimage\"},\"thumbnailUrl\":\"https:\/\/vosgesinfo.fr\/app\/uploads\/sites\/5\/2024\/09\/202007annotation-2020-07-28-093515.png\",\"articleSection\":[\"A la Une\",\"Remiremont &amp; son canton\",\"Saint-Nabord\"],\"inLanguage\":\"fr-FR\",\"potentialAction\":[{\"@type\":\"CommentAction\",\"name\":\"Comment\",\"target\":[\"https:\/\/vosgesinfo.fr\/remiremontinfo\/2020\/07\/saint-nabord-jury-concours-maisons-fleuries-passera-mercredi\/#respond\"]}]},{\"@type\":\"WebPage\",\"@id\":\"https:\/\/vosgesinfo.fr\/remiremontinfo\/2020\/07\/saint-nabord-jury-concours-maisons-fleuries-passera-mercredi\/\",\"url\":\"https:\/\/vosgesinfo.fr\/remiremontinfo\/2020\/07\/saint-nabord-jury-concours-maisons-fleuries-passera-mercredi\/\",\"name\":\"Saint-Nabord\u00a0: le jury du concours des \u00ab\u00a0Maisons Fleuries\u00a0\u00bb passera ce mercredi - Remiremont Info\",\"isPartOf\":{\"@id\":\"https:\/\/vosgesinfo.fr\/remiremontinfo\/#website\"},\"primaryImageOfPage\":{\"@id\":\"https:\/\/vosgesinfo.fr\/remiremontinfo\/2020\/07\/saint-nabord-jury-concours-maisons-fleuries-passera-mercredi\/#primaryimage\"},\"image\":{\"@id\":\"https:\/\/vosgesinfo.fr\/remiremontinfo\/2020\/07\/saint-nabord-jury-concours-maisons-fleuries-passera-mercredi\/#primaryimage\"},\"thumbnailUrl\":\"https:\/\/vosgesinfo.fr\/app\/uploads\/sites\/5\/2024\/09\/202007annotation-2020-07-28-093515.png\",\"datePublished\":\"2020-07-28T03:50:08+00:00\",\"dateModified\":\"2020-07-28T03:50:08+00:00\",\"breadcrumb\":{\"@id\":\"https:\/\/vosgesinfo.fr\/remiremontinfo\/2020\/07\/saint-nabord-jury-concours-maisons-fleuries-passera-mercredi\/#breadcrumb\"},\"inLanguage\":\"fr-FR\",\"potentialAction\":[{\"@type\":\"ReadAction\",\"target\":[\"https:\/\/vosgesinfo.fr\/remiremontinfo\/2020\/07\/saint-nabord-jury-concours-maisons-fleuries-passera-mercredi\/\"]}]},{\"@type\":\"ImageObject\",\"inLanguage\":\"fr-FR\",\"@id\":\"https:\/\/vosgesinfo.fr\/remiremontinfo\/2020\/07\/saint-nabord-jury-concours-maisons-fleuries-passera-mercredi\/#primaryimage\",\"url\":\"https:\/\/vosgesinfo.fr\/app\/uploads\/sites\/5\/2024\/09\/202007annotation-2020-07-28-093515.png\",\"contentUrl\":\"https:\/\/vosgesinfo.fr\/app\/uploads\/sites\/5\/2024\/09\/202007annotation-2020-07-28-093515.png\",\"width\":800,\"height\":528},{\"@type\":\"BreadcrumbList\",\"@id\":\"https:\/\/vosgesinfo.fr\/remiremontinfo\/2020\/07\/saint-nabord-jury-concours-maisons-fleuries-passera-mercredi\/#breadcrumb\",\"itemListElement\":[{\"@type\":\"ListItem\",\"position\":1,\"name\":\"Home\",\"item\":\"https:\/\/vosgesinfo.fr\/remiremontinfo\/\"},{\"@type\":\"ListItem\",\"position\":2,\"name\":\"Saint-Nabord\u00a0: le jury du concours des \u00ab\u00a0Maisons Fleuries\u00a0\u00bb passera ce mercredi\"}]},{\"@type\":\"WebSite\",\"@id\":\"https:\/\/vosgesinfo.fr\/remiremontinfo\/#website\",\"url\":\"https:\/\/vosgesinfo.fr\/remiremontinfo\/\",\"name\":\"Remiremont Info\",\"description\":\"Toute l&#039;actualit\u00e9 de Remiremont\",\"publisher\":{\"@id\":\"https:\/\/vosgesinfo.fr\/remiremontinfo\/#organization\"},\"alternateName\":\"Toute l'actualit\u00e9 de Remiremont\",\"potentialAction\":[{\"@type\":\"SearchAction\",\"target\":{\"@type\":\"EntryPoint\",\"urlTemplate\":\"https:\/\/vosgesinfo.fr\/remiremontinfo\/?s={search_term_string}\"},\"query-input\":\"required name=search_term_string\"}],\"inLanguage\":\"fr-FR\"},{\"@type\":\"Organization\",\"@id\":\"https:\/\/vosgesinfo.fr\/remiremontinfo\/#organization\",\"name\":\"Remiremont Info\",\"url\":\"https:\/\/vosgesinfo.fr\/remiremontinfo\/\",\"logo\":{\"@type\":\"ImageObject\",\"inLanguage\":\"fr-FR\",\"@id\":\"https:\/\/vosgesinfo.fr\/remiremontinfo\/#\/schema\/logo\/image\/\",\"url\":\"https:\/\/vosgesinfo.fr\/app\/uploads\/sites\/5\/2023\/08\/favicon-remiremontinfo.png\",\"contentUrl\":\"https:\/\/vosgesinfo.fr\/app\/uploads\/sites\/5\/2023\/08\/favicon-remiremontinfo.png\",\"width\":512,\"height\":512,\"caption\":\"Remiremont Info\"},\"image\":{\"@id\":\"https:\/\/vosgesinfo.fr\/remiremontinfo\/#\/schema\/logo\/image\/\"},\"sameAs\":[\"https:\/\/www.facebook.com\/remiremontinfo\",\"https:\/\/x.com\/VosgesInfo88\",\"https:\/\/www.youtube.com\/@vosgesinfo\"]},{\"@type\":\"Person\",\"@id\":\"https:\/\/vosgesinfo.fr\/remiremontinfo\/#\/schema\/person\/3bfd164d5218a185b1db68655a265316\",\"name\":\"C D\",\"image\":{\"@type\":\"ImageObject\",\"inLanguage\":\"fr-FR\",\"@id\":\"https:\/\/vosgesinfo.fr\/remiremontinfo\/#\/schema\/person\/image\/\",\"url\":\"https:\/\/secure.gravatar.com\/avatar\/1f9a70007336511a47468b8f1c66f922b8b7cf617b02a31149ada43893a5d48f?s=96&d=mm&r=g\",\"contentUrl\":\"https:\/\/secure.gravatar.com\/avatar\/1f9a70007336511a47468b8f1c66f922b8b7cf617b02a31149ada43893a5d48f?s=96&d=mm&r=g\",\"caption\":\"C D\"},\"url\":\"https:\/\/vosgesinfo.fr\/remiremontinfo\/author\/cedric-drevet\/\"}]}<\/script>\n<!-- \/ Yoast SEO plugin. -->","yoast_head_json":{"title":"Saint-Nabord\u00a0: le jury du concours des \u00ab\u00a0Maisons Fleuries\u00a0\u00bb passera ce mercredi - Remiremont Info","robots":{"index":"index","follow":"follow","max-snippet":"max-snippet:-1","max-image-preview":"max-image-preview:large","max-video-preview":"max-video-preview:-1"},"canonical":"https:\/\/vosgesinfo.fr\/remiremontinfo\/2020\/07\/saint-nabord-jury-concours-maisons-fleuries-passera-mercredi\/","twitter_card":"summary_large_image","twitter_title":"Saint-Nabord\u00a0: le jury du concours des \u00ab\u00a0Maisons Fleuries\u00a0\u00bb passera ce mercredi - Remiremont Info","twitter_description":"Au cours de la r\u00e9union de la Commission Environnement qui s\u2019est d\u00e9roul\u00e9e ce lundi 27 juillet, Patrick Lambolez, conseiller communal [&hellip;]","twitter_image":"https:\/\/vosgesinfo.fr\/app\/uploads\/sites\/5\/2024\/09\/202007annotation-2020-07-28-093515.png","twitter_creator":"@VosgesInfo88","twitter_site":"@VosgesInfo88","twitter_misc":{"\u00c9crit par":"C D","Dur\u00e9e de lecture estim\u00e9e":"1 minute"},"schema":{"@context":"https:\/\/schema.org","@graph":[{"@type":"Article","@id":"https:\/\/vosgesinfo.fr\/remiremontinfo\/2020\/07\/saint-nabord-jury-concours-maisons-fleuries-passera-mercredi\/#article","isPartOf":{"@id":"https:\/\/vosgesinfo.fr\/remiremontinfo\/2020\/07\/saint-nabord-jury-concours-maisons-fleuries-passera-mercredi\/"},"author":{"name":"C D","@id":"https:\/\/vosgesinfo.fr\/remiremontinfo\/#\/schema\/person\/3bfd164d5218a185b1db68655a265316"},"headline":"Saint-Nabord\u00a0: le jury du concours des \u00ab\u00a0Maisons Fleuries\u00a0\u00bb passera ce mercredi","datePublished":"2020-07-28T03:50:08+00:00","dateModified":"2020-07-28T03:50:08+00:00","mainEntityOfPage":{"@id":"https:\/\/vosgesinfo.fr\/remiremontinfo\/2020\/07\/saint-nabord-jury-concours-maisons-fleuries-passera-mercredi\/"},"wordCount":167,"commentCount":0,"publisher":{"@id":"https:\/\/vosgesinfo.fr\/remiremontinfo\/#organization"},"image":{"@id":"https:\/\/vosgesinfo.fr\/remiremontinfo\/2020\/07\/saint-nabord-jury-concours-maisons-fleuries-passera-mercredi\/#primaryimage"},"thumbnailUrl":"https:\/\/vosgesinfo.fr\/app\/uploads\/sites\/5\/2024\/09\/202007annotation-2020-07-28-093515.png","articleSection":["A la Une","Remiremont &amp; son canton","Saint-Nabord"],"inLanguage":"fr-FR","potentialAction":[{"@type":"CommentAction","name":"Comment","target":["https:\/\/vosgesinfo.fr\/remiremontinfo\/2020\/07\/saint-nabord-jury-concours-maisons-fleuries-passera-mercredi\/#respond"]}]},{"@type":"WebPage","@id":"https:\/\/vosgesinfo.fr\/remiremontinfo\/2020\/07\/saint-nabord-jury-concours-maisons-fleuries-passera-mercredi\/","url":"https:\/\/vosgesinfo.fr\/remiremontinfo\/2020\/07\/saint-nabord-jury-concours-maisons-fleuries-passera-mercredi\/","name":"Saint-Nabord\u00a0: le jury du concours des \u00ab\u00a0Maisons Fleuries\u00a0\u00bb passera ce mercredi - Remiremont Info","isPartOf":{"@id":"https:\/\/vosgesinfo.fr\/remiremontinfo\/#website"},"primaryImageOfPage":{"@id":"https:\/\/vosgesinfo.fr\/remiremontinfo\/2020\/07\/saint-nabord-jury-concours-maisons-fleuries-passera-mercredi\/#primaryimage"},"image":{"@id":"https:\/\/vosgesinfo.fr\/remiremontinfo\/2020\/07\/saint-nabord-jury-concours-maisons-fleuries-passera-mercredi\/#primaryimage"},"thumbnailUrl":"https:\/\/vosgesinfo.fr\/app\/uploads\/sites\/5\/2024\/09\/202007annotation-2020-07-28-093515.png","datePublished":"2020-07-28T03:50:08+00:00","dateModified":"2020-07-28T03:50:08+00:00","breadcrumb":{"@id":"https:\/\/vosgesinfo.fr\/remiremontinfo\/2020\/07\/saint-nabord-jury-concours-maisons-fleuries-passera-mercredi\/#breadcrumb"},"inLanguage":"fr-FR","potentialAction":[{"@type":"ReadAction","target":["https:\/\/vosgesinfo.fr\/remiremontinfo\/2020\/07\/saint-nabord-jury-concours-maisons-fleuries-passera-mercredi\/"]}]},{"@type":"ImageObject","inLanguage":"fr-FR","@id":"https:\/\/vosgesinfo.fr\/remiremontinfo\/2020\/07\/saint-nabord-jury-concours-maisons-fleuries-passera-mercredi\/#primaryimage","url":"https:\/\/vosgesinfo.fr\/app\/uploads\/sites\/5\/2024\/09\/202007annotation-2020-07-28-093515.png","contentUrl":"https:\/\/vosgesinfo.fr\/app\/uploads\/sites\/5\/2024\/09\/202007annotation-2020-07-28-093515.png","width":800,"height":528},{"@type":"BreadcrumbList","@id":"https:\/\/vosgesinfo.fr\/remiremontinfo\/2020\/07\/saint-nabord-jury-concours-maisons-fleuries-passera-mercredi\/#breadcrumb","itemListElement":[{"@type":"ListItem","position":1,"name":"Home","item":"https:\/\/vosgesinfo.fr\/remiremontinfo\/"},{"@type":"ListItem","position":2,"name":"Saint-Nabord\u00a0: le jury du concours des \u00ab\u00a0Maisons Fleuries\u00a0\u00bb passera ce mercredi"}]},{"@type":"WebSite","@id":"https:\/\/vosgesinfo.fr\/remiremontinfo\/#website","url":"https:\/\/vosgesinfo.fr\/remiremontinfo\/","name":"Remiremont Info","description":"Toute l&#039;actualit\u00e9 de Remiremont","publisher":{"@id":"https:\/\/vosgesinfo.fr\/remiremontinfo\/#organization"},"alternateName":"Toute l'actualit\u00e9 de Remiremont","potentialAction":[{"@type":"SearchAction","target":{"@type":"EntryPoint","urlTemplate":"https:\/\/vosgesinfo.fr\/remiremontinfo\/?s={search_term_string}"},"query-input":"required name=search_term_string"}],"inLanguage":"fr-FR"},{"@type":"Organization","@id":"https:\/\/vosgesinfo.fr\/remiremontinfo\/#organization","name":"Remiremont Info","url":"https:\/\/vosgesinfo.fr\/remiremontinfo\/","logo":{"@type":"ImageObject","inLanguage":"fr-FR","@id":"https:\/\/vosgesinfo.fr\/remiremontinfo\/#\/schema\/logo\/image\/","url":"https:\/\/vosgesinfo.fr\/app\/uploads\/sites\/5\/2023\/08\/favicon-remiremontinfo.png","contentUrl":"https:\/\/vosgesinfo.fr\/app\/uploads\/sites\/5\/2023\/08\/favicon-remiremontinfo.png","width":512,"height":512,"caption":"Remiremont Info"},"image":{"@id":"https:\/\/vosgesinfo.fr\/remiremontinfo\/#\/schema\/logo\/image\/"},"sameAs":["https:\/\/www.facebook.com\/remiremontinfo","https:\/\/x.com\/VosgesInfo88","https:\/\/www.youtube.com\/@vosgesinfo"]},{"@type":"Person","@id":"https:\/\/vosgesinfo.fr\/remiremontinfo\/#\/schema\/person\/3bfd164d5218a185b1db68655a265316","name":"C D","image":{"@type":"ImageObject","inLanguage":"fr-FR","@id":"https:\/\/vosgesinfo.fr\/remiremontinfo\/#\/schema\/person\/image\/","url":"https:\/\/secure.gravatar.com\/avatar\/1f9a70007336511a47468b8f1c66f922b8b7cf617b02a31149ada43893a5d48f?s=96&d=mm&r=g","contentUrl":"https:\/\/secure.gravatar.com\/avatar\/1f9a70007336511a47468b8f1c66f922b8b7cf617b02a31149ada43893a5d48f?s=96&d=mm&r=g","caption":"C D"},"url":"https:\/\/vosgesinfo.fr\/remiremontinfo\/author\/cedric-drevet\/"}]}},"_links":{"self":[{"href":"https:\/\/vosgesinfo.fr\/remiremontinfo\/wp-json\/wp\/v2\/posts\/29501","targetHints":{"allow":["GET"]}}],"collection":[{"href":"https:\/\/vosgesinfo.fr\/remiremontinfo\/wp-json\/wp\/v2\/posts"}],"about":[{"href":"https:\/\/vosgesinfo.fr\/remiremontinfo\/wp-json\/wp\/v2\/types\/post"}],"author":[{"embeddable":true,"href":"https:\/\/vosgesinfo.fr\/remiremontinfo\/wp-json\/wp\/v2\/users\/407"}],"replies":[{"embeddable":true,"href":"https:\/\/vosgesinfo.fr\/remiremontinfo\/wp-json\/wp\/v2\/comments?post=29501"}],"version-history":[{"count":0,"href":"https:\/\/vosgesinfo.fr\/remiremontinfo\/wp-json\/wp\/v2\/posts\/29501\/revisions"}],"wp:featuredmedia":[{"embeddable":true,"href":"https:\/\/vosgesinfo.fr\/remiremontinfo\/wp-json\/wp\/v2\/media\/29502"}],"wp:attachment":[{"href":"https:\/\/vosgesinfo.fr\/remiremontinfo\/wp-json\/wp\/v2\/media?parent=29501"}],"wp:term":[{"taxonomy":"category","embeddable":true,"href":"https:\/\/vosgesinfo.fr\/remiremontinfo\/wp-json\/wp\/v2\/categories?post=29501"},{"taxonomy":"post_tag","embeddable":true,"href":"https:\/\/vosgesinfo.fr\/remiremontinfo\/wp-json\/wp\/v2\/tags?post=29501"}],"curies":[{"name":"wp","href":"https:\/\/api.w.org\/{rel}","templated":true}]}}