{"id":29581,"date":"2020-08-01T06:05:59","date_gmt":"2020-08-01T04:05:59","guid":{"rendered":"https:\/\/vosgesinfo.fr\/remiremontinfo\/2020\/08\/prefecture-actualise-interdictions-de-feux-de-plein-air\/"},"modified":"2020-08-01T06:05:59","modified_gmt":"2020-08-01T04:05:59","slug":"prefecture-actualise-interdictions-de-feux-de-plein-air","status":"publish","type":"post","link":"https:\/\/vosgesinfo.fr\/remiremontinfo\/2020\/08\/prefecture-actualise-interdictions-de-feux-de-plein-air\/","title":{"rendered":"La pr\u00e9fecture actualise ses interdictions de feux de plein air"},"content":{"rendered":"<h2><strong><em><a href=\"https:\/\/remiremontinfo.fr\/2020\/08\/prefecture-actualise-interdictions-de-feux-de-plein-air\/feu_foret-2\/\" rel=\"attachment wp-att-292072\"><img decoding=\"async\" class=\"aligncenter size-full wp-image-292072\" src=\"\/2020\/08\/Feu_For\u00eat.jpg\" alt=\"Feu_For\u00eat\" width=\"800\" height=\"599\" \/><\/a>Le d\u00e9partement des Vosges est constitu\u00e9 \u00e0 50 % de for\u00eat, ce qui repr\u00e9sente plus de 297 000 hectares dont plus de 60 % en r\u00e9sineux (sapin, \u00e9pic\u00e9as, douglas\u2026). En 2019, 37 incendies ont d\u00e9truit 13 hectares de for\u00eat. Il est donc primordial d\u2019adapter le plus rapidement possible nos pratiques touristiques et professionnelles pour r\u00e9duire les dangers<\/em><\/strong> <em>\u00bb<\/em><strong> affirmait r\u00e9cemment le Pr\u00e9fet des Vosges.<\/strong><\/h2>\n<h3><strong>Une mise \u00e0 plat r\u00e9glementaire<\/strong><\/h3>\n<p>Signe des temps, avec le r\u00e9chauffement climatique et les s\u00e9cheresses \u00e0 r\u00e9p\u00e9tition, et apr\u00e8s trois ann\u00e9es d\u2019interdictions compl\u00e9mentaires pour cause de canicule, Pierre Ory a \u00e9t\u00e9 contraint de prendre des dispositions \u00e9nergiques d\u2019interdiction des feux de pleins airs afin que les incendies des espaces bois\u00e9s dans les Vosges soient \u00e9vit\u00e9s au maximum. Le pr\u00e9c\u00e9dent arr\u00eat\u00e9 pr\u00e9fectoral complet sur la question remontait \u00e0 1977. Il est remplac\u00e9 par l\u2019 arr\u00eat\u00e9 pr\u00e9fectoral en date du 21 juillet ( ci dessous )\u00a0 qui d\u00e9finit les conditions de br\u00fblage et l\u2019usage du feu dans le d\u00e9partement. En cas de conditions m\u00e9t\u00e9orologiques extr\u00eames et en pr\u00e9sence de risques exceptionnels d\u2019incendie, un arr\u00eat\u00e9 compl\u00e9mentaire pourra \u00eatre pris prescrivant des mesures encore plus restrictives.<\/p>\n<h3>Tous concern\u00e9s<\/h3>\n<p><strong>Tous les particuliers et les professionnels ( forestiers, agriculteurs et paysagistes ) sont invit\u00e9s \u00e0 privil\u00e9gier la valorisation des d\u00e9chets v\u00e9g\u00e9taux par le broyage, compostage ou par la valorisation \u00e9nerg\u00e9tique (m\u00e9thanisation ou plaquettes combustibles). Le cas \u00e9ch\u00e9ant, seuls les propri\u00e9taires sont autoris\u00e9s \u00e0 porter et allumer du feu. <\/strong><\/p>\n<p><strong>L\u2019arr\u00eat\u00e9 interdit d\u00e9sormais :<\/strong><\/p>\n<p><strong>\u2013 les feux en for\u00eat et \u00e0 moins de 200 m, au cours de la p\u00e9riode du 1er mars au 30 septembre ;<\/strong><\/p>\n<p><strong>\u2013 de fumer en for\u00eat (un m\u00e9got mal \u00e9teint est souvent \u00e0 l\u2019origine de feux de for\u00eat) ;<\/strong><\/p>\n<p><strong>\u2013 les barbecues en for\u00eat ;<\/strong><\/p>\n<p><strong>\u2013 toutes les formes de br\u00fblage \u00e0 l\u2019air libre, \u00e9cobuage, d\u00e9chets verts (sauf r\u00e9sidus de taille de fruitiers et<\/strong><\/p>\n<p><strong>de vignes). <\/strong><\/p>\n<h3>Des exceptions subsistent<\/h3>\n<p>Alors que seuls les apiculteurs continuent de disposer d\u2019une d\u00e9rogation pour l\u2019usage des enfumoirs, des autorisations pr\u00e9fectorales exceptionnelles peuvent \u00eatre accord\u00e9es pour le brulage des v\u00e9g\u00e9taux sur pied, ( pour faciliter la destruction d\u2019organismes nuisibles r\u00e9glement\u00e9s ) et de plantes invasives.<\/p>\n<p>Pour la s\u00e9curit\u00e9 de tous et la pr\u00e9servation de nos for\u00eats qui jouent un r\u00f4le \u00e9cologique, \u00e9conomique, touristique et social tr\u00e8s important pour le d\u00e9partement, les services de s\u00e9curit\u00e9 et les autorit\u00e9s municipales \u00a0seront amen\u00e9es \u00e0 faire respecter ces mesures sous peine de contravention ( de 3\u00e8me et 4\u00e8me cat\u00e9gorie ) susceptibles d\u2019entrainer le paiement d\u2019amendes de 450 \u00e0 750\u20ac.<\/p>\n<p>L\u2019arr\u00eat\u00e9 pr\u00e9fectoral 248\/2020 du 21 juillet:\u00a0 <a href=\"https:\/\/epinalinfos.fr\/wp-content\/uploads\/2020\/07\/2020-AP_feux_forets-88.pdf\">2020-AP_feux_forets-88<\/a><\/p>\n","protected":false},"excerpt":{"rendered":"<p>Le d\u00e9partement des Vosges est constitu\u00e9 \u00e0 50 % de for\u00eat, ce qui repr\u00e9sente plus de 297 000 hectares dont [&hellip;]<\/p>\n","protected":false},"author":39,"featured_media":29582,"comment_status":"open","ping_status":"open","sticky":false,"template":"","format":"standard","meta":{"footnotes":""},"categories":[26,18],"tags":[],"class_list":["post-29581","post","type-post","status-publish","format-standard","has-post-thumbnail","hentry","category-a-la-une","category-vosges"],"acf":[],"yoast_head":"<!-- This site is optimized with the Yoast SEO plugin v22.5 - https:\/\/yoast.com\/wordpress\/plugins\/seo\/ -->\n<title>La pr\u00e9fecture actualise ses interdictions de feux de plein air - Remiremont Info<\/title>\n<meta name=\"robots\" content=\"index, follow, max-snippet:-1, max-image-preview:large, max-video-preview:-1\" \/>\n<link rel=\"canonical\" href=\"https:\/\/vosgesinfo.fr\/remiremontinfo\/2020\/08\/prefecture-actualise-interdictions-de-feux-de-plein-air\/\" \/>\n<meta name=\"twitter:card\" content=\"summary_large_image\" \/>\n<meta name=\"twitter:title\" content=\"La pr\u00e9fecture actualise ses interdictions de feux de plein air - Remiremont Info\" \/>\n<meta name=\"twitter:description\" content=\"Le d\u00e9partement des Vosges est constitu\u00e9 \u00e0 50 % de for\u00eat, ce qui repr\u00e9sente plus de 297 000 hectares dont [&hellip;]\" \/>\n<meta name=\"twitter:image\" content=\"https:\/\/vosgesinfo.fr\/app\/uploads\/sites\/5\/2024\/09\/202008feu-foret.jpg\" \/>\n<meta name=\"twitter:creator\" content=\"@VosgesInfo88\" \/>\n<meta name=\"twitter:site\" content=\"@VosgesInfo88\" \/>\n<meta name=\"twitter:label1\" content=\"\u00c9crit par\" \/>\n\t<meta name=\"twitter:data1\" content=\"Phj\" \/>\n\t<meta name=\"twitter:label2\" content=\"Dur\u00e9e de lecture estim\u00e9e\" \/>\n\t<meta name=\"twitter:data2\" content=\"2 minutes\" \/>\n<script type=\"application\/ld+json\" class=\"yoast-schema-graph\">{\"@context\":\"https:\/\/schema.org\",\"@graph\":[{\"@type\":\"Article\",\"@id\":\"https:\/\/vosgesinfo.fr\/remiremontinfo\/2020\/08\/prefecture-actualise-interdictions-de-feux-de-plein-air\/#article\",\"isPartOf\":{\"@id\":\"https:\/\/vosgesinfo.fr\/remiremontinfo\/2020\/08\/prefecture-actualise-interdictions-de-feux-de-plein-air\/\"},\"author\":{\"name\":\"Phj\",\"@id\":\"https:\/\/vosgesinfo.fr\/remiremontinfo\/#\/schema\/person\/4f57dc393faf2ac8b9f1cab30ad79250\"},\"headline\":\"La pr\u00e9fecture actualise ses interdictions de feux de plein air\",\"datePublished\":\"2020-08-01T04:05:59+00:00\",\"dateModified\":\"2020-08-01T04:05:59+00:00\",\"mainEntityOfPage\":{\"@id\":\"https:\/\/vosgesinfo.fr\/remiremontinfo\/2020\/08\/prefecture-actualise-interdictions-de-feux-de-plein-air\/\"},\"wordCount\":477,\"commentCount\":0,\"publisher\":{\"@id\":\"https:\/\/vosgesinfo.fr\/remiremontinfo\/#organization\"},\"image\":{\"@id\":\"https:\/\/vosgesinfo.fr\/remiremontinfo\/2020\/08\/prefecture-actualise-interdictions-de-feux-de-plein-air\/#primaryimage\"},\"thumbnailUrl\":\"https:\/\/vosgesinfo.fr\/app\/uploads\/sites\/5\/2024\/09\/202008feu-foret.jpg\",\"articleSection\":[\"A la Une\",\"Vosges\"],\"inLanguage\":\"fr-FR\",\"potentialAction\":[{\"@type\":\"CommentAction\",\"name\":\"Comment\",\"target\":[\"https:\/\/vosgesinfo.fr\/remiremontinfo\/2020\/08\/prefecture-actualise-interdictions-de-feux-de-plein-air\/#respond\"]}]},{\"@type\":\"WebPage\",\"@id\":\"https:\/\/vosgesinfo.fr\/remiremontinfo\/2020\/08\/prefecture-actualise-interdictions-de-feux-de-plein-air\/\",\"url\":\"https:\/\/vosgesinfo.fr\/remiremontinfo\/2020\/08\/prefecture-actualise-interdictions-de-feux-de-plein-air\/\",\"name\":\"La pr\u00e9fecture actualise ses interdictions de feux de plein air - Remiremont Info\",\"isPartOf\":{\"@id\":\"https:\/\/vosgesinfo.fr\/remiremontinfo\/#website\"},\"primaryImageOfPage\":{\"@id\":\"https:\/\/vosgesinfo.fr\/remiremontinfo\/2020\/08\/prefecture-actualise-interdictions-de-feux-de-plein-air\/#primaryimage\"},\"image\":{\"@id\":\"https:\/\/vosgesinfo.fr\/remiremontinfo\/2020\/08\/prefecture-actualise-interdictions-de-feux-de-plein-air\/#primaryimage\"},\"thumbnailUrl\":\"https:\/\/vosgesinfo.fr\/app\/uploads\/sites\/5\/2024\/09\/202008feu-foret.jpg\",\"datePublished\":\"2020-08-01T04:05:59+00:00\",\"dateModified\":\"2020-08-01T04:05:59+00:00\",\"breadcrumb\":{\"@id\":\"https:\/\/vosgesinfo.fr\/remiremontinfo\/2020\/08\/prefecture-actualise-interdictions-de-feux-de-plein-air\/#breadcrumb\"},\"inLanguage\":\"fr-FR\",\"potentialAction\":[{\"@type\":\"ReadAction\",\"target\":[\"https:\/\/vosgesinfo.fr\/remiremontinfo\/2020\/08\/prefecture-actualise-interdictions-de-feux-de-plein-air\/\"]}]},{\"@type\":\"ImageObject\",\"inLanguage\":\"fr-FR\",\"@id\":\"https:\/\/vosgesinfo.fr\/remiremontinfo\/2020\/08\/prefecture-actualise-interdictions-de-feux-de-plein-air\/#primaryimage\",\"url\":\"https:\/\/vosgesinfo.fr\/app\/uploads\/sites\/5\/2024\/09\/202008feu-foret.jpg\",\"contentUrl\":\"https:\/\/vosgesinfo.fr\/app\/uploads\/sites\/5\/2024\/09\/202008feu-foret.jpg\",\"width\":800,\"height\":599},{\"@type\":\"BreadcrumbList\",\"@id\":\"https:\/\/vosgesinfo.fr\/remiremontinfo\/2020\/08\/prefecture-actualise-interdictions-de-feux-de-plein-air\/#breadcrumb\",\"itemListElement\":[{\"@type\":\"ListItem\",\"position\":1,\"name\":\"Home\",\"item\":\"https:\/\/vosgesinfo.fr\/remiremontinfo\/\"},{\"@type\":\"ListItem\",\"position\":2,\"name\":\"La pr\u00e9fecture actualise ses interdictions de feux de plein air\"}]},{\"@type\":\"WebSite\",\"@id\":\"https:\/\/vosgesinfo.fr\/remiremontinfo\/#website\",\"url\":\"https:\/\/vosgesinfo.fr\/remiremontinfo\/\",\"name\":\"Remiremont Info\",\"description\":\"Toute l&#039;actualit\u00e9 de Remiremont\",\"publisher\":{\"@id\":\"https:\/\/vosgesinfo.fr\/remiremontinfo\/#organization\"},\"alternateName\":\"Toute l'actualit\u00e9 de Remiremont\",\"potentialAction\":[{\"@type\":\"SearchAction\",\"target\":{\"@type\":\"EntryPoint\",\"urlTemplate\":\"https:\/\/vosgesinfo.fr\/remiremontinfo\/?s={search_term_string}\"},\"query-input\":\"required name=search_term_string\"}],\"inLanguage\":\"fr-FR\"},{\"@type\":\"Organization\",\"@id\":\"https:\/\/vosgesinfo.fr\/remiremontinfo\/#organization\",\"name\":\"Remiremont Info\",\"url\":\"https:\/\/vosgesinfo.fr\/remiremontinfo\/\",\"logo\":{\"@type\":\"ImageObject\",\"inLanguage\":\"fr-FR\",\"@id\":\"https:\/\/vosgesinfo.fr\/remiremontinfo\/#\/schema\/logo\/image\/\",\"url\":\"https:\/\/vosgesinfo.fr\/app\/uploads\/sites\/5\/2023\/08\/favicon-remiremontinfo.png\",\"contentUrl\":\"https:\/\/vosgesinfo.fr\/app\/uploads\/sites\/5\/2023\/08\/favicon-remiremontinfo.png\",\"width\":512,\"height\":512,\"caption\":\"Remiremont Info\"},\"image\":{\"@id\":\"https:\/\/vosgesinfo.fr\/remiremontinfo\/#\/schema\/logo\/image\/\"},\"sameAs\":[\"https:\/\/www.facebook.com\/remiremontinfo\",\"https:\/\/x.com\/VosgesInfo88\",\"https:\/\/www.youtube.com\/@vosgesinfo\"]},{\"@type\":\"Person\",\"@id\":\"https:\/\/vosgesinfo.fr\/remiremontinfo\/#\/schema\/person\/4f57dc393faf2ac8b9f1cab30ad79250\",\"name\":\"Phj\",\"image\":{\"@type\":\"ImageObject\",\"inLanguage\":\"fr-FR\",\"@id\":\"https:\/\/vosgesinfo.fr\/remiremontinfo\/#\/schema\/person\/image\/\",\"url\":\"https:\/\/secure.gravatar.com\/avatar\/ada60265080fb9a89c9809bf0abb1f448a128cb85db1c08905baa5038fbe3cfe?s=96&d=mm&r=g\",\"contentUrl\":\"https:\/\/secure.gravatar.com\/avatar\/ada60265080fb9a89c9809bf0abb1f448a128cb85db1c08905baa5038fbe3cfe?s=96&d=mm&r=g\",\"caption\":\"Phj\"},\"url\":\"https:\/\/vosgesinfo.fr\/remiremontinfo\/author\/phj\/\"}]}<\/script>\n<!-- \/ Yoast SEO plugin. -->","yoast_head_json":{"title":"La pr\u00e9fecture actualise ses interdictions de feux de plein air - Remiremont Info","robots":{"index":"index","follow":"follow","max-snippet":"max-snippet:-1","max-image-preview":"max-image-preview:large","max-video-preview":"max-video-preview:-1"},"canonical":"https:\/\/vosgesinfo.fr\/remiremontinfo\/2020\/08\/prefecture-actualise-interdictions-de-feux-de-plein-air\/","twitter_card":"summary_large_image","twitter_title":"La pr\u00e9fecture actualise ses interdictions de feux de plein air - Remiremont Info","twitter_description":"Le d\u00e9partement des Vosges est constitu\u00e9 \u00e0 50 % de for\u00eat, ce qui repr\u00e9sente plus de 297 000 hectares dont [&hellip;]","twitter_image":"https:\/\/vosgesinfo.fr\/app\/uploads\/sites\/5\/2024\/09\/202008feu-foret.jpg","twitter_creator":"@VosgesInfo88","twitter_site":"@VosgesInfo88","twitter_misc":{"\u00c9crit par":"Phj","Dur\u00e9e de lecture estim\u00e9e":"2 minutes"},"schema":{"@context":"https:\/\/schema.org","@graph":[{"@type":"Article","@id":"https:\/\/vosgesinfo.fr\/remiremontinfo\/2020\/08\/prefecture-actualise-interdictions-de-feux-de-plein-air\/#article","isPartOf":{"@id":"https:\/\/vosgesinfo.fr\/remiremontinfo\/2020\/08\/prefecture-actualise-interdictions-de-feux-de-plein-air\/"},"author":{"name":"Phj","@id":"https:\/\/vosgesinfo.fr\/remiremontinfo\/#\/schema\/person\/4f57dc393faf2ac8b9f1cab30ad79250"},"headline":"La pr\u00e9fecture actualise ses interdictions de feux de plein air","datePublished":"2020-08-01T04:05:59+00:00","dateModified":"2020-08-01T04:05:59+00:00","mainEntityOfPage":{"@id":"https:\/\/vosgesinfo.fr\/remiremontinfo\/2020\/08\/prefecture-actualise-interdictions-de-feux-de-plein-air\/"},"wordCount":477,"commentCount":0,"publisher":{"@id":"https:\/\/vosgesinfo.fr\/remiremontinfo\/#organization"},"image":{"@id":"https:\/\/vosgesinfo.fr\/remiremontinfo\/2020\/08\/prefecture-actualise-interdictions-de-feux-de-plein-air\/#primaryimage"},"thumbnailUrl":"https:\/\/vosgesinfo.fr\/app\/uploads\/sites\/5\/2024\/09\/202008feu-foret.jpg","articleSection":["A la Une","Vosges"],"inLanguage":"fr-FR","potentialAction":[{"@type":"CommentAction","name":"Comment","target":["https:\/\/vosgesinfo.fr\/remiremontinfo\/2020\/08\/prefecture-actualise-interdictions-de-feux-de-plein-air\/#respond"]}]},{"@type":"WebPage","@id":"https:\/\/vosgesinfo.fr\/remiremontinfo\/2020\/08\/prefecture-actualise-interdictions-de-feux-de-plein-air\/","url":"https:\/\/vosgesinfo.fr\/remiremontinfo\/2020\/08\/prefecture-actualise-interdictions-de-feux-de-plein-air\/","name":"La pr\u00e9fecture actualise ses interdictions de feux de plein air - Remiremont Info","isPartOf":{"@id":"https:\/\/vosgesinfo.fr\/remiremontinfo\/#website"},"primaryImageOfPage":{"@id":"https:\/\/vosgesinfo.fr\/remiremontinfo\/2020\/08\/prefecture-actualise-interdictions-de-feux-de-plein-air\/#primaryimage"},"image":{"@id":"https:\/\/vosgesinfo.fr\/remiremontinfo\/2020\/08\/prefecture-actualise-interdictions-de-feux-de-plein-air\/#primaryimage"},"thumbnailUrl":"https:\/\/vosgesinfo.fr\/app\/uploads\/sites\/5\/2024\/09\/202008feu-foret.jpg","datePublished":"2020-08-01T04:05:59+00:00","dateModified":"2020-08-01T04:05:59+00:00","breadcrumb":{"@id":"https:\/\/vosgesinfo.fr\/remiremontinfo\/2020\/08\/prefecture-actualise-interdictions-de-feux-de-plein-air\/#breadcrumb"},"inLanguage":"fr-FR","potentialAction":[{"@type":"ReadAction","target":["https:\/\/vosgesinfo.fr\/remiremontinfo\/2020\/08\/prefecture-actualise-interdictions-de-feux-de-plein-air\/"]}]},{"@type":"ImageObject","inLanguage":"fr-FR","@id":"https:\/\/vosgesinfo.fr\/remiremontinfo\/2020\/08\/prefecture-actualise-interdictions-de-feux-de-plein-air\/#primaryimage","url":"https:\/\/vosgesinfo.fr\/app\/uploads\/sites\/5\/2024\/09\/202008feu-foret.jpg","contentUrl":"https:\/\/vosgesinfo.fr\/app\/uploads\/sites\/5\/2024\/09\/202008feu-foret.jpg","width":800,"height":599},{"@type":"BreadcrumbList","@id":"https:\/\/vosgesinfo.fr\/remiremontinfo\/2020\/08\/prefecture-actualise-interdictions-de-feux-de-plein-air\/#breadcrumb","itemListElement":[{"@type":"ListItem","position":1,"name":"Home","item":"https:\/\/vosgesinfo.fr\/remiremontinfo\/"},{"@type":"ListItem","position":2,"name":"La pr\u00e9fecture actualise ses interdictions de feux de plein air"}]},{"@type":"WebSite","@id":"https:\/\/vosgesinfo.fr\/remiremontinfo\/#website","url":"https:\/\/vosgesinfo.fr\/remiremontinfo\/","name":"Remiremont Info","description":"Toute l&#039;actualit\u00e9 de Remiremont","publisher":{"@id":"https:\/\/vosgesinfo.fr\/remiremontinfo\/#organization"},"alternateName":"Toute l'actualit\u00e9 de Remiremont","potentialAction":[{"@type":"SearchAction","target":{"@type":"EntryPoint","urlTemplate":"https:\/\/vosgesinfo.fr\/remiremontinfo\/?s={search_term_string}"},"query-input":"required name=search_term_string"}],"inLanguage":"fr-FR"},{"@type":"Organization","@id":"https:\/\/vosgesinfo.fr\/remiremontinfo\/#organization","name":"Remiremont Info","url":"https:\/\/vosgesinfo.fr\/remiremontinfo\/","logo":{"@type":"ImageObject","inLanguage":"fr-FR","@id":"https:\/\/vosgesinfo.fr\/remiremontinfo\/#\/schema\/logo\/image\/","url":"https:\/\/vosgesinfo.fr\/app\/uploads\/sites\/5\/2023\/08\/favicon-remiremontinfo.png","contentUrl":"https:\/\/vosgesinfo.fr\/app\/uploads\/sites\/5\/2023\/08\/favicon-remiremontinfo.png","width":512,"height":512,"caption":"Remiremont Info"},"image":{"@id":"https:\/\/vosgesinfo.fr\/remiremontinfo\/#\/schema\/logo\/image\/"},"sameAs":["https:\/\/www.facebook.com\/remiremontinfo","https:\/\/x.com\/VosgesInfo88","https:\/\/www.youtube.com\/@vosgesinfo"]},{"@type":"Person","@id":"https:\/\/vosgesinfo.fr\/remiremontinfo\/#\/schema\/person\/4f57dc393faf2ac8b9f1cab30ad79250","name":"Phj","image":{"@type":"ImageObject","inLanguage":"fr-FR","@id":"https:\/\/vosgesinfo.fr\/remiremontinfo\/#\/schema\/person\/image\/","url":"https:\/\/secure.gravatar.com\/avatar\/ada60265080fb9a89c9809bf0abb1f448a128cb85db1c08905baa5038fbe3cfe?s=96&d=mm&r=g","contentUrl":"https:\/\/secure.gravatar.com\/avatar\/ada60265080fb9a89c9809bf0abb1f448a128cb85db1c08905baa5038fbe3cfe?s=96&d=mm&r=g","caption":"Phj"},"url":"https:\/\/vosgesinfo.fr\/remiremontinfo\/author\/phj\/"}]}},"_links":{"self":[{"href":"https:\/\/vosgesinfo.fr\/remiremontinfo\/wp-json\/wp\/v2\/posts\/29581","targetHints":{"allow":["GET"]}}],"collection":[{"href":"https:\/\/vosgesinfo.fr\/remiremontinfo\/wp-json\/wp\/v2\/posts"}],"about":[{"href":"https:\/\/vosgesinfo.fr\/remiremontinfo\/wp-json\/wp\/v2\/types\/post"}],"author":[{"embeddable":true,"href":"https:\/\/vosgesinfo.fr\/remiremontinfo\/wp-json\/wp\/v2\/users\/39"}],"replies":[{"embeddable":true,"href":"https:\/\/vosgesinfo.fr\/remiremontinfo\/wp-json\/wp\/v2\/comments?post=29581"}],"version-history":[{"count":0,"href":"https:\/\/vosgesinfo.fr\/remiremontinfo\/wp-json\/wp\/v2\/posts\/29581\/revisions"}],"wp:featuredmedia":[{"embeddable":true,"href":"https:\/\/vosgesinfo.fr\/remiremontinfo\/wp-json\/wp\/v2\/media\/29582"}],"wp:attachment":[{"href":"https:\/\/vosgesinfo.fr\/remiremontinfo\/wp-json\/wp\/v2\/media?parent=29581"}],"wp:term":[{"taxonomy":"category","embeddable":true,"href":"https:\/\/vosgesinfo.fr\/remiremontinfo\/wp-json\/wp\/v2\/categories?post=29581"},{"taxonomy":"post_tag","embeddable":true,"href":"https:\/\/vosgesinfo.fr\/remiremontinfo\/wp-json\/wp\/v2\/tags?post=29581"}],"curies":[{"name":"wp","href":"https:\/\/api.w.org\/{rel}","templated":true}]}}