{"id":29583,"date":"2020-08-01T06:10:21","date_gmt":"2020-08-01T04:10:21","guid":{"rendered":"https:\/\/vosgesinfo.fr\/remiremontinfo\/2020\/08\/week-end-noir-routes\/"},"modified":"2020-08-01T06:10:21","modified_gmt":"2020-08-01T04:10:21","slug":"week-end-noir-routes","status":"publish","type":"post","link":"https:\/\/vosgesinfo.fr\/remiremontinfo\/2020\/08\/week-end-noir-routes\/","title":{"rendered":"week-end noir sur les routes"},"content":{"rendered":"<p><a href=\"https:\/\/remiremontinfo.fr\/2020\/08\/week-end-noir-routes\/bf-trafic-dim-2at\/\" rel=\"attachment wp-att-292078\"><img decoding=\"async\" class=\"aligncenter wp-image-292078\" src=\"\/2020\/08\/BF-trafic-Dim-2At-1024x761.png\" alt=\"BF-trafic-Dim-2At\" width=\"802\" height=\"596\" \/><\/a>Les d\u00e9parts et retours du vendredi 31 juillet font d\u00e9j\u00e0 l\u2019objet de recommandations de la part de Bison Fut\u00e9, tout particuli\u00e8rement dans le Sud-Est. Du vendredi au dimanche, la circulation sera charg\u00e9e sur la fa\u00e7ade atlantique et l\u2019Arc m\u00e9diterran\u00e9en entre les fronti\u00e8res italienne et espagnole, dans les deux sens.<\/p>\n<h2>Un premier Ao\u00fbt chaud\u2026 de chez chaud!<\/h2>\n<p>Ce samedi sera l\u2019une des pires journ\u00e9es en mati\u00e8re de circulation routi\u00e8re, avec la combinaison du week-end et de la fin du mois, le fameux chass\u00e9-crois\u00e9 de juillet-ao\u00fbt, et ce malgr\u00e9 l\u2019afflux habituel de touristes \u00e9trangers.<\/p>\n<p>Pronostiqu\u00e9 extr\u00eamement difficile par l\u2019organisme du transport d\u00e9pendant du Minist\u00e8re de la transition \u00e9cologique, Bison Fut\u00e9 conseille d\u2019\u00e9viter de quitter ou de regagner les grandes m\u00e9tropoles entre 6 heures et 20 heures.<\/p>\n<p>Pour ceux qui ne pourraient faire autrement, la direction des infrastructures de transport recommande d\u2019acc\u00e9der au p\u00e9age de l\u2019A10, en\u00a0 \u00cele-de-France, avant 6h ou apr\u00e8s 12h. Dans le Sud-Est les conducteurs doivent \u00e9viter l\u2019autoroute A43 entre Lyon et Chamb\u00e9ry, de 9h \u00e0 17h. La A7 entre Lyon et Orange, de 5h \u00e0 19h et de Salon-de-Provence \u00e0 Marseille entre 9h-20h. L\u2019acc\u00e8s en Italie par le tunnel du Mont-Blanc (N205) sera dense de 5h \u00e0 9h et de 16h \u00e0 20h (attente sup\u00e9rieure \u00e0 30 min), tr\u00e8s dense entre 9h et 16h (attente sup\u00e9rieure \u00e0 1h). Il est conseill\u00e9 d\u2019\u00e9viter l\u2019autoroute A9 entre Orange et l\u2019Espagne, de 7h \u00e0 18h, et la A61 entre Carcassonne et Narbonne, de 9h \u00e0 15h,<\/p>\n<p id=\"htmlContenuPopup\">Une interdiction compl\u00e9mentaire de circulation des poids lourds est effective : leur circulation est interdite samedi 1er ao\u00fbt de 7h \u00e0 19h et dimanche 2 ao\u00fbt de 0h \u00e0 22h. Par ailleurs, ce samedi 1er ao\u00fbt de 00h \u00e0 24h, les transports en commun d\u2019enfants ont interdiction de circuler hors de la zone constitu\u00e9e par le d\u00e9partement de d\u00e9part et les d\u00e9partements limitrophes.<\/p>\n<h3>\u00a0Les retours du Dimanche<\/h3>\n<p>Les pr\u00e9visions de circulation restent en rouge en direction des fa\u00e7ades atlantique et m\u00e9diterran\u00e9enne dimanche selon les pr\u00e9visions de\u00a0Bison Fut\u00e9, qui pronostique toutefois des retours ais\u00e9s sur toute la France dimanche.<\/p>\n","protected":false},"excerpt":{"rendered":"<p>Les d\u00e9parts et retours du vendredi 31 juillet font d\u00e9j\u00e0 l\u2019objet de recommandations de la part de Bison Fut\u00e9, tout [&hellip;]<\/p>\n","protected":false},"author":39,"featured_media":29584,"comment_status":"open","ping_status":"open","sticky":false,"template":"","format":"standard","meta":{"footnotes":""},"categories":[26,18],"tags":[],"class_list":["post-29583","post","type-post","status-publish","format-standard","has-post-thumbnail","hentry","category-a-la-une","category-vosges"],"acf":[],"yoast_head":"<!-- This site is optimized with the Yoast SEO plugin v22.5 - https:\/\/yoast.com\/wordpress\/plugins\/seo\/ -->\n<title>week-end noir sur les routes - Remiremont Info<\/title>\n<meta name=\"robots\" content=\"index, follow, max-snippet:-1, max-image-preview:large, max-video-preview:-1\" \/>\n<link rel=\"canonical\" href=\"https:\/\/vosgesinfo.fr\/remiremontinfo\/2020\/08\/week-end-noir-routes\/\" \/>\n<meta name=\"twitter:card\" content=\"summary_large_image\" \/>\n<meta name=\"twitter:title\" content=\"week-end noir sur les routes - Remiremont Info\" \/>\n<meta name=\"twitter:description\" content=\"Les d\u00e9parts et retours du vendredi 31 juillet font d\u00e9j\u00e0 l\u2019objet de recommandations de la part de Bison Fut\u00e9, tout [&hellip;]\" \/>\n<meta name=\"twitter:image\" content=\"https:\/\/vosgesinfo.fr\/app\/uploads\/sites\/5\/2024\/09\/202008bf-trafic-dim-2at.png\" \/>\n<meta name=\"twitter:creator\" content=\"@VosgesInfo88\" \/>\n<meta name=\"twitter:site\" content=\"@VosgesInfo88\" \/>\n<meta name=\"twitter:label1\" content=\"\u00c9crit par\" \/>\n\t<meta name=\"twitter:data1\" content=\"Phj\" \/>\n\t<meta name=\"twitter:label2\" content=\"Dur\u00e9e de lecture estim\u00e9e\" \/>\n\t<meta name=\"twitter:data2\" content=\"2 minutes\" \/>\n<script type=\"application\/ld+json\" class=\"yoast-schema-graph\">{\"@context\":\"https:\/\/schema.org\",\"@graph\":[{\"@type\":\"Article\",\"@id\":\"https:\/\/vosgesinfo.fr\/remiremontinfo\/2020\/08\/week-end-noir-routes\/#article\",\"isPartOf\":{\"@id\":\"https:\/\/vosgesinfo.fr\/remiremontinfo\/2020\/08\/week-end-noir-routes\/\"},\"author\":{\"name\":\"Phj\",\"@id\":\"https:\/\/vosgesinfo.fr\/remiremontinfo\/#\/schema\/person\/4f57dc393faf2ac8b9f1cab30ad79250\"},\"headline\":\"week-end noir sur les routes\",\"datePublished\":\"2020-08-01T04:10:21+00:00\",\"dateModified\":\"2020-08-01T04:10:21+00:00\",\"mainEntityOfPage\":{\"@id\":\"https:\/\/vosgesinfo.fr\/remiremontinfo\/2020\/08\/week-end-noir-routes\/\"},\"wordCount\":385,\"commentCount\":0,\"publisher\":{\"@id\":\"https:\/\/vosgesinfo.fr\/remiremontinfo\/#organization\"},\"image\":{\"@id\":\"https:\/\/vosgesinfo.fr\/remiremontinfo\/2020\/08\/week-end-noir-routes\/#primaryimage\"},\"thumbnailUrl\":\"https:\/\/vosgesinfo.fr\/app\/uploads\/sites\/5\/2024\/09\/202008bf-trafic-dim-2at.png\",\"articleSection\":[\"A la Une\",\"Vosges\"],\"inLanguage\":\"fr-FR\",\"potentialAction\":[{\"@type\":\"CommentAction\",\"name\":\"Comment\",\"target\":[\"https:\/\/vosgesinfo.fr\/remiremontinfo\/2020\/08\/week-end-noir-routes\/#respond\"]}]},{\"@type\":\"WebPage\",\"@id\":\"https:\/\/vosgesinfo.fr\/remiremontinfo\/2020\/08\/week-end-noir-routes\/\",\"url\":\"https:\/\/vosgesinfo.fr\/remiremontinfo\/2020\/08\/week-end-noir-routes\/\",\"name\":\"week-end noir sur les routes - Remiremont Info\",\"isPartOf\":{\"@id\":\"https:\/\/vosgesinfo.fr\/remiremontinfo\/#website\"},\"primaryImageOfPage\":{\"@id\":\"https:\/\/vosgesinfo.fr\/remiremontinfo\/2020\/08\/week-end-noir-routes\/#primaryimage\"},\"image\":{\"@id\":\"https:\/\/vosgesinfo.fr\/remiremontinfo\/2020\/08\/week-end-noir-routes\/#primaryimage\"},\"thumbnailUrl\":\"https:\/\/vosgesinfo.fr\/app\/uploads\/sites\/5\/2024\/09\/202008bf-trafic-dim-2at.png\",\"datePublished\":\"2020-08-01T04:10:21+00:00\",\"dateModified\":\"2020-08-01T04:10:21+00:00\",\"breadcrumb\":{\"@id\":\"https:\/\/vosgesinfo.fr\/remiremontinfo\/2020\/08\/week-end-noir-routes\/#breadcrumb\"},\"inLanguage\":\"fr-FR\",\"potentialAction\":[{\"@type\":\"ReadAction\",\"target\":[\"https:\/\/vosgesinfo.fr\/remiremontinfo\/2020\/08\/week-end-noir-routes\/\"]}]},{\"@type\":\"ImageObject\",\"inLanguage\":\"fr-FR\",\"@id\":\"https:\/\/vosgesinfo.fr\/remiremontinfo\/2020\/08\/week-end-noir-routes\/#primaryimage\",\"url\":\"https:\/\/vosgesinfo.fr\/app\/uploads\/sites\/5\/2024\/09\/202008bf-trafic-dim-2at.png\",\"contentUrl\":\"https:\/\/vosgesinfo.fr\/app\/uploads\/sites\/5\/2024\/09\/202008bf-trafic-dim-2at.png\",\"width\":4520,\"height\":3360},{\"@type\":\"BreadcrumbList\",\"@id\":\"https:\/\/vosgesinfo.fr\/remiremontinfo\/2020\/08\/week-end-noir-routes\/#breadcrumb\",\"itemListElement\":[{\"@type\":\"ListItem\",\"position\":1,\"name\":\"Home\",\"item\":\"https:\/\/vosgesinfo.fr\/remiremontinfo\/\"},{\"@type\":\"ListItem\",\"position\":2,\"name\":\"week-end noir sur les routes\"}]},{\"@type\":\"WebSite\",\"@id\":\"https:\/\/vosgesinfo.fr\/remiremontinfo\/#website\",\"url\":\"https:\/\/vosgesinfo.fr\/remiremontinfo\/\",\"name\":\"Remiremont Info\",\"description\":\"Toute l&#039;actualit\u00e9 de Remiremont\",\"publisher\":{\"@id\":\"https:\/\/vosgesinfo.fr\/remiremontinfo\/#organization\"},\"alternateName\":\"Toute l'actualit\u00e9 de Remiremont\",\"potentialAction\":[{\"@type\":\"SearchAction\",\"target\":{\"@type\":\"EntryPoint\",\"urlTemplate\":\"https:\/\/vosgesinfo.fr\/remiremontinfo\/?s={search_term_string}\"},\"query-input\":\"required name=search_term_string\"}],\"inLanguage\":\"fr-FR\"},{\"@type\":\"Organization\",\"@id\":\"https:\/\/vosgesinfo.fr\/remiremontinfo\/#organization\",\"name\":\"Remiremont Info\",\"url\":\"https:\/\/vosgesinfo.fr\/remiremontinfo\/\",\"logo\":{\"@type\":\"ImageObject\",\"inLanguage\":\"fr-FR\",\"@id\":\"https:\/\/vosgesinfo.fr\/remiremontinfo\/#\/schema\/logo\/image\/\",\"url\":\"https:\/\/vosgesinfo.fr\/app\/uploads\/sites\/5\/2023\/08\/favicon-remiremontinfo.png\",\"contentUrl\":\"https:\/\/vosgesinfo.fr\/app\/uploads\/sites\/5\/2023\/08\/favicon-remiremontinfo.png\",\"width\":512,\"height\":512,\"caption\":\"Remiremont Info\"},\"image\":{\"@id\":\"https:\/\/vosgesinfo.fr\/remiremontinfo\/#\/schema\/logo\/image\/\"},\"sameAs\":[\"https:\/\/www.facebook.com\/remiremontinfo\",\"https:\/\/x.com\/VosgesInfo88\",\"https:\/\/www.youtube.com\/@vosgesinfo\"]},{\"@type\":\"Person\",\"@id\":\"https:\/\/vosgesinfo.fr\/remiremontinfo\/#\/schema\/person\/4f57dc393faf2ac8b9f1cab30ad79250\",\"name\":\"Phj\",\"image\":{\"@type\":\"ImageObject\",\"inLanguage\":\"fr-FR\",\"@id\":\"https:\/\/vosgesinfo.fr\/remiremontinfo\/#\/schema\/person\/image\/\",\"url\":\"https:\/\/secure.gravatar.com\/avatar\/ada60265080fb9a89c9809bf0abb1f448a128cb85db1c08905baa5038fbe3cfe?s=96&d=mm&r=g\",\"contentUrl\":\"https:\/\/secure.gravatar.com\/avatar\/ada60265080fb9a89c9809bf0abb1f448a128cb85db1c08905baa5038fbe3cfe?s=96&d=mm&r=g\",\"caption\":\"Phj\"},\"url\":\"https:\/\/vosgesinfo.fr\/remiremontinfo\/author\/phj\/\"}]}<\/script>\n<!-- \/ Yoast SEO plugin. -->","yoast_head_json":{"title":"week-end noir sur les routes - Remiremont Info","robots":{"index":"index","follow":"follow","max-snippet":"max-snippet:-1","max-image-preview":"max-image-preview:large","max-video-preview":"max-video-preview:-1"},"canonical":"https:\/\/vosgesinfo.fr\/remiremontinfo\/2020\/08\/week-end-noir-routes\/","twitter_card":"summary_large_image","twitter_title":"week-end noir sur les routes - Remiremont Info","twitter_description":"Les d\u00e9parts et retours du vendredi 31 juillet font d\u00e9j\u00e0 l\u2019objet de recommandations de la part de Bison Fut\u00e9, tout [&hellip;]","twitter_image":"https:\/\/vosgesinfo.fr\/app\/uploads\/sites\/5\/2024\/09\/202008bf-trafic-dim-2at.png","twitter_creator":"@VosgesInfo88","twitter_site":"@VosgesInfo88","twitter_misc":{"\u00c9crit par":"Phj","Dur\u00e9e de lecture estim\u00e9e":"2 minutes"},"schema":{"@context":"https:\/\/schema.org","@graph":[{"@type":"Article","@id":"https:\/\/vosgesinfo.fr\/remiremontinfo\/2020\/08\/week-end-noir-routes\/#article","isPartOf":{"@id":"https:\/\/vosgesinfo.fr\/remiremontinfo\/2020\/08\/week-end-noir-routes\/"},"author":{"name":"Phj","@id":"https:\/\/vosgesinfo.fr\/remiremontinfo\/#\/schema\/person\/4f57dc393faf2ac8b9f1cab30ad79250"},"headline":"week-end noir sur les routes","datePublished":"2020-08-01T04:10:21+00:00","dateModified":"2020-08-01T04:10:21+00:00","mainEntityOfPage":{"@id":"https:\/\/vosgesinfo.fr\/remiremontinfo\/2020\/08\/week-end-noir-routes\/"},"wordCount":385,"commentCount":0,"publisher":{"@id":"https:\/\/vosgesinfo.fr\/remiremontinfo\/#organization"},"image":{"@id":"https:\/\/vosgesinfo.fr\/remiremontinfo\/2020\/08\/week-end-noir-routes\/#primaryimage"},"thumbnailUrl":"https:\/\/vosgesinfo.fr\/app\/uploads\/sites\/5\/2024\/09\/202008bf-trafic-dim-2at.png","articleSection":["A la Une","Vosges"],"inLanguage":"fr-FR","potentialAction":[{"@type":"CommentAction","name":"Comment","target":["https:\/\/vosgesinfo.fr\/remiremontinfo\/2020\/08\/week-end-noir-routes\/#respond"]}]},{"@type":"WebPage","@id":"https:\/\/vosgesinfo.fr\/remiremontinfo\/2020\/08\/week-end-noir-routes\/","url":"https:\/\/vosgesinfo.fr\/remiremontinfo\/2020\/08\/week-end-noir-routes\/","name":"week-end noir sur les routes - Remiremont Info","isPartOf":{"@id":"https:\/\/vosgesinfo.fr\/remiremontinfo\/#website"},"primaryImageOfPage":{"@id":"https:\/\/vosgesinfo.fr\/remiremontinfo\/2020\/08\/week-end-noir-routes\/#primaryimage"},"image":{"@id":"https:\/\/vosgesinfo.fr\/remiremontinfo\/2020\/08\/week-end-noir-routes\/#primaryimage"},"thumbnailUrl":"https:\/\/vosgesinfo.fr\/app\/uploads\/sites\/5\/2024\/09\/202008bf-trafic-dim-2at.png","datePublished":"2020-08-01T04:10:21+00:00","dateModified":"2020-08-01T04:10:21+00:00","breadcrumb":{"@id":"https:\/\/vosgesinfo.fr\/remiremontinfo\/2020\/08\/week-end-noir-routes\/#breadcrumb"},"inLanguage":"fr-FR","potentialAction":[{"@type":"ReadAction","target":["https:\/\/vosgesinfo.fr\/remiremontinfo\/2020\/08\/week-end-noir-routes\/"]}]},{"@type":"ImageObject","inLanguage":"fr-FR","@id":"https:\/\/vosgesinfo.fr\/remiremontinfo\/2020\/08\/week-end-noir-routes\/#primaryimage","url":"https:\/\/vosgesinfo.fr\/app\/uploads\/sites\/5\/2024\/09\/202008bf-trafic-dim-2at.png","contentUrl":"https:\/\/vosgesinfo.fr\/app\/uploads\/sites\/5\/2024\/09\/202008bf-trafic-dim-2at.png","width":4520,"height":3360},{"@type":"BreadcrumbList","@id":"https:\/\/vosgesinfo.fr\/remiremontinfo\/2020\/08\/week-end-noir-routes\/#breadcrumb","itemListElement":[{"@type":"ListItem","position":1,"name":"Home","item":"https:\/\/vosgesinfo.fr\/remiremontinfo\/"},{"@type":"ListItem","position":2,"name":"week-end noir sur les routes"}]},{"@type":"WebSite","@id":"https:\/\/vosgesinfo.fr\/remiremontinfo\/#website","url":"https:\/\/vosgesinfo.fr\/remiremontinfo\/","name":"Remiremont Info","description":"Toute l&#039;actualit\u00e9 de Remiremont","publisher":{"@id":"https:\/\/vosgesinfo.fr\/remiremontinfo\/#organization"},"alternateName":"Toute l'actualit\u00e9 de Remiremont","potentialAction":[{"@type":"SearchAction","target":{"@type":"EntryPoint","urlTemplate":"https:\/\/vosgesinfo.fr\/remiremontinfo\/?s={search_term_string}"},"query-input":"required name=search_term_string"}],"inLanguage":"fr-FR"},{"@type":"Organization","@id":"https:\/\/vosgesinfo.fr\/remiremontinfo\/#organization","name":"Remiremont Info","url":"https:\/\/vosgesinfo.fr\/remiremontinfo\/","logo":{"@type":"ImageObject","inLanguage":"fr-FR","@id":"https:\/\/vosgesinfo.fr\/remiremontinfo\/#\/schema\/logo\/image\/","url":"https:\/\/vosgesinfo.fr\/app\/uploads\/sites\/5\/2023\/08\/favicon-remiremontinfo.png","contentUrl":"https:\/\/vosgesinfo.fr\/app\/uploads\/sites\/5\/2023\/08\/favicon-remiremontinfo.png","width":512,"height":512,"caption":"Remiremont Info"},"image":{"@id":"https:\/\/vosgesinfo.fr\/remiremontinfo\/#\/schema\/logo\/image\/"},"sameAs":["https:\/\/www.facebook.com\/remiremontinfo","https:\/\/x.com\/VosgesInfo88","https:\/\/www.youtube.com\/@vosgesinfo"]},{"@type":"Person","@id":"https:\/\/vosgesinfo.fr\/remiremontinfo\/#\/schema\/person\/4f57dc393faf2ac8b9f1cab30ad79250","name":"Phj","image":{"@type":"ImageObject","inLanguage":"fr-FR","@id":"https:\/\/vosgesinfo.fr\/remiremontinfo\/#\/schema\/person\/image\/","url":"https:\/\/secure.gravatar.com\/avatar\/ada60265080fb9a89c9809bf0abb1f448a128cb85db1c08905baa5038fbe3cfe?s=96&d=mm&r=g","contentUrl":"https:\/\/secure.gravatar.com\/avatar\/ada60265080fb9a89c9809bf0abb1f448a128cb85db1c08905baa5038fbe3cfe?s=96&d=mm&r=g","caption":"Phj"},"url":"https:\/\/vosgesinfo.fr\/remiremontinfo\/author\/phj\/"}]}},"_links":{"self":[{"href":"https:\/\/vosgesinfo.fr\/remiremontinfo\/wp-json\/wp\/v2\/posts\/29583","targetHints":{"allow":["GET"]}}],"collection":[{"href":"https:\/\/vosgesinfo.fr\/remiremontinfo\/wp-json\/wp\/v2\/posts"}],"about":[{"href":"https:\/\/vosgesinfo.fr\/remiremontinfo\/wp-json\/wp\/v2\/types\/post"}],"author":[{"embeddable":true,"href":"https:\/\/vosgesinfo.fr\/remiremontinfo\/wp-json\/wp\/v2\/users\/39"}],"replies":[{"embeddable":true,"href":"https:\/\/vosgesinfo.fr\/remiremontinfo\/wp-json\/wp\/v2\/comments?post=29583"}],"version-history":[{"count":0,"href":"https:\/\/vosgesinfo.fr\/remiremontinfo\/wp-json\/wp\/v2\/posts\/29583\/revisions"}],"wp:featuredmedia":[{"embeddable":true,"href":"https:\/\/vosgesinfo.fr\/remiremontinfo\/wp-json\/wp\/v2\/media\/29584"}],"wp:attachment":[{"href":"https:\/\/vosgesinfo.fr\/remiremontinfo\/wp-json\/wp\/v2\/media?parent=29583"}],"wp:term":[{"taxonomy":"category","embeddable":true,"href":"https:\/\/vosgesinfo.fr\/remiremontinfo\/wp-json\/wp\/v2\/categories?post=29583"},{"taxonomy":"post_tag","embeddable":true,"href":"https:\/\/vosgesinfo.fr\/remiremontinfo\/wp-json\/wp\/v2\/tags?post=29583"}],"curies":[{"name":"wp","href":"https:\/\/api.w.org\/{rel}","templated":true}]}}