{"id":29594,"date":"2020-08-01T07:17:54","date_gmt":"2020-08-01T05:17:54","guid":{"rendered":"https:\/\/vosgesinfo.fr\/remiremontinfo\/2020\/08\/musulmans-fetent-laid-el-kebir-pendant-4-jours\/"},"modified":"2020-08-01T07:17:54","modified_gmt":"2020-08-01T05:17:54","slug":"musulmans-fetent-laid-el-kebir-pendant-4-jours","status":"publish","type":"post","link":"https:\/\/vosgesinfo.fr\/remiremontinfo\/2020\/08\/musulmans-fetent-laid-el-kebir-pendant-4-jours\/","title":{"rendered":"Les musulmans f\u00eatent l&rsquo;A\u00efd el-K\u00e9bir pendant 4 jours"},"content":{"rendered":"<p><strong>Source LINTERNAUTE<\/strong><\/p>\n<p>La c\u00e9l\u00e9bration de l&rsquo;A\u00efd el-K\u00e9bir m\u00eale une grande pri\u00e8re et des sacrifices traditionnels de moutons qui ont lieu dans le monde entier, donnant lieu \u00e0 un repas de partage avec les proches et des personnes dans le besoin. De la Libye \u00e0 l&rsquo;Albanie en passant par le Mali, le Burkina Faso, la C\u00f4te d&rsquo;Ivoire et m\u00eame les \u00c9tats-Unis, des musulmans du monde entier d\u00e9butent cette c\u00e9l\u00e9bration XXL le m\u00eame jour. La tradition de la \u00ab\u00a0f\u00eate du sacrifice\u00a0\u00bb veut par ailleurs que\u00a0la pri\u00e8re du d\u00e9but de l&rsquo;A\u00efd pr\u00e9c\u00e8de le sacrifice de l&rsquo;animal.\u00a0Apr\u00e8s la pri\u00e8re,\u00a0<strong>la c\u00e9l\u00e9bration\u00a0se d\u00e9roule sur quatre jours.<\/strong><\/p>\n<p><a href=\"https:\/\/remiremontinfo.fr\/2020\/08\/musulmans-fetent-laid-el-kebir-pendant-4-jours\/mouton-aid-al-adha-2\/\" rel=\"attachment wp-att-292102\"><img decoding=\"async\" class=\"alignright wp-image-292102 size-medium\" src=\"\/2020\/08\/mouton-aid-al-adha-384x255.jpg\" alt=\"mouton-aid-al-adha\" width=\"384\" height=\"255\" \/><\/a>Si l&rsquo;A\u00efd el-K\u00e9bir dure plusieurs jours, le premier reste le plus important pour les musulmans. Il\u00a0marque en effet la <strong>fin du p\u00e8lerinage \u00e0 La Mecque<\/strong> et, apr\u00e8s la grande pri\u00e8re collective qui a lieu dans la matin\u00e9e, les fid\u00e8les se retrouvent pour le sacrifice avant de partager un repas ensemble. Cette f\u00eate religieuse \u00e9tant aussi bas\u00e9e sur le partage, une partie de la viande est traditionnellement offerte aux pauvres.\u00a0Les fid\u00e8les mettent pour cette f\u00eate leurs plus beaux habits et multiplient cadeaux et aum\u00f4nes.<\/p>\n<p>Cette ann\u00e9e, le Conseil fran\u00e7ais du culte musulman (CFCM) a \u00e9mis <strong>une s\u00e9rie de recommandations<\/strong> dans ce contexte de \u00ab\u00a0nette augmentation\u00a0\u00bb de la circulation du nouveau <a href=\"https:\/\/www.linternaute.com\/actualite\/guide-vie-quotidienne\/2462477-coronavirus-en-france-le-point-par-region-des-inquietudes-sur-les-rassemblements-de-l-ete\/\" target=\"_blank\" rel=\"noopener\">coronavirus en France<\/a>. <em>\u00ab\u00a0Cette f\u00eate intervient cette ann\u00e9e dans un contexte particulier. La Covid-19\u00a0est un risque qui p\u00e8se encore sur nous. La maladie n&rsquo;a pas disparu, tant s&rsquo;en faut. Il est donc important <strong>de continuer \u00e0 respecter les gestes barri\u00e8res et la distanciation physique<\/strong>\u00ab\u00a0, a ainsi rappel\u00e9 le Conseil dans un communiqu\u00e9<\/em><\/p>\n<p><span style=\"color: #000000;\"><strong>Pour en savoir plus :<\/strong><\/span> <strong><span style=\"color: #0000ff;\">https:\/\/www.linternaute.com\/actualite\/guide-vie-quotidienne\/1242541-aid-el-kebir-la-fete-du-sacrifice-musulmane-a-lieu-ce-31-juillet-recommandations-et-infos-cles\/<\/span><\/strong><\/p>\n","protected":false},"excerpt":{"rendered":"<p>Source LINTERNAUTE La c\u00e9l\u00e9bration de l&rsquo;A\u00efd el-K\u00e9bir m\u00eale une grande pri\u00e8re et des sacrifices traditionnels de moutons qui ont lieu [&hellip;]<\/p>\n","protected":false},"author":39,"featured_media":29595,"comment_status":"open","ping_status":"open","sticky":false,"template":"","format":"standard","meta":{"footnotes":""},"categories":[26,18],"tags":[],"class_list":["post-29594","post","type-post","status-publish","format-standard","has-post-thumbnail","hentry","category-a-la-une","category-vosges"],"acf":[],"yoast_head":"<!-- This site is optimized with the Yoast SEO plugin v22.5 - https:\/\/yoast.com\/wordpress\/plugins\/seo\/ -->\n<title>Les musulmans f\u00eatent l&#039;A\u00efd el-K\u00e9bir pendant 4 jours - Remiremont Info<\/title>\n<meta name=\"robots\" content=\"index, follow, max-snippet:-1, max-image-preview:large, max-video-preview:-1\" \/>\n<link rel=\"canonical\" href=\"https:\/\/vosgesinfo.fr\/remiremontinfo\/2020\/08\/musulmans-fetent-laid-el-kebir-pendant-4-jours\/\" \/>\n<meta name=\"twitter:card\" content=\"summary_large_image\" \/>\n<meta name=\"twitter:title\" content=\"Les musulmans f\u00eatent l&#039;A\u00efd el-K\u00e9bir pendant 4 jours - Remiremont Info\" \/>\n<meta name=\"twitter:description\" content=\"Source LINTERNAUTE La c\u00e9l\u00e9bration de l&rsquo;A\u00efd el-K\u00e9bir m\u00eale une grande pri\u00e8re et des sacrifices traditionnels de moutons qui ont lieu [&hellip;]\" \/>\n<meta name=\"twitter:image\" content=\"https:\/\/vosgesinfo.fr\/app\/uploads\/sites\/5\/2024\/09\/202008mouton-aid-al-adha.jpg\" \/>\n<meta name=\"twitter:creator\" content=\"@VosgesInfo88\" \/>\n<meta name=\"twitter:site\" content=\"@VosgesInfo88\" \/>\n<meta name=\"twitter:label1\" content=\"\u00c9crit par\" \/>\n\t<meta name=\"twitter:data1\" content=\"Phj\" \/>\n\t<meta name=\"twitter:label2\" content=\"Dur\u00e9e de lecture estim\u00e9e\" \/>\n\t<meta name=\"twitter:data2\" content=\"2 minutes\" \/>\n<script type=\"application\/ld+json\" class=\"yoast-schema-graph\">{\"@context\":\"https:\/\/schema.org\",\"@graph\":[{\"@type\":\"Article\",\"@id\":\"https:\/\/vosgesinfo.fr\/remiremontinfo\/2020\/08\/musulmans-fetent-laid-el-kebir-pendant-4-jours\/#article\",\"isPartOf\":{\"@id\":\"https:\/\/vosgesinfo.fr\/remiremontinfo\/2020\/08\/musulmans-fetent-laid-el-kebir-pendant-4-jours\/\"},\"author\":{\"name\":\"Phj\",\"@id\":\"https:\/\/vosgesinfo.fr\/remiremontinfo\/#\/schema\/person\/4f57dc393faf2ac8b9f1cab30ad79250\"},\"headline\":\"Les musulmans f\u00eatent l&rsquo;A\u00efd el-K\u00e9bir pendant 4 jours\",\"datePublished\":\"2020-08-01T05:17:54+00:00\",\"dateModified\":\"2020-08-01T05:17:54+00:00\",\"mainEntityOfPage\":{\"@id\":\"https:\/\/vosgesinfo.fr\/remiremontinfo\/2020\/08\/musulmans-fetent-laid-el-kebir-pendant-4-jours\/\"},\"wordCount\":337,\"commentCount\":0,\"publisher\":{\"@id\":\"https:\/\/vosgesinfo.fr\/remiremontinfo\/#organization\"},\"image\":{\"@id\":\"https:\/\/vosgesinfo.fr\/remiremontinfo\/2020\/08\/musulmans-fetent-laid-el-kebir-pendant-4-jours\/#primaryimage\"},\"thumbnailUrl\":\"https:\/\/vosgesinfo.fr\/app\/uploads\/sites\/5\/2024\/09\/202008mouton-aid-al-adha.jpg\",\"articleSection\":[\"A la Une\",\"Vosges\"],\"inLanguage\":\"fr-FR\",\"potentialAction\":[{\"@type\":\"CommentAction\",\"name\":\"Comment\",\"target\":[\"https:\/\/vosgesinfo.fr\/remiremontinfo\/2020\/08\/musulmans-fetent-laid-el-kebir-pendant-4-jours\/#respond\"]}]},{\"@type\":\"WebPage\",\"@id\":\"https:\/\/vosgesinfo.fr\/remiremontinfo\/2020\/08\/musulmans-fetent-laid-el-kebir-pendant-4-jours\/\",\"url\":\"https:\/\/vosgesinfo.fr\/remiremontinfo\/2020\/08\/musulmans-fetent-laid-el-kebir-pendant-4-jours\/\",\"name\":\"Les musulmans f\u00eatent l'A\u00efd el-K\u00e9bir pendant 4 jours - Remiremont Info\",\"isPartOf\":{\"@id\":\"https:\/\/vosgesinfo.fr\/remiremontinfo\/#website\"},\"primaryImageOfPage\":{\"@id\":\"https:\/\/vosgesinfo.fr\/remiremontinfo\/2020\/08\/musulmans-fetent-laid-el-kebir-pendant-4-jours\/#primaryimage\"},\"image\":{\"@id\":\"https:\/\/vosgesinfo.fr\/remiremontinfo\/2020\/08\/musulmans-fetent-laid-el-kebir-pendant-4-jours\/#primaryimage\"},\"thumbnailUrl\":\"https:\/\/vosgesinfo.fr\/app\/uploads\/sites\/5\/2024\/09\/202008mouton-aid-al-adha.jpg\",\"datePublished\":\"2020-08-01T05:17:54+00:00\",\"dateModified\":\"2020-08-01T05:17:54+00:00\",\"breadcrumb\":{\"@id\":\"https:\/\/vosgesinfo.fr\/remiremontinfo\/2020\/08\/musulmans-fetent-laid-el-kebir-pendant-4-jours\/#breadcrumb\"},\"inLanguage\":\"fr-FR\",\"potentialAction\":[{\"@type\":\"ReadAction\",\"target\":[\"https:\/\/vosgesinfo.fr\/remiremontinfo\/2020\/08\/musulmans-fetent-laid-el-kebir-pendant-4-jours\/\"]}]},{\"@type\":\"ImageObject\",\"inLanguage\":\"fr-FR\",\"@id\":\"https:\/\/vosgesinfo.fr\/remiremontinfo\/2020\/08\/musulmans-fetent-laid-el-kebir-pendant-4-jours\/#primaryimage\",\"url\":\"https:\/\/vosgesinfo.fr\/app\/uploads\/sites\/5\/2024\/09\/202008mouton-aid-al-adha.jpg\",\"contentUrl\":\"https:\/\/vosgesinfo.fr\/app\/uploads\/sites\/5\/2024\/09\/202008mouton-aid-al-adha.jpg\",\"width\":500,\"height\":332},{\"@type\":\"BreadcrumbList\",\"@id\":\"https:\/\/vosgesinfo.fr\/remiremontinfo\/2020\/08\/musulmans-fetent-laid-el-kebir-pendant-4-jours\/#breadcrumb\",\"itemListElement\":[{\"@type\":\"ListItem\",\"position\":1,\"name\":\"Home\",\"item\":\"https:\/\/vosgesinfo.fr\/remiremontinfo\/\"},{\"@type\":\"ListItem\",\"position\":2,\"name\":\"Les musulmans f\u00eatent l&rsquo;A\u00efd el-K\u00e9bir pendant 4 jours\"}]},{\"@type\":\"WebSite\",\"@id\":\"https:\/\/vosgesinfo.fr\/remiremontinfo\/#website\",\"url\":\"https:\/\/vosgesinfo.fr\/remiremontinfo\/\",\"name\":\"Remiremont Info\",\"description\":\"Toute l&#039;actualit\u00e9 de Remiremont\",\"publisher\":{\"@id\":\"https:\/\/vosgesinfo.fr\/remiremontinfo\/#organization\"},\"alternateName\":\"Toute l'actualit\u00e9 de Remiremont\",\"potentialAction\":[{\"@type\":\"SearchAction\",\"target\":{\"@type\":\"EntryPoint\",\"urlTemplate\":\"https:\/\/vosgesinfo.fr\/remiremontinfo\/?s={search_term_string}\"},\"query-input\":\"required name=search_term_string\"}],\"inLanguage\":\"fr-FR\"},{\"@type\":\"Organization\",\"@id\":\"https:\/\/vosgesinfo.fr\/remiremontinfo\/#organization\",\"name\":\"Remiremont Info\",\"url\":\"https:\/\/vosgesinfo.fr\/remiremontinfo\/\",\"logo\":{\"@type\":\"ImageObject\",\"inLanguage\":\"fr-FR\",\"@id\":\"https:\/\/vosgesinfo.fr\/remiremontinfo\/#\/schema\/logo\/image\/\",\"url\":\"https:\/\/vosgesinfo.fr\/app\/uploads\/sites\/5\/2023\/08\/favicon-remiremontinfo.png\",\"contentUrl\":\"https:\/\/vosgesinfo.fr\/app\/uploads\/sites\/5\/2023\/08\/favicon-remiremontinfo.png\",\"width\":512,\"height\":512,\"caption\":\"Remiremont Info\"},\"image\":{\"@id\":\"https:\/\/vosgesinfo.fr\/remiremontinfo\/#\/schema\/logo\/image\/\"},\"sameAs\":[\"https:\/\/www.facebook.com\/remiremontinfo\",\"https:\/\/x.com\/VosgesInfo88\",\"https:\/\/www.youtube.com\/@vosgesinfo\"]},{\"@type\":\"Person\",\"@id\":\"https:\/\/vosgesinfo.fr\/remiremontinfo\/#\/schema\/person\/4f57dc393faf2ac8b9f1cab30ad79250\",\"name\":\"Phj\",\"image\":{\"@type\":\"ImageObject\",\"inLanguage\":\"fr-FR\",\"@id\":\"https:\/\/vosgesinfo.fr\/remiremontinfo\/#\/schema\/person\/image\/\",\"url\":\"https:\/\/secure.gravatar.com\/avatar\/ada60265080fb9a89c9809bf0abb1f448a128cb85db1c08905baa5038fbe3cfe?s=96&d=mm&r=g\",\"contentUrl\":\"https:\/\/secure.gravatar.com\/avatar\/ada60265080fb9a89c9809bf0abb1f448a128cb85db1c08905baa5038fbe3cfe?s=96&d=mm&r=g\",\"caption\":\"Phj\"},\"url\":\"https:\/\/vosgesinfo.fr\/remiremontinfo\/author\/phj\/\"}]}<\/script>\n<!-- \/ Yoast SEO plugin. -->","yoast_head_json":{"title":"Les musulmans f\u00eatent l'A\u00efd el-K\u00e9bir pendant 4 jours - Remiremont Info","robots":{"index":"index","follow":"follow","max-snippet":"max-snippet:-1","max-image-preview":"max-image-preview:large","max-video-preview":"max-video-preview:-1"},"canonical":"https:\/\/vosgesinfo.fr\/remiremontinfo\/2020\/08\/musulmans-fetent-laid-el-kebir-pendant-4-jours\/","twitter_card":"summary_large_image","twitter_title":"Les musulmans f\u00eatent l'A\u00efd el-K\u00e9bir pendant 4 jours - Remiremont Info","twitter_description":"Source LINTERNAUTE La c\u00e9l\u00e9bration de l&rsquo;A\u00efd el-K\u00e9bir m\u00eale une grande pri\u00e8re et des sacrifices traditionnels de moutons qui ont lieu [&hellip;]","twitter_image":"https:\/\/vosgesinfo.fr\/app\/uploads\/sites\/5\/2024\/09\/202008mouton-aid-al-adha.jpg","twitter_creator":"@VosgesInfo88","twitter_site":"@VosgesInfo88","twitter_misc":{"\u00c9crit par":"Phj","Dur\u00e9e de lecture estim\u00e9e":"2 minutes"},"schema":{"@context":"https:\/\/schema.org","@graph":[{"@type":"Article","@id":"https:\/\/vosgesinfo.fr\/remiremontinfo\/2020\/08\/musulmans-fetent-laid-el-kebir-pendant-4-jours\/#article","isPartOf":{"@id":"https:\/\/vosgesinfo.fr\/remiremontinfo\/2020\/08\/musulmans-fetent-laid-el-kebir-pendant-4-jours\/"},"author":{"name":"Phj","@id":"https:\/\/vosgesinfo.fr\/remiremontinfo\/#\/schema\/person\/4f57dc393faf2ac8b9f1cab30ad79250"},"headline":"Les musulmans f\u00eatent l&rsquo;A\u00efd el-K\u00e9bir pendant 4 jours","datePublished":"2020-08-01T05:17:54+00:00","dateModified":"2020-08-01T05:17:54+00:00","mainEntityOfPage":{"@id":"https:\/\/vosgesinfo.fr\/remiremontinfo\/2020\/08\/musulmans-fetent-laid-el-kebir-pendant-4-jours\/"},"wordCount":337,"commentCount":0,"publisher":{"@id":"https:\/\/vosgesinfo.fr\/remiremontinfo\/#organization"},"image":{"@id":"https:\/\/vosgesinfo.fr\/remiremontinfo\/2020\/08\/musulmans-fetent-laid-el-kebir-pendant-4-jours\/#primaryimage"},"thumbnailUrl":"https:\/\/vosgesinfo.fr\/app\/uploads\/sites\/5\/2024\/09\/202008mouton-aid-al-adha.jpg","articleSection":["A la Une","Vosges"],"inLanguage":"fr-FR","potentialAction":[{"@type":"CommentAction","name":"Comment","target":["https:\/\/vosgesinfo.fr\/remiremontinfo\/2020\/08\/musulmans-fetent-laid-el-kebir-pendant-4-jours\/#respond"]}]},{"@type":"WebPage","@id":"https:\/\/vosgesinfo.fr\/remiremontinfo\/2020\/08\/musulmans-fetent-laid-el-kebir-pendant-4-jours\/","url":"https:\/\/vosgesinfo.fr\/remiremontinfo\/2020\/08\/musulmans-fetent-laid-el-kebir-pendant-4-jours\/","name":"Les musulmans f\u00eatent l'A\u00efd el-K\u00e9bir pendant 4 jours - Remiremont Info","isPartOf":{"@id":"https:\/\/vosgesinfo.fr\/remiremontinfo\/#website"},"primaryImageOfPage":{"@id":"https:\/\/vosgesinfo.fr\/remiremontinfo\/2020\/08\/musulmans-fetent-laid-el-kebir-pendant-4-jours\/#primaryimage"},"image":{"@id":"https:\/\/vosgesinfo.fr\/remiremontinfo\/2020\/08\/musulmans-fetent-laid-el-kebir-pendant-4-jours\/#primaryimage"},"thumbnailUrl":"https:\/\/vosgesinfo.fr\/app\/uploads\/sites\/5\/2024\/09\/202008mouton-aid-al-adha.jpg","datePublished":"2020-08-01T05:17:54+00:00","dateModified":"2020-08-01T05:17:54+00:00","breadcrumb":{"@id":"https:\/\/vosgesinfo.fr\/remiremontinfo\/2020\/08\/musulmans-fetent-laid-el-kebir-pendant-4-jours\/#breadcrumb"},"inLanguage":"fr-FR","potentialAction":[{"@type":"ReadAction","target":["https:\/\/vosgesinfo.fr\/remiremontinfo\/2020\/08\/musulmans-fetent-laid-el-kebir-pendant-4-jours\/"]}]},{"@type":"ImageObject","inLanguage":"fr-FR","@id":"https:\/\/vosgesinfo.fr\/remiremontinfo\/2020\/08\/musulmans-fetent-laid-el-kebir-pendant-4-jours\/#primaryimage","url":"https:\/\/vosgesinfo.fr\/app\/uploads\/sites\/5\/2024\/09\/202008mouton-aid-al-adha.jpg","contentUrl":"https:\/\/vosgesinfo.fr\/app\/uploads\/sites\/5\/2024\/09\/202008mouton-aid-al-adha.jpg","width":500,"height":332},{"@type":"BreadcrumbList","@id":"https:\/\/vosgesinfo.fr\/remiremontinfo\/2020\/08\/musulmans-fetent-laid-el-kebir-pendant-4-jours\/#breadcrumb","itemListElement":[{"@type":"ListItem","position":1,"name":"Home","item":"https:\/\/vosgesinfo.fr\/remiremontinfo\/"},{"@type":"ListItem","position":2,"name":"Les musulmans f\u00eatent l&rsquo;A\u00efd el-K\u00e9bir pendant 4 jours"}]},{"@type":"WebSite","@id":"https:\/\/vosgesinfo.fr\/remiremontinfo\/#website","url":"https:\/\/vosgesinfo.fr\/remiremontinfo\/","name":"Remiremont Info","description":"Toute l&#039;actualit\u00e9 de Remiremont","publisher":{"@id":"https:\/\/vosgesinfo.fr\/remiremontinfo\/#organization"},"alternateName":"Toute l'actualit\u00e9 de Remiremont","potentialAction":[{"@type":"SearchAction","target":{"@type":"EntryPoint","urlTemplate":"https:\/\/vosgesinfo.fr\/remiremontinfo\/?s={search_term_string}"},"query-input":"required name=search_term_string"}],"inLanguage":"fr-FR"},{"@type":"Organization","@id":"https:\/\/vosgesinfo.fr\/remiremontinfo\/#organization","name":"Remiremont Info","url":"https:\/\/vosgesinfo.fr\/remiremontinfo\/","logo":{"@type":"ImageObject","inLanguage":"fr-FR","@id":"https:\/\/vosgesinfo.fr\/remiremontinfo\/#\/schema\/logo\/image\/","url":"https:\/\/vosgesinfo.fr\/app\/uploads\/sites\/5\/2023\/08\/favicon-remiremontinfo.png","contentUrl":"https:\/\/vosgesinfo.fr\/app\/uploads\/sites\/5\/2023\/08\/favicon-remiremontinfo.png","width":512,"height":512,"caption":"Remiremont Info"},"image":{"@id":"https:\/\/vosgesinfo.fr\/remiremontinfo\/#\/schema\/logo\/image\/"},"sameAs":["https:\/\/www.facebook.com\/remiremontinfo","https:\/\/x.com\/VosgesInfo88","https:\/\/www.youtube.com\/@vosgesinfo"]},{"@type":"Person","@id":"https:\/\/vosgesinfo.fr\/remiremontinfo\/#\/schema\/person\/4f57dc393faf2ac8b9f1cab30ad79250","name":"Phj","image":{"@type":"ImageObject","inLanguage":"fr-FR","@id":"https:\/\/vosgesinfo.fr\/remiremontinfo\/#\/schema\/person\/image\/","url":"https:\/\/secure.gravatar.com\/avatar\/ada60265080fb9a89c9809bf0abb1f448a128cb85db1c08905baa5038fbe3cfe?s=96&d=mm&r=g","contentUrl":"https:\/\/secure.gravatar.com\/avatar\/ada60265080fb9a89c9809bf0abb1f448a128cb85db1c08905baa5038fbe3cfe?s=96&d=mm&r=g","caption":"Phj"},"url":"https:\/\/vosgesinfo.fr\/remiremontinfo\/author\/phj\/"}]}},"_links":{"self":[{"href":"https:\/\/vosgesinfo.fr\/remiremontinfo\/wp-json\/wp\/v2\/posts\/29594","targetHints":{"allow":["GET"]}}],"collection":[{"href":"https:\/\/vosgesinfo.fr\/remiremontinfo\/wp-json\/wp\/v2\/posts"}],"about":[{"href":"https:\/\/vosgesinfo.fr\/remiremontinfo\/wp-json\/wp\/v2\/types\/post"}],"author":[{"embeddable":true,"href":"https:\/\/vosgesinfo.fr\/remiremontinfo\/wp-json\/wp\/v2\/users\/39"}],"replies":[{"embeddable":true,"href":"https:\/\/vosgesinfo.fr\/remiremontinfo\/wp-json\/wp\/v2\/comments?post=29594"}],"version-history":[{"count":0,"href":"https:\/\/vosgesinfo.fr\/remiremontinfo\/wp-json\/wp\/v2\/posts\/29594\/revisions"}],"wp:featuredmedia":[{"embeddable":true,"href":"https:\/\/vosgesinfo.fr\/remiremontinfo\/wp-json\/wp\/v2\/media\/29595"}],"wp:attachment":[{"href":"https:\/\/vosgesinfo.fr\/remiremontinfo\/wp-json\/wp\/v2\/media?parent=29594"}],"wp:term":[{"taxonomy":"category","embeddable":true,"href":"https:\/\/vosgesinfo.fr\/remiremontinfo\/wp-json\/wp\/v2\/categories?post=29594"},{"taxonomy":"post_tag","embeddable":true,"href":"https:\/\/vosgesinfo.fr\/remiremontinfo\/wp-json\/wp\/v2\/tags?post=29594"}],"curies":[{"name":"wp","href":"https:\/\/api.w.org\/{rel}","templated":true}]}}