{"id":2972,"date":"2023-11-28T11:00:04","date_gmt":"2023-11-28T10:00:04","guid":{"rendered":"https:\/\/vosgesinfo.fr\/remiremontinfo\/2023\/11\/pieton-tue-a-cornimont-la-conductrice-condamnee-a-un-an-de-prison-avec-sursis\/"},"modified":"2023-11-28T11:00:04","modified_gmt":"2023-11-28T10:00:04","slug":"pieton-tue-a-cornimont-la-conductrice-condamnee-a-un-an-de-prison-avec-sursis","status":"publish","type":"post","link":"https:\/\/vosgesinfo.fr\/remiremontinfo\/2023\/11\/pieton-tue-a-cornimont-la-conductrice-condamnee-a-un-an-de-prison-avec-sursis\/","title":{"rendered":"Pi\u00e9ton tu\u00e9 \u00e0 Cornimont : la conductrice condamn\u00e9e \u00e0 un an de prison avec sursis"},"content":{"rendered":"<h2><\/h2>\n<div id=\"attachment_376619\" style=\"width: 810px\" class=\"wp-caption aligncenter\"><a href=\"https:\/\/vosgesinfo.fr\/app\/uploads\/sites\/5\/2023\/09\/tribunal-epinal.2jpg-800x602-1.jpg\"><img decoding=\"async\" aria-describedby=\"caption-attachment-376619\" class=\"size-full wp-image-376619\" src=\"https:\/\/vosgesinfo.fr\/app\/uploads\/sites\/5\/2023\/09\/tribunal-epinal.2jpg-800x602-1.jpg\" alt=\"Le tribunal d'Epinal a condamn\u00e9 une sexag\u00e9naire \u00e0 un an de prison avec sursis \" width=\"800\" height=\"602\" \/><\/a><p id=\"caption-attachment-376619\" class=\"wp-caption-text\">Le tribunal d&rsquo;Epinal a condamn\u00e9 la femme de 68 ans \u00e0 un an de prison avec sursis\/Photo d&rsquo;illustration<\/p><\/div>\n<h2><\/h2>\n<h2><span style=\"font-size: 14pt;\">Une sexag\u00e9naire a \u00e9t\u00e9 condamn\u00e9e par le tribunal d&rsquo;Epinal jeudi dernier \u00e0 un an de prison avec sursis pour avoir provoqu\u00e9 la mort d&rsquo;un homme de 70 ans en d\u00e9cembre 2022 \u00e0 Cornimont. Elle avait percut\u00e9e l&rsquo;homme et sa ni\u00e8ce sur un passage pi\u00e9tions dans la rue de la 3\u00e8me DIA en face de l&rsquo;\u00e9glise de la commune.<\/span><\/h2>\n<p>Les faits se sont d\u00e9roul\u00e9s il y a un peu moins d&rsquo;un an. Le 11 d\u00e9cembre dernier, vers 10h40, un septuag\u00e9naire\u00a0 et sa ni\u00e8ce s&rsquo;engagent sur le passage pi\u00e9tons, rue de la 3\u00e8me DIA en face de l&rsquo;\u00e9glise \u00e0 Cornimont. C&rsquo;est alors qu&rsquo;une sexag\u00e9naire, au volant de son Renault Kangoo, s&rsquo;engage sur la route et percute le duo. Si la femme est projet\u00e9e quelques m\u00e8tres plus loin, l&rsquo;homme est emport\u00e9 par le capot du v\u00e9hicule avant que les quatre roues de celui-ci ne lui passent dessus. Dans un \u00e9tat grave, il avait \u00e9t\u00e9 transport\u00e9 au Centre Hospitalier de Nancy. Il d\u00e9c\u00e9dera de ses blessures deux mois plus tard, le 14 f\u00e9vrier 2023.<\/p>\n<div id=\"attachment_380128\" style=\"width: 970px\" class=\"wp-caption aligncenter\"><a href=\"https:\/\/remiremontinfo.fr\/wp-content\/uploads\/2023\/11\/p\u00e9tion-tu\u00e9-cornimont.jpg\"><img decoding=\"async\" aria-describedby=\"caption-attachment-380128\" class=\"size-large wp-image-380128\" src=\"https:\/\/vosgesinfo.fr\/app\/uploads\/sites\/5\/2023\/11\/petion-tue-cornimont.jpg\" alt=\"Le 11 d\u00e9cembre dernier, c'est devant l'\u00e9glise de Cornimont que s'est produit le drame\/ Photo d'achives\" width=\"960\" height=\"430\" \/><\/a><p id=\"caption-attachment-380128\" class=\"wp-caption-text\">Le 11 d\u00e9cembre dernier, c&rsquo;est devant l&rsquo;\u00e9glise de Cornimont que s&rsquo;est produit le drame\/ Photo d&rsquo;archives<\/p><\/div>\n<p>Mais alors comment est-ce qu&rsquo;un drame comme celui-ci \u00e0 pu se produire ? Devant le tribunal d&rsquo;Epinal, o\u00f9 elle \u00e9tait jug\u00e9e jeudi 9 novembre, la conductrice a expliqu\u00e9 qu&rsquo;elle avait mal d\u00e9givr\u00e9 son pare-brise, obstruant ainsi sa vision et le passage des deux pi\u00e9tions sur la chauss\u00e9e. La raison de cette pr\u00e9cipitation ? Il faisait froid le jour du drame et l&rsquo;accus\u00e9e voulait se d\u00e9p\u00eacher pour aller acheter une bouteille de gaz. Devant l&rsquo;assistance, la femme de 68 ans, adjointe au maire de Cornimont, a reconnu s&rsquo;\u00eatre pr\u00e9cipit\u00e9e pour de mauvaises raisons.<\/p>\n<h3>Un an de prison avec sursis pour la conductrice<\/h3>\n<p>Reste que les cons\u00e9quences de son acte sont tragiques. La ni\u00e8ce du d\u00e9funt, qui consid\u00e9rait son oncle comme son \u00ab\u00a0papa\u00a0\u00bb, se dit \u00ab\u00a0d\u00e9truite\u00a0\u00bb. Fragilis\u00e9e par ce drame, elle a notamment \u00e9t\u00e9 hospitalis\u00e9e pendant deux mois avant de reprendre le travail en mi-temps th\u00e9rapeutique. Jeudi 28 novembre, le tribunal d&rsquo;Epinal a condamn\u00e9 la conductrice du v\u00e9hicule \u00e0 un an de prison avec sursis. Le tribunal d&rsquo;Epinal a accept\u00e9 un renvoi sur int\u00e9r\u00eats civils pour diligenter une expertise afin de d\u00e9finir le montant du pr\u00e9judice subi par la ni\u00e8ce de la victime.\u00a0 Dans l&rsquo;attente de cette expertise, une provision de 4000 euros a \u00e9t\u00e9 accord\u00e9e.<\/p>\n<p>J.C<\/p>\n<p>&nbsp;<\/p>\n","protected":false},"excerpt":{"rendered":"<p>Une sexag\u00e9naire a \u00e9t\u00e9 condamn\u00e9e par le tribunal d&rsquo;Epinal jeudi dernier \u00e0 un an de prison avec sursis pour avoir [&hellip;]<\/p>\n","protected":false},"author":414,"featured_media":1213,"comment_status":"open","ping_status":"open","sticky":false,"template":"","format":"standard","meta":{"footnotes":""},"categories":[26,34,138,25],"tags":[],"class_list":["post-2972","post","type-post","status-publish","format-standard","has-post-thumbnail","hentry","category-a-la-une","category-cornimont","category-justice","category-la-bresse-son-canton"],"acf":[],"yoast_head":"<!-- This site is optimized with the Yoast SEO plugin v22.5 - https:\/\/yoast.com\/wordpress\/plugins\/seo\/ -->\n<title>Pi\u00e9ton tu\u00e9 \u00e0 Cornimont : la conductrice condamn\u00e9e \u00e0 un an de prison avec sursis - Remiremont Info<\/title>\n<meta name=\"robots\" content=\"index, follow, max-snippet:-1, max-image-preview:large, max-video-preview:-1\" \/>\n<link rel=\"canonical\" href=\"https:\/\/vosgesinfo.fr\/remiremontinfo\/2023\/11\/pieton-tue-a-cornimont-la-conductrice-condamnee-a-un-an-de-prison-avec-sursis\/\" \/>\n<meta name=\"twitter:card\" content=\"summary_large_image\" \/>\n<meta name=\"twitter:title\" content=\"Pi\u00e9ton tu\u00e9 \u00e0 Cornimont : la conductrice condamn\u00e9e \u00e0 un an de prison avec sursis - Remiremont Info\" \/>\n<meta name=\"twitter:description\" content=\"Une sexag\u00e9naire a \u00e9t\u00e9 condamn\u00e9e par le tribunal d&rsquo;Epinal jeudi dernier \u00e0 un an de prison avec sursis pour avoir [&hellip;]\" \/>\n<meta name=\"twitter:image\" content=\"https:\/\/vosgesinfo.fr\/app\/uploads\/sites\/5\/2023\/09\/tribunal-epinal.2jpg-800x602-1.jpg\" \/>\n<meta name=\"twitter:creator\" content=\"@VosgesInfo88\" \/>\n<meta name=\"twitter:site\" content=\"@VosgesInfo88\" \/>\n<meta name=\"twitter:label1\" content=\"\u00c9crit par\" \/>\n\t<meta name=\"twitter:data1\" content=\"Julien Chassard\" \/>\n\t<meta name=\"twitter:label2\" content=\"Dur\u00e9e de lecture estim\u00e9e\" \/>\n\t<meta name=\"twitter:data2\" content=\"2 minutes\" \/>\n<script type=\"application\/ld+json\" class=\"yoast-schema-graph\">{\"@context\":\"https:\/\/schema.org\",\"@graph\":[{\"@type\":\"Article\",\"@id\":\"https:\/\/vosgesinfo.fr\/remiremontinfo\/2023\/11\/pieton-tue-a-cornimont-la-conductrice-condamnee-a-un-an-de-prison-avec-sursis\/#article\",\"isPartOf\":{\"@id\":\"https:\/\/vosgesinfo.fr\/remiremontinfo\/2023\/11\/pieton-tue-a-cornimont-la-conductrice-condamnee-a-un-an-de-prison-avec-sursis\/\"},\"author\":{\"name\":\"Julien Chassard\",\"@id\":\"https:\/\/vosgesinfo.fr\/remiremontinfo\/#\/schema\/person\/9f7d5afbed21dfe30e21502db85507c8\"},\"headline\":\"Pi\u00e9ton tu\u00e9 \u00e0 Cornimont : la conductrice condamn\u00e9e \u00e0 un an de prison avec sursis\",\"datePublished\":\"2023-11-28T10:00:04+00:00\",\"dateModified\":\"2023-11-28T10:00:04+00:00\",\"mainEntityOfPage\":{\"@id\":\"https:\/\/vosgesinfo.fr\/remiremontinfo\/2023\/11\/pieton-tue-a-cornimont-la-conductrice-condamnee-a-un-an-de-prison-avec-sursis\/\"},\"wordCount\":492,\"commentCount\":0,\"publisher\":{\"@id\":\"https:\/\/vosgesinfo.fr\/remiremontinfo\/#organization\"},\"image\":{\"@id\":\"https:\/\/vosgesinfo.fr\/remiremontinfo\/2023\/11\/pieton-tue-a-cornimont-la-conductrice-condamnee-a-un-an-de-prison-avec-sursis\/#primaryimage\"},\"thumbnailUrl\":\"https:\/\/vosgesinfo.fr\/app\/uploads\/sites\/5\/2023\/09\/tribunal-epinal.2jpg-800x602-1.jpg\",\"articleSection\":[\"A la Une\",\"Cornimont\",\"Justice\",\"La Bresse &amp; son canton\"],\"inLanguage\":\"fr-FR\",\"potentialAction\":[{\"@type\":\"CommentAction\",\"name\":\"Comment\",\"target\":[\"https:\/\/vosgesinfo.fr\/remiremontinfo\/2023\/11\/pieton-tue-a-cornimont-la-conductrice-condamnee-a-un-an-de-prison-avec-sursis\/#respond\"]}]},{\"@type\":\"WebPage\",\"@id\":\"https:\/\/vosgesinfo.fr\/remiremontinfo\/2023\/11\/pieton-tue-a-cornimont-la-conductrice-condamnee-a-un-an-de-prison-avec-sursis\/\",\"url\":\"https:\/\/vosgesinfo.fr\/remiremontinfo\/2023\/11\/pieton-tue-a-cornimont-la-conductrice-condamnee-a-un-an-de-prison-avec-sursis\/\",\"name\":\"Pi\u00e9ton tu\u00e9 \u00e0 Cornimont : la conductrice condamn\u00e9e \u00e0 un an de prison avec sursis - Remiremont Info\",\"isPartOf\":{\"@id\":\"https:\/\/vosgesinfo.fr\/remiremontinfo\/#website\"},\"primaryImageOfPage\":{\"@id\":\"https:\/\/vosgesinfo.fr\/remiremontinfo\/2023\/11\/pieton-tue-a-cornimont-la-conductrice-condamnee-a-un-an-de-prison-avec-sursis\/#primaryimage\"},\"image\":{\"@id\":\"https:\/\/vosgesinfo.fr\/remiremontinfo\/2023\/11\/pieton-tue-a-cornimont-la-conductrice-condamnee-a-un-an-de-prison-avec-sursis\/#primaryimage\"},\"thumbnailUrl\":\"https:\/\/vosgesinfo.fr\/app\/uploads\/sites\/5\/2023\/09\/tribunal-epinal.2jpg-800x602-1.jpg\",\"datePublished\":\"2023-11-28T10:00:04+00:00\",\"dateModified\":\"2023-11-28T10:00:04+00:00\",\"breadcrumb\":{\"@id\":\"https:\/\/vosgesinfo.fr\/remiremontinfo\/2023\/11\/pieton-tue-a-cornimont-la-conductrice-condamnee-a-un-an-de-prison-avec-sursis\/#breadcrumb\"},\"inLanguage\":\"fr-FR\",\"potentialAction\":[{\"@type\":\"ReadAction\",\"target\":[\"https:\/\/vosgesinfo.fr\/remiremontinfo\/2023\/11\/pieton-tue-a-cornimont-la-conductrice-condamnee-a-un-an-de-prison-avec-sursis\/\"]}]},{\"@type\":\"ImageObject\",\"inLanguage\":\"fr-FR\",\"@id\":\"https:\/\/vosgesinfo.fr\/remiremontinfo\/2023\/11\/pieton-tue-a-cornimont-la-conductrice-condamnee-a-un-an-de-prison-avec-sursis\/#primaryimage\",\"url\":\"https:\/\/vosgesinfo.fr\/app\/uploads\/sites\/5\/2023\/09\/tribunal-epinal.2jpg-800x602-1.jpg\",\"contentUrl\":\"https:\/\/vosgesinfo.fr\/app\/uploads\/sites\/5\/2023\/09\/tribunal-epinal.2jpg-800x602-1.jpg\",\"width\":800,\"height\":602},{\"@type\":\"BreadcrumbList\",\"@id\":\"https:\/\/vosgesinfo.fr\/remiremontinfo\/2023\/11\/pieton-tue-a-cornimont-la-conductrice-condamnee-a-un-an-de-prison-avec-sursis\/#breadcrumb\",\"itemListElement\":[{\"@type\":\"ListItem\",\"position\":1,\"name\":\"Home\",\"item\":\"https:\/\/vosgesinfo.fr\/remiremontinfo\/\"},{\"@type\":\"ListItem\",\"position\":2,\"name\":\"Pi\u00e9ton tu\u00e9 \u00e0 Cornimont : la conductrice condamn\u00e9e \u00e0 un an de prison avec sursis\"}]},{\"@type\":\"WebSite\",\"@id\":\"https:\/\/vosgesinfo.fr\/remiremontinfo\/#website\",\"url\":\"https:\/\/vosgesinfo.fr\/remiremontinfo\/\",\"name\":\"Remiremont Info\",\"description\":\"Toute l&#039;actualit\u00e9 de Remiremont\",\"publisher\":{\"@id\":\"https:\/\/vosgesinfo.fr\/remiremontinfo\/#organization\"},\"alternateName\":\"Toute l'actualit\u00e9 de Remiremont\",\"potentialAction\":[{\"@type\":\"SearchAction\",\"target\":{\"@type\":\"EntryPoint\",\"urlTemplate\":\"https:\/\/vosgesinfo.fr\/remiremontinfo\/?s={search_term_string}\"},\"query-input\":\"required name=search_term_string\"}],\"inLanguage\":\"fr-FR\"},{\"@type\":\"Organization\",\"@id\":\"https:\/\/vosgesinfo.fr\/remiremontinfo\/#organization\",\"name\":\"Remiremont Info\",\"url\":\"https:\/\/vosgesinfo.fr\/remiremontinfo\/\",\"logo\":{\"@type\":\"ImageObject\",\"inLanguage\":\"fr-FR\",\"@id\":\"https:\/\/vosgesinfo.fr\/remiremontinfo\/#\/schema\/logo\/image\/\",\"url\":\"https:\/\/vosgesinfo.fr\/app\/uploads\/sites\/5\/2023\/08\/favicon-remiremontinfo.png\",\"contentUrl\":\"https:\/\/vosgesinfo.fr\/app\/uploads\/sites\/5\/2023\/08\/favicon-remiremontinfo.png\",\"width\":512,\"height\":512,\"caption\":\"Remiremont Info\"},\"image\":{\"@id\":\"https:\/\/vosgesinfo.fr\/remiremontinfo\/#\/schema\/logo\/image\/\"},\"sameAs\":[\"https:\/\/www.facebook.com\/remiremontinfo\",\"https:\/\/x.com\/VosgesInfo88\",\"https:\/\/www.youtube.com\/@vosgesinfo\"]},{\"@type\":\"Person\",\"@id\":\"https:\/\/vosgesinfo.fr\/remiremontinfo\/#\/schema\/person\/9f7d5afbed21dfe30e21502db85507c8\",\"name\":\"Julien Chassard\",\"image\":{\"@type\":\"ImageObject\",\"inLanguage\":\"fr-FR\",\"@id\":\"https:\/\/vosgesinfo.fr\/remiremontinfo\/#\/schema\/person\/image\/\",\"url\":\"https:\/\/secure.gravatar.com\/avatar\/b1edc920568095a5269cc92a13830411052ebb396f029db539972c12276b9ba9?s=96&d=mm&r=g\",\"contentUrl\":\"https:\/\/secure.gravatar.com\/avatar\/b1edc920568095a5269cc92a13830411052ebb396f029db539972c12276b9ba9?s=96&d=mm&r=g\",\"caption\":\"Julien Chassard\"},\"url\":\"https:\/\/vosgesinfo.fr\/remiremontinfo\/author\/j-chassard882\/\"}]}<\/script>\n<!-- \/ Yoast SEO plugin. -->","yoast_head_json":{"title":"Pi\u00e9ton tu\u00e9 \u00e0 Cornimont : la conductrice condamn\u00e9e \u00e0 un an de prison avec sursis - Remiremont Info","robots":{"index":"index","follow":"follow","max-snippet":"max-snippet:-1","max-image-preview":"max-image-preview:large","max-video-preview":"max-video-preview:-1"},"canonical":"https:\/\/vosgesinfo.fr\/remiremontinfo\/2023\/11\/pieton-tue-a-cornimont-la-conductrice-condamnee-a-un-an-de-prison-avec-sursis\/","twitter_card":"summary_large_image","twitter_title":"Pi\u00e9ton tu\u00e9 \u00e0 Cornimont : la conductrice condamn\u00e9e \u00e0 un an de prison avec sursis - Remiremont Info","twitter_description":"Une sexag\u00e9naire a \u00e9t\u00e9 condamn\u00e9e par le tribunal d&rsquo;Epinal jeudi dernier \u00e0 un an de prison avec sursis pour avoir [&hellip;]","twitter_image":"https:\/\/vosgesinfo.fr\/app\/uploads\/sites\/5\/2023\/09\/tribunal-epinal.2jpg-800x602-1.jpg","twitter_creator":"@VosgesInfo88","twitter_site":"@VosgesInfo88","twitter_misc":{"\u00c9crit par":"Julien Chassard","Dur\u00e9e de lecture estim\u00e9e":"2 minutes"},"schema":{"@context":"https:\/\/schema.org","@graph":[{"@type":"Article","@id":"https:\/\/vosgesinfo.fr\/remiremontinfo\/2023\/11\/pieton-tue-a-cornimont-la-conductrice-condamnee-a-un-an-de-prison-avec-sursis\/#article","isPartOf":{"@id":"https:\/\/vosgesinfo.fr\/remiremontinfo\/2023\/11\/pieton-tue-a-cornimont-la-conductrice-condamnee-a-un-an-de-prison-avec-sursis\/"},"author":{"name":"Julien Chassard","@id":"https:\/\/vosgesinfo.fr\/remiremontinfo\/#\/schema\/person\/9f7d5afbed21dfe30e21502db85507c8"},"headline":"Pi\u00e9ton tu\u00e9 \u00e0 Cornimont : la conductrice condamn\u00e9e \u00e0 un an de prison avec sursis","datePublished":"2023-11-28T10:00:04+00:00","dateModified":"2023-11-28T10:00:04+00:00","mainEntityOfPage":{"@id":"https:\/\/vosgesinfo.fr\/remiremontinfo\/2023\/11\/pieton-tue-a-cornimont-la-conductrice-condamnee-a-un-an-de-prison-avec-sursis\/"},"wordCount":492,"commentCount":0,"publisher":{"@id":"https:\/\/vosgesinfo.fr\/remiremontinfo\/#organization"},"image":{"@id":"https:\/\/vosgesinfo.fr\/remiremontinfo\/2023\/11\/pieton-tue-a-cornimont-la-conductrice-condamnee-a-un-an-de-prison-avec-sursis\/#primaryimage"},"thumbnailUrl":"https:\/\/vosgesinfo.fr\/app\/uploads\/sites\/5\/2023\/09\/tribunal-epinal.2jpg-800x602-1.jpg","articleSection":["A la Une","Cornimont","Justice","La Bresse &amp; son canton"],"inLanguage":"fr-FR","potentialAction":[{"@type":"CommentAction","name":"Comment","target":["https:\/\/vosgesinfo.fr\/remiremontinfo\/2023\/11\/pieton-tue-a-cornimont-la-conductrice-condamnee-a-un-an-de-prison-avec-sursis\/#respond"]}]},{"@type":"WebPage","@id":"https:\/\/vosgesinfo.fr\/remiremontinfo\/2023\/11\/pieton-tue-a-cornimont-la-conductrice-condamnee-a-un-an-de-prison-avec-sursis\/","url":"https:\/\/vosgesinfo.fr\/remiremontinfo\/2023\/11\/pieton-tue-a-cornimont-la-conductrice-condamnee-a-un-an-de-prison-avec-sursis\/","name":"Pi\u00e9ton tu\u00e9 \u00e0 Cornimont : la conductrice condamn\u00e9e \u00e0 un an de prison avec sursis - Remiremont Info","isPartOf":{"@id":"https:\/\/vosgesinfo.fr\/remiremontinfo\/#website"},"primaryImageOfPage":{"@id":"https:\/\/vosgesinfo.fr\/remiremontinfo\/2023\/11\/pieton-tue-a-cornimont-la-conductrice-condamnee-a-un-an-de-prison-avec-sursis\/#primaryimage"},"image":{"@id":"https:\/\/vosgesinfo.fr\/remiremontinfo\/2023\/11\/pieton-tue-a-cornimont-la-conductrice-condamnee-a-un-an-de-prison-avec-sursis\/#primaryimage"},"thumbnailUrl":"https:\/\/vosgesinfo.fr\/app\/uploads\/sites\/5\/2023\/09\/tribunal-epinal.2jpg-800x602-1.jpg","datePublished":"2023-11-28T10:00:04+00:00","dateModified":"2023-11-28T10:00:04+00:00","breadcrumb":{"@id":"https:\/\/vosgesinfo.fr\/remiremontinfo\/2023\/11\/pieton-tue-a-cornimont-la-conductrice-condamnee-a-un-an-de-prison-avec-sursis\/#breadcrumb"},"inLanguage":"fr-FR","potentialAction":[{"@type":"ReadAction","target":["https:\/\/vosgesinfo.fr\/remiremontinfo\/2023\/11\/pieton-tue-a-cornimont-la-conductrice-condamnee-a-un-an-de-prison-avec-sursis\/"]}]},{"@type":"ImageObject","inLanguage":"fr-FR","@id":"https:\/\/vosgesinfo.fr\/remiremontinfo\/2023\/11\/pieton-tue-a-cornimont-la-conductrice-condamnee-a-un-an-de-prison-avec-sursis\/#primaryimage","url":"https:\/\/vosgesinfo.fr\/app\/uploads\/sites\/5\/2023\/09\/tribunal-epinal.2jpg-800x602-1.jpg","contentUrl":"https:\/\/vosgesinfo.fr\/app\/uploads\/sites\/5\/2023\/09\/tribunal-epinal.2jpg-800x602-1.jpg","width":800,"height":602},{"@type":"BreadcrumbList","@id":"https:\/\/vosgesinfo.fr\/remiremontinfo\/2023\/11\/pieton-tue-a-cornimont-la-conductrice-condamnee-a-un-an-de-prison-avec-sursis\/#breadcrumb","itemListElement":[{"@type":"ListItem","position":1,"name":"Home","item":"https:\/\/vosgesinfo.fr\/remiremontinfo\/"},{"@type":"ListItem","position":2,"name":"Pi\u00e9ton tu\u00e9 \u00e0 Cornimont : la conductrice condamn\u00e9e \u00e0 un an de prison avec sursis"}]},{"@type":"WebSite","@id":"https:\/\/vosgesinfo.fr\/remiremontinfo\/#website","url":"https:\/\/vosgesinfo.fr\/remiremontinfo\/","name":"Remiremont Info","description":"Toute l&#039;actualit\u00e9 de Remiremont","publisher":{"@id":"https:\/\/vosgesinfo.fr\/remiremontinfo\/#organization"},"alternateName":"Toute l'actualit\u00e9 de Remiremont","potentialAction":[{"@type":"SearchAction","target":{"@type":"EntryPoint","urlTemplate":"https:\/\/vosgesinfo.fr\/remiremontinfo\/?s={search_term_string}"},"query-input":"required name=search_term_string"}],"inLanguage":"fr-FR"},{"@type":"Organization","@id":"https:\/\/vosgesinfo.fr\/remiremontinfo\/#organization","name":"Remiremont Info","url":"https:\/\/vosgesinfo.fr\/remiremontinfo\/","logo":{"@type":"ImageObject","inLanguage":"fr-FR","@id":"https:\/\/vosgesinfo.fr\/remiremontinfo\/#\/schema\/logo\/image\/","url":"https:\/\/vosgesinfo.fr\/app\/uploads\/sites\/5\/2023\/08\/favicon-remiremontinfo.png","contentUrl":"https:\/\/vosgesinfo.fr\/app\/uploads\/sites\/5\/2023\/08\/favicon-remiremontinfo.png","width":512,"height":512,"caption":"Remiremont Info"},"image":{"@id":"https:\/\/vosgesinfo.fr\/remiremontinfo\/#\/schema\/logo\/image\/"},"sameAs":["https:\/\/www.facebook.com\/remiremontinfo","https:\/\/x.com\/VosgesInfo88","https:\/\/www.youtube.com\/@vosgesinfo"]},{"@type":"Person","@id":"https:\/\/vosgesinfo.fr\/remiremontinfo\/#\/schema\/person\/9f7d5afbed21dfe30e21502db85507c8","name":"Julien Chassard","image":{"@type":"ImageObject","inLanguage":"fr-FR","@id":"https:\/\/vosgesinfo.fr\/remiremontinfo\/#\/schema\/person\/image\/","url":"https:\/\/secure.gravatar.com\/avatar\/b1edc920568095a5269cc92a13830411052ebb396f029db539972c12276b9ba9?s=96&d=mm&r=g","contentUrl":"https:\/\/secure.gravatar.com\/avatar\/b1edc920568095a5269cc92a13830411052ebb396f029db539972c12276b9ba9?s=96&d=mm&r=g","caption":"Julien Chassard"},"url":"https:\/\/vosgesinfo.fr\/remiremontinfo\/author\/j-chassard882\/"}]}},"_links":{"self":[{"href":"https:\/\/vosgesinfo.fr\/remiremontinfo\/wp-json\/wp\/v2\/posts\/2972","targetHints":{"allow":["GET"]}}],"collection":[{"href":"https:\/\/vosgesinfo.fr\/remiremontinfo\/wp-json\/wp\/v2\/posts"}],"about":[{"href":"https:\/\/vosgesinfo.fr\/remiremontinfo\/wp-json\/wp\/v2\/types\/post"}],"author":[{"embeddable":true,"href":"https:\/\/vosgesinfo.fr\/remiremontinfo\/wp-json\/wp\/v2\/users\/414"}],"replies":[{"embeddable":true,"href":"https:\/\/vosgesinfo.fr\/remiremontinfo\/wp-json\/wp\/v2\/comments?post=2972"}],"version-history":[{"count":0,"href":"https:\/\/vosgesinfo.fr\/remiremontinfo\/wp-json\/wp\/v2\/posts\/2972\/revisions"}],"wp:featuredmedia":[{"embeddable":true,"href":"https:\/\/vosgesinfo.fr\/remiremontinfo\/wp-json\/wp\/v2\/media\/1213"}],"wp:attachment":[{"href":"https:\/\/vosgesinfo.fr\/remiremontinfo\/wp-json\/wp\/v2\/media?parent=2972"}],"wp:term":[{"taxonomy":"category","embeddable":true,"href":"https:\/\/vosgesinfo.fr\/remiremontinfo\/wp-json\/wp\/v2\/categories?post=2972"},{"taxonomy":"post_tag","embeddable":true,"href":"https:\/\/vosgesinfo.fr\/remiremontinfo\/wp-json\/wp\/v2\/tags?post=2972"}],"curies":[{"name":"wp","href":"https:\/\/api.w.org\/{rel}","templated":true}]}}