{"id":29805,"date":"2020-08-13T10:51:26","date_gmt":"2020-08-13T08:51:26","guid":{"rendered":"https:\/\/vosgesinfo.fr\/remiremontinfo\/2020\/08\/benoit-rochas-prefet-de-neufchateau-rejoint-prefecture-de-region-auvergne-rhone-alpes\/"},"modified":"2020-08-13T10:51:26","modified_gmt":"2020-08-13T08:51:26","slug":"benoit-rochas-prefet-de-neufchateau-rejoint-prefecture-de-region-auvergne-rhone-alpes","status":"publish","type":"post","link":"https:\/\/vosgesinfo.fr\/remiremontinfo\/2020\/08\/benoit-rochas-prefet-de-neufchateau-rejoint-prefecture-de-region-auvergne-rhone-alpes\/","title":{"rendered":"Beno\u00eet Rochas, sous-pr\u00e9fet de Neufch\u00e2teau, rejoint la pr\u00e9fecture de r\u00e9gion Auvergne-Rh\u00f4ne-Alpes"},"content":{"rendered":"<p><a href=\"https:\/\/remiremontinfo.fr\/2020\/08\/benoit-rochas-prefet-de-neufchateau-rejoint-prefecture-de-region-auvergne-rhone-alpes\/benoit-rochas-800x600\/\" rel=\"attachment wp-att-292718\"><img decoding=\"async\" class=\"aligncenter size-full wp-image-292718\" src=\"\/2020\/08\/benoit-rochas-800x600.jpg\" alt=\"benoit-rochas--800x600\" width=\"800\" height=\"600\" \/><\/a><\/p>\n<h2><span style=\"font-size: 14pt;\">Par d\u00e9cret du Pr\u00e9sident de la R\u00e9publique du 12 ao\u00fbt 2020, Beno\u00eet ROCHAS, sous-pr\u00e9fet de l\u2019arrondissement de Neufch\u00e2teau est nomm\u00e9 sous-pr\u00e9fet charg\u00e9 de mission aupr\u00e8s du pr\u00e9fet de la r\u00e9gion Auvergne-Rh\u00f4ne-Alpes, pr\u00e9fet de la zone de d\u00e9fense et de s\u00e9curit\u00e9 Sud-Est, pr\u00e9fet du Rh\u00f4ne.<\/span><\/h2>\n<p>Arriv\u00e9 \u00e0 la sous-pr\u00e9fecture de Neufch\u00e2teau le 27 ao\u00fbt 2018, cet ancien Directeur G\u00e9n\u00e9ral adjoint du Conseil D\u00e9partemental de Seine et Marne, d\u00e9tach\u00e9 en qualit\u00e9 sous-pr\u00e9fet hors classe, avait succ\u00e9d\u00e9 \u00e0 Madame Jeanne VO HUU LE. Il travaillera d\u00e9sormais au sein de l\u2019\u00e9quipe rapproch\u00e9e du pr\u00e9fet de la r\u00e9gion Auvergne-Rh\u00f4ne-Alpes \u00e0 Lyon. Pour l\u2019heure, personne n\u2019a \u00e9t\u00e9 nomm\u00e9 pour lui succ\u00e9der.<\/p>\n","protected":false},"excerpt":{"rendered":"<p>Par d\u00e9cret du Pr\u00e9sident de la R\u00e9publique du 12 ao\u00fbt 2020, Beno\u00eet ROCHAS, sous-pr\u00e9fet de l\u2019arrondissement de Neufch\u00e2teau est nomm\u00e9 [&hellip;]<\/p>\n","protected":false},"author":392,"featured_media":29806,"comment_status":"open","ping_status":"open","sticky":false,"template":"","format":"standard","meta":{"footnotes":""},"categories":[26,18],"tags":[],"class_list":["post-29805","post","type-post","status-publish","format-standard","has-post-thumbnail","hentry","category-a-la-une","category-vosges"],"acf":[],"yoast_head":"<!-- This site is optimized with the Yoast SEO plugin v22.5 - https:\/\/yoast.com\/wordpress\/plugins\/seo\/ -->\n<title>Beno\u00eet Rochas, sous-pr\u00e9fet de Neufch\u00e2teau, rejoint la pr\u00e9fecture de r\u00e9gion Auvergne-Rh\u00f4ne-Alpes - Remiremont Info<\/title>\n<meta name=\"robots\" content=\"index, follow, max-snippet:-1, max-image-preview:large, max-video-preview:-1\" \/>\n<link rel=\"canonical\" href=\"https:\/\/vosgesinfo.fr\/remiremontinfo\/2020\/08\/benoit-rochas-prefet-de-neufchateau-rejoint-prefecture-de-region-auvergne-rhone-alpes\/\" \/>\n<meta name=\"twitter:card\" content=\"summary_large_image\" \/>\n<meta name=\"twitter:title\" content=\"Beno\u00eet Rochas, sous-pr\u00e9fet de Neufch\u00e2teau, rejoint la pr\u00e9fecture de r\u00e9gion Auvergne-Rh\u00f4ne-Alpes - Remiremont Info\" \/>\n<meta name=\"twitter:description\" content=\"Par d\u00e9cret du Pr\u00e9sident de la R\u00e9publique du 12 ao\u00fbt 2020, Beno\u00eet ROCHAS, sous-pr\u00e9fet de l\u2019arrondissement de Neufch\u00e2teau est nomm\u00e9 [&hellip;]\" \/>\n<meta name=\"twitter:image\" content=\"https:\/\/vosgesinfo.fr\/app\/uploads\/sites\/5\/2024\/09\/202008benoit-rochas-800x600-1.jpg\" \/>\n<meta name=\"twitter:creator\" content=\"@VosgesInfo88\" \/>\n<meta name=\"twitter:site\" content=\"@VosgesInfo88\" \/>\n<meta name=\"twitter:label1\" content=\"\u00c9crit par\" \/>\n\t<meta name=\"twitter:data1\" content=\"La redaction\" \/>\n\t<meta name=\"twitter:label2\" content=\"Dur\u00e9e de lecture estim\u00e9e\" \/>\n\t<meta name=\"twitter:data2\" content=\"1 minute\" \/>\n<script type=\"application\/ld+json\" class=\"yoast-schema-graph\">{\"@context\":\"https:\/\/schema.org\",\"@graph\":[{\"@type\":\"Article\",\"@id\":\"https:\/\/vosgesinfo.fr\/remiremontinfo\/2020\/08\/benoit-rochas-prefet-de-neufchateau-rejoint-prefecture-de-region-auvergne-rhone-alpes\/#article\",\"isPartOf\":{\"@id\":\"https:\/\/vosgesinfo.fr\/remiremontinfo\/2020\/08\/benoit-rochas-prefet-de-neufchateau-rejoint-prefecture-de-region-auvergne-rhone-alpes\/\"},\"author\":{\"name\":\"La redaction\",\"@id\":\"https:\/\/vosgesinfo.fr\/remiremontinfo\/#\/schema\/person\/80c6ea85ff4afefe81dceaf949954c76\"},\"headline\":\"Beno\u00eet Rochas, sous-pr\u00e9fet de Neufch\u00e2teau, rejoint la pr\u00e9fecture de r\u00e9gion Auvergne-Rh\u00f4ne-Alpes\",\"datePublished\":\"2020-08-13T08:51:26+00:00\",\"dateModified\":\"2020-08-13T08:51:26+00:00\",\"mainEntityOfPage\":{\"@id\":\"https:\/\/vosgesinfo.fr\/remiremontinfo\/2020\/08\/benoit-rochas-prefet-de-neufchateau-rejoint-prefecture-de-region-auvergne-rhone-alpes\/\"},\"wordCount\":151,\"commentCount\":0,\"publisher\":{\"@id\":\"https:\/\/vosgesinfo.fr\/remiremontinfo\/#organization\"},\"image\":{\"@id\":\"https:\/\/vosgesinfo.fr\/remiremontinfo\/2020\/08\/benoit-rochas-prefet-de-neufchateau-rejoint-prefecture-de-region-auvergne-rhone-alpes\/#primaryimage\"},\"thumbnailUrl\":\"https:\/\/vosgesinfo.fr\/app\/uploads\/sites\/5\/2024\/09\/202008benoit-rochas-800x600-1.jpg\",\"articleSection\":[\"A la Une\",\"Vosges\"],\"inLanguage\":\"fr-FR\",\"potentialAction\":[{\"@type\":\"CommentAction\",\"name\":\"Comment\",\"target\":[\"https:\/\/vosgesinfo.fr\/remiremontinfo\/2020\/08\/benoit-rochas-prefet-de-neufchateau-rejoint-prefecture-de-region-auvergne-rhone-alpes\/#respond\"]}]},{\"@type\":\"WebPage\",\"@id\":\"https:\/\/vosgesinfo.fr\/remiremontinfo\/2020\/08\/benoit-rochas-prefet-de-neufchateau-rejoint-prefecture-de-region-auvergne-rhone-alpes\/\",\"url\":\"https:\/\/vosgesinfo.fr\/remiremontinfo\/2020\/08\/benoit-rochas-prefet-de-neufchateau-rejoint-prefecture-de-region-auvergne-rhone-alpes\/\",\"name\":\"Beno\u00eet Rochas, sous-pr\u00e9fet de Neufch\u00e2teau, rejoint la pr\u00e9fecture de r\u00e9gion Auvergne-Rh\u00f4ne-Alpes - Remiremont Info\",\"isPartOf\":{\"@id\":\"https:\/\/vosgesinfo.fr\/remiremontinfo\/#website\"},\"primaryImageOfPage\":{\"@id\":\"https:\/\/vosgesinfo.fr\/remiremontinfo\/2020\/08\/benoit-rochas-prefet-de-neufchateau-rejoint-prefecture-de-region-auvergne-rhone-alpes\/#primaryimage\"},\"image\":{\"@id\":\"https:\/\/vosgesinfo.fr\/remiremontinfo\/2020\/08\/benoit-rochas-prefet-de-neufchateau-rejoint-prefecture-de-region-auvergne-rhone-alpes\/#primaryimage\"},\"thumbnailUrl\":\"https:\/\/vosgesinfo.fr\/app\/uploads\/sites\/5\/2024\/09\/202008benoit-rochas-800x600-1.jpg\",\"datePublished\":\"2020-08-13T08:51:26+00:00\",\"dateModified\":\"2020-08-13T08:51:26+00:00\",\"breadcrumb\":{\"@id\":\"https:\/\/vosgesinfo.fr\/remiremontinfo\/2020\/08\/benoit-rochas-prefet-de-neufchateau-rejoint-prefecture-de-region-auvergne-rhone-alpes\/#breadcrumb\"},\"inLanguage\":\"fr-FR\",\"potentialAction\":[{\"@type\":\"ReadAction\",\"target\":[\"https:\/\/vosgesinfo.fr\/remiremontinfo\/2020\/08\/benoit-rochas-prefet-de-neufchateau-rejoint-prefecture-de-region-auvergne-rhone-alpes\/\"]}]},{\"@type\":\"ImageObject\",\"inLanguage\":\"fr-FR\",\"@id\":\"https:\/\/vosgesinfo.fr\/remiremontinfo\/2020\/08\/benoit-rochas-prefet-de-neufchateau-rejoint-prefecture-de-region-auvergne-rhone-alpes\/#primaryimage\",\"url\":\"https:\/\/vosgesinfo.fr\/app\/uploads\/sites\/5\/2024\/09\/202008benoit-rochas-800x600-1.jpg\",\"contentUrl\":\"https:\/\/vosgesinfo.fr\/app\/uploads\/sites\/5\/2024\/09\/202008benoit-rochas-800x600-1.jpg\",\"width\":800,\"height\":600},{\"@type\":\"BreadcrumbList\",\"@id\":\"https:\/\/vosgesinfo.fr\/remiremontinfo\/2020\/08\/benoit-rochas-prefet-de-neufchateau-rejoint-prefecture-de-region-auvergne-rhone-alpes\/#breadcrumb\",\"itemListElement\":[{\"@type\":\"ListItem\",\"position\":1,\"name\":\"Home\",\"item\":\"https:\/\/vosgesinfo.fr\/remiremontinfo\/\"},{\"@type\":\"ListItem\",\"position\":2,\"name\":\"Beno\u00eet Rochas, sous-pr\u00e9fet de Neufch\u00e2teau, rejoint la pr\u00e9fecture de r\u00e9gion Auvergne-Rh\u00f4ne-Alpes\"}]},{\"@type\":\"WebSite\",\"@id\":\"https:\/\/vosgesinfo.fr\/remiremontinfo\/#website\",\"url\":\"https:\/\/vosgesinfo.fr\/remiremontinfo\/\",\"name\":\"Remiremont Info\",\"description\":\"Toute l&#039;actualit\u00e9 de Remiremont\",\"publisher\":{\"@id\":\"https:\/\/vosgesinfo.fr\/remiremontinfo\/#organization\"},\"alternateName\":\"Toute l'actualit\u00e9 de Remiremont\",\"potentialAction\":[{\"@type\":\"SearchAction\",\"target\":{\"@type\":\"EntryPoint\",\"urlTemplate\":\"https:\/\/vosgesinfo.fr\/remiremontinfo\/?s={search_term_string}\"},\"query-input\":\"required name=search_term_string\"}],\"inLanguage\":\"fr-FR\"},{\"@type\":\"Organization\",\"@id\":\"https:\/\/vosgesinfo.fr\/remiremontinfo\/#organization\",\"name\":\"Remiremont Info\",\"url\":\"https:\/\/vosgesinfo.fr\/remiremontinfo\/\",\"logo\":{\"@type\":\"ImageObject\",\"inLanguage\":\"fr-FR\",\"@id\":\"https:\/\/vosgesinfo.fr\/remiremontinfo\/#\/schema\/logo\/image\/\",\"url\":\"https:\/\/vosgesinfo.fr\/app\/uploads\/sites\/5\/2023\/08\/favicon-remiremontinfo.png\",\"contentUrl\":\"https:\/\/vosgesinfo.fr\/app\/uploads\/sites\/5\/2023\/08\/favicon-remiremontinfo.png\",\"width\":512,\"height\":512,\"caption\":\"Remiremont Info\"},\"image\":{\"@id\":\"https:\/\/vosgesinfo.fr\/remiremontinfo\/#\/schema\/logo\/image\/\"},\"sameAs\":[\"https:\/\/www.facebook.com\/remiremontinfo\",\"https:\/\/x.com\/VosgesInfo88\",\"https:\/\/www.youtube.com\/@vosgesinfo\"]},{\"@type\":\"Person\",\"@id\":\"https:\/\/vosgesinfo.fr\/remiremontinfo\/#\/schema\/person\/80c6ea85ff4afefe81dceaf949954c76\",\"name\":\"La redaction\",\"image\":{\"@type\":\"ImageObject\",\"inLanguage\":\"fr-FR\",\"@id\":\"https:\/\/vosgesinfo.fr\/remiremontinfo\/#\/schema\/person\/image\/\",\"url\":\"https:\/\/secure.gravatar.com\/avatar\/fa684fed8c27e631d40f39d17520286009f89cf7526728ea4e58b5a8c426c16a?s=96&d=mm&r=g\",\"contentUrl\":\"https:\/\/secure.gravatar.com\/avatar\/fa684fed8c27e631d40f39d17520286009f89cf7526728ea4e58b5a8c426c16a?s=96&d=mm&r=g\",\"caption\":\"La redaction\"},\"url\":\"https:\/\/vosgesinfo.fr\/remiremontinfo\/author\/d-p\/\"}]}<\/script>\n<!-- \/ Yoast SEO plugin. -->","yoast_head_json":{"title":"Beno\u00eet Rochas, sous-pr\u00e9fet de Neufch\u00e2teau, rejoint la pr\u00e9fecture de r\u00e9gion Auvergne-Rh\u00f4ne-Alpes - Remiremont Info","robots":{"index":"index","follow":"follow","max-snippet":"max-snippet:-1","max-image-preview":"max-image-preview:large","max-video-preview":"max-video-preview:-1"},"canonical":"https:\/\/vosgesinfo.fr\/remiremontinfo\/2020\/08\/benoit-rochas-prefet-de-neufchateau-rejoint-prefecture-de-region-auvergne-rhone-alpes\/","twitter_card":"summary_large_image","twitter_title":"Beno\u00eet Rochas, sous-pr\u00e9fet de Neufch\u00e2teau, rejoint la pr\u00e9fecture de r\u00e9gion Auvergne-Rh\u00f4ne-Alpes - Remiremont Info","twitter_description":"Par d\u00e9cret du Pr\u00e9sident de la R\u00e9publique du 12 ao\u00fbt 2020, Beno\u00eet ROCHAS, sous-pr\u00e9fet de l\u2019arrondissement de Neufch\u00e2teau est nomm\u00e9 [&hellip;]","twitter_image":"https:\/\/vosgesinfo.fr\/app\/uploads\/sites\/5\/2024\/09\/202008benoit-rochas-800x600-1.jpg","twitter_creator":"@VosgesInfo88","twitter_site":"@VosgesInfo88","twitter_misc":{"\u00c9crit par":"La redaction","Dur\u00e9e de lecture estim\u00e9e":"1 minute"},"schema":{"@context":"https:\/\/schema.org","@graph":[{"@type":"Article","@id":"https:\/\/vosgesinfo.fr\/remiremontinfo\/2020\/08\/benoit-rochas-prefet-de-neufchateau-rejoint-prefecture-de-region-auvergne-rhone-alpes\/#article","isPartOf":{"@id":"https:\/\/vosgesinfo.fr\/remiremontinfo\/2020\/08\/benoit-rochas-prefet-de-neufchateau-rejoint-prefecture-de-region-auvergne-rhone-alpes\/"},"author":{"name":"La redaction","@id":"https:\/\/vosgesinfo.fr\/remiremontinfo\/#\/schema\/person\/80c6ea85ff4afefe81dceaf949954c76"},"headline":"Beno\u00eet Rochas, sous-pr\u00e9fet de Neufch\u00e2teau, rejoint la pr\u00e9fecture de r\u00e9gion Auvergne-Rh\u00f4ne-Alpes","datePublished":"2020-08-13T08:51:26+00:00","dateModified":"2020-08-13T08:51:26+00:00","mainEntityOfPage":{"@id":"https:\/\/vosgesinfo.fr\/remiremontinfo\/2020\/08\/benoit-rochas-prefet-de-neufchateau-rejoint-prefecture-de-region-auvergne-rhone-alpes\/"},"wordCount":151,"commentCount":0,"publisher":{"@id":"https:\/\/vosgesinfo.fr\/remiremontinfo\/#organization"},"image":{"@id":"https:\/\/vosgesinfo.fr\/remiremontinfo\/2020\/08\/benoit-rochas-prefet-de-neufchateau-rejoint-prefecture-de-region-auvergne-rhone-alpes\/#primaryimage"},"thumbnailUrl":"https:\/\/vosgesinfo.fr\/app\/uploads\/sites\/5\/2024\/09\/202008benoit-rochas-800x600-1.jpg","articleSection":["A la Une","Vosges"],"inLanguage":"fr-FR","potentialAction":[{"@type":"CommentAction","name":"Comment","target":["https:\/\/vosgesinfo.fr\/remiremontinfo\/2020\/08\/benoit-rochas-prefet-de-neufchateau-rejoint-prefecture-de-region-auvergne-rhone-alpes\/#respond"]}]},{"@type":"WebPage","@id":"https:\/\/vosgesinfo.fr\/remiremontinfo\/2020\/08\/benoit-rochas-prefet-de-neufchateau-rejoint-prefecture-de-region-auvergne-rhone-alpes\/","url":"https:\/\/vosgesinfo.fr\/remiremontinfo\/2020\/08\/benoit-rochas-prefet-de-neufchateau-rejoint-prefecture-de-region-auvergne-rhone-alpes\/","name":"Beno\u00eet Rochas, sous-pr\u00e9fet de Neufch\u00e2teau, rejoint la pr\u00e9fecture de r\u00e9gion Auvergne-Rh\u00f4ne-Alpes - Remiremont Info","isPartOf":{"@id":"https:\/\/vosgesinfo.fr\/remiremontinfo\/#website"},"primaryImageOfPage":{"@id":"https:\/\/vosgesinfo.fr\/remiremontinfo\/2020\/08\/benoit-rochas-prefet-de-neufchateau-rejoint-prefecture-de-region-auvergne-rhone-alpes\/#primaryimage"},"image":{"@id":"https:\/\/vosgesinfo.fr\/remiremontinfo\/2020\/08\/benoit-rochas-prefet-de-neufchateau-rejoint-prefecture-de-region-auvergne-rhone-alpes\/#primaryimage"},"thumbnailUrl":"https:\/\/vosgesinfo.fr\/app\/uploads\/sites\/5\/2024\/09\/202008benoit-rochas-800x600-1.jpg","datePublished":"2020-08-13T08:51:26+00:00","dateModified":"2020-08-13T08:51:26+00:00","breadcrumb":{"@id":"https:\/\/vosgesinfo.fr\/remiremontinfo\/2020\/08\/benoit-rochas-prefet-de-neufchateau-rejoint-prefecture-de-region-auvergne-rhone-alpes\/#breadcrumb"},"inLanguage":"fr-FR","potentialAction":[{"@type":"ReadAction","target":["https:\/\/vosgesinfo.fr\/remiremontinfo\/2020\/08\/benoit-rochas-prefet-de-neufchateau-rejoint-prefecture-de-region-auvergne-rhone-alpes\/"]}]},{"@type":"ImageObject","inLanguage":"fr-FR","@id":"https:\/\/vosgesinfo.fr\/remiremontinfo\/2020\/08\/benoit-rochas-prefet-de-neufchateau-rejoint-prefecture-de-region-auvergne-rhone-alpes\/#primaryimage","url":"https:\/\/vosgesinfo.fr\/app\/uploads\/sites\/5\/2024\/09\/202008benoit-rochas-800x600-1.jpg","contentUrl":"https:\/\/vosgesinfo.fr\/app\/uploads\/sites\/5\/2024\/09\/202008benoit-rochas-800x600-1.jpg","width":800,"height":600},{"@type":"BreadcrumbList","@id":"https:\/\/vosgesinfo.fr\/remiremontinfo\/2020\/08\/benoit-rochas-prefet-de-neufchateau-rejoint-prefecture-de-region-auvergne-rhone-alpes\/#breadcrumb","itemListElement":[{"@type":"ListItem","position":1,"name":"Home","item":"https:\/\/vosgesinfo.fr\/remiremontinfo\/"},{"@type":"ListItem","position":2,"name":"Beno\u00eet Rochas, sous-pr\u00e9fet de Neufch\u00e2teau, rejoint la pr\u00e9fecture de r\u00e9gion Auvergne-Rh\u00f4ne-Alpes"}]},{"@type":"WebSite","@id":"https:\/\/vosgesinfo.fr\/remiremontinfo\/#website","url":"https:\/\/vosgesinfo.fr\/remiremontinfo\/","name":"Remiremont Info","description":"Toute l&#039;actualit\u00e9 de Remiremont","publisher":{"@id":"https:\/\/vosgesinfo.fr\/remiremontinfo\/#organization"},"alternateName":"Toute l'actualit\u00e9 de Remiremont","potentialAction":[{"@type":"SearchAction","target":{"@type":"EntryPoint","urlTemplate":"https:\/\/vosgesinfo.fr\/remiremontinfo\/?s={search_term_string}"},"query-input":"required name=search_term_string"}],"inLanguage":"fr-FR"},{"@type":"Organization","@id":"https:\/\/vosgesinfo.fr\/remiremontinfo\/#organization","name":"Remiremont Info","url":"https:\/\/vosgesinfo.fr\/remiremontinfo\/","logo":{"@type":"ImageObject","inLanguage":"fr-FR","@id":"https:\/\/vosgesinfo.fr\/remiremontinfo\/#\/schema\/logo\/image\/","url":"https:\/\/vosgesinfo.fr\/app\/uploads\/sites\/5\/2023\/08\/favicon-remiremontinfo.png","contentUrl":"https:\/\/vosgesinfo.fr\/app\/uploads\/sites\/5\/2023\/08\/favicon-remiremontinfo.png","width":512,"height":512,"caption":"Remiremont Info"},"image":{"@id":"https:\/\/vosgesinfo.fr\/remiremontinfo\/#\/schema\/logo\/image\/"},"sameAs":["https:\/\/www.facebook.com\/remiremontinfo","https:\/\/x.com\/VosgesInfo88","https:\/\/www.youtube.com\/@vosgesinfo"]},{"@type":"Person","@id":"https:\/\/vosgesinfo.fr\/remiremontinfo\/#\/schema\/person\/80c6ea85ff4afefe81dceaf949954c76","name":"La redaction","image":{"@type":"ImageObject","inLanguage":"fr-FR","@id":"https:\/\/vosgesinfo.fr\/remiremontinfo\/#\/schema\/person\/image\/","url":"https:\/\/secure.gravatar.com\/avatar\/fa684fed8c27e631d40f39d17520286009f89cf7526728ea4e58b5a8c426c16a?s=96&d=mm&r=g","contentUrl":"https:\/\/secure.gravatar.com\/avatar\/fa684fed8c27e631d40f39d17520286009f89cf7526728ea4e58b5a8c426c16a?s=96&d=mm&r=g","caption":"La redaction"},"url":"https:\/\/vosgesinfo.fr\/remiremontinfo\/author\/d-p\/"}]}},"_links":{"self":[{"href":"https:\/\/vosgesinfo.fr\/remiremontinfo\/wp-json\/wp\/v2\/posts\/29805","targetHints":{"allow":["GET"]}}],"collection":[{"href":"https:\/\/vosgesinfo.fr\/remiremontinfo\/wp-json\/wp\/v2\/posts"}],"about":[{"href":"https:\/\/vosgesinfo.fr\/remiremontinfo\/wp-json\/wp\/v2\/types\/post"}],"author":[{"embeddable":true,"href":"https:\/\/vosgesinfo.fr\/remiremontinfo\/wp-json\/wp\/v2\/users\/392"}],"replies":[{"embeddable":true,"href":"https:\/\/vosgesinfo.fr\/remiremontinfo\/wp-json\/wp\/v2\/comments?post=29805"}],"version-history":[{"count":0,"href":"https:\/\/vosgesinfo.fr\/remiremontinfo\/wp-json\/wp\/v2\/posts\/29805\/revisions"}],"wp:featuredmedia":[{"embeddable":true,"href":"https:\/\/vosgesinfo.fr\/remiremontinfo\/wp-json\/wp\/v2\/media\/29806"}],"wp:attachment":[{"href":"https:\/\/vosgesinfo.fr\/remiremontinfo\/wp-json\/wp\/v2\/media?parent=29805"}],"wp:term":[{"taxonomy":"category","embeddable":true,"href":"https:\/\/vosgesinfo.fr\/remiremontinfo\/wp-json\/wp\/v2\/categories?post=29805"},{"taxonomy":"post_tag","embeddable":true,"href":"https:\/\/vosgesinfo.fr\/remiremontinfo\/wp-json\/wp\/v2\/tags?post=29805"}],"curies":[{"name":"wp","href":"https:\/\/api.w.org\/{rel}","templated":true}]}}