{"id":29809,"date":"2020-08-13T10:55:20","date_gmt":"2020-08-13T08:55:20","guid":{"rendered":"https:\/\/vosgesinfo.fr\/remiremontinfo\/2020\/08\/coronavirus-situation-12-aout-covid-19-plus-six-vosgiens-hospitalises\/"},"modified":"2020-08-13T10:55:20","modified_gmt":"2020-08-13T08:55:20","slug":"coronavirus-situation-12-aout-covid-19-plus-six-vosgiens-hospitalises","status":"publish","type":"post","link":"https:\/\/vosgesinfo.fr\/remiremontinfo\/2020\/08\/coronavirus-situation-12-aout-covid-19-plus-six-vosgiens-hospitalises\/","title":{"rendered":"Coronavirus : situation au 12 ao\u00fbt du Covid-19. Plus que six vosgiens hospitalis\u00e9s"},"content":{"rendered":"<p><strong><a href=\"https:\/\/remiremontinfo.fr\/2020\/08\/coronavirus-situation-12-aout-covid-19-plus-six-vosgiens-hospitalises\/covid-19-400x225-2\/\" rel=\"attachment wp-att-292726\"><img decoding=\"async\" class=\"aligncenter size-full wp-image-292726\" src=\"\/2020\/08\/Covid-19-400x225.jpg\" alt=\"Covid-19-400x225\" width=\"400\" height=\"225\" \/><\/a>Au 11 ao\u00fbt, 539 personnes sont encore hospitalis\u00e9es dans le Grand Est (- 6 de moins par rapport au 10 ao\u00fbt), dont 17 toujours en r\u00e9animation. Pour l\u2019heure z\u00e9ro personne a rejoint un service de r\u00e9animation dans le Grand Est.<\/strong><\/p>\n<p>Le nombre total de d\u00e9c\u00e8s de patients d\u00e9clar\u00e9s par les \u00e9tablissements sanitaires du Grand Est s\u2019\u00e9l\u00e8ve \u00e0 3 631 depuis le d\u00e9but de l\u2019\u00e9pid\u00e9mie.<\/p>\n<p>Pour le d\u00e9partement des Vosges, les chiffres sont toujours encourageants car il n\u2019y a encore 7 personnes qui sont encore hospitalis\u00e9es, mais aucun patient en r\u00e9animation. On d\u00e9nombre 266 d\u00e9c\u00e8s au 11 ao\u00fbt, depuis le 1<sup>er<\/sup> mars.<\/p>\n<p>A noter que le d\u00e9partement des Vosges a 18 sites de pr\u00e9l\u00e8vement de test RT-PCR.<\/p>\n<p>Au 12 ao\u00fbt, on ne d\u00e9nombre plus aucun cluster dans les \u00e9tablissements sanitaires du Grand Est. Dans les \u00e9tablissements m\u00e9dicalis\u00e9s pour personnes \u00e2g\u00e9es, il reste 5 clusters dont aucun dans les Vosges, et 69 cas cumul\u00e9s mais aucun sur le territoire vosgien. Dans les \u00e9tablissements sociaux et m\u00e9dico-sociaux pour personnes handicap\u00e9es, il y a un cluster \u00e0 signaler dans les Vosges et 45 cas cumul\u00e9s, puis un cluster en milieu scolaire et universitaire et 4 cas cumul\u00e9s.<\/p>\n<p><a href=\"https:\/\/laplainedesvosgesinfo.fr\/wp-content\/uploads\/2020\/07\/Utilisation-masque.jpg\" data-featherlight=\"image\"><img decoding=\"async\" class=\"aligncenter size-medium wp-image-115429\" src=\"https:\/\/vosgesinfo.fr\/app\/uploads\/sites\/5\/2020\/07\/utilisation-masque-209x255-1.jpg\" alt=\"Utilisation masque\" width=\"209\" height=\"255\" \/><\/a><\/p>\n<p><strong>Rappel des consignes \u00e0 respecter<\/strong><\/p>\n<p>L\u2019action de tous est indispensable pour continuer \u00e0 freiner la propagation du virus. Pour esp\u00e9rer maintenir cette tendance \u00e0 la stabilisation des entr\u00e9es en r\u00e9animation, l\u2019ARS du Grand Est rappelle qu\u2019il faut absolument continuer \u00e0 observer les mesures barri\u00e8res pour pr\u00e9server votre sant\u00e9 et celle de votre entourage :<\/p>\n<ul>\n<li>Se laver tr\u00e8s r\u00e9guli\u00e8rement les mains avec du savon ou utiliser une solution hydro alcoolique,<\/li>\n<\/ul>\n<ul>\n<li>Tousser ou \u00e9ternuer dans son coude ou dans un mouchoir,<\/li>\n<\/ul>\n<ul>\n<li>Utiliser un mouchoir \u00e0 usage unique et le jeter,<\/li>\n<\/ul>\n<ul>\n<li>Saluer sans se serrer la main et \u00e9viter les embrassades,<\/li>\n<\/ul>\n<ul>\n<li><strong>Demeurer \u00e0 au moins un m\u00e8tre d\u2019autrui, \u00e9viter les rassemblements \u00e9viter les d\u00e9placements et les contacts : respecter le confinement<\/strong><\/li>\n<\/ul>\n<p><strong>Vous avez des sympt\u00f4mes (toux, fi\u00e8vre) qui vous font penser au Covid-19 : restez \u00e0 domicile, \u00e9vitez les contacts, appelez un m\u00e9decin et ne vous rendez pas \u00e0 son cabinet. Vous pouvez \u00e9galement b\u00e9n\u00e9ficier d\u2019une t\u00e9l\u00e9consultation.<\/strong><\/p>\n<p><strong>Si les sympt\u00f4mes s\u2019aggravent avec des difficult\u00e9s respiratoires et signes d\u2019\u00e9touffement, appelez le SAMU-Centre 15.<\/strong><\/p>\n<p><a href=\"https:\/\/laplainedesvosgesinfo.fr\/wp-content\/uploads\/2020\/07\/Consignes-Covid-19.jpg\" data-featherlight=\"image\"><img decoding=\"async\" class=\"aligncenter size-medium wp-image-115430\" src=\"https:\/\/vosgesinfo.fr\/app\/uploads\/sites\/5\/2020\/07\/consignes-covid-19-255x255-1.jpg\" alt=\"Consignes Covid-19\" width=\"255\" height=\"255\" \/><\/a><\/p>\n<p>Pour toute autre situation et information g\u00e9n\u00e9rale : appelez le num\u00e9ro vert national au <strong>0 800 130 000 <\/strong>qui vous indiquera la conduite \u00e0 tenir.<\/p>\n<p><strong>Vous retrouverez plus d\u2019informations sur les sites internet du <\/strong><a href=\"https:\/\/www.gouvernement.fr\/info-coronavirus\"><strong>Gouvernement<\/strong> <\/a><strong>du <\/strong><a href=\"https:\/\/solidarites-sante.gouv.fr\/soins-et-maladies\/maladies\/maladies-infectieuses\/coronavirus\/coronavirus-questions-reponses\"><strong>Minist\u00e8re des<\/strong><\/a> <a href=\"https:\/\/solidarites-sante.gouv.fr\/soins-et-maladies\/maladies\/maladies-infectieuses\/coronavirus\/coronavirus-questions-reponses\"><strong>Solidarit\u00e9s et de la Sant\u00e9<\/strong> <\/a><strong>et<\/strong> <strong>de<\/strong> <a href=\"https:\/\/www.santepubliquefrance.fr\/maladies-et-traumatismes\/maladies-et-infections-respiratoires\/infection-a-coronavirus\/articles\/infection-au-nouveau-coronavirus-sars-cov-2-covid-19-france-et-monde\"><strong>Sant\u00e9 publique France<\/strong><strong>.<\/strong><\/a><\/p>\n<p><a href=\"https:\/\/laplainedesvosgesinfo.fr\/wp-content\/uploads\/2020\/08\/Tableau-de-bord-d\u00e9taill\u00e9-au-12-ao\u00fbt-2020.pdf\">Tableau de bord d\u00e9taill\u00e9 au 12 ao\u00fbt 2020<\/a><\/p>\n","protected":false},"excerpt":{"rendered":"<p>Au 11 ao\u00fbt, 539 personnes sont encore hospitalis\u00e9es dans le Grand Est (- 6 de moins par rapport au 10 [&hellip;]<\/p>\n","protected":false},"author":392,"featured_media":29810,"comment_status":"open","ping_status":"open","sticky":false,"template":"","format":"standard","meta":{"footnotes":""},"categories":[26,18],"tags":[],"class_list":["post-29809","post","type-post","status-publish","format-standard","has-post-thumbnail","hentry","category-a-la-une","category-vosges"],"acf":[],"yoast_head":"<!-- This site is optimized with the Yoast SEO plugin v22.5 - https:\/\/yoast.com\/wordpress\/plugins\/seo\/ -->\n<title>Coronavirus : situation au 12 ao\u00fbt du Covid-19. Plus que six vosgiens hospitalis\u00e9s - Remiremont Info<\/title>\n<meta name=\"robots\" content=\"index, follow, max-snippet:-1, max-image-preview:large, max-video-preview:-1\" \/>\n<link rel=\"canonical\" href=\"https:\/\/vosgesinfo.fr\/remiremontinfo\/2020\/08\/coronavirus-situation-12-aout-covid-19-plus-six-vosgiens-hospitalises\/\" \/>\n<meta name=\"twitter:card\" content=\"summary_large_image\" \/>\n<meta name=\"twitter:title\" content=\"Coronavirus : situation au 12 ao\u00fbt du Covid-19. Plus que six vosgiens hospitalis\u00e9s - Remiremont Info\" \/>\n<meta name=\"twitter:description\" content=\"Au 11 ao\u00fbt, 539 personnes sont encore hospitalis\u00e9es dans le Grand Est (- 6 de moins par rapport au 10 [&hellip;]\" \/>\n<meta name=\"twitter:image\" content=\"https:\/\/vosgesinfo.fr\/app\/uploads\/sites\/5\/2024\/09\/202008covid-19-400x225-1.jpg\" \/>\n<meta name=\"twitter:creator\" content=\"@VosgesInfo88\" \/>\n<meta name=\"twitter:site\" content=\"@VosgesInfo88\" \/>\n<meta name=\"twitter:label1\" content=\"\u00c9crit par\" \/>\n\t<meta name=\"twitter:data1\" content=\"La redaction\" \/>\n\t<meta name=\"twitter:label2\" content=\"Dur\u00e9e de lecture estim\u00e9e\" \/>\n\t<meta name=\"twitter:data2\" content=\"2 minutes\" \/>\n<script type=\"application\/ld+json\" class=\"yoast-schema-graph\">{\"@context\":\"https:\/\/schema.org\",\"@graph\":[{\"@type\":\"Article\",\"@id\":\"https:\/\/vosgesinfo.fr\/remiremontinfo\/2020\/08\/coronavirus-situation-12-aout-covid-19-plus-six-vosgiens-hospitalises\/#article\",\"isPartOf\":{\"@id\":\"https:\/\/vosgesinfo.fr\/remiremontinfo\/2020\/08\/coronavirus-situation-12-aout-covid-19-plus-six-vosgiens-hospitalises\/\"},\"author\":{\"name\":\"La redaction\",\"@id\":\"https:\/\/vosgesinfo.fr\/remiremontinfo\/#\/schema\/person\/80c6ea85ff4afefe81dceaf949954c76\"},\"headline\":\"Coronavirus : situation au 12 ao\u00fbt du Covid-19. Plus que six vosgiens hospitalis\u00e9s\",\"datePublished\":\"2020-08-13T08:55:20+00:00\",\"dateModified\":\"2020-08-13T08:55:20+00:00\",\"mainEntityOfPage\":{\"@id\":\"https:\/\/vosgesinfo.fr\/remiremontinfo\/2020\/08\/coronavirus-situation-12-aout-covid-19-plus-six-vosgiens-hospitalises\/\"},\"wordCount\":464,\"commentCount\":0,\"publisher\":{\"@id\":\"https:\/\/vosgesinfo.fr\/remiremontinfo\/#organization\"},\"image\":{\"@id\":\"https:\/\/vosgesinfo.fr\/remiremontinfo\/2020\/08\/coronavirus-situation-12-aout-covid-19-plus-six-vosgiens-hospitalises\/#primaryimage\"},\"thumbnailUrl\":\"https:\/\/vosgesinfo.fr\/app\/uploads\/sites\/5\/2024\/09\/202008covid-19-400x225-1.jpg\",\"articleSection\":[\"A la Une\",\"Vosges\"],\"inLanguage\":\"fr-FR\",\"potentialAction\":[{\"@type\":\"CommentAction\",\"name\":\"Comment\",\"target\":[\"https:\/\/vosgesinfo.fr\/remiremontinfo\/2020\/08\/coronavirus-situation-12-aout-covid-19-plus-six-vosgiens-hospitalises\/#respond\"]}]},{\"@type\":\"WebPage\",\"@id\":\"https:\/\/vosgesinfo.fr\/remiremontinfo\/2020\/08\/coronavirus-situation-12-aout-covid-19-plus-six-vosgiens-hospitalises\/\",\"url\":\"https:\/\/vosgesinfo.fr\/remiremontinfo\/2020\/08\/coronavirus-situation-12-aout-covid-19-plus-six-vosgiens-hospitalises\/\",\"name\":\"Coronavirus : situation au 12 ao\u00fbt du Covid-19. Plus que six vosgiens hospitalis\u00e9s - Remiremont Info\",\"isPartOf\":{\"@id\":\"https:\/\/vosgesinfo.fr\/remiremontinfo\/#website\"},\"primaryImageOfPage\":{\"@id\":\"https:\/\/vosgesinfo.fr\/remiremontinfo\/2020\/08\/coronavirus-situation-12-aout-covid-19-plus-six-vosgiens-hospitalises\/#primaryimage\"},\"image\":{\"@id\":\"https:\/\/vosgesinfo.fr\/remiremontinfo\/2020\/08\/coronavirus-situation-12-aout-covid-19-plus-six-vosgiens-hospitalises\/#primaryimage\"},\"thumbnailUrl\":\"https:\/\/vosgesinfo.fr\/app\/uploads\/sites\/5\/2024\/09\/202008covid-19-400x225-1.jpg\",\"datePublished\":\"2020-08-13T08:55:20+00:00\",\"dateModified\":\"2020-08-13T08:55:20+00:00\",\"breadcrumb\":{\"@id\":\"https:\/\/vosgesinfo.fr\/remiremontinfo\/2020\/08\/coronavirus-situation-12-aout-covid-19-plus-six-vosgiens-hospitalises\/#breadcrumb\"},\"inLanguage\":\"fr-FR\",\"potentialAction\":[{\"@type\":\"ReadAction\",\"target\":[\"https:\/\/vosgesinfo.fr\/remiremontinfo\/2020\/08\/coronavirus-situation-12-aout-covid-19-plus-six-vosgiens-hospitalises\/\"]}]},{\"@type\":\"ImageObject\",\"inLanguage\":\"fr-FR\",\"@id\":\"https:\/\/vosgesinfo.fr\/remiremontinfo\/2020\/08\/coronavirus-situation-12-aout-covid-19-plus-six-vosgiens-hospitalises\/#primaryimage\",\"url\":\"https:\/\/vosgesinfo.fr\/app\/uploads\/sites\/5\/2024\/09\/202008covid-19-400x225-1.jpg\",\"contentUrl\":\"https:\/\/vosgesinfo.fr\/app\/uploads\/sites\/5\/2024\/09\/202008covid-19-400x225-1.jpg\",\"width\":400,\"height\":225},{\"@type\":\"BreadcrumbList\",\"@id\":\"https:\/\/vosgesinfo.fr\/remiremontinfo\/2020\/08\/coronavirus-situation-12-aout-covid-19-plus-six-vosgiens-hospitalises\/#breadcrumb\",\"itemListElement\":[{\"@type\":\"ListItem\",\"position\":1,\"name\":\"Home\",\"item\":\"https:\/\/vosgesinfo.fr\/remiremontinfo\/\"},{\"@type\":\"ListItem\",\"position\":2,\"name\":\"Coronavirus : situation au 12 ao\u00fbt du Covid-19. Plus que six vosgiens hospitalis\u00e9s\"}]},{\"@type\":\"WebSite\",\"@id\":\"https:\/\/vosgesinfo.fr\/remiremontinfo\/#website\",\"url\":\"https:\/\/vosgesinfo.fr\/remiremontinfo\/\",\"name\":\"Remiremont Info\",\"description\":\"Toute l&#039;actualit\u00e9 de Remiremont\",\"publisher\":{\"@id\":\"https:\/\/vosgesinfo.fr\/remiremontinfo\/#organization\"},\"alternateName\":\"Toute l'actualit\u00e9 de Remiremont\",\"potentialAction\":[{\"@type\":\"SearchAction\",\"target\":{\"@type\":\"EntryPoint\",\"urlTemplate\":\"https:\/\/vosgesinfo.fr\/remiremontinfo\/?s={search_term_string}\"},\"query-input\":\"required name=search_term_string\"}],\"inLanguage\":\"fr-FR\"},{\"@type\":\"Organization\",\"@id\":\"https:\/\/vosgesinfo.fr\/remiremontinfo\/#organization\",\"name\":\"Remiremont Info\",\"url\":\"https:\/\/vosgesinfo.fr\/remiremontinfo\/\",\"logo\":{\"@type\":\"ImageObject\",\"inLanguage\":\"fr-FR\",\"@id\":\"https:\/\/vosgesinfo.fr\/remiremontinfo\/#\/schema\/logo\/image\/\",\"url\":\"https:\/\/vosgesinfo.fr\/app\/uploads\/sites\/5\/2023\/08\/favicon-remiremontinfo.png\",\"contentUrl\":\"https:\/\/vosgesinfo.fr\/app\/uploads\/sites\/5\/2023\/08\/favicon-remiremontinfo.png\",\"width\":512,\"height\":512,\"caption\":\"Remiremont Info\"},\"image\":{\"@id\":\"https:\/\/vosgesinfo.fr\/remiremontinfo\/#\/schema\/logo\/image\/\"},\"sameAs\":[\"https:\/\/www.facebook.com\/remiremontinfo\",\"https:\/\/x.com\/VosgesInfo88\",\"https:\/\/www.youtube.com\/@vosgesinfo\"]},{\"@type\":\"Person\",\"@id\":\"https:\/\/vosgesinfo.fr\/remiremontinfo\/#\/schema\/person\/80c6ea85ff4afefe81dceaf949954c76\",\"name\":\"La redaction\",\"image\":{\"@type\":\"ImageObject\",\"inLanguage\":\"fr-FR\",\"@id\":\"https:\/\/vosgesinfo.fr\/remiremontinfo\/#\/schema\/person\/image\/\",\"url\":\"https:\/\/secure.gravatar.com\/avatar\/fa684fed8c27e631d40f39d17520286009f89cf7526728ea4e58b5a8c426c16a?s=96&d=mm&r=g\",\"contentUrl\":\"https:\/\/secure.gravatar.com\/avatar\/fa684fed8c27e631d40f39d17520286009f89cf7526728ea4e58b5a8c426c16a?s=96&d=mm&r=g\",\"caption\":\"La redaction\"},\"url\":\"https:\/\/vosgesinfo.fr\/remiremontinfo\/author\/d-p\/\"}]}<\/script>\n<!-- \/ Yoast SEO plugin. -->","yoast_head_json":{"title":"Coronavirus : situation au 12 ao\u00fbt du Covid-19. Plus que six vosgiens hospitalis\u00e9s - Remiremont Info","robots":{"index":"index","follow":"follow","max-snippet":"max-snippet:-1","max-image-preview":"max-image-preview:large","max-video-preview":"max-video-preview:-1"},"canonical":"https:\/\/vosgesinfo.fr\/remiremontinfo\/2020\/08\/coronavirus-situation-12-aout-covid-19-plus-six-vosgiens-hospitalises\/","twitter_card":"summary_large_image","twitter_title":"Coronavirus : situation au 12 ao\u00fbt du Covid-19. Plus que six vosgiens hospitalis\u00e9s - Remiremont Info","twitter_description":"Au 11 ao\u00fbt, 539 personnes sont encore hospitalis\u00e9es dans le Grand Est (- 6 de moins par rapport au 10 [&hellip;]","twitter_image":"https:\/\/vosgesinfo.fr\/app\/uploads\/sites\/5\/2024\/09\/202008covid-19-400x225-1.jpg","twitter_creator":"@VosgesInfo88","twitter_site":"@VosgesInfo88","twitter_misc":{"\u00c9crit par":"La redaction","Dur\u00e9e de lecture estim\u00e9e":"2 minutes"},"schema":{"@context":"https:\/\/schema.org","@graph":[{"@type":"Article","@id":"https:\/\/vosgesinfo.fr\/remiremontinfo\/2020\/08\/coronavirus-situation-12-aout-covid-19-plus-six-vosgiens-hospitalises\/#article","isPartOf":{"@id":"https:\/\/vosgesinfo.fr\/remiremontinfo\/2020\/08\/coronavirus-situation-12-aout-covid-19-plus-six-vosgiens-hospitalises\/"},"author":{"name":"La redaction","@id":"https:\/\/vosgesinfo.fr\/remiremontinfo\/#\/schema\/person\/80c6ea85ff4afefe81dceaf949954c76"},"headline":"Coronavirus : situation au 12 ao\u00fbt du Covid-19. Plus que six vosgiens hospitalis\u00e9s","datePublished":"2020-08-13T08:55:20+00:00","dateModified":"2020-08-13T08:55:20+00:00","mainEntityOfPage":{"@id":"https:\/\/vosgesinfo.fr\/remiremontinfo\/2020\/08\/coronavirus-situation-12-aout-covid-19-plus-six-vosgiens-hospitalises\/"},"wordCount":464,"commentCount":0,"publisher":{"@id":"https:\/\/vosgesinfo.fr\/remiremontinfo\/#organization"},"image":{"@id":"https:\/\/vosgesinfo.fr\/remiremontinfo\/2020\/08\/coronavirus-situation-12-aout-covid-19-plus-six-vosgiens-hospitalises\/#primaryimage"},"thumbnailUrl":"https:\/\/vosgesinfo.fr\/app\/uploads\/sites\/5\/2024\/09\/202008covid-19-400x225-1.jpg","articleSection":["A la Une","Vosges"],"inLanguage":"fr-FR","potentialAction":[{"@type":"CommentAction","name":"Comment","target":["https:\/\/vosgesinfo.fr\/remiremontinfo\/2020\/08\/coronavirus-situation-12-aout-covid-19-plus-six-vosgiens-hospitalises\/#respond"]}]},{"@type":"WebPage","@id":"https:\/\/vosgesinfo.fr\/remiremontinfo\/2020\/08\/coronavirus-situation-12-aout-covid-19-plus-six-vosgiens-hospitalises\/","url":"https:\/\/vosgesinfo.fr\/remiremontinfo\/2020\/08\/coronavirus-situation-12-aout-covid-19-plus-six-vosgiens-hospitalises\/","name":"Coronavirus : situation au 12 ao\u00fbt du Covid-19. Plus que six vosgiens hospitalis\u00e9s - Remiremont Info","isPartOf":{"@id":"https:\/\/vosgesinfo.fr\/remiremontinfo\/#website"},"primaryImageOfPage":{"@id":"https:\/\/vosgesinfo.fr\/remiremontinfo\/2020\/08\/coronavirus-situation-12-aout-covid-19-plus-six-vosgiens-hospitalises\/#primaryimage"},"image":{"@id":"https:\/\/vosgesinfo.fr\/remiremontinfo\/2020\/08\/coronavirus-situation-12-aout-covid-19-plus-six-vosgiens-hospitalises\/#primaryimage"},"thumbnailUrl":"https:\/\/vosgesinfo.fr\/app\/uploads\/sites\/5\/2024\/09\/202008covid-19-400x225-1.jpg","datePublished":"2020-08-13T08:55:20+00:00","dateModified":"2020-08-13T08:55:20+00:00","breadcrumb":{"@id":"https:\/\/vosgesinfo.fr\/remiremontinfo\/2020\/08\/coronavirus-situation-12-aout-covid-19-plus-six-vosgiens-hospitalises\/#breadcrumb"},"inLanguage":"fr-FR","potentialAction":[{"@type":"ReadAction","target":["https:\/\/vosgesinfo.fr\/remiremontinfo\/2020\/08\/coronavirus-situation-12-aout-covid-19-plus-six-vosgiens-hospitalises\/"]}]},{"@type":"ImageObject","inLanguage":"fr-FR","@id":"https:\/\/vosgesinfo.fr\/remiremontinfo\/2020\/08\/coronavirus-situation-12-aout-covid-19-plus-six-vosgiens-hospitalises\/#primaryimage","url":"https:\/\/vosgesinfo.fr\/app\/uploads\/sites\/5\/2024\/09\/202008covid-19-400x225-1.jpg","contentUrl":"https:\/\/vosgesinfo.fr\/app\/uploads\/sites\/5\/2024\/09\/202008covid-19-400x225-1.jpg","width":400,"height":225},{"@type":"BreadcrumbList","@id":"https:\/\/vosgesinfo.fr\/remiremontinfo\/2020\/08\/coronavirus-situation-12-aout-covid-19-plus-six-vosgiens-hospitalises\/#breadcrumb","itemListElement":[{"@type":"ListItem","position":1,"name":"Home","item":"https:\/\/vosgesinfo.fr\/remiremontinfo\/"},{"@type":"ListItem","position":2,"name":"Coronavirus : situation au 12 ao\u00fbt du Covid-19. Plus que six vosgiens hospitalis\u00e9s"}]},{"@type":"WebSite","@id":"https:\/\/vosgesinfo.fr\/remiremontinfo\/#website","url":"https:\/\/vosgesinfo.fr\/remiremontinfo\/","name":"Remiremont Info","description":"Toute l&#039;actualit\u00e9 de Remiremont","publisher":{"@id":"https:\/\/vosgesinfo.fr\/remiremontinfo\/#organization"},"alternateName":"Toute l'actualit\u00e9 de Remiremont","potentialAction":[{"@type":"SearchAction","target":{"@type":"EntryPoint","urlTemplate":"https:\/\/vosgesinfo.fr\/remiremontinfo\/?s={search_term_string}"},"query-input":"required name=search_term_string"}],"inLanguage":"fr-FR"},{"@type":"Organization","@id":"https:\/\/vosgesinfo.fr\/remiremontinfo\/#organization","name":"Remiremont Info","url":"https:\/\/vosgesinfo.fr\/remiremontinfo\/","logo":{"@type":"ImageObject","inLanguage":"fr-FR","@id":"https:\/\/vosgesinfo.fr\/remiremontinfo\/#\/schema\/logo\/image\/","url":"https:\/\/vosgesinfo.fr\/app\/uploads\/sites\/5\/2023\/08\/favicon-remiremontinfo.png","contentUrl":"https:\/\/vosgesinfo.fr\/app\/uploads\/sites\/5\/2023\/08\/favicon-remiremontinfo.png","width":512,"height":512,"caption":"Remiremont Info"},"image":{"@id":"https:\/\/vosgesinfo.fr\/remiremontinfo\/#\/schema\/logo\/image\/"},"sameAs":["https:\/\/www.facebook.com\/remiremontinfo","https:\/\/x.com\/VosgesInfo88","https:\/\/www.youtube.com\/@vosgesinfo"]},{"@type":"Person","@id":"https:\/\/vosgesinfo.fr\/remiremontinfo\/#\/schema\/person\/80c6ea85ff4afefe81dceaf949954c76","name":"La redaction","image":{"@type":"ImageObject","inLanguage":"fr-FR","@id":"https:\/\/vosgesinfo.fr\/remiremontinfo\/#\/schema\/person\/image\/","url":"https:\/\/secure.gravatar.com\/avatar\/fa684fed8c27e631d40f39d17520286009f89cf7526728ea4e58b5a8c426c16a?s=96&d=mm&r=g","contentUrl":"https:\/\/secure.gravatar.com\/avatar\/fa684fed8c27e631d40f39d17520286009f89cf7526728ea4e58b5a8c426c16a?s=96&d=mm&r=g","caption":"La redaction"},"url":"https:\/\/vosgesinfo.fr\/remiremontinfo\/author\/d-p\/"}]}},"_links":{"self":[{"href":"https:\/\/vosgesinfo.fr\/remiremontinfo\/wp-json\/wp\/v2\/posts\/29809","targetHints":{"allow":["GET"]}}],"collection":[{"href":"https:\/\/vosgesinfo.fr\/remiremontinfo\/wp-json\/wp\/v2\/posts"}],"about":[{"href":"https:\/\/vosgesinfo.fr\/remiremontinfo\/wp-json\/wp\/v2\/types\/post"}],"author":[{"embeddable":true,"href":"https:\/\/vosgesinfo.fr\/remiremontinfo\/wp-json\/wp\/v2\/users\/392"}],"replies":[{"embeddable":true,"href":"https:\/\/vosgesinfo.fr\/remiremontinfo\/wp-json\/wp\/v2\/comments?post=29809"}],"version-history":[{"count":0,"href":"https:\/\/vosgesinfo.fr\/remiremontinfo\/wp-json\/wp\/v2\/posts\/29809\/revisions"}],"wp:featuredmedia":[{"embeddable":true,"href":"https:\/\/vosgesinfo.fr\/remiremontinfo\/wp-json\/wp\/v2\/media\/29810"}],"wp:attachment":[{"href":"https:\/\/vosgesinfo.fr\/remiremontinfo\/wp-json\/wp\/v2\/media?parent=29809"}],"wp:term":[{"taxonomy":"category","embeddable":true,"href":"https:\/\/vosgesinfo.fr\/remiremontinfo\/wp-json\/wp\/v2\/categories?post=29809"},{"taxonomy":"post_tag","embeddable":true,"href":"https:\/\/vosgesinfo.fr\/remiremontinfo\/wp-json\/wp\/v2\/tags?post=29809"}],"curies":[{"name":"wp","href":"https:\/\/api.w.org\/{rel}","templated":true}]}}