{"id":29811,"date":"2020-08-13T15:35:01","date_gmt":"2020-08-13T13:35:01","guid":{"rendered":"https:\/\/vosgesinfo.fr\/remiremontinfo\/2020\/08\/vosges-port-masque-obligatoire-rassemblements-de-plus-de-10-personnes\/"},"modified":"2020-08-13T15:35:01","modified_gmt":"2020-08-13T13:35:01","slug":"vosges-port-masque-obligatoire-rassemblements-de-plus-de-10-personnes","status":"publish","type":"post","link":"https:\/\/vosgesinfo.fr\/remiremontinfo\/2020\/08\/vosges-port-masque-obligatoire-rassemblements-de-plus-de-10-personnes\/","title":{"rendered":"Vosges &#8211; le port du masque obligatoire pour les rassemblements de plus de 10 personnes en ext\u00e9rieur"},"content":{"rendered":"<p><a href=\"https:\/\/remiremontinfo.fr\/2020\/08\/vosges-port-masque-obligatoire-rassemblements-de-plus-de-10-personnes\/masque-rue\/\" rel=\"attachment wp-att-292730\"><img decoding=\"async\" class=\"aligncenter size-full wp-image-292730\" src=\"\/2020\/08\/masque-rue.png\" alt=\"masque rue\" width=\"800\" height=\"429\" \/><\/a>Les derni\u00e8res donn\u00e9es disponibles de l\u2019Agence R\u00e9gionale de la Sant\u00e9 indiquent que les seuils de vigilance sont d\u00e9pass\u00e9s dans certains d\u00e9partements. Les Vosges n\u2019en font pas partie, et le taux d\u2019incidence y est inf\u00e9rieur \u00e0 la moyenne r\u00e9gionale, mais il est important, en cette p\u00e9riode estivale souvent synonyme de rassemblements et de d\u00e9placements, de rester vigilant pour limiter la propagation du virus.<br \/>\nLe d\u00e9partement des Vosges conna\u00eet actuellement une forte affluence touristique, ce qui accro\u00eet le risque de propagation du virus, ph\u00e9nom\u00e8ne que peuvent renforcer les mouvements pendulaires. Bien entendu, cette activit\u00e9 est b\u00e9n\u00e9fique, et doit donner lieu \u00e0 des mesures adapt\u00e9es pour respecter les gestes barri\u00e8res tels que la distanciation physique et le port du masque. Il est primordial de concilier les imp\u00e9ratifs de protection sanitaire et l\u2019activit\u00e9 sociale et \u00e9conomique.<br \/>\nDans certains cas, force est de constater une baisse de vigilance quant au respect des mesures barri\u00e8res. Le port du masque est une mesure simple et efficace pour se prot\u00e9ger et prot\u00e9ger les autres. Il est aujourd\u2019hui obligatoire dans les transports en commun et dans les lieux recevant du public en milieu clos, tels que les restaurants, commerces ou march\u00e9s couverts.<br \/>\nEn compl\u00e9ment, et pour pr\u00e9venir une \u00e9ventuelle reprise de la propagation du virus, Pierre ORY, Pr\u00e9fet des Vosges, en concertation avec les \u00e9lus locaux, a d\u00e9cid\u00e9 d\u2019\u00e9tendre cette obligation \u00e0 tous les rassemblements de plus de 10 personnes sur la voie publique sur l\u2019ensemble du territoire.<br \/>\nD\u00e8s lors, du 15 au 30 ao\u00fbt inclus, toute personne de plus de 11 ans devra obligatoirement porter un masque d\u00e8s lors qu\u2019elle se trouvera en situation de rassemblement de plus de 10 personnes sur la voie publique, notamment sur les march\u00e9s non couverts, dans les vides greniers, les brocantes, f\u00eates foraines ou rassemblements devant des \u00e9tablissements recevant du public.<br \/>\nLes manifestations sportives d\u00e9clar\u00e9es sont \u00e9galement concern\u00e9es par cette obligation, avec pour seule exception les participants aux \u00e9preuves sportives, le temps de l\u2019\u00e9preuve. Les spectateurs et<br \/>\norganisateurs et les participants avant et apr\u00e8s l\u2019\u00e9preuve seront tenus de porter le masque.<br \/>\n&#8212;&#8212;&#8212;&#8212;&#8212;&#8212;&#8212;&#8212;&#8212;&#8212;&#8212;&#8212;&#8212;&#8212;&#8212;&#8212;&#8212;&#8212;&#8212;&#8212;&#8212;-<br \/>\nIl est important de rappeler que toutes les manifestations sur la voie publique de plus de 10 personnes sont soumises \u00e0 d\u00e9claration pr\u00e9alable. Un examen attentif est port\u00e9 sur le protocole sanitaire mis en place par les organisateurs. En cas d\u2019insuffisance, la manifestation pourra ne pas \u00eatre autoris\u00e9e.<br \/>\nUne manifestation de plus de 10 personnes est ill\u00e9gale si elle n\u2019est pas d\u00e9clar\u00e9e. Son organisateur s\u2019expose alors \u00e0 des sanctions administratives.<br \/>\nEnfin, les contr\u00f4les sur le respect des obligations prescrites tant par le d\u00e9cret que par l\u2019arr\u00eat\u00e9 pr\u00e9fectoral seront accentu\u00e9s d\u00e8s ce week-end et jusqu\u2019\u00e0 la fin du mois, dans les \u00e9tablissements recevant du public et lors des grands \u00e9v\u00e9nements organis\u00e9s dans l\u2019espace public.<br \/>\nIl est important de continuer \u00e0 respecter les gestes barri\u00e8res pour limiter la circulation du virus :<br \/>\n\u2022 Se laver les mains tr\u00e8s r\u00e9guli\u00e8rement<br \/>\n\u2022 Se distancier d\u2019au moins un m\u00e8tre de chaque personne autour de soi<br \/>\n\u2022 \u00c9viter de se toucher le visage<br \/>\n\u2022 Tousser ou \u00e9ternuer dans son coude ou dans un mouchoir<br \/>\n\u2022 Saluer sans se serrer la main, \u00e9viter les embrassades<br \/>\n\u2022 Utiliser des mouchoirs \u00e0 usage unique et les jeter<br \/>\n\u2022 \u00c9viter les rassemblements, limiter les d\u00e9placements et les contacts<\/p>\n","protected":false},"excerpt":{"rendered":"<p>Les derni\u00e8res donn\u00e9es disponibles de l\u2019Agence R\u00e9gionale de la Sant\u00e9 indiquent que les seuils de vigilance sont d\u00e9pass\u00e9s dans certains [&hellip;]<\/p>\n","protected":false},"author":391,"featured_media":29812,"comment_status":"open","ping_status":"open","sticky":false,"template":"","format":"standard","meta":{"footnotes":""},"categories":[26,12,18],"tags":[],"class_list":["post-29811","post","type-post","status-publish","format-standard","has-post-thumbnail","hentry","category-a-la-une","category-sante","category-vosges"],"acf":[],"yoast_head":"<!-- This site is optimized with the Yoast SEO plugin v22.5 - https:\/\/yoast.com\/wordpress\/plugins\/seo\/ -->\n<title>Vosges - le port du masque obligatoire pour les rassemblements de plus de 10 personnes en ext\u00e9rieur - Remiremont Info<\/title>\n<meta name=\"robots\" content=\"index, follow, max-snippet:-1, max-image-preview:large, max-video-preview:-1\" \/>\n<link rel=\"canonical\" href=\"https:\/\/vosgesinfo.fr\/remiremontinfo\/2020\/08\/vosges-port-masque-obligatoire-rassemblements-de-plus-de-10-personnes\/\" \/>\n<meta name=\"twitter:card\" content=\"summary_large_image\" \/>\n<meta name=\"twitter:title\" content=\"Vosges - le port du masque obligatoire pour les rassemblements de plus de 10 personnes en ext\u00e9rieur - Remiremont Info\" \/>\n<meta name=\"twitter:description\" content=\"Les derni\u00e8res donn\u00e9es disponibles de l\u2019Agence R\u00e9gionale de la Sant\u00e9 indiquent que les seuils de vigilance sont d\u00e9pass\u00e9s dans certains [&hellip;]\" \/>\n<meta name=\"twitter:image\" content=\"https:\/\/vosgesinfo.fr\/app\/uploads\/sites\/5\/2024\/09\/202008masque-rue.png\" \/>\n<meta name=\"twitter:creator\" content=\"@VosgesInfo88\" \/>\n<meta name=\"twitter:site\" content=\"@VosgesInfo88\" \/>\n<meta name=\"twitter:label1\" content=\"\u00c9crit par\" \/>\n\t<meta name=\"twitter:data1\" content=\"La redaction\" \/>\n\t<meta name=\"twitter:label2\" content=\"Dur\u00e9e de lecture estim\u00e9e\" \/>\n\t<meta name=\"twitter:data2\" content=\"3 minutes\" \/>\n<script type=\"application\/ld+json\" class=\"yoast-schema-graph\">{\"@context\":\"https:\/\/schema.org\",\"@graph\":[{\"@type\":\"Article\",\"@id\":\"https:\/\/vosgesinfo.fr\/remiremontinfo\/2020\/08\/vosges-port-masque-obligatoire-rassemblements-de-plus-de-10-personnes\/#article\",\"isPartOf\":{\"@id\":\"https:\/\/vosgesinfo.fr\/remiremontinfo\/2020\/08\/vosges-port-masque-obligatoire-rassemblements-de-plus-de-10-personnes\/\"},\"author\":{\"name\":\"La redaction\",\"@id\":\"https:\/\/vosgesinfo.fr\/remiremontinfo\/#\/schema\/person\/27a3695b06db98895b354c0765cdfc31\"},\"headline\":\"Vosges &#8211; le port du masque obligatoire pour les rassemblements de plus de 10 personnes en ext\u00e9rieur\",\"datePublished\":\"2020-08-13T13:35:01+00:00\",\"dateModified\":\"2020-08-13T13:35:01+00:00\",\"mainEntityOfPage\":{\"@id\":\"https:\/\/vosgesinfo.fr\/remiremontinfo\/2020\/08\/vosges-port-masque-obligatoire-rassemblements-de-plus-de-10-personnes\/\"},\"wordCount\":606,\"commentCount\":0,\"publisher\":{\"@id\":\"https:\/\/vosgesinfo.fr\/remiremontinfo\/#organization\"},\"image\":{\"@id\":\"https:\/\/vosgesinfo.fr\/remiremontinfo\/2020\/08\/vosges-port-masque-obligatoire-rassemblements-de-plus-de-10-personnes\/#primaryimage\"},\"thumbnailUrl\":\"https:\/\/vosgesinfo.fr\/app\/uploads\/sites\/5\/2024\/09\/202008masque-rue.png\",\"articleSection\":[\"A la Une\",\"Sant\u00e9\",\"Vosges\"],\"inLanguage\":\"fr-FR\",\"potentialAction\":[{\"@type\":\"CommentAction\",\"name\":\"Comment\",\"target\":[\"https:\/\/vosgesinfo.fr\/remiremontinfo\/2020\/08\/vosges-port-masque-obligatoire-rassemblements-de-plus-de-10-personnes\/#respond\"]}]},{\"@type\":\"WebPage\",\"@id\":\"https:\/\/vosgesinfo.fr\/remiremontinfo\/2020\/08\/vosges-port-masque-obligatoire-rassemblements-de-plus-de-10-personnes\/\",\"url\":\"https:\/\/vosgesinfo.fr\/remiremontinfo\/2020\/08\/vosges-port-masque-obligatoire-rassemblements-de-plus-de-10-personnes\/\",\"name\":\"Vosges - le port du masque obligatoire pour les rassemblements de plus de 10 personnes en ext\u00e9rieur - Remiremont Info\",\"isPartOf\":{\"@id\":\"https:\/\/vosgesinfo.fr\/remiremontinfo\/#website\"},\"primaryImageOfPage\":{\"@id\":\"https:\/\/vosgesinfo.fr\/remiremontinfo\/2020\/08\/vosges-port-masque-obligatoire-rassemblements-de-plus-de-10-personnes\/#primaryimage\"},\"image\":{\"@id\":\"https:\/\/vosgesinfo.fr\/remiremontinfo\/2020\/08\/vosges-port-masque-obligatoire-rassemblements-de-plus-de-10-personnes\/#primaryimage\"},\"thumbnailUrl\":\"https:\/\/vosgesinfo.fr\/app\/uploads\/sites\/5\/2024\/09\/202008masque-rue.png\",\"datePublished\":\"2020-08-13T13:35:01+00:00\",\"dateModified\":\"2020-08-13T13:35:01+00:00\",\"breadcrumb\":{\"@id\":\"https:\/\/vosgesinfo.fr\/remiremontinfo\/2020\/08\/vosges-port-masque-obligatoire-rassemblements-de-plus-de-10-personnes\/#breadcrumb\"},\"inLanguage\":\"fr-FR\",\"potentialAction\":[{\"@type\":\"ReadAction\",\"target\":[\"https:\/\/vosgesinfo.fr\/remiremontinfo\/2020\/08\/vosges-port-masque-obligatoire-rassemblements-de-plus-de-10-personnes\/\"]}]},{\"@type\":\"ImageObject\",\"inLanguage\":\"fr-FR\",\"@id\":\"https:\/\/vosgesinfo.fr\/remiremontinfo\/2020\/08\/vosges-port-masque-obligatoire-rassemblements-de-plus-de-10-personnes\/#primaryimage\",\"url\":\"https:\/\/vosgesinfo.fr\/app\/uploads\/sites\/5\/2024\/09\/202008masque-rue.png\",\"contentUrl\":\"https:\/\/vosgesinfo.fr\/app\/uploads\/sites\/5\/2024\/09\/202008masque-rue.png\",\"width\":800,\"height\":429},{\"@type\":\"BreadcrumbList\",\"@id\":\"https:\/\/vosgesinfo.fr\/remiremontinfo\/2020\/08\/vosges-port-masque-obligatoire-rassemblements-de-plus-de-10-personnes\/#breadcrumb\",\"itemListElement\":[{\"@type\":\"ListItem\",\"position\":1,\"name\":\"Home\",\"item\":\"https:\/\/vosgesinfo.fr\/remiremontinfo\/\"},{\"@type\":\"ListItem\",\"position\":2,\"name\":\"Vosges &#8211; le port du masque obligatoire pour les rassemblements de plus de 10 personnes en ext\u00e9rieur\"}]},{\"@type\":\"WebSite\",\"@id\":\"https:\/\/vosgesinfo.fr\/remiremontinfo\/#website\",\"url\":\"https:\/\/vosgesinfo.fr\/remiremontinfo\/\",\"name\":\"Remiremont Info\",\"description\":\"Toute l&#039;actualit\u00e9 de Remiremont\",\"publisher\":{\"@id\":\"https:\/\/vosgesinfo.fr\/remiremontinfo\/#organization\"},\"alternateName\":\"Toute l'actualit\u00e9 de Remiremont\",\"potentialAction\":[{\"@type\":\"SearchAction\",\"target\":{\"@type\":\"EntryPoint\",\"urlTemplate\":\"https:\/\/vosgesinfo.fr\/remiremontinfo\/?s={search_term_string}\"},\"query-input\":\"required name=search_term_string\"}],\"inLanguage\":\"fr-FR\"},{\"@type\":\"Organization\",\"@id\":\"https:\/\/vosgesinfo.fr\/remiremontinfo\/#organization\",\"name\":\"Remiremont Info\",\"url\":\"https:\/\/vosgesinfo.fr\/remiremontinfo\/\",\"logo\":{\"@type\":\"ImageObject\",\"inLanguage\":\"fr-FR\",\"@id\":\"https:\/\/vosgesinfo.fr\/remiremontinfo\/#\/schema\/logo\/image\/\",\"url\":\"https:\/\/vosgesinfo.fr\/app\/uploads\/sites\/5\/2023\/08\/favicon-remiremontinfo.png\",\"contentUrl\":\"https:\/\/vosgesinfo.fr\/app\/uploads\/sites\/5\/2023\/08\/favicon-remiremontinfo.png\",\"width\":512,\"height\":512,\"caption\":\"Remiremont Info\"},\"image\":{\"@id\":\"https:\/\/vosgesinfo.fr\/remiremontinfo\/#\/schema\/logo\/image\/\"},\"sameAs\":[\"https:\/\/www.facebook.com\/remiremontinfo\",\"https:\/\/x.com\/VosgesInfo88\",\"https:\/\/www.youtube.com\/@vosgesinfo\"]},{\"@type\":\"Person\",\"@id\":\"https:\/\/vosgesinfo.fr\/remiremontinfo\/#\/schema\/person\/27a3695b06db98895b354c0765cdfc31\",\"name\":\"La redaction\",\"image\":{\"@type\":\"ImageObject\",\"inLanguage\":\"fr-FR\",\"@id\":\"https:\/\/vosgesinfo.fr\/remiremontinfo\/#\/schema\/person\/image\/\",\"url\":\"https:\/\/secure.gravatar.com\/avatar\/64c76a78e501cedee55736f43f332df901e1896ae9cd8fad269ae2236dd0e8b6?s=96&d=mm&r=g\",\"contentUrl\":\"https:\/\/secure.gravatar.com\/avatar\/64c76a78e501cedee55736f43f332df901e1896ae9cd8fad269ae2236dd0e8b6?s=96&d=mm&r=g\",\"caption\":\"La redaction\"},\"url\":\"https:\/\/vosgesinfo.fr\/remiremontinfo\/author\/la-redaction\/\"}]}<\/script>\n<!-- \/ Yoast SEO plugin. -->","yoast_head_json":{"title":"Vosges - le port du masque obligatoire pour les rassemblements de plus de 10 personnes en ext\u00e9rieur - Remiremont Info","robots":{"index":"index","follow":"follow","max-snippet":"max-snippet:-1","max-image-preview":"max-image-preview:large","max-video-preview":"max-video-preview:-1"},"canonical":"https:\/\/vosgesinfo.fr\/remiremontinfo\/2020\/08\/vosges-port-masque-obligatoire-rassemblements-de-plus-de-10-personnes\/","twitter_card":"summary_large_image","twitter_title":"Vosges - le port du masque obligatoire pour les rassemblements de plus de 10 personnes en ext\u00e9rieur - Remiremont Info","twitter_description":"Les derni\u00e8res donn\u00e9es disponibles de l\u2019Agence R\u00e9gionale de la Sant\u00e9 indiquent que les seuils de vigilance sont d\u00e9pass\u00e9s dans certains [&hellip;]","twitter_image":"https:\/\/vosgesinfo.fr\/app\/uploads\/sites\/5\/2024\/09\/202008masque-rue.png","twitter_creator":"@VosgesInfo88","twitter_site":"@VosgesInfo88","twitter_misc":{"\u00c9crit par":"La redaction","Dur\u00e9e de lecture estim\u00e9e":"3 minutes"},"schema":{"@context":"https:\/\/schema.org","@graph":[{"@type":"Article","@id":"https:\/\/vosgesinfo.fr\/remiremontinfo\/2020\/08\/vosges-port-masque-obligatoire-rassemblements-de-plus-de-10-personnes\/#article","isPartOf":{"@id":"https:\/\/vosgesinfo.fr\/remiremontinfo\/2020\/08\/vosges-port-masque-obligatoire-rassemblements-de-plus-de-10-personnes\/"},"author":{"name":"La redaction","@id":"https:\/\/vosgesinfo.fr\/remiremontinfo\/#\/schema\/person\/27a3695b06db98895b354c0765cdfc31"},"headline":"Vosges &#8211; le port du masque obligatoire pour les rassemblements de plus de 10 personnes en ext\u00e9rieur","datePublished":"2020-08-13T13:35:01+00:00","dateModified":"2020-08-13T13:35:01+00:00","mainEntityOfPage":{"@id":"https:\/\/vosgesinfo.fr\/remiremontinfo\/2020\/08\/vosges-port-masque-obligatoire-rassemblements-de-plus-de-10-personnes\/"},"wordCount":606,"commentCount":0,"publisher":{"@id":"https:\/\/vosgesinfo.fr\/remiremontinfo\/#organization"},"image":{"@id":"https:\/\/vosgesinfo.fr\/remiremontinfo\/2020\/08\/vosges-port-masque-obligatoire-rassemblements-de-plus-de-10-personnes\/#primaryimage"},"thumbnailUrl":"https:\/\/vosgesinfo.fr\/app\/uploads\/sites\/5\/2024\/09\/202008masque-rue.png","articleSection":["A la Une","Sant\u00e9","Vosges"],"inLanguage":"fr-FR","potentialAction":[{"@type":"CommentAction","name":"Comment","target":["https:\/\/vosgesinfo.fr\/remiremontinfo\/2020\/08\/vosges-port-masque-obligatoire-rassemblements-de-plus-de-10-personnes\/#respond"]}]},{"@type":"WebPage","@id":"https:\/\/vosgesinfo.fr\/remiremontinfo\/2020\/08\/vosges-port-masque-obligatoire-rassemblements-de-plus-de-10-personnes\/","url":"https:\/\/vosgesinfo.fr\/remiremontinfo\/2020\/08\/vosges-port-masque-obligatoire-rassemblements-de-plus-de-10-personnes\/","name":"Vosges - le port du masque obligatoire pour les rassemblements de plus de 10 personnes en ext\u00e9rieur - Remiremont Info","isPartOf":{"@id":"https:\/\/vosgesinfo.fr\/remiremontinfo\/#website"},"primaryImageOfPage":{"@id":"https:\/\/vosgesinfo.fr\/remiremontinfo\/2020\/08\/vosges-port-masque-obligatoire-rassemblements-de-plus-de-10-personnes\/#primaryimage"},"image":{"@id":"https:\/\/vosgesinfo.fr\/remiremontinfo\/2020\/08\/vosges-port-masque-obligatoire-rassemblements-de-plus-de-10-personnes\/#primaryimage"},"thumbnailUrl":"https:\/\/vosgesinfo.fr\/app\/uploads\/sites\/5\/2024\/09\/202008masque-rue.png","datePublished":"2020-08-13T13:35:01+00:00","dateModified":"2020-08-13T13:35:01+00:00","breadcrumb":{"@id":"https:\/\/vosgesinfo.fr\/remiremontinfo\/2020\/08\/vosges-port-masque-obligatoire-rassemblements-de-plus-de-10-personnes\/#breadcrumb"},"inLanguage":"fr-FR","potentialAction":[{"@type":"ReadAction","target":["https:\/\/vosgesinfo.fr\/remiremontinfo\/2020\/08\/vosges-port-masque-obligatoire-rassemblements-de-plus-de-10-personnes\/"]}]},{"@type":"ImageObject","inLanguage":"fr-FR","@id":"https:\/\/vosgesinfo.fr\/remiremontinfo\/2020\/08\/vosges-port-masque-obligatoire-rassemblements-de-plus-de-10-personnes\/#primaryimage","url":"https:\/\/vosgesinfo.fr\/app\/uploads\/sites\/5\/2024\/09\/202008masque-rue.png","contentUrl":"https:\/\/vosgesinfo.fr\/app\/uploads\/sites\/5\/2024\/09\/202008masque-rue.png","width":800,"height":429},{"@type":"BreadcrumbList","@id":"https:\/\/vosgesinfo.fr\/remiremontinfo\/2020\/08\/vosges-port-masque-obligatoire-rassemblements-de-plus-de-10-personnes\/#breadcrumb","itemListElement":[{"@type":"ListItem","position":1,"name":"Home","item":"https:\/\/vosgesinfo.fr\/remiremontinfo\/"},{"@type":"ListItem","position":2,"name":"Vosges &#8211; le port du masque obligatoire pour les rassemblements de plus de 10 personnes en ext\u00e9rieur"}]},{"@type":"WebSite","@id":"https:\/\/vosgesinfo.fr\/remiremontinfo\/#website","url":"https:\/\/vosgesinfo.fr\/remiremontinfo\/","name":"Remiremont Info","description":"Toute l&#039;actualit\u00e9 de Remiremont","publisher":{"@id":"https:\/\/vosgesinfo.fr\/remiremontinfo\/#organization"},"alternateName":"Toute l'actualit\u00e9 de Remiremont","potentialAction":[{"@type":"SearchAction","target":{"@type":"EntryPoint","urlTemplate":"https:\/\/vosgesinfo.fr\/remiremontinfo\/?s={search_term_string}"},"query-input":"required name=search_term_string"}],"inLanguage":"fr-FR"},{"@type":"Organization","@id":"https:\/\/vosgesinfo.fr\/remiremontinfo\/#organization","name":"Remiremont Info","url":"https:\/\/vosgesinfo.fr\/remiremontinfo\/","logo":{"@type":"ImageObject","inLanguage":"fr-FR","@id":"https:\/\/vosgesinfo.fr\/remiremontinfo\/#\/schema\/logo\/image\/","url":"https:\/\/vosgesinfo.fr\/app\/uploads\/sites\/5\/2023\/08\/favicon-remiremontinfo.png","contentUrl":"https:\/\/vosgesinfo.fr\/app\/uploads\/sites\/5\/2023\/08\/favicon-remiremontinfo.png","width":512,"height":512,"caption":"Remiremont Info"},"image":{"@id":"https:\/\/vosgesinfo.fr\/remiremontinfo\/#\/schema\/logo\/image\/"},"sameAs":["https:\/\/www.facebook.com\/remiremontinfo","https:\/\/x.com\/VosgesInfo88","https:\/\/www.youtube.com\/@vosgesinfo"]},{"@type":"Person","@id":"https:\/\/vosgesinfo.fr\/remiremontinfo\/#\/schema\/person\/27a3695b06db98895b354c0765cdfc31","name":"La redaction","image":{"@type":"ImageObject","inLanguage":"fr-FR","@id":"https:\/\/vosgesinfo.fr\/remiremontinfo\/#\/schema\/person\/image\/","url":"https:\/\/secure.gravatar.com\/avatar\/64c76a78e501cedee55736f43f332df901e1896ae9cd8fad269ae2236dd0e8b6?s=96&d=mm&r=g","contentUrl":"https:\/\/secure.gravatar.com\/avatar\/64c76a78e501cedee55736f43f332df901e1896ae9cd8fad269ae2236dd0e8b6?s=96&d=mm&r=g","caption":"La redaction"},"url":"https:\/\/vosgesinfo.fr\/remiremontinfo\/author\/la-redaction\/"}]}},"_links":{"self":[{"href":"https:\/\/vosgesinfo.fr\/remiremontinfo\/wp-json\/wp\/v2\/posts\/29811","targetHints":{"allow":["GET"]}}],"collection":[{"href":"https:\/\/vosgesinfo.fr\/remiremontinfo\/wp-json\/wp\/v2\/posts"}],"about":[{"href":"https:\/\/vosgesinfo.fr\/remiremontinfo\/wp-json\/wp\/v2\/types\/post"}],"author":[{"embeddable":true,"href":"https:\/\/vosgesinfo.fr\/remiremontinfo\/wp-json\/wp\/v2\/users\/391"}],"replies":[{"embeddable":true,"href":"https:\/\/vosgesinfo.fr\/remiremontinfo\/wp-json\/wp\/v2\/comments?post=29811"}],"version-history":[{"count":0,"href":"https:\/\/vosgesinfo.fr\/remiremontinfo\/wp-json\/wp\/v2\/posts\/29811\/revisions"}],"wp:featuredmedia":[{"embeddable":true,"href":"https:\/\/vosgesinfo.fr\/remiremontinfo\/wp-json\/wp\/v2\/media\/29812"}],"wp:attachment":[{"href":"https:\/\/vosgesinfo.fr\/remiremontinfo\/wp-json\/wp\/v2\/media?parent=29811"}],"wp:term":[{"taxonomy":"category","embeddable":true,"href":"https:\/\/vosgesinfo.fr\/remiremontinfo\/wp-json\/wp\/v2\/categories?post=29811"},{"taxonomy":"post_tag","embeddable":true,"href":"https:\/\/vosgesinfo.fr\/remiremontinfo\/wp-json\/wp\/v2\/tags?post=29811"}],"curies":[{"name":"wp","href":"https:\/\/api.w.org\/{rel}","templated":true}]}}