{"id":29819,"date":"2020-08-14T06:32:13","date_gmt":"2020-08-14T04:32:13","guid":{"rendered":"https:\/\/vosgesinfo.fr\/remiremontinfo\/2020\/08\/deux-oeuvres-restaurees-de-retour-musee-friry\/"},"modified":"2020-08-14T06:32:13","modified_gmt":"2020-08-14T04:32:13","slug":"deux-oeuvres-restaurees-de-retour-musee-friry","status":"publish","type":"post","link":"https:\/\/vosgesinfo.fr\/remiremontinfo\/2020\/08\/deux-oeuvres-restaurees-de-retour-musee-friry\/","title":{"rendered":"Deux \u0153uvres restaur\u00e9es de retour au mus\u00e9e Friry"},"content":{"rendered":"<p><a href=\"https:\/\/remiremontinfo.fr\/2020\/08\/deux-oeuvres-restaurees-de-retour-musee-friry\/fri10\/\" rel=\"attachment wp-att-292745\"><img decoding=\"async\" class=\"aligncenter size-full wp-image-292745\" src=\"\/2020\/08\/fri10.png\" alt=\"fri10\" width=\"800\" height=\"362\" \/><\/a>Ce jeudi matin, deux sculptures de Jacob-Sigisbert Adam ont regagn\u00e9 les rayons d\u2019une vitrine du Mus\u00e9e Charles Friry.<br \/>\nCes \u0153uvres en terre cuite datant du d\u00e9but du XVIIIe si\u00e8cle devaient \u00eatre expos\u00e9es au Mus\u00e9e Lorrain, \u00e0 l\u2019occasion de l\u2019exposition \u00ab La sculpture en h\u00e9ritage, les Adam, une dynastie lorraine \u00bb. La covid-19 n\u2019ayant pas fini de bouleverser les plans, cette exposition nanc\u00e9ienne, dont le commissariat est assur\u00e9 conjointement par Guilhem Scherf, conservateur g\u00e9n\u00e9ral du patrimoine au Mus\u00e9e du Louvre et par Pierre-Hippolyte P\u00e9net, conservateur au Mus\u00e9e lorrain, est report\u00e9e \u00e0 l\u2019automne 2021. Elle comportera notamment le pr\u00eat exceptionnel d\u2019une quinzaine d\u2019oeuvres majeures du Louvre.<br \/>\nLe temps ayant fait son oeuvre, Orph\u00e9e et le Buste d\u2019Achille, les deux sculptures, m\u00e9ritaient une restauration, ou du moins un nettoyage approfondi. Pour la tenue de cette exposition majeure \u00e0 Nancy, le Mus\u00e9e lorrain a donc propos\u00e9 de financer et faire r\u00e9aliser ce travail, qui n\u2019aura donc rien co\u00fbt\u00e9 aux mus\u00e9es de Remiremont.<br \/>\nCette restauration aura aussi permis d\u2019authentifier avec certitude l\u2019auteur du buste d\u2019Achille : Jacob-Sigisbert Adam (1670-1747), \u00e9l\u00e8ve de C\u00e9sar Bagar et p\u00e8re de trois sculpteurs, Lambert-Sigisbert Adam, Nicolas-S\u00e9bastien Adam et Fran\u00e7ois-Gaspard-Balthazar Adam, est bien l\u2019artiste qui l\u2019a r\u00e9alis\u00e9e, avec son atelier. Pour Orph\u00e9e, le doute subsiste, mais l\u2019oeuvre est sans conteste de la m\u00eame p\u00e9riode.<br \/>\nCes deux d\u00e9licates sculptures d\u2019une trentaine de centim\u00e8tres sont donc \u00e0 (re)d\u00e9couvrir au Mus\u00e9e Charles Friry pendant un an.<\/p>\n<p><a href=\"https:\/\/remiremontinfo.fr\/2020\/08\/deux-oeuvres-restaurees-de-retour-musee-friry\/attachment\/8005\/\" rel=\"attachment wp-att-292752\"><img decoding=\"async\" class=\"aligncenter size-full wp-image-292752\" src=\"\/2020\/08\/8005.jpg\" alt=\"8005\" width=\"800\" height=\"533\" \/><\/a><\/p>\n","protected":false},"excerpt":{"rendered":"<p>Ce jeudi matin, deux sculptures de Jacob-Sigisbert Adam ont regagn\u00e9 les rayons d\u2019une vitrine du Mus\u00e9e Charles Friry. Ces \u0153uvres [&hellip;]<\/p>\n","protected":false},"author":392,"featured_media":29820,"comment_status":"open","ping_status":"open","sticky":false,"template":"","format":"standard","meta":{"footnotes":""},"categories":[26,229,35],"tags":[],"class_list":["post-29819","post","type-post","status-publish","format-standard","has-post-thumbnail","hentry","category-a-la-une","category-art","category-remiremont-son-canton"],"acf":[],"yoast_head":"<!-- This site is optimized with the Yoast SEO plugin v22.5 - https:\/\/yoast.com\/wordpress\/plugins\/seo\/ -->\n<title>Deux \u0153uvres restaur\u00e9es de retour au mus\u00e9e Friry - Remiremont Info<\/title>\n<meta name=\"robots\" content=\"index, follow, max-snippet:-1, max-image-preview:large, max-video-preview:-1\" \/>\n<link rel=\"canonical\" href=\"https:\/\/vosgesinfo.fr\/remiremontinfo\/2020\/08\/deux-oeuvres-restaurees-de-retour-musee-friry\/\" \/>\n<meta name=\"twitter:card\" content=\"summary_large_image\" \/>\n<meta name=\"twitter:title\" content=\"Deux \u0153uvres restaur\u00e9es de retour au mus\u00e9e Friry - Remiremont Info\" \/>\n<meta name=\"twitter:description\" content=\"Ce jeudi matin, deux sculptures de Jacob-Sigisbert Adam ont regagn\u00e9 les rayons d\u2019une vitrine du Mus\u00e9e Charles Friry. Ces \u0153uvres [&hellip;]\" \/>\n<meta name=\"twitter:image\" content=\"https:\/\/vosgesinfo.fr\/app\/uploads\/sites\/5\/2024\/09\/202008fri10.png\" \/>\n<meta name=\"twitter:creator\" content=\"@VosgesInfo88\" \/>\n<meta name=\"twitter:site\" content=\"@VosgesInfo88\" \/>\n<meta name=\"twitter:label1\" content=\"\u00c9crit par\" \/>\n\t<meta name=\"twitter:data1\" content=\"La redaction\" \/>\n\t<meta name=\"twitter:label2\" content=\"Dur\u00e9e de lecture estim\u00e9e\" \/>\n\t<meta name=\"twitter:data2\" content=\"1 minute\" \/>\n<script type=\"application\/ld+json\" class=\"yoast-schema-graph\">{\"@context\":\"https:\/\/schema.org\",\"@graph\":[{\"@type\":\"Article\",\"@id\":\"https:\/\/vosgesinfo.fr\/remiremontinfo\/2020\/08\/deux-oeuvres-restaurees-de-retour-musee-friry\/#article\",\"isPartOf\":{\"@id\":\"https:\/\/vosgesinfo.fr\/remiremontinfo\/2020\/08\/deux-oeuvres-restaurees-de-retour-musee-friry\/\"},\"author\":{\"name\":\"La redaction\",\"@id\":\"https:\/\/vosgesinfo.fr\/remiremontinfo\/#\/schema\/person\/80c6ea85ff4afefe81dceaf949954c76\"},\"headline\":\"Deux \u0153uvres restaur\u00e9es de retour au mus\u00e9e Friry\",\"datePublished\":\"2020-08-14T04:32:13+00:00\",\"dateModified\":\"2020-08-14T04:32:13+00:00\",\"mainEntityOfPage\":{\"@id\":\"https:\/\/vosgesinfo.fr\/remiremontinfo\/2020\/08\/deux-oeuvres-restaurees-de-retour-musee-friry\/\"},\"wordCount\":285,\"commentCount\":0,\"publisher\":{\"@id\":\"https:\/\/vosgesinfo.fr\/remiremontinfo\/#organization\"},\"image\":{\"@id\":\"https:\/\/vosgesinfo.fr\/remiremontinfo\/2020\/08\/deux-oeuvres-restaurees-de-retour-musee-friry\/#primaryimage\"},\"thumbnailUrl\":\"https:\/\/vosgesinfo.fr\/app\/uploads\/sites\/5\/2024\/09\/202008fri10.png\",\"articleSection\":[\"A la Une\",\"Art\",\"Remiremont &amp; son canton\"],\"inLanguage\":\"fr-FR\",\"potentialAction\":[{\"@type\":\"CommentAction\",\"name\":\"Comment\",\"target\":[\"https:\/\/vosgesinfo.fr\/remiremontinfo\/2020\/08\/deux-oeuvres-restaurees-de-retour-musee-friry\/#respond\"]}]},{\"@type\":\"WebPage\",\"@id\":\"https:\/\/vosgesinfo.fr\/remiremontinfo\/2020\/08\/deux-oeuvres-restaurees-de-retour-musee-friry\/\",\"url\":\"https:\/\/vosgesinfo.fr\/remiremontinfo\/2020\/08\/deux-oeuvres-restaurees-de-retour-musee-friry\/\",\"name\":\"Deux \u0153uvres restaur\u00e9es de retour au mus\u00e9e Friry - Remiremont Info\",\"isPartOf\":{\"@id\":\"https:\/\/vosgesinfo.fr\/remiremontinfo\/#website\"},\"primaryImageOfPage\":{\"@id\":\"https:\/\/vosgesinfo.fr\/remiremontinfo\/2020\/08\/deux-oeuvres-restaurees-de-retour-musee-friry\/#primaryimage\"},\"image\":{\"@id\":\"https:\/\/vosgesinfo.fr\/remiremontinfo\/2020\/08\/deux-oeuvres-restaurees-de-retour-musee-friry\/#primaryimage\"},\"thumbnailUrl\":\"https:\/\/vosgesinfo.fr\/app\/uploads\/sites\/5\/2024\/09\/202008fri10.png\",\"datePublished\":\"2020-08-14T04:32:13+00:00\",\"dateModified\":\"2020-08-14T04:32:13+00:00\",\"breadcrumb\":{\"@id\":\"https:\/\/vosgesinfo.fr\/remiremontinfo\/2020\/08\/deux-oeuvres-restaurees-de-retour-musee-friry\/#breadcrumb\"},\"inLanguage\":\"fr-FR\",\"potentialAction\":[{\"@type\":\"ReadAction\",\"target\":[\"https:\/\/vosgesinfo.fr\/remiremontinfo\/2020\/08\/deux-oeuvres-restaurees-de-retour-musee-friry\/\"]}]},{\"@type\":\"ImageObject\",\"inLanguage\":\"fr-FR\",\"@id\":\"https:\/\/vosgesinfo.fr\/remiremontinfo\/2020\/08\/deux-oeuvres-restaurees-de-retour-musee-friry\/#primaryimage\",\"url\":\"https:\/\/vosgesinfo.fr\/app\/uploads\/sites\/5\/2024\/09\/202008fri10.png\",\"contentUrl\":\"https:\/\/vosgesinfo.fr\/app\/uploads\/sites\/5\/2024\/09\/202008fri10.png\",\"width\":800,\"height\":362},{\"@type\":\"BreadcrumbList\",\"@id\":\"https:\/\/vosgesinfo.fr\/remiremontinfo\/2020\/08\/deux-oeuvres-restaurees-de-retour-musee-friry\/#breadcrumb\",\"itemListElement\":[{\"@type\":\"ListItem\",\"position\":1,\"name\":\"Home\",\"item\":\"https:\/\/vosgesinfo.fr\/remiremontinfo\/\"},{\"@type\":\"ListItem\",\"position\":2,\"name\":\"Deux \u0153uvres restaur\u00e9es de retour au mus\u00e9e Friry\"}]},{\"@type\":\"WebSite\",\"@id\":\"https:\/\/vosgesinfo.fr\/remiremontinfo\/#website\",\"url\":\"https:\/\/vosgesinfo.fr\/remiremontinfo\/\",\"name\":\"Remiremont Info\",\"description\":\"Toute l&#039;actualit\u00e9 de Remiremont\",\"publisher\":{\"@id\":\"https:\/\/vosgesinfo.fr\/remiremontinfo\/#organization\"},\"alternateName\":\"Toute l'actualit\u00e9 de Remiremont\",\"potentialAction\":[{\"@type\":\"SearchAction\",\"target\":{\"@type\":\"EntryPoint\",\"urlTemplate\":\"https:\/\/vosgesinfo.fr\/remiremontinfo\/?s={search_term_string}\"},\"query-input\":\"required name=search_term_string\"}],\"inLanguage\":\"fr-FR\"},{\"@type\":\"Organization\",\"@id\":\"https:\/\/vosgesinfo.fr\/remiremontinfo\/#organization\",\"name\":\"Remiremont Info\",\"url\":\"https:\/\/vosgesinfo.fr\/remiremontinfo\/\",\"logo\":{\"@type\":\"ImageObject\",\"inLanguage\":\"fr-FR\",\"@id\":\"https:\/\/vosgesinfo.fr\/remiremontinfo\/#\/schema\/logo\/image\/\",\"url\":\"https:\/\/vosgesinfo.fr\/app\/uploads\/sites\/5\/2023\/08\/favicon-remiremontinfo.png\",\"contentUrl\":\"https:\/\/vosgesinfo.fr\/app\/uploads\/sites\/5\/2023\/08\/favicon-remiremontinfo.png\",\"width\":512,\"height\":512,\"caption\":\"Remiremont Info\"},\"image\":{\"@id\":\"https:\/\/vosgesinfo.fr\/remiremontinfo\/#\/schema\/logo\/image\/\"},\"sameAs\":[\"https:\/\/www.facebook.com\/remiremontinfo\",\"https:\/\/x.com\/VosgesInfo88\",\"https:\/\/www.youtube.com\/@vosgesinfo\"]},{\"@type\":\"Person\",\"@id\":\"https:\/\/vosgesinfo.fr\/remiremontinfo\/#\/schema\/person\/80c6ea85ff4afefe81dceaf949954c76\",\"name\":\"La redaction\",\"image\":{\"@type\":\"ImageObject\",\"inLanguage\":\"fr-FR\",\"@id\":\"https:\/\/vosgesinfo.fr\/remiremontinfo\/#\/schema\/person\/image\/\",\"url\":\"https:\/\/secure.gravatar.com\/avatar\/fa684fed8c27e631d40f39d17520286009f89cf7526728ea4e58b5a8c426c16a?s=96&d=mm&r=g\",\"contentUrl\":\"https:\/\/secure.gravatar.com\/avatar\/fa684fed8c27e631d40f39d17520286009f89cf7526728ea4e58b5a8c426c16a?s=96&d=mm&r=g\",\"caption\":\"La redaction\"},\"url\":\"https:\/\/vosgesinfo.fr\/remiremontinfo\/author\/d-p\/\"}]}<\/script>\n<!-- \/ Yoast SEO plugin. -->","yoast_head_json":{"title":"Deux \u0153uvres restaur\u00e9es de retour au mus\u00e9e Friry - Remiremont Info","robots":{"index":"index","follow":"follow","max-snippet":"max-snippet:-1","max-image-preview":"max-image-preview:large","max-video-preview":"max-video-preview:-1"},"canonical":"https:\/\/vosgesinfo.fr\/remiremontinfo\/2020\/08\/deux-oeuvres-restaurees-de-retour-musee-friry\/","twitter_card":"summary_large_image","twitter_title":"Deux \u0153uvres restaur\u00e9es de retour au mus\u00e9e Friry - Remiremont Info","twitter_description":"Ce jeudi matin, deux sculptures de Jacob-Sigisbert Adam ont regagn\u00e9 les rayons d\u2019une vitrine du Mus\u00e9e Charles Friry. Ces \u0153uvres [&hellip;]","twitter_image":"https:\/\/vosgesinfo.fr\/app\/uploads\/sites\/5\/2024\/09\/202008fri10.png","twitter_creator":"@VosgesInfo88","twitter_site":"@VosgesInfo88","twitter_misc":{"\u00c9crit par":"La redaction","Dur\u00e9e de lecture estim\u00e9e":"1 minute"},"schema":{"@context":"https:\/\/schema.org","@graph":[{"@type":"Article","@id":"https:\/\/vosgesinfo.fr\/remiremontinfo\/2020\/08\/deux-oeuvres-restaurees-de-retour-musee-friry\/#article","isPartOf":{"@id":"https:\/\/vosgesinfo.fr\/remiremontinfo\/2020\/08\/deux-oeuvres-restaurees-de-retour-musee-friry\/"},"author":{"name":"La redaction","@id":"https:\/\/vosgesinfo.fr\/remiremontinfo\/#\/schema\/person\/80c6ea85ff4afefe81dceaf949954c76"},"headline":"Deux \u0153uvres restaur\u00e9es de retour au mus\u00e9e Friry","datePublished":"2020-08-14T04:32:13+00:00","dateModified":"2020-08-14T04:32:13+00:00","mainEntityOfPage":{"@id":"https:\/\/vosgesinfo.fr\/remiremontinfo\/2020\/08\/deux-oeuvres-restaurees-de-retour-musee-friry\/"},"wordCount":285,"commentCount":0,"publisher":{"@id":"https:\/\/vosgesinfo.fr\/remiremontinfo\/#organization"},"image":{"@id":"https:\/\/vosgesinfo.fr\/remiremontinfo\/2020\/08\/deux-oeuvres-restaurees-de-retour-musee-friry\/#primaryimage"},"thumbnailUrl":"https:\/\/vosgesinfo.fr\/app\/uploads\/sites\/5\/2024\/09\/202008fri10.png","articleSection":["A la Une","Art","Remiremont &amp; son canton"],"inLanguage":"fr-FR","potentialAction":[{"@type":"CommentAction","name":"Comment","target":["https:\/\/vosgesinfo.fr\/remiremontinfo\/2020\/08\/deux-oeuvres-restaurees-de-retour-musee-friry\/#respond"]}]},{"@type":"WebPage","@id":"https:\/\/vosgesinfo.fr\/remiremontinfo\/2020\/08\/deux-oeuvres-restaurees-de-retour-musee-friry\/","url":"https:\/\/vosgesinfo.fr\/remiremontinfo\/2020\/08\/deux-oeuvres-restaurees-de-retour-musee-friry\/","name":"Deux \u0153uvres restaur\u00e9es de retour au mus\u00e9e Friry - Remiremont Info","isPartOf":{"@id":"https:\/\/vosgesinfo.fr\/remiremontinfo\/#website"},"primaryImageOfPage":{"@id":"https:\/\/vosgesinfo.fr\/remiremontinfo\/2020\/08\/deux-oeuvres-restaurees-de-retour-musee-friry\/#primaryimage"},"image":{"@id":"https:\/\/vosgesinfo.fr\/remiremontinfo\/2020\/08\/deux-oeuvres-restaurees-de-retour-musee-friry\/#primaryimage"},"thumbnailUrl":"https:\/\/vosgesinfo.fr\/app\/uploads\/sites\/5\/2024\/09\/202008fri10.png","datePublished":"2020-08-14T04:32:13+00:00","dateModified":"2020-08-14T04:32:13+00:00","breadcrumb":{"@id":"https:\/\/vosgesinfo.fr\/remiremontinfo\/2020\/08\/deux-oeuvres-restaurees-de-retour-musee-friry\/#breadcrumb"},"inLanguage":"fr-FR","potentialAction":[{"@type":"ReadAction","target":["https:\/\/vosgesinfo.fr\/remiremontinfo\/2020\/08\/deux-oeuvres-restaurees-de-retour-musee-friry\/"]}]},{"@type":"ImageObject","inLanguage":"fr-FR","@id":"https:\/\/vosgesinfo.fr\/remiremontinfo\/2020\/08\/deux-oeuvres-restaurees-de-retour-musee-friry\/#primaryimage","url":"https:\/\/vosgesinfo.fr\/app\/uploads\/sites\/5\/2024\/09\/202008fri10.png","contentUrl":"https:\/\/vosgesinfo.fr\/app\/uploads\/sites\/5\/2024\/09\/202008fri10.png","width":800,"height":362},{"@type":"BreadcrumbList","@id":"https:\/\/vosgesinfo.fr\/remiremontinfo\/2020\/08\/deux-oeuvres-restaurees-de-retour-musee-friry\/#breadcrumb","itemListElement":[{"@type":"ListItem","position":1,"name":"Home","item":"https:\/\/vosgesinfo.fr\/remiremontinfo\/"},{"@type":"ListItem","position":2,"name":"Deux \u0153uvres restaur\u00e9es de retour au mus\u00e9e Friry"}]},{"@type":"WebSite","@id":"https:\/\/vosgesinfo.fr\/remiremontinfo\/#website","url":"https:\/\/vosgesinfo.fr\/remiremontinfo\/","name":"Remiremont Info","description":"Toute l&#039;actualit\u00e9 de Remiremont","publisher":{"@id":"https:\/\/vosgesinfo.fr\/remiremontinfo\/#organization"},"alternateName":"Toute l'actualit\u00e9 de Remiremont","potentialAction":[{"@type":"SearchAction","target":{"@type":"EntryPoint","urlTemplate":"https:\/\/vosgesinfo.fr\/remiremontinfo\/?s={search_term_string}"},"query-input":"required name=search_term_string"}],"inLanguage":"fr-FR"},{"@type":"Organization","@id":"https:\/\/vosgesinfo.fr\/remiremontinfo\/#organization","name":"Remiremont Info","url":"https:\/\/vosgesinfo.fr\/remiremontinfo\/","logo":{"@type":"ImageObject","inLanguage":"fr-FR","@id":"https:\/\/vosgesinfo.fr\/remiremontinfo\/#\/schema\/logo\/image\/","url":"https:\/\/vosgesinfo.fr\/app\/uploads\/sites\/5\/2023\/08\/favicon-remiremontinfo.png","contentUrl":"https:\/\/vosgesinfo.fr\/app\/uploads\/sites\/5\/2023\/08\/favicon-remiremontinfo.png","width":512,"height":512,"caption":"Remiremont Info"},"image":{"@id":"https:\/\/vosgesinfo.fr\/remiremontinfo\/#\/schema\/logo\/image\/"},"sameAs":["https:\/\/www.facebook.com\/remiremontinfo","https:\/\/x.com\/VosgesInfo88","https:\/\/www.youtube.com\/@vosgesinfo"]},{"@type":"Person","@id":"https:\/\/vosgesinfo.fr\/remiremontinfo\/#\/schema\/person\/80c6ea85ff4afefe81dceaf949954c76","name":"La redaction","image":{"@type":"ImageObject","inLanguage":"fr-FR","@id":"https:\/\/vosgesinfo.fr\/remiremontinfo\/#\/schema\/person\/image\/","url":"https:\/\/secure.gravatar.com\/avatar\/fa684fed8c27e631d40f39d17520286009f89cf7526728ea4e58b5a8c426c16a?s=96&d=mm&r=g","contentUrl":"https:\/\/secure.gravatar.com\/avatar\/fa684fed8c27e631d40f39d17520286009f89cf7526728ea4e58b5a8c426c16a?s=96&d=mm&r=g","caption":"La redaction"},"url":"https:\/\/vosgesinfo.fr\/remiremontinfo\/author\/d-p\/"}]}},"_links":{"self":[{"href":"https:\/\/vosgesinfo.fr\/remiremontinfo\/wp-json\/wp\/v2\/posts\/29819","targetHints":{"allow":["GET"]}}],"collection":[{"href":"https:\/\/vosgesinfo.fr\/remiremontinfo\/wp-json\/wp\/v2\/posts"}],"about":[{"href":"https:\/\/vosgesinfo.fr\/remiremontinfo\/wp-json\/wp\/v2\/types\/post"}],"author":[{"embeddable":true,"href":"https:\/\/vosgesinfo.fr\/remiremontinfo\/wp-json\/wp\/v2\/users\/392"}],"replies":[{"embeddable":true,"href":"https:\/\/vosgesinfo.fr\/remiremontinfo\/wp-json\/wp\/v2\/comments?post=29819"}],"version-history":[{"count":0,"href":"https:\/\/vosgesinfo.fr\/remiremontinfo\/wp-json\/wp\/v2\/posts\/29819\/revisions"}],"wp:featuredmedia":[{"embeddable":true,"href":"https:\/\/vosgesinfo.fr\/remiremontinfo\/wp-json\/wp\/v2\/media\/29820"}],"wp:attachment":[{"href":"https:\/\/vosgesinfo.fr\/remiremontinfo\/wp-json\/wp\/v2\/media?parent=29819"}],"wp:term":[{"taxonomy":"category","embeddable":true,"href":"https:\/\/vosgesinfo.fr\/remiremontinfo\/wp-json\/wp\/v2\/categories?post=29819"},{"taxonomy":"post_tag","embeddable":true,"href":"https:\/\/vosgesinfo.fr\/remiremontinfo\/wp-json\/wp\/v2\/tags?post=29819"}],"curies":[{"name":"wp","href":"https:\/\/api.w.org\/{rel}","templated":true}]}}