{"id":29822,"date":"2020-08-14T06:19:46","date_gmt":"2020-08-14T04:19:46","guid":{"rendered":"https:\/\/vosgesinfo.fr\/remiremontinfo\/2020\/08\/24e-nuit-internationale-de-chauves-souris-aux-hautes-mynes-thillot\/"},"modified":"2020-08-14T06:19:46","modified_gmt":"2020-08-14T04:19:46","slug":"24e-nuit-internationale-de-chauves-souris-aux-hautes-mynes-thillot","status":"publish","type":"post","link":"https:\/\/vosgesinfo.fr\/remiremontinfo\/2020\/08\/24e-nuit-internationale-de-chauves-souris-aux-hautes-mynes-thillot\/","title":{"rendered":"24e Nuit internationale de la chauves-souris  aux Hautes Mynes du Thillot"},"content":{"rendered":"<p><strong><a href=\"https:\/\/remiremontinfo.fr\/2020\/08\/24e-nuit-internationale-de-chauves-souris-aux-hautes-mynes-thillot\/sour\/\" rel=\"attachment wp-att-292749\"><img decoding=\"async\" class=\"aligncenter size-full wp-image-292749\" src=\"\/2020\/08\/sour.png\" alt=\"sour\" width=\"636\" height=\"602\" \/><\/a>A l\u2019occasion de la 24<sup>e<\/sup> Nuit Internationale de la chauve-souris, les HAUTES-MYNES du Thillot vous proposent de partir sur les traces de ces mammif\u00e8res volants fascinants. <\/strong><\/p>\n<p>Profitez d&rsquo;une soir\u00e9e privil\u00e9gi\u00e9e pour d\u00e9couvrir ces reines de la nuit dans le biotope particulier des Hautes-Mynes.<\/p>\n<p>Entre ateliers ludiques, contes et visites de mines, vos pas vous m\u00e8neront \u00e0 la rencontre des esp\u00e8ces pr\u00e9sentes au Thillot. Vous en apprendrez plus sur la morphologie et la biologie de ces animaux, sur leur protection, et qui sait, il se peut que vous partiez dans des contr\u00e9es bien plus lointaines&#8230;.<\/p>\n<p><strong>Alors venez nombreux poser vos questions, apporter vos exp\u00e9riences ou simplement peut -\u00eatre appr\u00e9cier et \u00e9couter leur ballet nocturne ! <\/strong><\/p>\n<p>Depuis la Maison des Hautes Mynes &#8211; 47 Rue de la Gare au Thillot &#8211;\u00a0 suivre les panneaux<\/p>\n<p><strong>\u00ab\u00a0Les Hautes-Mynes sentier de d\u00e9couverte\u00a0\u00bb<\/strong><br \/>\nAnimation gratuite, apportez une <strong>lampe<\/strong> de poche et des <strong>chaussures de <\/strong><strong>marche<\/strong><\/p>\n<p><strong>Le port du masque sera obligatoire pour tous dans les parties souterraines : merci de pr\u00e9voir de vous \u00e9quiper pr\u00e9alablement.<\/strong><\/p>\n<p>Les enfants sont les bienvenus accompagn\u00e9s d&rsquo;adultes (\u00e0 partir de 5 ans pour la visite guid\u00e9e de la Rouge-Montagne).<\/p>\n<p><em><strong>Rendez- vous pour le d\u00e9but de l\u2019animation \u00e0 19h00 Fin de l&rsquo;animation pr\u00e9vue vers 22h00 .<\/strong><\/em><\/p>\n<p><em><strong>Une r\u00e9servation pr\u00e9alable est fortement conseill\u00e9e.<\/strong><\/em><\/p>\n<p><em>*Pour le cas o\u00f9 les conditions m\u00e9t\u00e9orologiques seraient d\u00e9favorables ou pour les cas de mesures sanitaires sp\u00e9cifiques\u00a0 l&rsquo;animation peut \u00eatre annul\u00e9e.<\/em><\/p>\n<p>Nuit Internationale de la chauve-souris dans les mines du Thillot<\/p>\n<p>Renseignements : 03 29 25 03 33 ou <u><a href=\"mailto:ecrire@hautesmynes.com\">ecrire@hautesmynes.com<\/a><\/u><br \/>\nAdresse : Les Hautes-Mynes 47 Rue de la Gare 88160 Le Thillot<\/p>\n","protected":false},"excerpt":{"rendered":"<p>A l\u2019occasion de la 24e Nuit Internationale de la chauve-souris, les HAUTES-MYNES du Thillot vous proposent de partir sur les [&hellip;]<\/p>\n","protected":false},"author":392,"featured_media":29823,"comment_status":"open","ping_status":"open","sticky":false,"template":"","format":"standard","meta":{"footnotes":""},"categories":[26,212,37],"tags":[],"class_list":["post-29822","post","type-post","status-publish","format-standard","has-post-thumbnail","hentry","category-a-la-une","category-le-thillot-le-thillot-son-canton","category-le-thillot-son-canton"],"acf":[],"yoast_head":"<!-- This site is optimized with the Yoast SEO plugin v22.5 - https:\/\/yoast.com\/wordpress\/plugins\/seo\/ -->\n<title>24e Nuit internationale de la chauves-souris aux Hautes Mynes du Thillot - Remiremont Info<\/title>\n<meta name=\"robots\" content=\"index, follow, max-snippet:-1, max-image-preview:large, max-video-preview:-1\" \/>\n<link rel=\"canonical\" href=\"https:\/\/vosgesinfo.fr\/remiremontinfo\/2020\/08\/24e-nuit-internationale-de-chauves-souris-aux-hautes-mynes-thillot\/\" \/>\n<meta name=\"twitter:card\" content=\"summary_large_image\" \/>\n<meta name=\"twitter:title\" content=\"24e Nuit internationale de la chauves-souris aux Hautes Mynes du Thillot - Remiremont Info\" \/>\n<meta name=\"twitter:description\" content=\"A l\u2019occasion de la 24e Nuit Internationale de la chauve-souris, les HAUTES-MYNES du Thillot vous proposent de partir sur les [&hellip;]\" \/>\n<meta name=\"twitter:image\" content=\"https:\/\/vosgesinfo.fr\/app\/uploads\/sites\/5\/2024\/09\/202008sour.png\" \/>\n<meta name=\"twitter:creator\" content=\"@VosgesInfo88\" \/>\n<meta name=\"twitter:site\" content=\"@VosgesInfo88\" \/>\n<meta name=\"twitter:label1\" content=\"\u00c9crit par\" \/>\n\t<meta name=\"twitter:data1\" content=\"La redaction\" \/>\n\t<meta name=\"twitter:label2\" content=\"Dur\u00e9e de lecture estim\u00e9e\" \/>\n\t<meta name=\"twitter:data2\" content=\"1 minute\" \/>\n<script type=\"application\/ld+json\" class=\"yoast-schema-graph\">{\"@context\":\"https:\/\/schema.org\",\"@graph\":[{\"@type\":\"Article\",\"@id\":\"https:\/\/vosgesinfo.fr\/remiremontinfo\/2020\/08\/24e-nuit-internationale-de-chauves-souris-aux-hautes-mynes-thillot\/#article\",\"isPartOf\":{\"@id\":\"https:\/\/vosgesinfo.fr\/remiremontinfo\/2020\/08\/24e-nuit-internationale-de-chauves-souris-aux-hautes-mynes-thillot\/\"},\"author\":{\"name\":\"La redaction\",\"@id\":\"https:\/\/vosgesinfo.fr\/remiremontinfo\/#\/schema\/person\/80c6ea85ff4afefe81dceaf949954c76\"},\"headline\":\"24e Nuit internationale de la chauves-souris aux Hautes Mynes du Thillot\",\"datePublished\":\"2020-08-14T04:19:46+00:00\",\"dateModified\":\"2020-08-14T04:19:46+00:00\",\"mainEntityOfPage\":{\"@id\":\"https:\/\/vosgesinfo.fr\/remiremontinfo\/2020\/08\/24e-nuit-internationale-de-chauves-souris-aux-hautes-mynes-thillot\/\"},\"wordCount\":291,\"commentCount\":0,\"publisher\":{\"@id\":\"https:\/\/vosgesinfo.fr\/remiremontinfo\/#organization\"},\"image\":{\"@id\":\"https:\/\/vosgesinfo.fr\/remiremontinfo\/2020\/08\/24e-nuit-internationale-de-chauves-souris-aux-hautes-mynes-thillot\/#primaryimage\"},\"thumbnailUrl\":\"https:\/\/vosgesinfo.fr\/app\/uploads\/sites\/5\/2024\/09\/202008sour.png\",\"articleSection\":[\"A la Une\",\"Le Thillot\",\"Le Thillot &amp; son canton\"],\"inLanguage\":\"fr-FR\",\"potentialAction\":[{\"@type\":\"CommentAction\",\"name\":\"Comment\",\"target\":[\"https:\/\/vosgesinfo.fr\/remiremontinfo\/2020\/08\/24e-nuit-internationale-de-chauves-souris-aux-hautes-mynes-thillot\/#respond\"]}]},{\"@type\":\"WebPage\",\"@id\":\"https:\/\/vosgesinfo.fr\/remiremontinfo\/2020\/08\/24e-nuit-internationale-de-chauves-souris-aux-hautes-mynes-thillot\/\",\"url\":\"https:\/\/vosgesinfo.fr\/remiremontinfo\/2020\/08\/24e-nuit-internationale-de-chauves-souris-aux-hautes-mynes-thillot\/\",\"name\":\"24e Nuit internationale de la chauves-souris aux Hautes Mynes du Thillot - Remiremont Info\",\"isPartOf\":{\"@id\":\"https:\/\/vosgesinfo.fr\/remiremontinfo\/#website\"},\"primaryImageOfPage\":{\"@id\":\"https:\/\/vosgesinfo.fr\/remiremontinfo\/2020\/08\/24e-nuit-internationale-de-chauves-souris-aux-hautes-mynes-thillot\/#primaryimage\"},\"image\":{\"@id\":\"https:\/\/vosgesinfo.fr\/remiremontinfo\/2020\/08\/24e-nuit-internationale-de-chauves-souris-aux-hautes-mynes-thillot\/#primaryimage\"},\"thumbnailUrl\":\"https:\/\/vosgesinfo.fr\/app\/uploads\/sites\/5\/2024\/09\/202008sour.png\",\"datePublished\":\"2020-08-14T04:19:46+00:00\",\"dateModified\":\"2020-08-14T04:19:46+00:00\",\"breadcrumb\":{\"@id\":\"https:\/\/vosgesinfo.fr\/remiremontinfo\/2020\/08\/24e-nuit-internationale-de-chauves-souris-aux-hautes-mynes-thillot\/#breadcrumb\"},\"inLanguage\":\"fr-FR\",\"potentialAction\":[{\"@type\":\"ReadAction\",\"target\":[\"https:\/\/vosgesinfo.fr\/remiremontinfo\/2020\/08\/24e-nuit-internationale-de-chauves-souris-aux-hautes-mynes-thillot\/\"]}]},{\"@type\":\"ImageObject\",\"inLanguage\":\"fr-FR\",\"@id\":\"https:\/\/vosgesinfo.fr\/remiremontinfo\/2020\/08\/24e-nuit-internationale-de-chauves-souris-aux-hautes-mynes-thillot\/#primaryimage\",\"url\":\"https:\/\/vosgesinfo.fr\/app\/uploads\/sites\/5\/2024\/09\/202008sour.png\",\"contentUrl\":\"https:\/\/vosgesinfo.fr\/app\/uploads\/sites\/5\/2024\/09\/202008sour.png\",\"width\":636,\"height\":602},{\"@type\":\"BreadcrumbList\",\"@id\":\"https:\/\/vosgesinfo.fr\/remiremontinfo\/2020\/08\/24e-nuit-internationale-de-chauves-souris-aux-hautes-mynes-thillot\/#breadcrumb\",\"itemListElement\":[{\"@type\":\"ListItem\",\"position\":1,\"name\":\"Home\",\"item\":\"https:\/\/vosgesinfo.fr\/remiremontinfo\/\"},{\"@type\":\"ListItem\",\"position\":2,\"name\":\"24e Nuit internationale de la chauves-souris aux Hautes Mynes du Thillot\"}]},{\"@type\":\"WebSite\",\"@id\":\"https:\/\/vosgesinfo.fr\/remiremontinfo\/#website\",\"url\":\"https:\/\/vosgesinfo.fr\/remiremontinfo\/\",\"name\":\"Remiremont Info\",\"description\":\"Toute l&#039;actualit\u00e9 de Remiremont\",\"publisher\":{\"@id\":\"https:\/\/vosgesinfo.fr\/remiremontinfo\/#organization\"},\"alternateName\":\"Toute l'actualit\u00e9 de Remiremont\",\"potentialAction\":[{\"@type\":\"SearchAction\",\"target\":{\"@type\":\"EntryPoint\",\"urlTemplate\":\"https:\/\/vosgesinfo.fr\/remiremontinfo\/?s={search_term_string}\"},\"query-input\":\"required name=search_term_string\"}],\"inLanguage\":\"fr-FR\"},{\"@type\":\"Organization\",\"@id\":\"https:\/\/vosgesinfo.fr\/remiremontinfo\/#organization\",\"name\":\"Remiremont Info\",\"url\":\"https:\/\/vosgesinfo.fr\/remiremontinfo\/\",\"logo\":{\"@type\":\"ImageObject\",\"inLanguage\":\"fr-FR\",\"@id\":\"https:\/\/vosgesinfo.fr\/remiremontinfo\/#\/schema\/logo\/image\/\",\"url\":\"https:\/\/vosgesinfo.fr\/app\/uploads\/sites\/5\/2023\/08\/favicon-remiremontinfo.png\",\"contentUrl\":\"https:\/\/vosgesinfo.fr\/app\/uploads\/sites\/5\/2023\/08\/favicon-remiremontinfo.png\",\"width\":512,\"height\":512,\"caption\":\"Remiremont Info\"},\"image\":{\"@id\":\"https:\/\/vosgesinfo.fr\/remiremontinfo\/#\/schema\/logo\/image\/\"},\"sameAs\":[\"https:\/\/www.facebook.com\/remiremontinfo\",\"https:\/\/x.com\/VosgesInfo88\",\"https:\/\/www.youtube.com\/@vosgesinfo\"]},{\"@type\":\"Person\",\"@id\":\"https:\/\/vosgesinfo.fr\/remiremontinfo\/#\/schema\/person\/80c6ea85ff4afefe81dceaf949954c76\",\"name\":\"La redaction\",\"image\":{\"@type\":\"ImageObject\",\"inLanguage\":\"fr-FR\",\"@id\":\"https:\/\/vosgesinfo.fr\/remiremontinfo\/#\/schema\/person\/image\/\",\"url\":\"https:\/\/secure.gravatar.com\/avatar\/fa684fed8c27e631d40f39d17520286009f89cf7526728ea4e58b5a8c426c16a?s=96&d=mm&r=g\",\"contentUrl\":\"https:\/\/secure.gravatar.com\/avatar\/fa684fed8c27e631d40f39d17520286009f89cf7526728ea4e58b5a8c426c16a?s=96&d=mm&r=g\",\"caption\":\"La redaction\"},\"url\":\"https:\/\/vosgesinfo.fr\/remiremontinfo\/author\/d-p\/\"}]}<\/script>\n<!-- \/ Yoast SEO plugin. -->","yoast_head_json":{"title":"24e Nuit internationale de la chauves-souris aux Hautes Mynes du Thillot - Remiremont Info","robots":{"index":"index","follow":"follow","max-snippet":"max-snippet:-1","max-image-preview":"max-image-preview:large","max-video-preview":"max-video-preview:-1"},"canonical":"https:\/\/vosgesinfo.fr\/remiremontinfo\/2020\/08\/24e-nuit-internationale-de-chauves-souris-aux-hautes-mynes-thillot\/","twitter_card":"summary_large_image","twitter_title":"24e Nuit internationale de la chauves-souris aux Hautes Mynes du Thillot - Remiremont Info","twitter_description":"A l\u2019occasion de la 24e Nuit Internationale de la chauve-souris, les HAUTES-MYNES du Thillot vous proposent de partir sur les [&hellip;]","twitter_image":"https:\/\/vosgesinfo.fr\/app\/uploads\/sites\/5\/2024\/09\/202008sour.png","twitter_creator":"@VosgesInfo88","twitter_site":"@VosgesInfo88","twitter_misc":{"\u00c9crit par":"La redaction","Dur\u00e9e de lecture estim\u00e9e":"1 minute"},"schema":{"@context":"https:\/\/schema.org","@graph":[{"@type":"Article","@id":"https:\/\/vosgesinfo.fr\/remiremontinfo\/2020\/08\/24e-nuit-internationale-de-chauves-souris-aux-hautes-mynes-thillot\/#article","isPartOf":{"@id":"https:\/\/vosgesinfo.fr\/remiremontinfo\/2020\/08\/24e-nuit-internationale-de-chauves-souris-aux-hautes-mynes-thillot\/"},"author":{"name":"La redaction","@id":"https:\/\/vosgesinfo.fr\/remiremontinfo\/#\/schema\/person\/80c6ea85ff4afefe81dceaf949954c76"},"headline":"24e Nuit internationale de la chauves-souris aux Hautes Mynes du Thillot","datePublished":"2020-08-14T04:19:46+00:00","dateModified":"2020-08-14T04:19:46+00:00","mainEntityOfPage":{"@id":"https:\/\/vosgesinfo.fr\/remiremontinfo\/2020\/08\/24e-nuit-internationale-de-chauves-souris-aux-hautes-mynes-thillot\/"},"wordCount":291,"commentCount":0,"publisher":{"@id":"https:\/\/vosgesinfo.fr\/remiremontinfo\/#organization"},"image":{"@id":"https:\/\/vosgesinfo.fr\/remiremontinfo\/2020\/08\/24e-nuit-internationale-de-chauves-souris-aux-hautes-mynes-thillot\/#primaryimage"},"thumbnailUrl":"https:\/\/vosgesinfo.fr\/app\/uploads\/sites\/5\/2024\/09\/202008sour.png","articleSection":["A la Une","Le Thillot","Le Thillot &amp; son canton"],"inLanguage":"fr-FR","potentialAction":[{"@type":"CommentAction","name":"Comment","target":["https:\/\/vosgesinfo.fr\/remiremontinfo\/2020\/08\/24e-nuit-internationale-de-chauves-souris-aux-hautes-mynes-thillot\/#respond"]}]},{"@type":"WebPage","@id":"https:\/\/vosgesinfo.fr\/remiremontinfo\/2020\/08\/24e-nuit-internationale-de-chauves-souris-aux-hautes-mynes-thillot\/","url":"https:\/\/vosgesinfo.fr\/remiremontinfo\/2020\/08\/24e-nuit-internationale-de-chauves-souris-aux-hautes-mynes-thillot\/","name":"24e Nuit internationale de la chauves-souris aux Hautes Mynes du Thillot - Remiremont Info","isPartOf":{"@id":"https:\/\/vosgesinfo.fr\/remiremontinfo\/#website"},"primaryImageOfPage":{"@id":"https:\/\/vosgesinfo.fr\/remiremontinfo\/2020\/08\/24e-nuit-internationale-de-chauves-souris-aux-hautes-mynes-thillot\/#primaryimage"},"image":{"@id":"https:\/\/vosgesinfo.fr\/remiremontinfo\/2020\/08\/24e-nuit-internationale-de-chauves-souris-aux-hautes-mynes-thillot\/#primaryimage"},"thumbnailUrl":"https:\/\/vosgesinfo.fr\/app\/uploads\/sites\/5\/2024\/09\/202008sour.png","datePublished":"2020-08-14T04:19:46+00:00","dateModified":"2020-08-14T04:19:46+00:00","breadcrumb":{"@id":"https:\/\/vosgesinfo.fr\/remiremontinfo\/2020\/08\/24e-nuit-internationale-de-chauves-souris-aux-hautes-mynes-thillot\/#breadcrumb"},"inLanguage":"fr-FR","potentialAction":[{"@type":"ReadAction","target":["https:\/\/vosgesinfo.fr\/remiremontinfo\/2020\/08\/24e-nuit-internationale-de-chauves-souris-aux-hautes-mynes-thillot\/"]}]},{"@type":"ImageObject","inLanguage":"fr-FR","@id":"https:\/\/vosgesinfo.fr\/remiremontinfo\/2020\/08\/24e-nuit-internationale-de-chauves-souris-aux-hautes-mynes-thillot\/#primaryimage","url":"https:\/\/vosgesinfo.fr\/app\/uploads\/sites\/5\/2024\/09\/202008sour.png","contentUrl":"https:\/\/vosgesinfo.fr\/app\/uploads\/sites\/5\/2024\/09\/202008sour.png","width":636,"height":602},{"@type":"BreadcrumbList","@id":"https:\/\/vosgesinfo.fr\/remiremontinfo\/2020\/08\/24e-nuit-internationale-de-chauves-souris-aux-hautes-mynes-thillot\/#breadcrumb","itemListElement":[{"@type":"ListItem","position":1,"name":"Home","item":"https:\/\/vosgesinfo.fr\/remiremontinfo\/"},{"@type":"ListItem","position":2,"name":"24e Nuit internationale de la chauves-souris aux Hautes Mynes du Thillot"}]},{"@type":"WebSite","@id":"https:\/\/vosgesinfo.fr\/remiremontinfo\/#website","url":"https:\/\/vosgesinfo.fr\/remiremontinfo\/","name":"Remiremont Info","description":"Toute l&#039;actualit\u00e9 de Remiremont","publisher":{"@id":"https:\/\/vosgesinfo.fr\/remiremontinfo\/#organization"},"alternateName":"Toute l'actualit\u00e9 de Remiremont","potentialAction":[{"@type":"SearchAction","target":{"@type":"EntryPoint","urlTemplate":"https:\/\/vosgesinfo.fr\/remiremontinfo\/?s={search_term_string}"},"query-input":"required name=search_term_string"}],"inLanguage":"fr-FR"},{"@type":"Organization","@id":"https:\/\/vosgesinfo.fr\/remiremontinfo\/#organization","name":"Remiremont Info","url":"https:\/\/vosgesinfo.fr\/remiremontinfo\/","logo":{"@type":"ImageObject","inLanguage":"fr-FR","@id":"https:\/\/vosgesinfo.fr\/remiremontinfo\/#\/schema\/logo\/image\/","url":"https:\/\/vosgesinfo.fr\/app\/uploads\/sites\/5\/2023\/08\/favicon-remiremontinfo.png","contentUrl":"https:\/\/vosgesinfo.fr\/app\/uploads\/sites\/5\/2023\/08\/favicon-remiremontinfo.png","width":512,"height":512,"caption":"Remiremont Info"},"image":{"@id":"https:\/\/vosgesinfo.fr\/remiremontinfo\/#\/schema\/logo\/image\/"},"sameAs":["https:\/\/www.facebook.com\/remiremontinfo","https:\/\/x.com\/VosgesInfo88","https:\/\/www.youtube.com\/@vosgesinfo"]},{"@type":"Person","@id":"https:\/\/vosgesinfo.fr\/remiremontinfo\/#\/schema\/person\/80c6ea85ff4afefe81dceaf949954c76","name":"La redaction","image":{"@type":"ImageObject","inLanguage":"fr-FR","@id":"https:\/\/vosgesinfo.fr\/remiremontinfo\/#\/schema\/person\/image\/","url":"https:\/\/secure.gravatar.com\/avatar\/fa684fed8c27e631d40f39d17520286009f89cf7526728ea4e58b5a8c426c16a?s=96&d=mm&r=g","contentUrl":"https:\/\/secure.gravatar.com\/avatar\/fa684fed8c27e631d40f39d17520286009f89cf7526728ea4e58b5a8c426c16a?s=96&d=mm&r=g","caption":"La redaction"},"url":"https:\/\/vosgesinfo.fr\/remiremontinfo\/author\/d-p\/"}]}},"_links":{"self":[{"href":"https:\/\/vosgesinfo.fr\/remiremontinfo\/wp-json\/wp\/v2\/posts\/29822","targetHints":{"allow":["GET"]}}],"collection":[{"href":"https:\/\/vosgesinfo.fr\/remiremontinfo\/wp-json\/wp\/v2\/posts"}],"about":[{"href":"https:\/\/vosgesinfo.fr\/remiremontinfo\/wp-json\/wp\/v2\/types\/post"}],"author":[{"embeddable":true,"href":"https:\/\/vosgesinfo.fr\/remiremontinfo\/wp-json\/wp\/v2\/users\/392"}],"replies":[{"embeddable":true,"href":"https:\/\/vosgesinfo.fr\/remiremontinfo\/wp-json\/wp\/v2\/comments?post=29822"}],"version-history":[{"count":0,"href":"https:\/\/vosgesinfo.fr\/remiremontinfo\/wp-json\/wp\/v2\/posts\/29822\/revisions"}],"wp:featuredmedia":[{"embeddable":true,"href":"https:\/\/vosgesinfo.fr\/remiremontinfo\/wp-json\/wp\/v2\/media\/29823"}],"wp:attachment":[{"href":"https:\/\/vosgesinfo.fr\/remiremontinfo\/wp-json\/wp\/v2\/media?parent=29822"}],"wp:term":[{"taxonomy":"category","embeddable":true,"href":"https:\/\/vosgesinfo.fr\/remiremontinfo\/wp-json\/wp\/v2\/categories?post=29822"},{"taxonomy":"post_tag","embeddable":true,"href":"https:\/\/vosgesinfo.fr\/remiremontinfo\/wp-json\/wp\/v2\/tags?post=29822"}],"curies":[{"name":"wp","href":"https:\/\/api.w.org\/{rel}","templated":true}]}}