{"id":29828,"date":"2020-08-14T06:36:19","date_gmt":"2020-08-14T04:36:19","guid":{"rendered":"https:\/\/vosgesinfo.fr\/remiremontinfo\/2020\/08\/rn57-travaux-dabattage-de-nettoyage-de-talus-a-hauteur-de-lechangeur-de-demoiselle-a-remiremont\/"},"modified":"2020-08-14T06:36:19","modified_gmt":"2020-08-14T04:36:19","slug":"rn57-travaux-dabattage-de-nettoyage-de-talus-a-hauteur-de-lechangeur-de-demoiselle-a-remiremont","status":"publish","type":"post","link":"https:\/\/vosgesinfo.fr\/remiremontinfo\/2020\/08\/rn57-travaux-dabattage-de-nettoyage-de-talus-a-hauteur-de-lechangeur-de-demoiselle-a-remiremont\/","title":{"rendered":"RN57 \u2013 Travaux d\u2019abattage et de nettoyage de talus \u00e0 hauteur de l\u2019\u00e9changeur de la Demoiselle \u00e0 Remiremont"},"content":{"rendered":"<p><a href=\"https:\/\/remiremontinfo.fr\/2020\/08\/rn57-travaux-dabattage-de-nettoyage-de-talus-a-hauteur-de-lechangeur-de-demoiselle-a-remiremont\/dir-est-travaux-400x255\/\" rel=\"attachment wp-att-292764\"><img decoding=\"async\" class=\"alignright wp-image-292764 size-thumbnail\" src=\"\/2020\/08\/dir-est-travaux-400x255-150x150.png\" alt=\"dir-est-travaux-400x255\" width=\"150\" height=\"150\" \/><\/a>Du lundi 17 Aout 2020 au vendredi 20 Aout 2020 de 6h00 \u00e0 18h30, la Direction interd\u00e9partementale des routes Est (DIR Est), pour le compte de l\u2019Etat, va proc\u00e9der \u00e0 des travaux d\u2019abattage et de nettoyage de talus \u00e0 hauteur de l\u2019\u00e9changeur de la Demoiselle, commune de Remiremont (88).<\/p>\n<p>Les travaux entra\u00eeneront une fermeture de la dite bretelle.<\/p>\n<p>Le chantier sera maintenu la nuit.<\/p>\n<p>Une d\u00e9viation locale sera mise en place.<\/p>\n","protected":false},"excerpt":{"rendered":"<p>Du lundi 17 Aout 2020 au vendredi 20 Aout 2020 de 6h00 \u00e0 18h30, la Direction interd\u00e9partementale des routes Est [&hellip;]<\/p>\n","protected":false},"author":392,"featured_media":29829,"comment_status":"open","ping_status":"open","sticky":false,"template":"","format":"standard","meta":{"footnotes":""},"categories":[26,18],"tags":[],"class_list":["post-29828","post","type-post","status-publish","format-standard","has-post-thumbnail","hentry","category-a-la-une","category-vosges"],"acf":[],"yoast_head":"<!-- This site is optimized with the Yoast SEO plugin v22.5 - https:\/\/yoast.com\/wordpress\/plugins\/seo\/ -->\n<title>RN57 \u2013 Travaux d\u2019abattage et de nettoyage de talus \u00e0 hauteur de l\u2019\u00e9changeur de la Demoiselle \u00e0 Remiremont - Remiremont Info<\/title>\n<meta name=\"robots\" content=\"index, follow, max-snippet:-1, max-image-preview:large, max-video-preview:-1\" \/>\n<link rel=\"canonical\" href=\"https:\/\/vosgesinfo.fr\/remiremontinfo\/2020\/08\/rn57-travaux-dabattage-de-nettoyage-de-talus-a-hauteur-de-lechangeur-de-demoiselle-a-remiremont\/\" \/>\n<meta name=\"twitter:card\" content=\"summary_large_image\" \/>\n<meta name=\"twitter:title\" content=\"RN57 \u2013 Travaux d\u2019abattage et de nettoyage de talus \u00e0 hauteur de l\u2019\u00e9changeur de la Demoiselle \u00e0 Remiremont - Remiremont Info\" \/>\n<meta name=\"twitter:description\" content=\"Du lundi 17 Aout 2020 au vendredi 20 Aout 2020 de 6h00 \u00e0 18h30, la Direction interd\u00e9partementale des routes Est [&hellip;]\" \/>\n<meta name=\"twitter:image\" content=\"https:\/\/vosgesinfo.fr\/app\/uploads\/sites\/5\/2024\/09\/202008dir-est-travaux-400x255-1.png\" \/>\n<meta name=\"twitter:creator\" content=\"@VosgesInfo88\" \/>\n<meta name=\"twitter:site\" content=\"@VosgesInfo88\" \/>\n<meta name=\"twitter:label1\" content=\"\u00c9crit par\" \/>\n\t<meta name=\"twitter:data1\" content=\"La redaction\" \/>\n<script type=\"application\/ld+json\" class=\"yoast-schema-graph\">{\"@context\":\"https:\/\/schema.org\",\"@graph\":[{\"@type\":\"Article\",\"@id\":\"https:\/\/vosgesinfo.fr\/remiremontinfo\/2020\/08\/rn57-travaux-dabattage-de-nettoyage-de-talus-a-hauteur-de-lechangeur-de-demoiselle-a-remiremont\/#article\",\"isPartOf\":{\"@id\":\"https:\/\/vosgesinfo.fr\/remiremontinfo\/2020\/08\/rn57-travaux-dabattage-de-nettoyage-de-talus-a-hauteur-de-lechangeur-de-demoiselle-a-remiremont\/\"},\"author\":{\"name\":\"La redaction\",\"@id\":\"https:\/\/vosgesinfo.fr\/remiremontinfo\/#\/schema\/person\/80c6ea85ff4afefe81dceaf949954c76\"},\"headline\":\"RN57 \u2013 Travaux d\u2019abattage et de nettoyage de talus \u00e0 hauteur de l\u2019\u00e9changeur de la Demoiselle \u00e0 Remiremont\",\"datePublished\":\"2020-08-14T04:36:19+00:00\",\"dateModified\":\"2020-08-14T04:36:19+00:00\",\"mainEntityOfPage\":{\"@id\":\"https:\/\/vosgesinfo.fr\/remiremontinfo\/2020\/08\/rn57-travaux-dabattage-de-nettoyage-de-talus-a-hauteur-de-lechangeur-de-demoiselle-a-remiremont\/\"},\"wordCount\":87,\"commentCount\":0,\"publisher\":{\"@id\":\"https:\/\/vosgesinfo.fr\/remiremontinfo\/#organization\"},\"image\":{\"@id\":\"https:\/\/vosgesinfo.fr\/remiremontinfo\/2020\/08\/rn57-travaux-dabattage-de-nettoyage-de-talus-a-hauteur-de-lechangeur-de-demoiselle-a-remiremont\/#primaryimage\"},\"thumbnailUrl\":\"https:\/\/vosgesinfo.fr\/app\/uploads\/sites\/5\/2024\/09\/202008dir-est-travaux-400x255-1.png\",\"articleSection\":[\"A la Une\",\"Vosges\"],\"inLanguage\":\"fr-FR\",\"potentialAction\":[{\"@type\":\"CommentAction\",\"name\":\"Comment\",\"target\":[\"https:\/\/vosgesinfo.fr\/remiremontinfo\/2020\/08\/rn57-travaux-dabattage-de-nettoyage-de-talus-a-hauteur-de-lechangeur-de-demoiselle-a-remiremont\/#respond\"]}]},{\"@type\":\"WebPage\",\"@id\":\"https:\/\/vosgesinfo.fr\/remiremontinfo\/2020\/08\/rn57-travaux-dabattage-de-nettoyage-de-talus-a-hauteur-de-lechangeur-de-demoiselle-a-remiremont\/\",\"url\":\"https:\/\/vosgesinfo.fr\/remiremontinfo\/2020\/08\/rn57-travaux-dabattage-de-nettoyage-de-talus-a-hauteur-de-lechangeur-de-demoiselle-a-remiremont\/\",\"name\":\"RN57 \u2013 Travaux d\u2019abattage et de nettoyage de talus \u00e0 hauteur de l\u2019\u00e9changeur de la Demoiselle \u00e0 Remiremont - Remiremont Info\",\"isPartOf\":{\"@id\":\"https:\/\/vosgesinfo.fr\/remiremontinfo\/#website\"},\"primaryImageOfPage\":{\"@id\":\"https:\/\/vosgesinfo.fr\/remiremontinfo\/2020\/08\/rn57-travaux-dabattage-de-nettoyage-de-talus-a-hauteur-de-lechangeur-de-demoiselle-a-remiremont\/#primaryimage\"},\"image\":{\"@id\":\"https:\/\/vosgesinfo.fr\/remiremontinfo\/2020\/08\/rn57-travaux-dabattage-de-nettoyage-de-talus-a-hauteur-de-lechangeur-de-demoiselle-a-remiremont\/#primaryimage\"},\"thumbnailUrl\":\"https:\/\/vosgesinfo.fr\/app\/uploads\/sites\/5\/2024\/09\/202008dir-est-travaux-400x255-1.png\",\"datePublished\":\"2020-08-14T04:36:19+00:00\",\"dateModified\":\"2020-08-14T04:36:19+00:00\",\"breadcrumb\":{\"@id\":\"https:\/\/vosgesinfo.fr\/remiremontinfo\/2020\/08\/rn57-travaux-dabattage-de-nettoyage-de-talus-a-hauteur-de-lechangeur-de-demoiselle-a-remiremont\/#breadcrumb\"},\"inLanguage\":\"fr-FR\",\"potentialAction\":[{\"@type\":\"ReadAction\",\"target\":[\"https:\/\/vosgesinfo.fr\/remiremontinfo\/2020\/08\/rn57-travaux-dabattage-de-nettoyage-de-talus-a-hauteur-de-lechangeur-de-demoiselle-a-remiremont\/\"]}]},{\"@type\":\"ImageObject\",\"inLanguage\":\"fr-FR\",\"@id\":\"https:\/\/vosgesinfo.fr\/remiremontinfo\/2020\/08\/rn57-travaux-dabattage-de-nettoyage-de-talus-a-hauteur-de-lechangeur-de-demoiselle-a-remiremont\/#primaryimage\",\"url\":\"https:\/\/vosgesinfo.fr\/app\/uploads\/sites\/5\/2024\/09\/202008dir-est-travaux-400x255-1.png\",\"contentUrl\":\"https:\/\/vosgesinfo.fr\/app\/uploads\/sites\/5\/2024\/09\/202008dir-est-travaux-400x255-1.png\",\"width\":400,\"height\":255},{\"@type\":\"BreadcrumbList\",\"@id\":\"https:\/\/vosgesinfo.fr\/remiremontinfo\/2020\/08\/rn57-travaux-dabattage-de-nettoyage-de-talus-a-hauteur-de-lechangeur-de-demoiselle-a-remiremont\/#breadcrumb\",\"itemListElement\":[{\"@type\":\"ListItem\",\"position\":1,\"name\":\"Home\",\"item\":\"https:\/\/vosgesinfo.fr\/remiremontinfo\/\"},{\"@type\":\"ListItem\",\"position\":2,\"name\":\"RN57 \u2013 Travaux d\u2019abattage et de nettoyage de talus \u00e0 hauteur de l\u2019\u00e9changeur de la Demoiselle \u00e0 Remiremont\"}]},{\"@type\":\"WebSite\",\"@id\":\"https:\/\/vosgesinfo.fr\/remiremontinfo\/#website\",\"url\":\"https:\/\/vosgesinfo.fr\/remiremontinfo\/\",\"name\":\"Remiremont Info\",\"description\":\"Toute l&#039;actualit\u00e9 de Remiremont\",\"publisher\":{\"@id\":\"https:\/\/vosgesinfo.fr\/remiremontinfo\/#organization\"},\"alternateName\":\"Toute l'actualit\u00e9 de Remiremont\",\"potentialAction\":[{\"@type\":\"SearchAction\",\"target\":{\"@type\":\"EntryPoint\",\"urlTemplate\":\"https:\/\/vosgesinfo.fr\/remiremontinfo\/?s={search_term_string}\"},\"query-input\":\"required name=search_term_string\"}],\"inLanguage\":\"fr-FR\"},{\"@type\":\"Organization\",\"@id\":\"https:\/\/vosgesinfo.fr\/remiremontinfo\/#organization\",\"name\":\"Remiremont Info\",\"url\":\"https:\/\/vosgesinfo.fr\/remiremontinfo\/\",\"logo\":{\"@type\":\"ImageObject\",\"inLanguage\":\"fr-FR\",\"@id\":\"https:\/\/vosgesinfo.fr\/remiremontinfo\/#\/schema\/logo\/image\/\",\"url\":\"https:\/\/vosgesinfo.fr\/app\/uploads\/sites\/5\/2023\/08\/favicon-remiremontinfo.png\",\"contentUrl\":\"https:\/\/vosgesinfo.fr\/app\/uploads\/sites\/5\/2023\/08\/favicon-remiremontinfo.png\",\"width\":512,\"height\":512,\"caption\":\"Remiremont Info\"},\"image\":{\"@id\":\"https:\/\/vosgesinfo.fr\/remiremontinfo\/#\/schema\/logo\/image\/\"},\"sameAs\":[\"https:\/\/www.facebook.com\/remiremontinfo\",\"https:\/\/x.com\/VosgesInfo88\",\"https:\/\/www.youtube.com\/@vosgesinfo\"]},{\"@type\":\"Person\",\"@id\":\"https:\/\/vosgesinfo.fr\/remiremontinfo\/#\/schema\/person\/80c6ea85ff4afefe81dceaf949954c76\",\"name\":\"La redaction\",\"image\":{\"@type\":\"ImageObject\",\"inLanguage\":\"fr-FR\",\"@id\":\"https:\/\/vosgesinfo.fr\/remiremontinfo\/#\/schema\/person\/image\/\",\"url\":\"https:\/\/secure.gravatar.com\/avatar\/fa684fed8c27e631d40f39d17520286009f89cf7526728ea4e58b5a8c426c16a?s=96&d=mm&r=g\",\"contentUrl\":\"https:\/\/secure.gravatar.com\/avatar\/fa684fed8c27e631d40f39d17520286009f89cf7526728ea4e58b5a8c426c16a?s=96&d=mm&r=g\",\"caption\":\"La redaction\"},\"url\":\"https:\/\/vosgesinfo.fr\/remiremontinfo\/author\/d-p\/\"}]}<\/script>\n<!-- \/ Yoast SEO plugin. -->","yoast_head_json":{"title":"RN57 \u2013 Travaux d\u2019abattage et de nettoyage de talus \u00e0 hauteur de l\u2019\u00e9changeur de la Demoiselle \u00e0 Remiremont - Remiremont Info","robots":{"index":"index","follow":"follow","max-snippet":"max-snippet:-1","max-image-preview":"max-image-preview:large","max-video-preview":"max-video-preview:-1"},"canonical":"https:\/\/vosgesinfo.fr\/remiremontinfo\/2020\/08\/rn57-travaux-dabattage-de-nettoyage-de-talus-a-hauteur-de-lechangeur-de-demoiselle-a-remiremont\/","twitter_card":"summary_large_image","twitter_title":"RN57 \u2013 Travaux d\u2019abattage et de nettoyage de talus \u00e0 hauteur de l\u2019\u00e9changeur de la Demoiselle \u00e0 Remiremont - Remiremont Info","twitter_description":"Du lundi 17 Aout 2020 au vendredi 20 Aout 2020 de 6h00 \u00e0 18h30, la Direction interd\u00e9partementale des routes Est [&hellip;]","twitter_image":"https:\/\/vosgesinfo.fr\/app\/uploads\/sites\/5\/2024\/09\/202008dir-est-travaux-400x255-1.png","twitter_creator":"@VosgesInfo88","twitter_site":"@VosgesInfo88","twitter_misc":{"\u00c9crit par":"La redaction"},"schema":{"@context":"https:\/\/schema.org","@graph":[{"@type":"Article","@id":"https:\/\/vosgesinfo.fr\/remiremontinfo\/2020\/08\/rn57-travaux-dabattage-de-nettoyage-de-talus-a-hauteur-de-lechangeur-de-demoiselle-a-remiremont\/#article","isPartOf":{"@id":"https:\/\/vosgesinfo.fr\/remiremontinfo\/2020\/08\/rn57-travaux-dabattage-de-nettoyage-de-talus-a-hauteur-de-lechangeur-de-demoiselle-a-remiremont\/"},"author":{"name":"La redaction","@id":"https:\/\/vosgesinfo.fr\/remiremontinfo\/#\/schema\/person\/80c6ea85ff4afefe81dceaf949954c76"},"headline":"RN57 \u2013 Travaux d\u2019abattage et de nettoyage de talus \u00e0 hauteur de l\u2019\u00e9changeur de la Demoiselle \u00e0 Remiremont","datePublished":"2020-08-14T04:36:19+00:00","dateModified":"2020-08-14T04:36:19+00:00","mainEntityOfPage":{"@id":"https:\/\/vosgesinfo.fr\/remiremontinfo\/2020\/08\/rn57-travaux-dabattage-de-nettoyage-de-talus-a-hauteur-de-lechangeur-de-demoiselle-a-remiremont\/"},"wordCount":87,"commentCount":0,"publisher":{"@id":"https:\/\/vosgesinfo.fr\/remiremontinfo\/#organization"},"image":{"@id":"https:\/\/vosgesinfo.fr\/remiremontinfo\/2020\/08\/rn57-travaux-dabattage-de-nettoyage-de-talus-a-hauteur-de-lechangeur-de-demoiselle-a-remiremont\/#primaryimage"},"thumbnailUrl":"https:\/\/vosgesinfo.fr\/app\/uploads\/sites\/5\/2024\/09\/202008dir-est-travaux-400x255-1.png","articleSection":["A la Une","Vosges"],"inLanguage":"fr-FR","potentialAction":[{"@type":"CommentAction","name":"Comment","target":["https:\/\/vosgesinfo.fr\/remiremontinfo\/2020\/08\/rn57-travaux-dabattage-de-nettoyage-de-talus-a-hauteur-de-lechangeur-de-demoiselle-a-remiremont\/#respond"]}]},{"@type":"WebPage","@id":"https:\/\/vosgesinfo.fr\/remiremontinfo\/2020\/08\/rn57-travaux-dabattage-de-nettoyage-de-talus-a-hauteur-de-lechangeur-de-demoiselle-a-remiremont\/","url":"https:\/\/vosgesinfo.fr\/remiremontinfo\/2020\/08\/rn57-travaux-dabattage-de-nettoyage-de-talus-a-hauteur-de-lechangeur-de-demoiselle-a-remiremont\/","name":"RN57 \u2013 Travaux d\u2019abattage et de nettoyage de talus \u00e0 hauteur de l\u2019\u00e9changeur de la Demoiselle \u00e0 Remiremont - Remiremont Info","isPartOf":{"@id":"https:\/\/vosgesinfo.fr\/remiremontinfo\/#website"},"primaryImageOfPage":{"@id":"https:\/\/vosgesinfo.fr\/remiremontinfo\/2020\/08\/rn57-travaux-dabattage-de-nettoyage-de-talus-a-hauteur-de-lechangeur-de-demoiselle-a-remiremont\/#primaryimage"},"image":{"@id":"https:\/\/vosgesinfo.fr\/remiremontinfo\/2020\/08\/rn57-travaux-dabattage-de-nettoyage-de-talus-a-hauteur-de-lechangeur-de-demoiselle-a-remiremont\/#primaryimage"},"thumbnailUrl":"https:\/\/vosgesinfo.fr\/app\/uploads\/sites\/5\/2024\/09\/202008dir-est-travaux-400x255-1.png","datePublished":"2020-08-14T04:36:19+00:00","dateModified":"2020-08-14T04:36:19+00:00","breadcrumb":{"@id":"https:\/\/vosgesinfo.fr\/remiremontinfo\/2020\/08\/rn57-travaux-dabattage-de-nettoyage-de-talus-a-hauteur-de-lechangeur-de-demoiselle-a-remiremont\/#breadcrumb"},"inLanguage":"fr-FR","potentialAction":[{"@type":"ReadAction","target":["https:\/\/vosgesinfo.fr\/remiremontinfo\/2020\/08\/rn57-travaux-dabattage-de-nettoyage-de-talus-a-hauteur-de-lechangeur-de-demoiselle-a-remiremont\/"]}]},{"@type":"ImageObject","inLanguage":"fr-FR","@id":"https:\/\/vosgesinfo.fr\/remiremontinfo\/2020\/08\/rn57-travaux-dabattage-de-nettoyage-de-talus-a-hauteur-de-lechangeur-de-demoiselle-a-remiremont\/#primaryimage","url":"https:\/\/vosgesinfo.fr\/app\/uploads\/sites\/5\/2024\/09\/202008dir-est-travaux-400x255-1.png","contentUrl":"https:\/\/vosgesinfo.fr\/app\/uploads\/sites\/5\/2024\/09\/202008dir-est-travaux-400x255-1.png","width":400,"height":255},{"@type":"BreadcrumbList","@id":"https:\/\/vosgesinfo.fr\/remiremontinfo\/2020\/08\/rn57-travaux-dabattage-de-nettoyage-de-talus-a-hauteur-de-lechangeur-de-demoiselle-a-remiremont\/#breadcrumb","itemListElement":[{"@type":"ListItem","position":1,"name":"Home","item":"https:\/\/vosgesinfo.fr\/remiremontinfo\/"},{"@type":"ListItem","position":2,"name":"RN57 \u2013 Travaux d\u2019abattage et de nettoyage de talus \u00e0 hauteur de l\u2019\u00e9changeur de la Demoiselle \u00e0 Remiremont"}]},{"@type":"WebSite","@id":"https:\/\/vosgesinfo.fr\/remiremontinfo\/#website","url":"https:\/\/vosgesinfo.fr\/remiremontinfo\/","name":"Remiremont Info","description":"Toute l&#039;actualit\u00e9 de Remiremont","publisher":{"@id":"https:\/\/vosgesinfo.fr\/remiremontinfo\/#organization"},"alternateName":"Toute l'actualit\u00e9 de Remiremont","potentialAction":[{"@type":"SearchAction","target":{"@type":"EntryPoint","urlTemplate":"https:\/\/vosgesinfo.fr\/remiremontinfo\/?s={search_term_string}"},"query-input":"required name=search_term_string"}],"inLanguage":"fr-FR"},{"@type":"Organization","@id":"https:\/\/vosgesinfo.fr\/remiremontinfo\/#organization","name":"Remiremont Info","url":"https:\/\/vosgesinfo.fr\/remiremontinfo\/","logo":{"@type":"ImageObject","inLanguage":"fr-FR","@id":"https:\/\/vosgesinfo.fr\/remiremontinfo\/#\/schema\/logo\/image\/","url":"https:\/\/vosgesinfo.fr\/app\/uploads\/sites\/5\/2023\/08\/favicon-remiremontinfo.png","contentUrl":"https:\/\/vosgesinfo.fr\/app\/uploads\/sites\/5\/2023\/08\/favicon-remiremontinfo.png","width":512,"height":512,"caption":"Remiremont Info"},"image":{"@id":"https:\/\/vosgesinfo.fr\/remiremontinfo\/#\/schema\/logo\/image\/"},"sameAs":["https:\/\/www.facebook.com\/remiremontinfo","https:\/\/x.com\/VosgesInfo88","https:\/\/www.youtube.com\/@vosgesinfo"]},{"@type":"Person","@id":"https:\/\/vosgesinfo.fr\/remiremontinfo\/#\/schema\/person\/80c6ea85ff4afefe81dceaf949954c76","name":"La redaction","image":{"@type":"ImageObject","inLanguage":"fr-FR","@id":"https:\/\/vosgesinfo.fr\/remiremontinfo\/#\/schema\/person\/image\/","url":"https:\/\/secure.gravatar.com\/avatar\/fa684fed8c27e631d40f39d17520286009f89cf7526728ea4e58b5a8c426c16a?s=96&d=mm&r=g","contentUrl":"https:\/\/secure.gravatar.com\/avatar\/fa684fed8c27e631d40f39d17520286009f89cf7526728ea4e58b5a8c426c16a?s=96&d=mm&r=g","caption":"La redaction"},"url":"https:\/\/vosgesinfo.fr\/remiremontinfo\/author\/d-p\/"}]}},"_links":{"self":[{"href":"https:\/\/vosgesinfo.fr\/remiremontinfo\/wp-json\/wp\/v2\/posts\/29828","targetHints":{"allow":["GET"]}}],"collection":[{"href":"https:\/\/vosgesinfo.fr\/remiremontinfo\/wp-json\/wp\/v2\/posts"}],"about":[{"href":"https:\/\/vosgesinfo.fr\/remiremontinfo\/wp-json\/wp\/v2\/types\/post"}],"author":[{"embeddable":true,"href":"https:\/\/vosgesinfo.fr\/remiremontinfo\/wp-json\/wp\/v2\/users\/392"}],"replies":[{"embeddable":true,"href":"https:\/\/vosgesinfo.fr\/remiremontinfo\/wp-json\/wp\/v2\/comments?post=29828"}],"version-history":[{"count":0,"href":"https:\/\/vosgesinfo.fr\/remiremontinfo\/wp-json\/wp\/v2\/posts\/29828\/revisions"}],"wp:featuredmedia":[{"embeddable":true,"href":"https:\/\/vosgesinfo.fr\/remiremontinfo\/wp-json\/wp\/v2\/media\/29829"}],"wp:attachment":[{"href":"https:\/\/vosgesinfo.fr\/remiremontinfo\/wp-json\/wp\/v2\/media?parent=29828"}],"wp:term":[{"taxonomy":"category","embeddable":true,"href":"https:\/\/vosgesinfo.fr\/remiremontinfo\/wp-json\/wp\/v2\/categories?post=29828"},{"taxonomy":"post_tag","embeddable":true,"href":"https:\/\/vosgesinfo.fr\/remiremontinfo\/wp-json\/wp\/v2\/tags?post=29828"}],"curies":[{"name":"wp","href":"https:\/\/api.w.org\/{rel}","templated":true}]}}