{"id":29838,"date":"2020-08-15T06:21:25","date_gmt":"2020-08-15T04:21:25","guid":{"rendered":"https:\/\/vosgesinfo.fr\/remiremontinfo\/2020\/08\/schlucht-joli-succes-marches-terroir\/"},"modified":"2020-08-15T06:21:25","modified_gmt":"2020-08-15T04:21:25","slug":"schlucht-joli-succes-marches-terroir","status":"publish","type":"post","link":"https:\/\/vosgesinfo.fr\/remiremontinfo\/2020\/08\/schlucht-joli-succes-marches-terroir\/","title":{"rendered":"La Schlucht &#8211; Un joli succ\u00e8s pour les  march\u00e9s du terroir !"},"content":{"rendered":"<p><a href=\"https:\/\/remiremontinfo.fr\/2020\/08\/schlucht-joli-succes-marches-terroir\/bou1\/\" rel=\"attachment wp-att-292787\"><img decoding=\"async\" class=\"aligncenter size-full wp-image-292787\" src=\"\/2020\/08\/bou1.jpg\" alt=\"bou1\" width=\"800\" height=\"450\" \/><\/a>Depuis d\u00e9but juillet, le Col de la Schlucht connait chaque mardi une fr\u00e9n\u00e9sie inhabituelle\u2026 Plus de 30 producteurs locaux installent leurs \u00e9tals sous la Halle et sur le Parvis pour faire d\u00e9couvrir les terroirs vosgiens et alsaciens.<\/p>\n<p>Qu\u2019ils viennent expr\u00e8s pour l\u2019occasion ou qu\u2019ils en aient la bonne surprise au retour d\u2019une randonn\u00e9e ou des luges d\u2019\u00e9t\u00e9, les visiteurs y voient l\u2019occasion de d\u00e9guster des produits sur place ou d\u2019emporter un petit bout de terroir dans leur sac. Charcuterie, fromage, produits laitiers, miels, confitures, confiserie, boissons, tisanes, pain, farine et huile, lentilles&#8230; mais aussi produits plus insolites tels le safran et shiitak\u00e9, tout y est !<\/p>\n<p>Quant aux producteurs, ils sont agriculteurs ou artisans, tous vosgiens ou alsaciens et pour la plupart engag\u00e9s dans les d\u00e9marches \u00ab\u00a0Je vois la vie en Vosges Terroir\u00a0\u00bb ou \u00ab\u00a0Bienvenue \u00e0 la ferme\u00a0\u00bb. Ils voient l\u00e0 l\u2019occasion de trouver de nouveaux publics, mais aussi de faire connaissance entre producteurs. Un trait d\u2019union entre les deux d\u00e9partements appr\u00e9ci\u00e9 par tous\u00a0: unis m\u00eame dans la difficult\u00e9 puisque la forte pluie du 11 ao\u00fbt dernier a renforc\u00e9 les liens et s\u2019est sold\u00e9e par un succ\u00e8s pour les ventes\u00a0!<\/p>\n<p><strong>Vous souhaitez rencontrer les producteurs sur place un jour de march\u00e9\u00a0?<br \/>\nLe prochain se tiendra le mardi 18 ao\u00fbt de 13h \u00e0 18h, les suivants aux m\u00eames horaires jusqu\u2019au 1<sup>er<\/sup> septembre inclus. Nous serions ravis que vous puissiez rendre compte de cet \u00e9v\u00e9nement.<\/strong><\/p>\n<p>Cette op\u00e9ration men\u00e9e conjointement par le Conseil D\u00e9partemental des Vosges et les Chambres d\u2019Agriculture des Vosges et d\u2019Alsace, s\u2019inscrit dans le prolongement du r\u00e9am\u00e9nagement du Col de la Schlucht avec la volont\u00e9 affirm\u00e9e de faire vivre le site en y proposant des animations ponctuelles<\/p>\n","protected":false},"excerpt":{"rendered":"<p>Depuis d\u00e9but juillet, le Col de la Schlucht connait chaque mardi une fr\u00e9n\u00e9sie inhabituelle\u2026 Plus de 30 producteurs locaux installent [&hellip;]<\/p>\n","protected":false},"author":39,"featured_media":29839,"comment_status":"open","ping_status":"open","sticky":false,"template":"","format":"standard","meta":{"footnotes":""},"categories":[26,18],"tags":[],"class_list":["post-29838","post","type-post","status-publish","format-standard","has-post-thumbnail","hentry","category-a-la-une","category-vosges"],"acf":[],"yoast_head":"<!-- This site is optimized with the Yoast SEO plugin v22.5 - https:\/\/yoast.com\/wordpress\/plugins\/seo\/ -->\n<title>La Schlucht - Un joli succ\u00e8s pour les march\u00e9s du terroir ! - Remiremont Info<\/title>\n<meta name=\"robots\" content=\"index, follow, max-snippet:-1, max-image-preview:large, max-video-preview:-1\" \/>\n<link rel=\"canonical\" href=\"https:\/\/vosgesinfo.fr\/remiremontinfo\/2020\/08\/schlucht-joli-succes-marches-terroir\/\" \/>\n<meta name=\"twitter:card\" content=\"summary_large_image\" \/>\n<meta name=\"twitter:title\" content=\"La Schlucht - Un joli succ\u00e8s pour les march\u00e9s du terroir ! - Remiremont Info\" \/>\n<meta name=\"twitter:description\" content=\"Depuis d\u00e9but juillet, le Col de la Schlucht connait chaque mardi une fr\u00e9n\u00e9sie inhabituelle\u2026 Plus de 30 producteurs locaux installent [&hellip;]\" \/>\n<meta name=\"twitter:image\" content=\"https:\/\/vosgesinfo.fr\/app\/uploads\/sites\/5\/2024\/09\/202008bou1.jpg\" \/>\n<meta name=\"twitter:creator\" content=\"@VosgesInfo88\" \/>\n<meta name=\"twitter:site\" content=\"@VosgesInfo88\" \/>\n<meta name=\"twitter:label1\" content=\"\u00c9crit par\" \/>\n\t<meta name=\"twitter:data1\" content=\"Phj\" \/>\n\t<meta name=\"twitter:label2\" content=\"Dur\u00e9e de lecture estim\u00e9e\" \/>\n\t<meta name=\"twitter:data2\" content=\"2 minutes\" \/>\n<script type=\"application\/ld+json\" class=\"yoast-schema-graph\">{\"@context\":\"https:\/\/schema.org\",\"@graph\":[{\"@type\":\"Article\",\"@id\":\"https:\/\/vosgesinfo.fr\/remiremontinfo\/2020\/08\/schlucht-joli-succes-marches-terroir\/#article\",\"isPartOf\":{\"@id\":\"https:\/\/vosgesinfo.fr\/remiremontinfo\/2020\/08\/schlucht-joli-succes-marches-terroir\/\"},\"author\":{\"name\":\"Phj\",\"@id\":\"https:\/\/vosgesinfo.fr\/remiremontinfo\/#\/schema\/person\/4f57dc393faf2ac8b9f1cab30ad79250\"},\"headline\":\"La Schlucht &#8211; Un joli succ\u00e8s pour les march\u00e9s du terroir !\",\"datePublished\":\"2020-08-15T04:21:25+00:00\",\"dateModified\":\"2020-08-15T04:21:25+00:00\",\"mainEntityOfPage\":{\"@id\":\"https:\/\/vosgesinfo.fr\/remiremontinfo\/2020\/08\/schlucht-joli-succes-marches-terroir\/\"},\"wordCount\":322,\"commentCount\":0,\"publisher\":{\"@id\":\"https:\/\/vosgesinfo.fr\/remiremontinfo\/#organization\"},\"image\":{\"@id\":\"https:\/\/vosgesinfo.fr\/remiremontinfo\/2020\/08\/schlucht-joli-succes-marches-terroir\/#primaryimage\"},\"thumbnailUrl\":\"https:\/\/vosgesinfo.fr\/app\/uploads\/sites\/5\/2024\/09\/202008bou1.jpg\",\"articleSection\":[\"A la Une\",\"Vosges\"],\"inLanguage\":\"fr-FR\",\"potentialAction\":[{\"@type\":\"CommentAction\",\"name\":\"Comment\",\"target\":[\"https:\/\/vosgesinfo.fr\/remiremontinfo\/2020\/08\/schlucht-joli-succes-marches-terroir\/#respond\"]}]},{\"@type\":\"WebPage\",\"@id\":\"https:\/\/vosgesinfo.fr\/remiremontinfo\/2020\/08\/schlucht-joli-succes-marches-terroir\/\",\"url\":\"https:\/\/vosgesinfo.fr\/remiremontinfo\/2020\/08\/schlucht-joli-succes-marches-terroir\/\",\"name\":\"La Schlucht - Un joli succ\u00e8s pour les march\u00e9s du terroir ! - Remiremont Info\",\"isPartOf\":{\"@id\":\"https:\/\/vosgesinfo.fr\/remiremontinfo\/#website\"},\"primaryImageOfPage\":{\"@id\":\"https:\/\/vosgesinfo.fr\/remiremontinfo\/2020\/08\/schlucht-joli-succes-marches-terroir\/#primaryimage\"},\"image\":{\"@id\":\"https:\/\/vosgesinfo.fr\/remiremontinfo\/2020\/08\/schlucht-joli-succes-marches-terroir\/#primaryimage\"},\"thumbnailUrl\":\"https:\/\/vosgesinfo.fr\/app\/uploads\/sites\/5\/2024\/09\/202008bou1.jpg\",\"datePublished\":\"2020-08-15T04:21:25+00:00\",\"dateModified\":\"2020-08-15T04:21:25+00:00\",\"breadcrumb\":{\"@id\":\"https:\/\/vosgesinfo.fr\/remiremontinfo\/2020\/08\/schlucht-joli-succes-marches-terroir\/#breadcrumb\"},\"inLanguage\":\"fr-FR\",\"potentialAction\":[{\"@type\":\"ReadAction\",\"target\":[\"https:\/\/vosgesinfo.fr\/remiremontinfo\/2020\/08\/schlucht-joli-succes-marches-terroir\/\"]}]},{\"@type\":\"ImageObject\",\"inLanguage\":\"fr-FR\",\"@id\":\"https:\/\/vosgesinfo.fr\/remiremontinfo\/2020\/08\/schlucht-joli-succes-marches-terroir\/#primaryimage\",\"url\":\"https:\/\/vosgesinfo.fr\/app\/uploads\/sites\/5\/2024\/09\/202008bou1.jpg\",\"contentUrl\":\"https:\/\/vosgesinfo.fr\/app\/uploads\/sites\/5\/2024\/09\/202008bou1.jpg\",\"width\":800,\"height\":450},{\"@type\":\"BreadcrumbList\",\"@id\":\"https:\/\/vosgesinfo.fr\/remiremontinfo\/2020\/08\/schlucht-joli-succes-marches-terroir\/#breadcrumb\",\"itemListElement\":[{\"@type\":\"ListItem\",\"position\":1,\"name\":\"Home\",\"item\":\"https:\/\/vosgesinfo.fr\/remiremontinfo\/\"},{\"@type\":\"ListItem\",\"position\":2,\"name\":\"La Schlucht &#8211; Un joli succ\u00e8s pour les march\u00e9s du terroir !\"}]},{\"@type\":\"WebSite\",\"@id\":\"https:\/\/vosgesinfo.fr\/remiremontinfo\/#website\",\"url\":\"https:\/\/vosgesinfo.fr\/remiremontinfo\/\",\"name\":\"Remiremont Info\",\"description\":\"Toute l&#039;actualit\u00e9 de Remiremont\",\"publisher\":{\"@id\":\"https:\/\/vosgesinfo.fr\/remiremontinfo\/#organization\"},\"alternateName\":\"Toute l'actualit\u00e9 de Remiremont\",\"potentialAction\":[{\"@type\":\"SearchAction\",\"target\":{\"@type\":\"EntryPoint\",\"urlTemplate\":\"https:\/\/vosgesinfo.fr\/remiremontinfo\/?s={search_term_string}\"},\"query-input\":\"required name=search_term_string\"}],\"inLanguage\":\"fr-FR\"},{\"@type\":\"Organization\",\"@id\":\"https:\/\/vosgesinfo.fr\/remiremontinfo\/#organization\",\"name\":\"Remiremont Info\",\"url\":\"https:\/\/vosgesinfo.fr\/remiremontinfo\/\",\"logo\":{\"@type\":\"ImageObject\",\"inLanguage\":\"fr-FR\",\"@id\":\"https:\/\/vosgesinfo.fr\/remiremontinfo\/#\/schema\/logo\/image\/\",\"url\":\"https:\/\/vosgesinfo.fr\/app\/uploads\/sites\/5\/2023\/08\/favicon-remiremontinfo.png\",\"contentUrl\":\"https:\/\/vosgesinfo.fr\/app\/uploads\/sites\/5\/2023\/08\/favicon-remiremontinfo.png\",\"width\":512,\"height\":512,\"caption\":\"Remiremont Info\"},\"image\":{\"@id\":\"https:\/\/vosgesinfo.fr\/remiremontinfo\/#\/schema\/logo\/image\/\"},\"sameAs\":[\"https:\/\/www.facebook.com\/remiremontinfo\",\"https:\/\/x.com\/VosgesInfo88\",\"https:\/\/www.youtube.com\/@vosgesinfo\"]},{\"@type\":\"Person\",\"@id\":\"https:\/\/vosgesinfo.fr\/remiremontinfo\/#\/schema\/person\/4f57dc393faf2ac8b9f1cab30ad79250\",\"name\":\"Phj\",\"image\":{\"@type\":\"ImageObject\",\"inLanguage\":\"fr-FR\",\"@id\":\"https:\/\/vosgesinfo.fr\/remiremontinfo\/#\/schema\/person\/image\/\",\"url\":\"https:\/\/secure.gravatar.com\/avatar\/ada60265080fb9a89c9809bf0abb1f448a128cb85db1c08905baa5038fbe3cfe?s=96&d=mm&r=g\",\"contentUrl\":\"https:\/\/secure.gravatar.com\/avatar\/ada60265080fb9a89c9809bf0abb1f448a128cb85db1c08905baa5038fbe3cfe?s=96&d=mm&r=g\",\"caption\":\"Phj\"},\"url\":\"https:\/\/vosgesinfo.fr\/remiremontinfo\/author\/phj\/\"}]}<\/script>\n<!-- \/ Yoast SEO plugin. -->","yoast_head_json":{"title":"La Schlucht - Un joli succ\u00e8s pour les march\u00e9s du terroir ! - Remiremont Info","robots":{"index":"index","follow":"follow","max-snippet":"max-snippet:-1","max-image-preview":"max-image-preview:large","max-video-preview":"max-video-preview:-1"},"canonical":"https:\/\/vosgesinfo.fr\/remiremontinfo\/2020\/08\/schlucht-joli-succes-marches-terroir\/","twitter_card":"summary_large_image","twitter_title":"La Schlucht - Un joli succ\u00e8s pour les march\u00e9s du terroir ! - Remiremont Info","twitter_description":"Depuis d\u00e9but juillet, le Col de la Schlucht connait chaque mardi une fr\u00e9n\u00e9sie inhabituelle\u2026 Plus de 30 producteurs locaux installent [&hellip;]","twitter_image":"https:\/\/vosgesinfo.fr\/app\/uploads\/sites\/5\/2024\/09\/202008bou1.jpg","twitter_creator":"@VosgesInfo88","twitter_site":"@VosgesInfo88","twitter_misc":{"\u00c9crit par":"Phj","Dur\u00e9e de lecture estim\u00e9e":"2 minutes"},"schema":{"@context":"https:\/\/schema.org","@graph":[{"@type":"Article","@id":"https:\/\/vosgesinfo.fr\/remiremontinfo\/2020\/08\/schlucht-joli-succes-marches-terroir\/#article","isPartOf":{"@id":"https:\/\/vosgesinfo.fr\/remiremontinfo\/2020\/08\/schlucht-joli-succes-marches-terroir\/"},"author":{"name":"Phj","@id":"https:\/\/vosgesinfo.fr\/remiremontinfo\/#\/schema\/person\/4f57dc393faf2ac8b9f1cab30ad79250"},"headline":"La Schlucht &#8211; Un joli succ\u00e8s pour les march\u00e9s du terroir !","datePublished":"2020-08-15T04:21:25+00:00","dateModified":"2020-08-15T04:21:25+00:00","mainEntityOfPage":{"@id":"https:\/\/vosgesinfo.fr\/remiremontinfo\/2020\/08\/schlucht-joli-succes-marches-terroir\/"},"wordCount":322,"commentCount":0,"publisher":{"@id":"https:\/\/vosgesinfo.fr\/remiremontinfo\/#organization"},"image":{"@id":"https:\/\/vosgesinfo.fr\/remiremontinfo\/2020\/08\/schlucht-joli-succes-marches-terroir\/#primaryimage"},"thumbnailUrl":"https:\/\/vosgesinfo.fr\/app\/uploads\/sites\/5\/2024\/09\/202008bou1.jpg","articleSection":["A la Une","Vosges"],"inLanguage":"fr-FR","potentialAction":[{"@type":"CommentAction","name":"Comment","target":["https:\/\/vosgesinfo.fr\/remiremontinfo\/2020\/08\/schlucht-joli-succes-marches-terroir\/#respond"]}]},{"@type":"WebPage","@id":"https:\/\/vosgesinfo.fr\/remiremontinfo\/2020\/08\/schlucht-joli-succes-marches-terroir\/","url":"https:\/\/vosgesinfo.fr\/remiremontinfo\/2020\/08\/schlucht-joli-succes-marches-terroir\/","name":"La Schlucht - Un joli succ\u00e8s pour les march\u00e9s du terroir ! - Remiremont Info","isPartOf":{"@id":"https:\/\/vosgesinfo.fr\/remiremontinfo\/#website"},"primaryImageOfPage":{"@id":"https:\/\/vosgesinfo.fr\/remiremontinfo\/2020\/08\/schlucht-joli-succes-marches-terroir\/#primaryimage"},"image":{"@id":"https:\/\/vosgesinfo.fr\/remiremontinfo\/2020\/08\/schlucht-joli-succes-marches-terroir\/#primaryimage"},"thumbnailUrl":"https:\/\/vosgesinfo.fr\/app\/uploads\/sites\/5\/2024\/09\/202008bou1.jpg","datePublished":"2020-08-15T04:21:25+00:00","dateModified":"2020-08-15T04:21:25+00:00","breadcrumb":{"@id":"https:\/\/vosgesinfo.fr\/remiremontinfo\/2020\/08\/schlucht-joli-succes-marches-terroir\/#breadcrumb"},"inLanguage":"fr-FR","potentialAction":[{"@type":"ReadAction","target":["https:\/\/vosgesinfo.fr\/remiremontinfo\/2020\/08\/schlucht-joli-succes-marches-terroir\/"]}]},{"@type":"ImageObject","inLanguage":"fr-FR","@id":"https:\/\/vosgesinfo.fr\/remiremontinfo\/2020\/08\/schlucht-joli-succes-marches-terroir\/#primaryimage","url":"https:\/\/vosgesinfo.fr\/app\/uploads\/sites\/5\/2024\/09\/202008bou1.jpg","contentUrl":"https:\/\/vosgesinfo.fr\/app\/uploads\/sites\/5\/2024\/09\/202008bou1.jpg","width":800,"height":450},{"@type":"BreadcrumbList","@id":"https:\/\/vosgesinfo.fr\/remiremontinfo\/2020\/08\/schlucht-joli-succes-marches-terroir\/#breadcrumb","itemListElement":[{"@type":"ListItem","position":1,"name":"Home","item":"https:\/\/vosgesinfo.fr\/remiremontinfo\/"},{"@type":"ListItem","position":2,"name":"La Schlucht &#8211; Un joli succ\u00e8s pour les march\u00e9s du terroir !"}]},{"@type":"WebSite","@id":"https:\/\/vosgesinfo.fr\/remiremontinfo\/#website","url":"https:\/\/vosgesinfo.fr\/remiremontinfo\/","name":"Remiremont Info","description":"Toute l&#039;actualit\u00e9 de Remiremont","publisher":{"@id":"https:\/\/vosgesinfo.fr\/remiremontinfo\/#organization"},"alternateName":"Toute l'actualit\u00e9 de Remiremont","potentialAction":[{"@type":"SearchAction","target":{"@type":"EntryPoint","urlTemplate":"https:\/\/vosgesinfo.fr\/remiremontinfo\/?s={search_term_string}"},"query-input":"required name=search_term_string"}],"inLanguage":"fr-FR"},{"@type":"Organization","@id":"https:\/\/vosgesinfo.fr\/remiremontinfo\/#organization","name":"Remiremont Info","url":"https:\/\/vosgesinfo.fr\/remiremontinfo\/","logo":{"@type":"ImageObject","inLanguage":"fr-FR","@id":"https:\/\/vosgesinfo.fr\/remiremontinfo\/#\/schema\/logo\/image\/","url":"https:\/\/vosgesinfo.fr\/app\/uploads\/sites\/5\/2023\/08\/favicon-remiremontinfo.png","contentUrl":"https:\/\/vosgesinfo.fr\/app\/uploads\/sites\/5\/2023\/08\/favicon-remiremontinfo.png","width":512,"height":512,"caption":"Remiremont Info"},"image":{"@id":"https:\/\/vosgesinfo.fr\/remiremontinfo\/#\/schema\/logo\/image\/"},"sameAs":["https:\/\/www.facebook.com\/remiremontinfo","https:\/\/x.com\/VosgesInfo88","https:\/\/www.youtube.com\/@vosgesinfo"]},{"@type":"Person","@id":"https:\/\/vosgesinfo.fr\/remiremontinfo\/#\/schema\/person\/4f57dc393faf2ac8b9f1cab30ad79250","name":"Phj","image":{"@type":"ImageObject","inLanguage":"fr-FR","@id":"https:\/\/vosgesinfo.fr\/remiremontinfo\/#\/schema\/person\/image\/","url":"https:\/\/secure.gravatar.com\/avatar\/ada60265080fb9a89c9809bf0abb1f448a128cb85db1c08905baa5038fbe3cfe?s=96&d=mm&r=g","contentUrl":"https:\/\/secure.gravatar.com\/avatar\/ada60265080fb9a89c9809bf0abb1f448a128cb85db1c08905baa5038fbe3cfe?s=96&d=mm&r=g","caption":"Phj"},"url":"https:\/\/vosgesinfo.fr\/remiremontinfo\/author\/phj\/"}]}},"_links":{"self":[{"href":"https:\/\/vosgesinfo.fr\/remiremontinfo\/wp-json\/wp\/v2\/posts\/29838","targetHints":{"allow":["GET"]}}],"collection":[{"href":"https:\/\/vosgesinfo.fr\/remiremontinfo\/wp-json\/wp\/v2\/posts"}],"about":[{"href":"https:\/\/vosgesinfo.fr\/remiremontinfo\/wp-json\/wp\/v2\/types\/post"}],"author":[{"embeddable":true,"href":"https:\/\/vosgesinfo.fr\/remiremontinfo\/wp-json\/wp\/v2\/users\/39"}],"replies":[{"embeddable":true,"href":"https:\/\/vosgesinfo.fr\/remiremontinfo\/wp-json\/wp\/v2\/comments?post=29838"}],"version-history":[{"count":0,"href":"https:\/\/vosgesinfo.fr\/remiremontinfo\/wp-json\/wp\/v2\/posts\/29838\/revisions"}],"wp:featuredmedia":[{"embeddable":true,"href":"https:\/\/vosgesinfo.fr\/remiremontinfo\/wp-json\/wp\/v2\/media\/29839"}],"wp:attachment":[{"href":"https:\/\/vosgesinfo.fr\/remiremontinfo\/wp-json\/wp\/v2\/media?parent=29838"}],"wp:term":[{"taxonomy":"category","embeddable":true,"href":"https:\/\/vosgesinfo.fr\/remiremontinfo\/wp-json\/wp\/v2\/categories?post=29838"},{"taxonomy":"post_tag","embeddable":true,"href":"https:\/\/vosgesinfo.fr\/remiremontinfo\/wp-json\/wp\/v2\/tags?post=29838"}],"curies":[{"name":"wp","href":"https:\/\/api.w.org\/{rel}","templated":true}]}}