{"id":2998,"date":"2023-11-30T11:10:48","date_gmt":"2023-11-30T10:10:48","guid":{"rendered":"https:\/\/vosgesinfo.fr\/remiremontinfo\/2023\/11\/cornimont-circulation-perturbee-lors-du-defile-de-saint-nicolas\/"},"modified":"2023-11-30T11:10:48","modified_gmt":"2023-11-30T10:10:48","slug":"cornimont-circulation-perturbee-lors-du-defile-de-saint-nicolas","status":"publish","type":"post","link":"https:\/\/vosgesinfo.fr\/remiremontinfo\/2023\/11\/cornimont-circulation-perturbee-lors-du-defile-de-saint-nicolas\/","title":{"rendered":"Cornimont &#8211; Circulation perturb\u00e9e lors du d\u00e9fil\u00e9 de Saint-Nicolas"},"content":{"rendered":"<p style=\"font-weight: 400;\">A l\u2019occasion du d\u00e9fil\u00e9 de la SAINT NICOLAS, la circulation sera interdite le samedi 02\/12\/2023 entre 16h45 et 18h15 dans les rues suivantes : Passage Perrin, rue de la Gare, rue de la 3\u00e8me DIA, place de la Pranzi\u00e8re et rue des Grands Meix.<\/p>\n<p>Des d\u00e9viations permettront de d\u00e9vier l&rsquo;\u00e9v\u00e8nement. Les stationnements seront \u00e9galement interdits dans le m\u00eame cr\u00e9neau horaire sur l&rsquo;ensemble de la place de la Pranzi\u00e8re, dans la rue des Grands Meix et sur le parking de la chaufferie (rue des Grands Meix).<\/p>\n<p><a href=\"https:\/\/remiremontinfo.fr\/wp-content\/uploads\/2023\/11\/D\u00c9FIL\u00c9-DE-SAINT-NICOLAS-2023.jpg\"><img decoding=\"async\" class=\"size-large wp-image-380194 aligncenter\" src=\"https:\/\/vosgesinfo.fr\/app\/uploads\/sites\/5\/2023\/11\/defile-de-saint-nicolas-2023.jpg\" alt=\"D\u00c9FIL\u00c9 DE SAINT NICOLAS 2023\" width=\"724\" height=\"1024\" \/><\/a><\/p>\n","protected":false},"excerpt":{"rendered":"<p>A l\u2019occasion du d\u00e9fil\u00e9 de la SAINT NICOLAS, la circulation sera interdite le samedi 02\/12\/2023 entre 16h45 et 18h15 dans [&hellip;]<\/p>\n","protected":false},"author":414,"featured_media":2997,"comment_status":"open","ping_status":"open","sticky":false,"template":"","format":"standard","meta":{"footnotes":""},"categories":[26,70,34,25],"tags":[184,79,367],"class_list":["post-2998","post","type-post","status-publish","format-standard","has-post-thumbnail","hentry","category-a-la-une","category-circulation","category-cornimont","category-la-bresse-son-canton","tag-circulation","tag-cornimont","tag-saint-nicolas"],"acf":[],"yoast_head":"<!-- This site is optimized with the Yoast SEO plugin v22.5 - https:\/\/yoast.com\/wordpress\/plugins\/seo\/ -->\n<title>Cornimont - Circulation perturb\u00e9e lors du d\u00e9fil\u00e9 de Saint-Nicolas - Remiremont Info<\/title>\n<meta name=\"robots\" content=\"index, follow, max-snippet:-1, max-image-preview:large, max-video-preview:-1\" \/>\n<link rel=\"canonical\" href=\"https:\/\/vosgesinfo.fr\/remiremontinfo\/2023\/11\/cornimont-circulation-perturbee-lors-du-defile-de-saint-nicolas\/\" \/>\n<meta name=\"twitter:card\" content=\"summary_large_image\" \/>\n<meta name=\"twitter:title\" content=\"Cornimont - Circulation perturb\u00e9e lors du d\u00e9fil\u00e9 de Saint-Nicolas - Remiremont Info\" \/>\n<meta name=\"twitter:description\" content=\"A l\u2019occasion du d\u00e9fil\u00e9 de la SAINT NICOLAS, la circulation sera interdite le samedi 02\/12\/2023 entre 16h45 et 18h15 dans [&hellip;]\" \/>\n<meta name=\"twitter:image\" content=\"https:\/\/vosgesinfo.fr\/app\/uploads\/sites\/5\/2023\/11\/defile-de-saint-nicolas-2023.jpg\" \/>\n<meta name=\"twitter:creator\" content=\"@VosgesInfo88\" \/>\n<meta name=\"twitter:site\" content=\"@VosgesInfo88\" \/>\n<meta name=\"twitter:label1\" content=\"\u00c9crit par\" \/>\n\t<meta name=\"twitter:data1\" content=\"Julien Chassard\" \/>\n<script type=\"application\/ld+json\" class=\"yoast-schema-graph\">{\"@context\":\"https:\/\/schema.org\",\"@graph\":[{\"@type\":\"Article\",\"@id\":\"https:\/\/vosgesinfo.fr\/remiremontinfo\/2023\/11\/cornimont-circulation-perturbee-lors-du-defile-de-saint-nicolas\/#article\",\"isPartOf\":{\"@id\":\"https:\/\/vosgesinfo.fr\/remiremontinfo\/2023\/11\/cornimont-circulation-perturbee-lors-du-defile-de-saint-nicolas\/\"},\"author\":{\"name\":\"Julien Chassard\",\"@id\":\"https:\/\/vosgesinfo.fr\/remiremontinfo\/#\/schema\/person\/9f7d5afbed21dfe30e21502db85507c8\"},\"headline\":\"Cornimont &#8211; Circulation perturb\u00e9e lors du d\u00e9fil\u00e9 de Saint-Nicolas\",\"datePublished\":\"2023-11-30T10:10:48+00:00\",\"dateModified\":\"2023-11-30T10:10:48+00:00\",\"mainEntityOfPage\":{\"@id\":\"https:\/\/vosgesinfo.fr\/remiremontinfo\/2023\/11\/cornimont-circulation-perturbee-lors-du-defile-de-saint-nicolas\/\"},\"wordCount\":105,\"commentCount\":0,\"publisher\":{\"@id\":\"https:\/\/vosgesinfo.fr\/remiremontinfo\/#organization\"},\"image\":{\"@id\":\"https:\/\/vosgesinfo.fr\/remiremontinfo\/2023\/11\/cornimont-circulation-perturbee-lors-du-defile-de-saint-nicolas\/#primaryimage\"},\"thumbnailUrl\":\"https:\/\/vosgesinfo.fr\/app\/uploads\/sites\/5\/2023\/11\/defile-de-saint-nicolas-2023.jpg\",\"keywords\":[\"circulation\",\"cornimont\",\"Saint-Nicolas\"],\"articleSection\":[\"A la Une\",\"Circulation\",\"Cornimont\",\"La Bresse &amp; son canton\"],\"inLanguage\":\"fr-FR\",\"potentialAction\":[{\"@type\":\"CommentAction\",\"name\":\"Comment\",\"target\":[\"https:\/\/vosgesinfo.fr\/remiremontinfo\/2023\/11\/cornimont-circulation-perturbee-lors-du-defile-de-saint-nicolas\/#respond\"]}]},{\"@type\":\"WebPage\",\"@id\":\"https:\/\/vosgesinfo.fr\/remiremontinfo\/2023\/11\/cornimont-circulation-perturbee-lors-du-defile-de-saint-nicolas\/\",\"url\":\"https:\/\/vosgesinfo.fr\/remiremontinfo\/2023\/11\/cornimont-circulation-perturbee-lors-du-defile-de-saint-nicolas\/\",\"name\":\"Cornimont - Circulation perturb\u00e9e lors du d\u00e9fil\u00e9 de Saint-Nicolas - Remiremont Info\",\"isPartOf\":{\"@id\":\"https:\/\/vosgesinfo.fr\/remiremontinfo\/#website\"},\"primaryImageOfPage\":{\"@id\":\"https:\/\/vosgesinfo.fr\/remiremontinfo\/2023\/11\/cornimont-circulation-perturbee-lors-du-defile-de-saint-nicolas\/#primaryimage\"},\"image\":{\"@id\":\"https:\/\/vosgesinfo.fr\/remiremontinfo\/2023\/11\/cornimont-circulation-perturbee-lors-du-defile-de-saint-nicolas\/#primaryimage\"},\"thumbnailUrl\":\"https:\/\/vosgesinfo.fr\/app\/uploads\/sites\/5\/2023\/11\/defile-de-saint-nicolas-2023.jpg\",\"datePublished\":\"2023-11-30T10:10:48+00:00\",\"dateModified\":\"2023-11-30T10:10:48+00:00\",\"breadcrumb\":{\"@id\":\"https:\/\/vosgesinfo.fr\/remiremontinfo\/2023\/11\/cornimont-circulation-perturbee-lors-du-defile-de-saint-nicolas\/#breadcrumb\"},\"inLanguage\":\"fr-FR\",\"potentialAction\":[{\"@type\":\"ReadAction\",\"target\":[\"https:\/\/vosgesinfo.fr\/remiremontinfo\/2023\/11\/cornimont-circulation-perturbee-lors-du-defile-de-saint-nicolas\/\"]}]},{\"@type\":\"ImageObject\",\"inLanguage\":\"fr-FR\",\"@id\":\"https:\/\/vosgesinfo.fr\/remiremontinfo\/2023\/11\/cornimont-circulation-perturbee-lors-du-defile-de-saint-nicolas\/#primaryimage\",\"url\":\"https:\/\/vosgesinfo.fr\/app\/uploads\/sites\/5\/2023\/11\/defile-de-saint-nicolas-2023.jpg\",\"contentUrl\":\"https:\/\/vosgesinfo.fr\/app\/uploads\/sites\/5\/2023\/11\/defile-de-saint-nicolas-2023.jpg\",\"width\":1754,\"height\":2481},{\"@type\":\"BreadcrumbList\",\"@id\":\"https:\/\/vosgesinfo.fr\/remiremontinfo\/2023\/11\/cornimont-circulation-perturbee-lors-du-defile-de-saint-nicolas\/#breadcrumb\",\"itemListElement\":[{\"@type\":\"ListItem\",\"position\":1,\"name\":\"Home\",\"item\":\"https:\/\/vosgesinfo.fr\/remiremontinfo\/\"},{\"@type\":\"ListItem\",\"position\":2,\"name\":\"Cornimont &#8211; Circulation perturb\u00e9e lors du d\u00e9fil\u00e9 de Saint-Nicolas\"}]},{\"@type\":\"WebSite\",\"@id\":\"https:\/\/vosgesinfo.fr\/remiremontinfo\/#website\",\"url\":\"https:\/\/vosgesinfo.fr\/remiremontinfo\/\",\"name\":\"Remiremont Info\",\"description\":\"Toute l&#039;actualit\u00e9 de Remiremont\",\"publisher\":{\"@id\":\"https:\/\/vosgesinfo.fr\/remiremontinfo\/#organization\"},\"alternateName\":\"Toute l'actualit\u00e9 de Remiremont\",\"potentialAction\":[{\"@type\":\"SearchAction\",\"target\":{\"@type\":\"EntryPoint\",\"urlTemplate\":\"https:\/\/vosgesinfo.fr\/remiremontinfo\/?s={search_term_string}\"},\"query-input\":\"required name=search_term_string\"}],\"inLanguage\":\"fr-FR\"},{\"@type\":\"Organization\",\"@id\":\"https:\/\/vosgesinfo.fr\/remiremontinfo\/#organization\",\"name\":\"Remiremont Info\",\"url\":\"https:\/\/vosgesinfo.fr\/remiremontinfo\/\",\"logo\":{\"@type\":\"ImageObject\",\"inLanguage\":\"fr-FR\",\"@id\":\"https:\/\/vosgesinfo.fr\/remiremontinfo\/#\/schema\/logo\/image\/\",\"url\":\"https:\/\/vosgesinfo.fr\/app\/uploads\/sites\/5\/2023\/08\/favicon-remiremontinfo.png\",\"contentUrl\":\"https:\/\/vosgesinfo.fr\/app\/uploads\/sites\/5\/2023\/08\/favicon-remiremontinfo.png\",\"width\":512,\"height\":512,\"caption\":\"Remiremont Info\"},\"image\":{\"@id\":\"https:\/\/vosgesinfo.fr\/remiremontinfo\/#\/schema\/logo\/image\/\"},\"sameAs\":[\"https:\/\/www.facebook.com\/remiremontinfo\",\"https:\/\/x.com\/VosgesInfo88\",\"https:\/\/www.youtube.com\/@vosgesinfo\"]},{\"@type\":\"Person\",\"@id\":\"https:\/\/vosgesinfo.fr\/remiremontinfo\/#\/schema\/person\/9f7d5afbed21dfe30e21502db85507c8\",\"name\":\"Julien Chassard\",\"image\":{\"@type\":\"ImageObject\",\"inLanguage\":\"fr-FR\",\"@id\":\"https:\/\/vosgesinfo.fr\/remiremontinfo\/#\/schema\/person\/image\/\",\"url\":\"https:\/\/secure.gravatar.com\/avatar\/b1edc920568095a5269cc92a13830411052ebb396f029db539972c12276b9ba9?s=96&d=mm&r=g\",\"contentUrl\":\"https:\/\/secure.gravatar.com\/avatar\/b1edc920568095a5269cc92a13830411052ebb396f029db539972c12276b9ba9?s=96&d=mm&r=g\",\"caption\":\"Julien Chassard\"},\"url\":\"https:\/\/vosgesinfo.fr\/remiremontinfo\/author\/j-chassard882\/\"}]}<\/script>\n<!-- \/ Yoast SEO plugin. -->","yoast_head_json":{"title":"Cornimont - Circulation perturb\u00e9e lors du d\u00e9fil\u00e9 de Saint-Nicolas - Remiremont Info","robots":{"index":"index","follow":"follow","max-snippet":"max-snippet:-1","max-image-preview":"max-image-preview:large","max-video-preview":"max-video-preview:-1"},"canonical":"https:\/\/vosgesinfo.fr\/remiremontinfo\/2023\/11\/cornimont-circulation-perturbee-lors-du-defile-de-saint-nicolas\/","twitter_card":"summary_large_image","twitter_title":"Cornimont - Circulation perturb\u00e9e lors du d\u00e9fil\u00e9 de Saint-Nicolas - Remiremont Info","twitter_description":"A l\u2019occasion du d\u00e9fil\u00e9 de la SAINT NICOLAS, la circulation sera interdite le samedi 02\/12\/2023 entre 16h45 et 18h15 dans [&hellip;]","twitter_image":"https:\/\/vosgesinfo.fr\/app\/uploads\/sites\/5\/2023\/11\/defile-de-saint-nicolas-2023.jpg","twitter_creator":"@VosgesInfo88","twitter_site":"@VosgesInfo88","twitter_misc":{"\u00c9crit par":"Julien Chassard"},"schema":{"@context":"https:\/\/schema.org","@graph":[{"@type":"Article","@id":"https:\/\/vosgesinfo.fr\/remiremontinfo\/2023\/11\/cornimont-circulation-perturbee-lors-du-defile-de-saint-nicolas\/#article","isPartOf":{"@id":"https:\/\/vosgesinfo.fr\/remiremontinfo\/2023\/11\/cornimont-circulation-perturbee-lors-du-defile-de-saint-nicolas\/"},"author":{"name":"Julien Chassard","@id":"https:\/\/vosgesinfo.fr\/remiremontinfo\/#\/schema\/person\/9f7d5afbed21dfe30e21502db85507c8"},"headline":"Cornimont &#8211; Circulation perturb\u00e9e lors du d\u00e9fil\u00e9 de Saint-Nicolas","datePublished":"2023-11-30T10:10:48+00:00","dateModified":"2023-11-30T10:10:48+00:00","mainEntityOfPage":{"@id":"https:\/\/vosgesinfo.fr\/remiremontinfo\/2023\/11\/cornimont-circulation-perturbee-lors-du-defile-de-saint-nicolas\/"},"wordCount":105,"commentCount":0,"publisher":{"@id":"https:\/\/vosgesinfo.fr\/remiremontinfo\/#organization"},"image":{"@id":"https:\/\/vosgesinfo.fr\/remiremontinfo\/2023\/11\/cornimont-circulation-perturbee-lors-du-defile-de-saint-nicolas\/#primaryimage"},"thumbnailUrl":"https:\/\/vosgesinfo.fr\/app\/uploads\/sites\/5\/2023\/11\/defile-de-saint-nicolas-2023.jpg","keywords":["circulation","cornimont","Saint-Nicolas"],"articleSection":["A la Une","Circulation","Cornimont","La Bresse &amp; son canton"],"inLanguage":"fr-FR","potentialAction":[{"@type":"CommentAction","name":"Comment","target":["https:\/\/vosgesinfo.fr\/remiremontinfo\/2023\/11\/cornimont-circulation-perturbee-lors-du-defile-de-saint-nicolas\/#respond"]}]},{"@type":"WebPage","@id":"https:\/\/vosgesinfo.fr\/remiremontinfo\/2023\/11\/cornimont-circulation-perturbee-lors-du-defile-de-saint-nicolas\/","url":"https:\/\/vosgesinfo.fr\/remiremontinfo\/2023\/11\/cornimont-circulation-perturbee-lors-du-defile-de-saint-nicolas\/","name":"Cornimont - Circulation perturb\u00e9e lors du d\u00e9fil\u00e9 de Saint-Nicolas - Remiremont Info","isPartOf":{"@id":"https:\/\/vosgesinfo.fr\/remiremontinfo\/#website"},"primaryImageOfPage":{"@id":"https:\/\/vosgesinfo.fr\/remiremontinfo\/2023\/11\/cornimont-circulation-perturbee-lors-du-defile-de-saint-nicolas\/#primaryimage"},"image":{"@id":"https:\/\/vosgesinfo.fr\/remiremontinfo\/2023\/11\/cornimont-circulation-perturbee-lors-du-defile-de-saint-nicolas\/#primaryimage"},"thumbnailUrl":"https:\/\/vosgesinfo.fr\/app\/uploads\/sites\/5\/2023\/11\/defile-de-saint-nicolas-2023.jpg","datePublished":"2023-11-30T10:10:48+00:00","dateModified":"2023-11-30T10:10:48+00:00","breadcrumb":{"@id":"https:\/\/vosgesinfo.fr\/remiremontinfo\/2023\/11\/cornimont-circulation-perturbee-lors-du-defile-de-saint-nicolas\/#breadcrumb"},"inLanguage":"fr-FR","potentialAction":[{"@type":"ReadAction","target":["https:\/\/vosgesinfo.fr\/remiremontinfo\/2023\/11\/cornimont-circulation-perturbee-lors-du-defile-de-saint-nicolas\/"]}]},{"@type":"ImageObject","inLanguage":"fr-FR","@id":"https:\/\/vosgesinfo.fr\/remiremontinfo\/2023\/11\/cornimont-circulation-perturbee-lors-du-defile-de-saint-nicolas\/#primaryimage","url":"https:\/\/vosgesinfo.fr\/app\/uploads\/sites\/5\/2023\/11\/defile-de-saint-nicolas-2023.jpg","contentUrl":"https:\/\/vosgesinfo.fr\/app\/uploads\/sites\/5\/2023\/11\/defile-de-saint-nicolas-2023.jpg","width":1754,"height":2481},{"@type":"BreadcrumbList","@id":"https:\/\/vosgesinfo.fr\/remiremontinfo\/2023\/11\/cornimont-circulation-perturbee-lors-du-defile-de-saint-nicolas\/#breadcrumb","itemListElement":[{"@type":"ListItem","position":1,"name":"Home","item":"https:\/\/vosgesinfo.fr\/remiremontinfo\/"},{"@type":"ListItem","position":2,"name":"Cornimont &#8211; Circulation perturb\u00e9e lors du d\u00e9fil\u00e9 de Saint-Nicolas"}]},{"@type":"WebSite","@id":"https:\/\/vosgesinfo.fr\/remiremontinfo\/#website","url":"https:\/\/vosgesinfo.fr\/remiremontinfo\/","name":"Remiremont Info","description":"Toute l&#039;actualit\u00e9 de Remiremont","publisher":{"@id":"https:\/\/vosgesinfo.fr\/remiremontinfo\/#organization"},"alternateName":"Toute l'actualit\u00e9 de Remiremont","potentialAction":[{"@type":"SearchAction","target":{"@type":"EntryPoint","urlTemplate":"https:\/\/vosgesinfo.fr\/remiremontinfo\/?s={search_term_string}"},"query-input":"required name=search_term_string"}],"inLanguage":"fr-FR"},{"@type":"Organization","@id":"https:\/\/vosgesinfo.fr\/remiremontinfo\/#organization","name":"Remiremont Info","url":"https:\/\/vosgesinfo.fr\/remiremontinfo\/","logo":{"@type":"ImageObject","inLanguage":"fr-FR","@id":"https:\/\/vosgesinfo.fr\/remiremontinfo\/#\/schema\/logo\/image\/","url":"https:\/\/vosgesinfo.fr\/app\/uploads\/sites\/5\/2023\/08\/favicon-remiremontinfo.png","contentUrl":"https:\/\/vosgesinfo.fr\/app\/uploads\/sites\/5\/2023\/08\/favicon-remiremontinfo.png","width":512,"height":512,"caption":"Remiremont Info"},"image":{"@id":"https:\/\/vosgesinfo.fr\/remiremontinfo\/#\/schema\/logo\/image\/"},"sameAs":["https:\/\/www.facebook.com\/remiremontinfo","https:\/\/x.com\/VosgesInfo88","https:\/\/www.youtube.com\/@vosgesinfo"]},{"@type":"Person","@id":"https:\/\/vosgesinfo.fr\/remiremontinfo\/#\/schema\/person\/9f7d5afbed21dfe30e21502db85507c8","name":"Julien Chassard","image":{"@type":"ImageObject","inLanguage":"fr-FR","@id":"https:\/\/vosgesinfo.fr\/remiremontinfo\/#\/schema\/person\/image\/","url":"https:\/\/secure.gravatar.com\/avatar\/b1edc920568095a5269cc92a13830411052ebb396f029db539972c12276b9ba9?s=96&d=mm&r=g","contentUrl":"https:\/\/secure.gravatar.com\/avatar\/b1edc920568095a5269cc92a13830411052ebb396f029db539972c12276b9ba9?s=96&d=mm&r=g","caption":"Julien Chassard"},"url":"https:\/\/vosgesinfo.fr\/remiremontinfo\/author\/j-chassard882\/"}]}},"_links":{"self":[{"href":"https:\/\/vosgesinfo.fr\/remiremontinfo\/wp-json\/wp\/v2\/posts\/2998","targetHints":{"allow":["GET"]}}],"collection":[{"href":"https:\/\/vosgesinfo.fr\/remiremontinfo\/wp-json\/wp\/v2\/posts"}],"about":[{"href":"https:\/\/vosgesinfo.fr\/remiremontinfo\/wp-json\/wp\/v2\/types\/post"}],"author":[{"embeddable":true,"href":"https:\/\/vosgesinfo.fr\/remiremontinfo\/wp-json\/wp\/v2\/users\/414"}],"replies":[{"embeddable":true,"href":"https:\/\/vosgesinfo.fr\/remiremontinfo\/wp-json\/wp\/v2\/comments?post=2998"}],"version-history":[{"count":0,"href":"https:\/\/vosgesinfo.fr\/remiremontinfo\/wp-json\/wp\/v2\/posts\/2998\/revisions"}],"wp:featuredmedia":[{"embeddable":true,"href":"https:\/\/vosgesinfo.fr\/remiremontinfo\/wp-json\/wp\/v2\/media\/2997"}],"wp:attachment":[{"href":"https:\/\/vosgesinfo.fr\/remiremontinfo\/wp-json\/wp\/v2\/media?parent=2998"}],"wp:term":[{"taxonomy":"category","embeddable":true,"href":"https:\/\/vosgesinfo.fr\/remiremontinfo\/wp-json\/wp\/v2\/categories?post=2998"},{"taxonomy":"post_tag","embeddable":true,"href":"https:\/\/vosgesinfo.fr\/remiremontinfo\/wp-json\/wp\/v2\/tags?post=2998"}],"curies":[{"name":"wp","href":"https:\/\/api.w.org\/{rel}","templated":true}]}}