{"id":30310,"date":"2020-08-29T14:24:44","date_gmt":"2020-08-29T12:24:44","guid":{"rendered":"https:\/\/vosgesinfo.fr\/remiremontinfo\/2020\/08\/carton-plein-loperation-jaime-commercants\/"},"modified":"2020-08-29T14:24:44","modified_gmt":"2020-08-29T12:24:44","slug":"carton-plein-loperation-jaime-commercants","status":"publish","type":"post","link":"https:\/\/vosgesinfo.fr\/remiremontinfo\/2020\/08\/carton-plein-loperation-jaime-commercants\/","title":{"rendered":"Carton plein pour l&rsquo;op\u00e9ration \u00ab\u00a0J&rsquo;aime mes commer\u00e7ants\u00a0\u00bb"},"content":{"rendered":"<p style=\"text-align: center;\"><a href=\"\/2020\/08\/l\u00e9zards-cr\u00e9ation.jpg\"><img decoding=\"async\" class=\"alignnone size-full wp-image-293820\" src=\"\/2020\/08\/l\u00e9zards-cr\u00e9ation.jpg\" alt=\"l\u00e9zards cr\u00e9ation\" width=\"800\" height=\"652\" \/><\/a><\/p>\n<p>Lanc\u00e9e au milieu de la p\u00e9riode de confinement, l\u2019op\u00e9ration commerciale \u00ab\u00a0jaimemescommercants.fr\u00a0\u00bb initi\u00e9e par l\u2019URCA avec le soutien de la communaut\u00e9 de communes de la porte des Vosges m\u00e9ridionales vient de s\u2019achever et le succ\u00e8s est total.<\/p>\n<p>Le site internet a \u00e9t\u00e9 cr\u00e9\u00e9 gracieusement par L\u00e9zards Cr\u00e9ation qui a mobilis\u00e9 son \u00e9nergie et ses \u00e9quipes pendant la p\u00e9riode creuse du confinement pour venir en aide au commerce local.<\/p>\n<p>Le principe \u00e9tait simple : gr\u00e2ce \u00e0 l\u2019enveloppe de 100000 \u20ac allou\u00e9e par la communaut\u00e9 de communes en soutien aux commer\u00e7ants, artisans et entreprises de moins de dix salari\u00e9s durement touch\u00e9s par la crise., une op\u00e9ration commerciale permettant aux consommateurs de r\u00e9server des bons d\u2019achat \u00e0 utiliser aupr\u00e8s des commer\u00e7ants inscrits sur le site a \u00e9t\u00e9 mise en place et permettait d\u2019obtenir un bon cadeau d\u2019une valeur de 25% du bon d\u2019achat valable aupr\u00e8s d\u2019un autre \u00e9tablissement partenaire. Ainsi pour 100 \u20ac d\u00e9pens\u00e9s, 25 \u20ac \u00e9taient offerts. Des enseignes n\u2019ont pas h\u00e9sit\u00e9 \u00e0 mettre la main au porte-monnaie \u00e0 l\u2019image d\u2019Intermarch\u00e9 \u00e0 Saint Nabord ou encore De Buyer au Val d\u2019Ajol qui ont offert des bons \u00e0 leurs salari\u00e9s.<\/p>\n<p>D\u00e8s le d\u00e9confinement, les romarimontains et autres habitants de la communaut\u00e9 de communes ont pu se rendre dans leurs magasins pr\u00e9f\u00e9r\u00e9s pour d\u00e9penser leurs bons. Cette op\u00e9ration a clairement contribu\u00e9 \u00e0 la redynamisation du commerce local et a permis de limiter les pertes cons\u00e9cutives \u00e0 la crise du Covid.<\/p>\n<div id=\"attachment_293819\" style=\"width: 256px\" class=\"wp-caption alignright\"><a href=\"\/2020\/08\/Yannick_Antoine.jpg\"><img decoding=\"async\" aria-describedby=\"caption-attachment-293819\" class=\"wp-image-293819\" src=\"\/2020\/08\/Yannick_Antoine.jpg\" alt=\"Yannick_Antoine\" width=\"246\" height=\"317\" \/><\/a><p id=\"caption-attachment-293819\" class=\"wp-caption-text\">Yannick Antoine, pr\u00e9sident de l&rsquo;URCA<\/p><\/div>\n<p>A pr\u00e9sent et depuis le 27 ao\u00fbt le cr\u00e9dit de 100000 \u20ac est \u00e9puis\u00e9 et ce sont donc 500000\u20ac de recettes qui ont \u00e9t\u00e9 g\u00e9n\u00e9r\u00e9es.<\/p>\n<p>Ce succ\u00e8s donne des id\u00e9es \u00e0 Yannick Antoine, pr\u00e9sident de l\u2019URCA, qui envisage de remettre e syst\u00e8me de bonification au go\u00fbt du jour lors d\u2019op\u00e9rations ponctuelles telles que le Black friday qui profite habituellement au e-commerce.<\/p>\n<p>En attendant, la plate-forme reste ouverte et permet de continuer \u00e0 acheter des bons d\u2019achat aupr\u00e8s des commerces de proximit\u00e9, belle id\u00e9e cadeau.<\/p>\n<p>L\u2019URCA est extr\u00eamement reconnaissante envers les \u00e9lus qui ont vot\u00e9 cette enveloppe d\u2019aide au commerce local et envers la soci\u00e9t\u00e9 L\u00e9zards cr\u00e9ation qui a offert son temps, ses comp\u00e9tences et sa cr\u00e9ativit\u00e9 pour soutenir l\u2019\u00e9conomie locale.<\/p>\n<p><a href=\"https:\/\/jaimemescommercants.fr\/\">https:\/\/jaimemescommercants.fr\/<\/a><\/p>\n<p>A.S.<\/p>\n","protected":false},"excerpt":{"rendered":"<p>Lanc\u00e9e au milieu de la p\u00e9riode de confinement, l\u2019op\u00e9ration commerciale \u00ab\u00a0jaimemescommercants.fr\u00a0\u00bb initi\u00e9e par l\u2019URCA avec le soutien de la communaut\u00e9 [&hellip;]<\/p>\n","protected":false},"author":1,"featured_media":30311,"comment_status":"open","ping_status":"open","sticky":false,"template":"","format":"standard","meta":{"footnotes":""},"categories":[26,120,60],"tags":[],"class_list":["post-30310","post","type-post","status-publish","format-standard","has-post-thumbnail","hentry","category-a-la-une","category-commerce","category-solidarite"],"acf":[],"yoast_head":"<!-- This site is optimized with the Yoast SEO plugin v22.5 - https:\/\/yoast.com\/wordpress\/plugins\/seo\/ -->\n<title>Carton plein pour l&#039;op\u00e9ration &quot;J&#039;aime mes commer\u00e7ants&quot; - Remiremont Info<\/title>\n<meta name=\"robots\" content=\"index, follow, max-snippet:-1, max-image-preview:large, max-video-preview:-1\" \/>\n<link rel=\"canonical\" href=\"https:\/\/vosgesinfo.fr\/remiremontinfo\/2020\/08\/carton-plein-loperation-jaime-commercants\/\" \/>\n<meta name=\"twitter:card\" content=\"summary_large_image\" \/>\n<meta name=\"twitter:title\" content=\"Carton plein pour l&#039;op\u00e9ration &quot;J&#039;aime mes commer\u00e7ants&quot; - Remiremont Info\" \/>\n<meta name=\"twitter:description\" content=\"Lanc\u00e9e au milieu de la p\u00e9riode de confinement, l\u2019op\u00e9ration commerciale \u00ab\u00a0jaimemescommercants.fr\u00a0\u00bb initi\u00e9e par l\u2019URCA avec le soutien de la communaut\u00e9 [&hellip;]\" \/>\n<meta name=\"twitter:image\" content=\"https:\/\/vosgesinfo.fr\/app\/uploads\/sites\/5\/2024\/09\/202008jaimemescommercants.png\" \/>\n<meta name=\"twitter:creator\" content=\"@VosgesInfo88\" \/>\n<meta name=\"twitter:site\" content=\"@VosgesInfo88\" \/>\n<meta name=\"twitter:label1\" content=\"\u00c9crit par\" \/>\n\t<meta name=\"twitter:data1\" content=\"qs_admin\" \/>\n\t<meta name=\"twitter:label2\" content=\"Dur\u00e9e de lecture estim\u00e9e\" \/>\n\t<meta name=\"twitter:data2\" content=\"2 minutes\" \/>\n<script type=\"application\/ld+json\" class=\"yoast-schema-graph\">{\"@context\":\"https:\/\/schema.org\",\"@graph\":[{\"@type\":\"Article\",\"@id\":\"https:\/\/vosgesinfo.fr\/remiremontinfo\/2020\/08\/carton-plein-loperation-jaime-commercants\/#article\",\"isPartOf\":{\"@id\":\"https:\/\/vosgesinfo.fr\/remiremontinfo\/2020\/08\/carton-plein-loperation-jaime-commercants\/\"},\"author\":{\"name\":\"qs_admin\",\"@id\":\"https:\/\/vosgesinfo.fr\/remiremontinfo\/#\/schema\/person\/bc5d02d71e6932e81b6dadb7386667b1\"},\"headline\":\"Carton plein pour l&rsquo;op\u00e9ration \u00ab\u00a0J&rsquo;aime mes commer\u00e7ants\u00a0\u00bb\",\"datePublished\":\"2020-08-29T12:24:44+00:00\",\"dateModified\":\"2020-08-29T12:24:44+00:00\",\"mainEntityOfPage\":{\"@id\":\"https:\/\/vosgesinfo.fr\/remiremontinfo\/2020\/08\/carton-plein-loperation-jaime-commercants\/\"},\"wordCount\":434,\"commentCount\":0,\"publisher\":{\"@id\":\"https:\/\/vosgesinfo.fr\/remiremontinfo\/#organization\"},\"image\":{\"@id\":\"https:\/\/vosgesinfo.fr\/remiremontinfo\/2020\/08\/carton-plein-loperation-jaime-commercants\/#primaryimage\"},\"thumbnailUrl\":\"https:\/\/vosgesinfo.fr\/app\/uploads\/sites\/5\/2024\/09\/202008jaimemescommercants.png\",\"articleSection\":[\"A la Une\",\"Commerce\",\"Solidarit\u00e9\"],\"inLanguage\":\"fr-FR\",\"potentialAction\":[{\"@type\":\"CommentAction\",\"name\":\"Comment\",\"target\":[\"https:\/\/vosgesinfo.fr\/remiremontinfo\/2020\/08\/carton-plein-loperation-jaime-commercants\/#respond\"]}]},{\"@type\":\"WebPage\",\"@id\":\"https:\/\/vosgesinfo.fr\/remiremontinfo\/2020\/08\/carton-plein-loperation-jaime-commercants\/\",\"url\":\"https:\/\/vosgesinfo.fr\/remiremontinfo\/2020\/08\/carton-plein-loperation-jaime-commercants\/\",\"name\":\"Carton plein pour l'op\u00e9ration \\\"J'aime mes commer\u00e7ants\\\" - Remiremont Info\",\"isPartOf\":{\"@id\":\"https:\/\/vosgesinfo.fr\/remiremontinfo\/#website\"},\"primaryImageOfPage\":{\"@id\":\"https:\/\/vosgesinfo.fr\/remiremontinfo\/2020\/08\/carton-plein-loperation-jaime-commercants\/#primaryimage\"},\"image\":{\"@id\":\"https:\/\/vosgesinfo.fr\/remiremontinfo\/2020\/08\/carton-plein-loperation-jaime-commercants\/#primaryimage\"},\"thumbnailUrl\":\"https:\/\/vosgesinfo.fr\/app\/uploads\/sites\/5\/2024\/09\/202008jaimemescommercants.png\",\"datePublished\":\"2020-08-29T12:24:44+00:00\",\"dateModified\":\"2020-08-29T12:24:44+00:00\",\"breadcrumb\":{\"@id\":\"https:\/\/vosgesinfo.fr\/remiremontinfo\/2020\/08\/carton-plein-loperation-jaime-commercants\/#breadcrumb\"},\"inLanguage\":\"fr-FR\",\"potentialAction\":[{\"@type\":\"ReadAction\",\"target\":[\"https:\/\/vosgesinfo.fr\/remiremontinfo\/2020\/08\/carton-plein-loperation-jaime-commercants\/\"]}]},{\"@type\":\"ImageObject\",\"inLanguage\":\"fr-FR\",\"@id\":\"https:\/\/vosgesinfo.fr\/remiremontinfo\/2020\/08\/carton-plein-loperation-jaime-commercants\/#primaryimage\",\"url\":\"https:\/\/vosgesinfo.fr\/app\/uploads\/sites\/5\/2024\/09\/202008jaimemescommercants.png\",\"contentUrl\":\"https:\/\/vosgesinfo.fr\/app\/uploads\/sites\/5\/2024\/09\/202008jaimemescommercants.png\",\"width\":800,\"height\":367},{\"@type\":\"BreadcrumbList\",\"@id\":\"https:\/\/vosgesinfo.fr\/remiremontinfo\/2020\/08\/carton-plein-loperation-jaime-commercants\/#breadcrumb\",\"itemListElement\":[{\"@type\":\"ListItem\",\"position\":1,\"name\":\"Home\",\"item\":\"https:\/\/vosgesinfo.fr\/remiremontinfo\/\"},{\"@type\":\"ListItem\",\"position\":2,\"name\":\"Carton plein pour l&rsquo;op\u00e9ration \u00ab\u00a0J&rsquo;aime mes commer\u00e7ants\u00a0\u00bb\"}]},{\"@type\":\"WebSite\",\"@id\":\"https:\/\/vosgesinfo.fr\/remiremontinfo\/#website\",\"url\":\"https:\/\/vosgesinfo.fr\/remiremontinfo\/\",\"name\":\"Remiremont Info\",\"description\":\"Toute l&#039;actualit\u00e9 de Remiremont\",\"publisher\":{\"@id\":\"https:\/\/vosgesinfo.fr\/remiremontinfo\/#organization\"},\"alternateName\":\"Toute l'actualit\u00e9 de Remiremont\",\"potentialAction\":[{\"@type\":\"SearchAction\",\"target\":{\"@type\":\"EntryPoint\",\"urlTemplate\":\"https:\/\/vosgesinfo.fr\/remiremontinfo\/?s={search_term_string}\"},\"query-input\":\"required name=search_term_string\"}],\"inLanguage\":\"fr-FR\"},{\"@type\":\"Organization\",\"@id\":\"https:\/\/vosgesinfo.fr\/remiremontinfo\/#organization\",\"name\":\"Remiremont Info\",\"url\":\"https:\/\/vosgesinfo.fr\/remiremontinfo\/\",\"logo\":{\"@type\":\"ImageObject\",\"inLanguage\":\"fr-FR\",\"@id\":\"https:\/\/vosgesinfo.fr\/remiremontinfo\/#\/schema\/logo\/image\/\",\"url\":\"https:\/\/vosgesinfo.fr\/app\/uploads\/sites\/5\/2023\/08\/favicon-remiremontinfo.png\",\"contentUrl\":\"https:\/\/vosgesinfo.fr\/app\/uploads\/sites\/5\/2023\/08\/favicon-remiremontinfo.png\",\"width\":512,\"height\":512,\"caption\":\"Remiremont Info\"},\"image\":{\"@id\":\"https:\/\/vosgesinfo.fr\/remiremontinfo\/#\/schema\/logo\/image\/\"},\"sameAs\":[\"https:\/\/www.facebook.com\/remiremontinfo\",\"https:\/\/x.com\/VosgesInfo88\",\"https:\/\/www.youtube.com\/@vosgesinfo\"]},{\"@type\":\"Person\",\"@id\":\"https:\/\/vosgesinfo.fr\/remiremontinfo\/#\/schema\/person\/bc5d02d71e6932e81b6dadb7386667b1\",\"name\":\"qs_admin\",\"image\":{\"@type\":\"ImageObject\",\"inLanguage\":\"fr-FR\",\"@id\":\"https:\/\/vosgesinfo.fr\/remiremontinfo\/#\/schema\/person\/image\/\",\"url\":\"https:\/\/secure.gravatar.com\/avatar\/94b18ee0ed79e4a42ea2f2931277b6841a8999fc6fde214600c78057cf1fe1de?s=96&d=mm&r=g\",\"contentUrl\":\"https:\/\/secure.gravatar.com\/avatar\/94b18ee0ed79e4a42ea2f2931277b6841a8999fc6fde214600c78057cf1fe1de?s=96&d=mm&r=g\",\"caption\":\"qs_admin\"},\"sameAs\":[\"https:\/\/vosgesinfo.fr\/wp\"],\"url\":\"https:\/\/vosgesinfo.fr\/remiremontinfo\/author\/qs_admin\/\"}]}<\/script>\n<!-- \/ Yoast SEO plugin. -->","yoast_head_json":{"title":"Carton plein pour l'op\u00e9ration \"J'aime mes commer\u00e7ants\" - Remiremont Info","robots":{"index":"index","follow":"follow","max-snippet":"max-snippet:-1","max-image-preview":"max-image-preview:large","max-video-preview":"max-video-preview:-1"},"canonical":"https:\/\/vosgesinfo.fr\/remiremontinfo\/2020\/08\/carton-plein-loperation-jaime-commercants\/","twitter_card":"summary_large_image","twitter_title":"Carton plein pour l'op\u00e9ration \"J'aime mes commer\u00e7ants\" - Remiremont Info","twitter_description":"Lanc\u00e9e au milieu de la p\u00e9riode de confinement, l\u2019op\u00e9ration commerciale \u00ab\u00a0jaimemescommercants.fr\u00a0\u00bb initi\u00e9e par l\u2019URCA avec le soutien de la communaut\u00e9 [&hellip;]","twitter_image":"https:\/\/vosgesinfo.fr\/app\/uploads\/sites\/5\/2024\/09\/202008jaimemescommercants.png","twitter_creator":"@VosgesInfo88","twitter_site":"@VosgesInfo88","twitter_misc":{"\u00c9crit par":"qs_admin","Dur\u00e9e de lecture estim\u00e9e":"2 minutes"},"schema":{"@context":"https:\/\/schema.org","@graph":[{"@type":"Article","@id":"https:\/\/vosgesinfo.fr\/remiremontinfo\/2020\/08\/carton-plein-loperation-jaime-commercants\/#article","isPartOf":{"@id":"https:\/\/vosgesinfo.fr\/remiremontinfo\/2020\/08\/carton-plein-loperation-jaime-commercants\/"},"author":{"name":"qs_admin","@id":"https:\/\/vosgesinfo.fr\/remiremontinfo\/#\/schema\/person\/bc5d02d71e6932e81b6dadb7386667b1"},"headline":"Carton plein pour l&rsquo;op\u00e9ration \u00ab\u00a0J&rsquo;aime mes commer\u00e7ants\u00a0\u00bb","datePublished":"2020-08-29T12:24:44+00:00","dateModified":"2020-08-29T12:24:44+00:00","mainEntityOfPage":{"@id":"https:\/\/vosgesinfo.fr\/remiremontinfo\/2020\/08\/carton-plein-loperation-jaime-commercants\/"},"wordCount":434,"commentCount":0,"publisher":{"@id":"https:\/\/vosgesinfo.fr\/remiremontinfo\/#organization"},"image":{"@id":"https:\/\/vosgesinfo.fr\/remiremontinfo\/2020\/08\/carton-plein-loperation-jaime-commercants\/#primaryimage"},"thumbnailUrl":"https:\/\/vosgesinfo.fr\/app\/uploads\/sites\/5\/2024\/09\/202008jaimemescommercants.png","articleSection":["A la Une","Commerce","Solidarit\u00e9"],"inLanguage":"fr-FR","potentialAction":[{"@type":"CommentAction","name":"Comment","target":["https:\/\/vosgesinfo.fr\/remiremontinfo\/2020\/08\/carton-plein-loperation-jaime-commercants\/#respond"]}]},{"@type":"WebPage","@id":"https:\/\/vosgesinfo.fr\/remiremontinfo\/2020\/08\/carton-plein-loperation-jaime-commercants\/","url":"https:\/\/vosgesinfo.fr\/remiremontinfo\/2020\/08\/carton-plein-loperation-jaime-commercants\/","name":"Carton plein pour l'op\u00e9ration \"J'aime mes commer\u00e7ants\" - Remiremont Info","isPartOf":{"@id":"https:\/\/vosgesinfo.fr\/remiremontinfo\/#website"},"primaryImageOfPage":{"@id":"https:\/\/vosgesinfo.fr\/remiremontinfo\/2020\/08\/carton-plein-loperation-jaime-commercants\/#primaryimage"},"image":{"@id":"https:\/\/vosgesinfo.fr\/remiremontinfo\/2020\/08\/carton-plein-loperation-jaime-commercants\/#primaryimage"},"thumbnailUrl":"https:\/\/vosgesinfo.fr\/app\/uploads\/sites\/5\/2024\/09\/202008jaimemescommercants.png","datePublished":"2020-08-29T12:24:44+00:00","dateModified":"2020-08-29T12:24:44+00:00","breadcrumb":{"@id":"https:\/\/vosgesinfo.fr\/remiremontinfo\/2020\/08\/carton-plein-loperation-jaime-commercants\/#breadcrumb"},"inLanguage":"fr-FR","potentialAction":[{"@type":"ReadAction","target":["https:\/\/vosgesinfo.fr\/remiremontinfo\/2020\/08\/carton-plein-loperation-jaime-commercants\/"]}]},{"@type":"ImageObject","inLanguage":"fr-FR","@id":"https:\/\/vosgesinfo.fr\/remiremontinfo\/2020\/08\/carton-plein-loperation-jaime-commercants\/#primaryimage","url":"https:\/\/vosgesinfo.fr\/app\/uploads\/sites\/5\/2024\/09\/202008jaimemescommercants.png","contentUrl":"https:\/\/vosgesinfo.fr\/app\/uploads\/sites\/5\/2024\/09\/202008jaimemescommercants.png","width":800,"height":367},{"@type":"BreadcrumbList","@id":"https:\/\/vosgesinfo.fr\/remiremontinfo\/2020\/08\/carton-plein-loperation-jaime-commercants\/#breadcrumb","itemListElement":[{"@type":"ListItem","position":1,"name":"Home","item":"https:\/\/vosgesinfo.fr\/remiremontinfo\/"},{"@type":"ListItem","position":2,"name":"Carton plein pour l&rsquo;op\u00e9ration \u00ab\u00a0J&rsquo;aime mes commer\u00e7ants\u00a0\u00bb"}]},{"@type":"WebSite","@id":"https:\/\/vosgesinfo.fr\/remiremontinfo\/#website","url":"https:\/\/vosgesinfo.fr\/remiremontinfo\/","name":"Remiremont Info","description":"Toute l&#039;actualit\u00e9 de Remiremont","publisher":{"@id":"https:\/\/vosgesinfo.fr\/remiremontinfo\/#organization"},"alternateName":"Toute l'actualit\u00e9 de Remiremont","potentialAction":[{"@type":"SearchAction","target":{"@type":"EntryPoint","urlTemplate":"https:\/\/vosgesinfo.fr\/remiremontinfo\/?s={search_term_string}"},"query-input":"required name=search_term_string"}],"inLanguage":"fr-FR"},{"@type":"Organization","@id":"https:\/\/vosgesinfo.fr\/remiremontinfo\/#organization","name":"Remiremont Info","url":"https:\/\/vosgesinfo.fr\/remiremontinfo\/","logo":{"@type":"ImageObject","inLanguage":"fr-FR","@id":"https:\/\/vosgesinfo.fr\/remiremontinfo\/#\/schema\/logo\/image\/","url":"https:\/\/vosgesinfo.fr\/app\/uploads\/sites\/5\/2023\/08\/favicon-remiremontinfo.png","contentUrl":"https:\/\/vosgesinfo.fr\/app\/uploads\/sites\/5\/2023\/08\/favicon-remiremontinfo.png","width":512,"height":512,"caption":"Remiremont Info"},"image":{"@id":"https:\/\/vosgesinfo.fr\/remiremontinfo\/#\/schema\/logo\/image\/"},"sameAs":["https:\/\/www.facebook.com\/remiremontinfo","https:\/\/x.com\/VosgesInfo88","https:\/\/www.youtube.com\/@vosgesinfo"]},{"@type":"Person","@id":"https:\/\/vosgesinfo.fr\/remiremontinfo\/#\/schema\/person\/bc5d02d71e6932e81b6dadb7386667b1","name":"qs_admin","image":{"@type":"ImageObject","inLanguage":"fr-FR","@id":"https:\/\/vosgesinfo.fr\/remiremontinfo\/#\/schema\/person\/image\/","url":"https:\/\/secure.gravatar.com\/avatar\/94b18ee0ed79e4a42ea2f2931277b6841a8999fc6fde214600c78057cf1fe1de?s=96&d=mm&r=g","contentUrl":"https:\/\/secure.gravatar.com\/avatar\/94b18ee0ed79e4a42ea2f2931277b6841a8999fc6fde214600c78057cf1fe1de?s=96&d=mm&r=g","caption":"qs_admin"},"sameAs":["https:\/\/vosgesinfo.fr\/wp"],"url":"https:\/\/vosgesinfo.fr\/remiremontinfo\/author\/qs_admin\/"}]}},"_links":{"self":[{"href":"https:\/\/vosgesinfo.fr\/remiremontinfo\/wp-json\/wp\/v2\/posts\/30310","targetHints":{"allow":["GET"]}}],"collection":[{"href":"https:\/\/vosgesinfo.fr\/remiremontinfo\/wp-json\/wp\/v2\/posts"}],"about":[{"href":"https:\/\/vosgesinfo.fr\/remiremontinfo\/wp-json\/wp\/v2\/types\/post"}],"author":[{"embeddable":true,"href":"https:\/\/vosgesinfo.fr\/remiremontinfo\/wp-json\/wp\/v2\/users\/1"}],"replies":[{"embeddable":true,"href":"https:\/\/vosgesinfo.fr\/remiremontinfo\/wp-json\/wp\/v2\/comments?post=30310"}],"version-history":[{"count":0,"href":"https:\/\/vosgesinfo.fr\/remiremontinfo\/wp-json\/wp\/v2\/posts\/30310\/revisions"}],"wp:featuredmedia":[{"embeddable":true,"href":"https:\/\/vosgesinfo.fr\/remiremontinfo\/wp-json\/wp\/v2\/media\/30311"}],"wp:attachment":[{"href":"https:\/\/vosgesinfo.fr\/remiremontinfo\/wp-json\/wp\/v2\/media?parent=30310"}],"wp:term":[{"taxonomy":"category","embeddable":true,"href":"https:\/\/vosgesinfo.fr\/remiremontinfo\/wp-json\/wp\/v2\/categories?post=30310"},{"taxonomy":"post_tag","embeddable":true,"href":"https:\/\/vosgesinfo.fr\/remiremontinfo\/wp-json\/wp\/v2\/tags?post=30310"}],"curies":[{"name":"wp","href":"https:\/\/api.w.org\/{rel}","templated":true}]}}