{"id":30414,"date":"2020-09-01T08:42:24","date_gmt":"2020-09-01T06:42:24","guid":{"rendered":"https:\/\/vosgesinfo.fr\/remiremontinfo\/2020\/09\/bresse-images-impressionnantes-de-30eme-montee-impossible\/"},"modified":"2020-09-01T08:42:24","modified_gmt":"2020-09-01T06:42:24","slug":"bresse-images-impressionnantes-de-30eme-montee-impossible","status":"publish","type":"post","link":"https:\/\/vosgesinfo.fr\/remiremontinfo\/2020\/09\/bresse-images-impressionnantes-de-30eme-montee-impossible\/","title":{"rendered":"La Bresse : des images impressionnantes de la 30\u00e8me Mont\u00e9e Impossible"},"content":{"rendered":"<h2 style=\"text-align: center;\"><a href=\"\/2020\/09\/Annotation-2020-09-01-090244.png\"><img decoding=\"async\" class=\"alignnone size-full wp-image-294012\" src=\"\/2020\/09\/Annotation-2020-09-01-090244.png\" alt=\"Annotation 2020-09-01 090244\" width=\"800\" height=\"506\" \/><\/a><\/h2>\n<h2><span style=\"font-size: 12pt;\"><strong>La 30\u00e8me \u00e9dition de la \u00ab Mont\u00e9e Impossible \u00bb,\u00a0organis\u00e9e par la\u00a0soci\u00e9t\u00e9\u00a0omnisport \u00ab La Bressaude \u00bb a\u00a0eu\u00a0lieu dimanche dernier au Col de Grosse Pierre.\u00a0Un tr\u00e8s beau spectacle malgr\u00e9 le temps pluvieux de la journ\u00e9e.<\/strong><\/span><\/h2>\n<p>Les 60 pilotes inscrits se sont\u00a0donc\u00a0lancer sur la piste\u00a0ce dimanche,\u00a0en esp\u00e9rant atteindre le sommet. Vincent Mougenot est arriv\u00e9 premier et reporte la comp\u00e9tition. Le pilote vainqueur est suivi par\u00a0St\u00e9phane Pierrel,\u00a0sur la deuxi\u00e8me marche du podium, et\u00a0Sylvain G\u00e9hin\u00a0sur la troisi\u00e8me.\u00a0Alexandre Morel\u00a0et\u00a0Kevin\u00a0Richard\u00a0arrivent ensuite en 4\u00e8me et 5\u00e8me place. Voici une vid\u00e9o de Didier Thiriat, avec de belle images de la comp\u00e9tition et la\u00a0participation de Damien Antoine, organisateur de l&rsquo;\u00e9v\u00e9nement :<\/p>\n<p><iframe loading=\"lazy\" src=\"\/\/www.youtube.com\/embed\/a9cdWkvelww\" width=\"425\" height=\"350\" allowfullscreen=\"allowfullscreen\"><\/iframe><\/p>\n","protected":false},"excerpt":{"rendered":"<p>La 30\u00e8me \u00e9dition de la \u00ab Mont\u00e9e Impossible \u00bb,\u00a0organis\u00e9e par la\u00a0soci\u00e9t\u00e9\u00a0omnisport \u00ab La Bressaude \u00bb a\u00a0eu\u00a0lieu dimanche dernier au Col [&hellip;]<\/p>\n","protected":false},"author":407,"featured_media":30415,"comment_status":"open","ping_status":"open","sticky":false,"template":"","format":"standard","meta":{"footnotes":""},"categories":[26,104,25,14],"tags":[],"class_list":["post-30414","post","type-post","status-publish","format-standard","has-post-thumbnail","hentry","category-a-la-une","category-la-bresse-la-bresse-son-canton","category-la-bresse-son-canton","category-sport"],"acf":[],"yoast_head":"<!-- This site is optimized with the Yoast SEO plugin v22.5 - https:\/\/yoast.com\/wordpress\/plugins\/seo\/ -->\n<title>La Bresse : des images impressionnantes de la 30\u00e8me Mont\u00e9e Impossible - Remiremont Info<\/title>\n<meta name=\"robots\" content=\"index, follow, max-snippet:-1, max-image-preview:large, max-video-preview:-1\" \/>\n<link rel=\"canonical\" href=\"https:\/\/vosgesinfo.fr\/remiremontinfo\/2020\/09\/bresse-images-impressionnantes-de-30eme-montee-impossible\/\" \/>\n<meta name=\"twitter:card\" content=\"summary_large_image\" \/>\n<meta name=\"twitter:title\" content=\"La Bresse : des images impressionnantes de la 30\u00e8me Mont\u00e9e Impossible - Remiremont Info\" \/>\n<meta name=\"twitter:description\" content=\"La 30\u00e8me \u00e9dition de la \u00ab Mont\u00e9e Impossible \u00bb,\u00a0organis\u00e9e par la\u00a0soci\u00e9t\u00e9\u00a0omnisport \u00ab La Bressaude \u00bb a\u00a0eu\u00a0lieu dimanche dernier au Col [&hellip;]\" \/>\n<meta name=\"twitter:image\" content=\"https:\/\/vosgesinfo.fr\/app\/uploads\/sites\/5\/2024\/09\/202009annotation-2020-09-01-090244.png\" \/>\n<meta name=\"twitter:creator\" content=\"@VosgesInfo88\" \/>\n<meta name=\"twitter:site\" content=\"@VosgesInfo88\" \/>\n<meta name=\"twitter:label1\" content=\"\u00c9crit par\" \/>\n\t<meta name=\"twitter:data1\" content=\"C D\" \/>\n\t<meta name=\"twitter:label2\" content=\"Dur\u00e9e de lecture estim\u00e9e\" \/>\n\t<meta name=\"twitter:data2\" content=\"1 minute\" \/>\n<script type=\"application\/ld+json\" class=\"yoast-schema-graph\">{\"@context\":\"https:\/\/schema.org\",\"@graph\":[{\"@type\":\"Article\",\"@id\":\"https:\/\/vosgesinfo.fr\/remiremontinfo\/2020\/09\/bresse-images-impressionnantes-de-30eme-montee-impossible\/#article\",\"isPartOf\":{\"@id\":\"https:\/\/vosgesinfo.fr\/remiremontinfo\/2020\/09\/bresse-images-impressionnantes-de-30eme-montee-impossible\/\"},\"author\":{\"name\":\"C D\",\"@id\":\"https:\/\/vosgesinfo.fr\/remiremontinfo\/#\/schema\/person\/3bfd164d5218a185b1db68655a265316\"},\"headline\":\"La Bresse : des images impressionnantes de la 30\u00e8me Mont\u00e9e Impossible\",\"datePublished\":\"2020-09-01T06:42:24+00:00\",\"dateModified\":\"2020-09-01T06:42:24+00:00\",\"mainEntityOfPage\":{\"@id\":\"https:\/\/vosgesinfo.fr\/remiremontinfo\/2020\/09\/bresse-images-impressionnantes-de-30eme-montee-impossible\/\"},\"wordCount\":141,\"commentCount\":0,\"publisher\":{\"@id\":\"https:\/\/vosgesinfo.fr\/remiremontinfo\/#organization\"},\"image\":{\"@id\":\"https:\/\/vosgesinfo.fr\/remiremontinfo\/2020\/09\/bresse-images-impressionnantes-de-30eme-montee-impossible\/#primaryimage\"},\"thumbnailUrl\":\"https:\/\/vosgesinfo.fr\/app\/uploads\/sites\/5\/2024\/09\/202009annotation-2020-09-01-090244.png\",\"articleSection\":[\"A la Une\",\"La Bresse\",\"La Bresse &amp; son canton\",\"Sport\"],\"inLanguage\":\"fr-FR\",\"potentialAction\":[{\"@type\":\"CommentAction\",\"name\":\"Comment\",\"target\":[\"https:\/\/vosgesinfo.fr\/remiremontinfo\/2020\/09\/bresse-images-impressionnantes-de-30eme-montee-impossible\/#respond\"]}]},{\"@type\":\"WebPage\",\"@id\":\"https:\/\/vosgesinfo.fr\/remiremontinfo\/2020\/09\/bresse-images-impressionnantes-de-30eme-montee-impossible\/\",\"url\":\"https:\/\/vosgesinfo.fr\/remiremontinfo\/2020\/09\/bresse-images-impressionnantes-de-30eme-montee-impossible\/\",\"name\":\"La Bresse : des images impressionnantes de la 30\u00e8me Mont\u00e9e Impossible - Remiremont Info\",\"isPartOf\":{\"@id\":\"https:\/\/vosgesinfo.fr\/remiremontinfo\/#website\"},\"primaryImageOfPage\":{\"@id\":\"https:\/\/vosgesinfo.fr\/remiremontinfo\/2020\/09\/bresse-images-impressionnantes-de-30eme-montee-impossible\/#primaryimage\"},\"image\":{\"@id\":\"https:\/\/vosgesinfo.fr\/remiremontinfo\/2020\/09\/bresse-images-impressionnantes-de-30eme-montee-impossible\/#primaryimage\"},\"thumbnailUrl\":\"https:\/\/vosgesinfo.fr\/app\/uploads\/sites\/5\/2024\/09\/202009annotation-2020-09-01-090244.png\",\"datePublished\":\"2020-09-01T06:42:24+00:00\",\"dateModified\":\"2020-09-01T06:42:24+00:00\",\"breadcrumb\":{\"@id\":\"https:\/\/vosgesinfo.fr\/remiremontinfo\/2020\/09\/bresse-images-impressionnantes-de-30eme-montee-impossible\/#breadcrumb\"},\"inLanguage\":\"fr-FR\",\"potentialAction\":[{\"@type\":\"ReadAction\",\"target\":[\"https:\/\/vosgesinfo.fr\/remiremontinfo\/2020\/09\/bresse-images-impressionnantes-de-30eme-montee-impossible\/\"]}]},{\"@type\":\"ImageObject\",\"inLanguage\":\"fr-FR\",\"@id\":\"https:\/\/vosgesinfo.fr\/remiremontinfo\/2020\/09\/bresse-images-impressionnantes-de-30eme-montee-impossible\/#primaryimage\",\"url\":\"https:\/\/vosgesinfo.fr\/app\/uploads\/sites\/5\/2024\/09\/202009annotation-2020-09-01-090244.png\",\"contentUrl\":\"https:\/\/vosgesinfo.fr\/app\/uploads\/sites\/5\/2024\/09\/202009annotation-2020-09-01-090244.png\",\"width\":800,\"height\":506},{\"@type\":\"BreadcrumbList\",\"@id\":\"https:\/\/vosgesinfo.fr\/remiremontinfo\/2020\/09\/bresse-images-impressionnantes-de-30eme-montee-impossible\/#breadcrumb\",\"itemListElement\":[{\"@type\":\"ListItem\",\"position\":1,\"name\":\"Home\",\"item\":\"https:\/\/vosgesinfo.fr\/remiremontinfo\/\"},{\"@type\":\"ListItem\",\"position\":2,\"name\":\"La Bresse : des images impressionnantes de la 30\u00e8me Mont\u00e9e Impossible\"}]},{\"@type\":\"WebSite\",\"@id\":\"https:\/\/vosgesinfo.fr\/remiremontinfo\/#website\",\"url\":\"https:\/\/vosgesinfo.fr\/remiremontinfo\/\",\"name\":\"Remiremont Info\",\"description\":\"Toute l&#039;actualit\u00e9 de Remiremont\",\"publisher\":{\"@id\":\"https:\/\/vosgesinfo.fr\/remiremontinfo\/#organization\"},\"alternateName\":\"Toute l'actualit\u00e9 de Remiremont\",\"potentialAction\":[{\"@type\":\"SearchAction\",\"target\":{\"@type\":\"EntryPoint\",\"urlTemplate\":\"https:\/\/vosgesinfo.fr\/remiremontinfo\/?s={search_term_string}\"},\"query-input\":\"required name=search_term_string\"}],\"inLanguage\":\"fr-FR\"},{\"@type\":\"Organization\",\"@id\":\"https:\/\/vosgesinfo.fr\/remiremontinfo\/#organization\",\"name\":\"Remiremont Info\",\"url\":\"https:\/\/vosgesinfo.fr\/remiremontinfo\/\",\"logo\":{\"@type\":\"ImageObject\",\"inLanguage\":\"fr-FR\",\"@id\":\"https:\/\/vosgesinfo.fr\/remiremontinfo\/#\/schema\/logo\/image\/\",\"url\":\"https:\/\/vosgesinfo.fr\/app\/uploads\/sites\/5\/2023\/08\/favicon-remiremontinfo.png\",\"contentUrl\":\"https:\/\/vosgesinfo.fr\/app\/uploads\/sites\/5\/2023\/08\/favicon-remiremontinfo.png\",\"width\":512,\"height\":512,\"caption\":\"Remiremont Info\"},\"image\":{\"@id\":\"https:\/\/vosgesinfo.fr\/remiremontinfo\/#\/schema\/logo\/image\/\"},\"sameAs\":[\"https:\/\/www.facebook.com\/remiremontinfo\",\"https:\/\/x.com\/VosgesInfo88\",\"https:\/\/www.youtube.com\/@vosgesinfo\"]},{\"@type\":\"Person\",\"@id\":\"https:\/\/vosgesinfo.fr\/remiremontinfo\/#\/schema\/person\/3bfd164d5218a185b1db68655a265316\",\"name\":\"C D\",\"image\":{\"@type\":\"ImageObject\",\"inLanguage\":\"fr-FR\",\"@id\":\"https:\/\/vosgesinfo.fr\/remiremontinfo\/#\/schema\/person\/image\/\",\"url\":\"https:\/\/secure.gravatar.com\/avatar\/1f9a70007336511a47468b8f1c66f922b8b7cf617b02a31149ada43893a5d48f?s=96&d=mm&r=g\",\"contentUrl\":\"https:\/\/secure.gravatar.com\/avatar\/1f9a70007336511a47468b8f1c66f922b8b7cf617b02a31149ada43893a5d48f?s=96&d=mm&r=g\",\"caption\":\"C D\"},\"url\":\"https:\/\/vosgesinfo.fr\/remiremontinfo\/author\/cedric-drevet\/\"}]}<\/script>\n<!-- \/ Yoast SEO plugin. -->","yoast_head_json":{"title":"La Bresse : des images impressionnantes de la 30\u00e8me Mont\u00e9e Impossible - Remiremont Info","robots":{"index":"index","follow":"follow","max-snippet":"max-snippet:-1","max-image-preview":"max-image-preview:large","max-video-preview":"max-video-preview:-1"},"canonical":"https:\/\/vosgesinfo.fr\/remiremontinfo\/2020\/09\/bresse-images-impressionnantes-de-30eme-montee-impossible\/","twitter_card":"summary_large_image","twitter_title":"La Bresse : des images impressionnantes de la 30\u00e8me Mont\u00e9e Impossible - Remiremont Info","twitter_description":"La 30\u00e8me \u00e9dition de la \u00ab Mont\u00e9e Impossible \u00bb,\u00a0organis\u00e9e par la\u00a0soci\u00e9t\u00e9\u00a0omnisport \u00ab La Bressaude \u00bb a\u00a0eu\u00a0lieu dimanche dernier au Col [&hellip;]","twitter_image":"https:\/\/vosgesinfo.fr\/app\/uploads\/sites\/5\/2024\/09\/202009annotation-2020-09-01-090244.png","twitter_creator":"@VosgesInfo88","twitter_site":"@VosgesInfo88","twitter_misc":{"\u00c9crit par":"C D","Dur\u00e9e de lecture estim\u00e9e":"1 minute"},"schema":{"@context":"https:\/\/schema.org","@graph":[{"@type":"Article","@id":"https:\/\/vosgesinfo.fr\/remiremontinfo\/2020\/09\/bresse-images-impressionnantes-de-30eme-montee-impossible\/#article","isPartOf":{"@id":"https:\/\/vosgesinfo.fr\/remiremontinfo\/2020\/09\/bresse-images-impressionnantes-de-30eme-montee-impossible\/"},"author":{"name":"C D","@id":"https:\/\/vosgesinfo.fr\/remiremontinfo\/#\/schema\/person\/3bfd164d5218a185b1db68655a265316"},"headline":"La Bresse : des images impressionnantes de la 30\u00e8me Mont\u00e9e Impossible","datePublished":"2020-09-01T06:42:24+00:00","dateModified":"2020-09-01T06:42:24+00:00","mainEntityOfPage":{"@id":"https:\/\/vosgesinfo.fr\/remiremontinfo\/2020\/09\/bresse-images-impressionnantes-de-30eme-montee-impossible\/"},"wordCount":141,"commentCount":0,"publisher":{"@id":"https:\/\/vosgesinfo.fr\/remiremontinfo\/#organization"},"image":{"@id":"https:\/\/vosgesinfo.fr\/remiremontinfo\/2020\/09\/bresse-images-impressionnantes-de-30eme-montee-impossible\/#primaryimage"},"thumbnailUrl":"https:\/\/vosgesinfo.fr\/app\/uploads\/sites\/5\/2024\/09\/202009annotation-2020-09-01-090244.png","articleSection":["A la Une","La Bresse","La Bresse &amp; son canton","Sport"],"inLanguage":"fr-FR","potentialAction":[{"@type":"CommentAction","name":"Comment","target":["https:\/\/vosgesinfo.fr\/remiremontinfo\/2020\/09\/bresse-images-impressionnantes-de-30eme-montee-impossible\/#respond"]}]},{"@type":"WebPage","@id":"https:\/\/vosgesinfo.fr\/remiremontinfo\/2020\/09\/bresse-images-impressionnantes-de-30eme-montee-impossible\/","url":"https:\/\/vosgesinfo.fr\/remiremontinfo\/2020\/09\/bresse-images-impressionnantes-de-30eme-montee-impossible\/","name":"La Bresse : des images impressionnantes de la 30\u00e8me Mont\u00e9e Impossible - Remiremont Info","isPartOf":{"@id":"https:\/\/vosgesinfo.fr\/remiremontinfo\/#website"},"primaryImageOfPage":{"@id":"https:\/\/vosgesinfo.fr\/remiremontinfo\/2020\/09\/bresse-images-impressionnantes-de-30eme-montee-impossible\/#primaryimage"},"image":{"@id":"https:\/\/vosgesinfo.fr\/remiremontinfo\/2020\/09\/bresse-images-impressionnantes-de-30eme-montee-impossible\/#primaryimage"},"thumbnailUrl":"https:\/\/vosgesinfo.fr\/app\/uploads\/sites\/5\/2024\/09\/202009annotation-2020-09-01-090244.png","datePublished":"2020-09-01T06:42:24+00:00","dateModified":"2020-09-01T06:42:24+00:00","breadcrumb":{"@id":"https:\/\/vosgesinfo.fr\/remiremontinfo\/2020\/09\/bresse-images-impressionnantes-de-30eme-montee-impossible\/#breadcrumb"},"inLanguage":"fr-FR","potentialAction":[{"@type":"ReadAction","target":["https:\/\/vosgesinfo.fr\/remiremontinfo\/2020\/09\/bresse-images-impressionnantes-de-30eme-montee-impossible\/"]}]},{"@type":"ImageObject","inLanguage":"fr-FR","@id":"https:\/\/vosgesinfo.fr\/remiremontinfo\/2020\/09\/bresse-images-impressionnantes-de-30eme-montee-impossible\/#primaryimage","url":"https:\/\/vosgesinfo.fr\/app\/uploads\/sites\/5\/2024\/09\/202009annotation-2020-09-01-090244.png","contentUrl":"https:\/\/vosgesinfo.fr\/app\/uploads\/sites\/5\/2024\/09\/202009annotation-2020-09-01-090244.png","width":800,"height":506},{"@type":"BreadcrumbList","@id":"https:\/\/vosgesinfo.fr\/remiremontinfo\/2020\/09\/bresse-images-impressionnantes-de-30eme-montee-impossible\/#breadcrumb","itemListElement":[{"@type":"ListItem","position":1,"name":"Home","item":"https:\/\/vosgesinfo.fr\/remiremontinfo\/"},{"@type":"ListItem","position":2,"name":"La Bresse : des images impressionnantes de la 30\u00e8me Mont\u00e9e Impossible"}]},{"@type":"WebSite","@id":"https:\/\/vosgesinfo.fr\/remiremontinfo\/#website","url":"https:\/\/vosgesinfo.fr\/remiremontinfo\/","name":"Remiremont Info","description":"Toute l&#039;actualit\u00e9 de Remiremont","publisher":{"@id":"https:\/\/vosgesinfo.fr\/remiremontinfo\/#organization"},"alternateName":"Toute l'actualit\u00e9 de Remiremont","potentialAction":[{"@type":"SearchAction","target":{"@type":"EntryPoint","urlTemplate":"https:\/\/vosgesinfo.fr\/remiremontinfo\/?s={search_term_string}"},"query-input":"required name=search_term_string"}],"inLanguage":"fr-FR"},{"@type":"Organization","@id":"https:\/\/vosgesinfo.fr\/remiremontinfo\/#organization","name":"Remiremont Info","url":"https:\/\/vosgesinfo.fr\/remiremontinfo\/","logo":{"@type":"ImageObject","inLanguage":"fr-FR","@id":"https:\/\/vosgesinfo.fr\/remiremontinfo\/#\/schema\/logo\/image\/","url":"https:\/\/vosgesinfo.fr\/app\/uploads\/sites\/5\/2023\/08\/favicon-remiremontinfo.png","contentUrl":"https:\/\/vosgesinfo.fr\/app\/uploads\/sites\/5\/2023\/08\/favicon-remiremontinfo.png","width":512,"height":512,"caption":"Remiremont Info"},"image":{"@id":"https:\/\/vosgesinfo.fr\/remiremontinfo\/#\/schema\/logo\/image\/"},"sameAs":["https:\/\/www.facebook.com\/remiremontinfo","https:\/\/x.com\/VosgesInfo88","https:\/\/www.youtube.com\/@vosgesinfo"]},{"@type":"Person","@id":"https:\/\/vosgesinfo.fr\/remiremontinfo\/#\/schema\/person\/3bfd164d5218a185b1db68655a265316","name":"C D","image":{"@type":"ImageObject","inLanguage":"fr-FR","@id":"https:\/\/vosgesinfo.fr\/remiremontinfo\/#\/schema\/person\/image\/","url":"https:\/\/secure.gravatar.com\/avatar\/1f9a70007336511a47468b8f1c66f922b8b7cf617b02a31149ada43893a5d48f?s=96&d=mm&r=g","contentUrl":"https:\/\/secure.gravatar.com\/avatar\/1f9a70007336511a47468b8f1c66f922b8b7cf617b02a31149ada43893a5d48f?s=96&d=mm&r=g","caption":"C D"},"url":"https:\/\/vosgesinfo.fr\/remiremontinfo\/author\/cedric-drevet\/"}]}},"_links":{"self":[{"href":"https:\/\/vosgesinfo.fr\/remiremontinfo\/wp-json\/wp\/v2\/posts\/30414","targetHints":{"allow":["GET"]}}],"collection":[{"href":"https:\/\/vosgesinfo.fr\/remiremontinfo\/wp-json\/wp\/v2\/posts"}],"about":[{"href":"https:\/\/vosgesinfo.fr\/remiremontinfo\/wp-json\/wp\/v2\/types\/post"}],"author":[{"embeddable":true,"href":"https:\/\/vosgesinfo.fr\/remiremontinfo\/wp-json\/wp\/v2\/users\/407"}],"replies":[{"embeddable":true,"href":"https:\/\/vosgesinfo.fr\/remiremontinfo\/wp-json\/wp\/v2\/comments?post=30414"}],"version-history":[{"count":0,"href":"https:\/\/vosgesinfo.fr\/remiremontinfo\/wp-json\/wp\/v2\/posts\/30414\/revisions"}],"wp:featuredmedia":[{"embeddable":true,"href":"https:\/\/vosgesinfo.fr\/remiremontinfo\/wp-json\/wp\/v2\/media\/30415"}],"wp:attachment":[{"href":"https:\/\/vosgesinfo.fr\/remiremontinfo\/wp-json\/wp\/v2\/media?parent=30414"}],"wp:term":[{"taxonomy":"category","embeddable":true,"href":"https:\/\/vosgesinfo.fr\/remiremontinfo\/wp-json\/wp\/v2\/categories?post=30414"},{"taxonomy":"post_tag","embeddable":true,"href":"https:\/\/vosgesinfo.fr\/remiremontinfo\/wp-json\/wp\/v2\/tags?post=30414"}],"curies":[{"name":"wp","href":"https:\/\/api.w.org\/{rel}","templated":true}]}}