{"id":31004,"date":"2020-09-09T08:05:28","date_gmt":"2020-09-09T06:05:28","guid":{"rendered":"https:\/\/vosgesinfo.fr\/remiremontinfo\/2020\/09\/bussang-balade-annuelle-a-kinsmuss-dimanche-13-septembre\/"},"modified":"2020-09-09T08:05:28","modified_gmt":"2020-09-09T06:05:28","slug":"bussang-balade-annuelle-a-kinsmuss-dimanche-13-septembre","status":"publish","type":"post","link":"https:\/\/vosgesinfo.fr\/remiremontinfo\/2020\/09\/bussang-balade-annuelle-a-kinsmuss-dimanche-13-septembre\/","title":{"rendered":"Bussang : balade annuelle \u00e0 la Kinsmuss ce dimanche 13 septembre"},"content":{"rendered":"\n<h2><span style=\"font-size: 12pt;\"><strong><span style=\"color: #333333;\"><span style=\"font-family: 'Times New Roman', serif;\">N\u00e9e de Ballons en Balade, par le Parc des Ballons en 2013, cette balade de la Kinsmuss eut pour objet de remettre en honneur cette haute\u00a0\u00ab\u00a0for\u00eat culturelle\u00a0\u00bb, \u00e0 1000m\u00a0 qui, oubli\u00e9e, fut un lien entre les communes riveraines, avant d\u2019\u00eatre une \u00ab\u00a0terra incognita\u00a0\u00bb.<\/span><\/span><\/strong><\/span><\/h2>\n<p><span style=\"color: #333333;\"><span style=\"font-family: 'Times New Roman', serif;\"><span style=\"font-size: medium;\">Pour cela, Francis Cuny, par de v\u00e9ritables travaux d\u2019Hercule , a r\u00e9alis\u00e9 80 bancs, aux 4 coins de la for\u00eat, pour inviter \u00e0 la contemplation et \u00ab\u00a0rendre hommage aux arbres tomb\u00e9s\u00a0\u00bb. Simultan\u00e9ment , le sculpteur Fr\u00e9d\u00e9ric Durand a \u00e9difi\u00e9, \u00e0 la jonction historique ( borne ducale du XVIII \u00e8 si\u00e8cle ) des communes de Bussang, Ventron, le M\u00e9nil, , un\u00a0\u00ab\u00a0monument \u00e0 la vie, t\u00e9tra\u00e8dre\u00a0\u00bb en bois. Depuis, chaque ann\u00e9e, ce rendez vous a \u00e9t\u00e9 tenu, comme un\u00a0\u00ab\u00a0bain de for\u00eat\u00a0\u00bb. Avec tout le contexte naturel envo\u00fbtant ( tourbi\u00e8re ), le rappel historique ( des celtes aux Mines,aux 5 fermes comme celle de Colas de la Kinsmuss,\u00a0puis aux parachutages de la II \u00e8 Guerre mondiale ).\u00a0<\/span><\/span><\/span><\/p>\n<p><span style=\"color: #333333;\"><span style=\"font-family: 'Times New Roman', serif;\"><span style=\"font-size: medium;\">Cette ann\u00e9e, la journ\u00e9e prendra un sens plus particulier encore : le Mouvement de la Paix des Vosges a choisi le T\u00e9tra\u00e8dre, symbole de vie et de paix, comme but de sa balade annuelle .Et nous situons cet \u00e9v\u00e8nement dans la continuit\u00e9 \u00e0 l\u2019automne du mouvement Transhumance citoyenne, de R\u00e9seau d\u2019\u00eatres\u00a0des Vosges, dont le Parcours\u00a0Pottecher a \u00e9t\u00e9 une manifestation en juillet. Celui-ci a pour but de raviver la culture et les liens citoyens, faire s\u2019exprimer la population sur le v\u00e9cu du confinement et d\u00e9-confinement, les craintes et espoirs sur le monde d\u2019apr\u00e8s. Un sondage dans le vivant, qu\u2019un petit atelier d\u2019\u00e9criture \u00e0 la Kinsmuss continuera.<\/span><\/span><\/span><\/p>\n<p><em><strong><span style=\"color: #333333;\"><span style=\"font-family: 'Times New Roman', serif;\"><span style=\"font-size: medium;\">2 d\u00e9parts possibles<\/span><\/span><\/span><\/strong><\/em><\/p>\n<p><span style=\"color: #333333;\"><span style=\"font-family: 'Times New Roman', serif;\"><span style=\"font-size: medium;\">10 h Ventron\u00a0: \u00ab\u00a0Sur les pas de Fr\u00e8re Joseph \u00ab\u00a0, avec Francis Cuny Rv au Parking de la Tourbi\u00e8re, sous Fr\u00e8re Joseph<\/span><\/span><\/span><\/p>\n<p><span style=\"color: #333333;\"><span style=\"font-family: 'Times New Roman', serif;\"><span style=\"font-size: medium;\">10 h Bussang \u00ab\u00a0 Sur les pas de Colas de la Kinsmus, et de D\u00e9dette\u2026\u00a0\u00bb, avec Fr\u00e9d\u00e9ric Durand<\/span><\/span><\/span><\/p>\n<p><span style=\"color: #333333;\"><span style=\"font-family: 'Times New Roman', serif;\"><span style=\"font-size: medium;\">Rv au parking au dessus d\u2019Azureva<\/span><\/span><\/span><\/p>\n<p><span style=\"color: #333333;\"><span style=\"font-family: 'Times New Roman', serif;\"><span style=\"font-size: medium;\">Midi\u00a0; au T\u00e9tra\u00e8dre ( Forgoutte ) Petite explication de l\u2019histoire et du symbole des lieux<\/span><\/span><\/span><\/p>\n<p><span style=\"color: #333333;\"><span style=\"font-family: 'Times New Roman', serif;\"><span style=\"font-size: medium;\">Ap\u00e9ro offert par RECRE<\/span><\/span><\/span><\/p>\n<p><span style=\"color: #333333;\"><span style=\"font-family: 'Times New Roman', serif;\"><span style=\"font-size: medium;\">Repas tir\u00e9 des sacs<\/span><\/span><\/span><\/p>\n<p><span style=\"color: #333333;\"><span style=\"font-family: 'Times New Roman', serif;\"><span style=\"font-size: medium;\">Petit atelier d\u2019\u00e9criture avec Maguy Louis sur le v\u00e9cu r\u00e9cent 2020 et les perspectives du \u00ab\u00a0monde\u00a0<\/span><\/span><\/span><span style=\"color: #333333;\"><span style=\"font-family: 'Times New Roman', serif;\"><span style=\"font-size: medium;\">d\u2019apr\u00e8s\u00a0\u00bb<\/span><\/span><\/span><\/p>\n<p><span style=\"color: #333333;\"><span style=\"font-family: 'Times New Roman', serif;\"><span style=\"font-size: medium;\">Visite des autres lieux proches\u00a0: \u00ab\u00a0mines d\u2019or\u00a0\u00bb du XIX\u00e8 si\u00e8cle\u2026\u00a0<\/span><\/span><\/span><span style=\"color: #333333;\"><span style=\"font-family: 'Times New Roman', serif;\"><span style=\"font-size: medium;\">Tourbi\u00e8re<\/span><\/span><\/span><\/p>\n<p><span style=\"color: #333333;\"><span style=\"font-family: 'Times New Roman', serif;\"><span style=\"font-size: medium;\">Retour vers Ventron et Bussang<\/span><\/span><\/span><\/p>\n<p><span style=\"color: #333333;\"><span style=\"font-family: 'Times New Roman', serif;\"><span style=\"font-size: medium;\">A 20 h, concert fraternel salle des F\u00eates de Bussang, avec\u00a0<\/span><\/span><\/span><span style=\"color: #333333;\"><span style=\"font-family: 'Times New Roman', serif;\"><span style=\"font-size: medium;\">Aissate B\u00e2, Sylvie Legay , Michel G\u00e9nini, Christophe\u00a0<\/span><\/span><\/span><span style=\"color: #333333;\"><span style=\"font-family: 'Times New Roman', serif;\"><span style=\"font-size: medium;\">Toussaint<\/span><\/span><\/span><\/p>\n<p><em><strong><span style=\"color: #333333;\"><span style=\"font-family: 'Times New Roman', serif;\"><span style=\"font-size: medium;\">Tout gratuit<\/span><\/span><\/span><\/strong><\/em><\/p>\n<p><span style=\"color: #333333;\"><span style=\"font-family: 'Times New Roman', serif;\"><span style=\"font-size: medium;\">Renseignements\u00a0et inscriptions conseill\u00e9es, compte tenu des restrictions actuelles :<\/span><\/span><\/span><\/p>\n<p><span style=\"color: #333333;\"><span style=\"font-family: 'Times New Roman', serif;\"><span style=\"font-size: medium;\">06 83 17 66 36 <\/span><\/span><\/span><\/p>\n<p><span style=\"color: #333333;\"><span style=\"font-family: 'Times New Roman', serif;\"><span style=\"font-size: medium;\">vede88@orange.fr<\/span><\/span><\/span><\/p>\n<p><em><span style=\"color: #333333;\"><span style=\"font-family: 'Times New Roman', serif;\"><span style=\"font-size: medium;\">RECRE \u00ab\u00a0Vivre et Cr\u00e9er \u00e0 la Montagne\u00a0\u00bb<\/span><\/span><\/span><\/em><\/p>\n","protected":false},"excerpt":{"rendered":"<p>N\u00e9e de Ballons en Balade, par le Parc des Ballons en 2013, cette balade de la Kinsmuss eut pour objet [&hellip;]<\/p>\n","protected":false},"author":407,"featured_media":31005,"comment_status":"open","ping_status":"open","sticky":false,"template":"","format":"standard","meta":{"footnotes":""},"categories":[26,38,4,37],"tags":[],"class_list":["post-31004","post","type-post","status-publish","format-standard","has-post-thumbnail","hentry","category-a-la-une","category-bussang","category-culture","category-le-thillot-son-canton"],"acf":[],"yoast_head":"<!-- This site is optimized with the Yoast SEO plugin v22.5 - https:\/\/yoast.com\/wordpress\/plugins\/seo\/ -->\n<title>Bussang : balade annuelle \u00e0 la Kinsmuss ce dimanche 13 septembre - Remiremont Info<\/title>\n<meta name=\"robots\" content=\"index, follow, max-snippet:-1, max-image-preview:large, max-video-preview:-1\" \/>\n<link rel=\"canonical\" href=\"https:\/\/vosgesinfo.fr\/remiremontinfo\/2020\/09\/bussang-balade-annuelle-a-kinsmuss-dimanche-13-septembre\/\" \/>\n<meta name=\"twitter:card\" content=\"summary_large_image\" \/>\n<meta name=\"twitter:title\" content=\"Bussang : balade annuelle \u00e0 la Kinsmuss ce dimanche 13 septembre - Remiremont Info\" \/>\n<meta name=\"twitter:description\" content=\"N\u00e9e de Ballons en Balade, par le Parc des Ballons en 2013, cette balade de la Kinsmuss eut pour objet [&hellip;]\" \/>\n<meta name=\"twitter:image\" content=\"https:\/\/vosgesinfo.fr\/app\/uploads\/sites\/5\/2024\/09\/202009annotation-2020-09-09-0921331.png\" \/>\n<meta name=\"twitter:creator\" content=\"@VosgesInfo88\" \/>\n<meta name=\"twitter:site\" content=\"@VosgesInfo88\" \/>\n<meta name=\"twitter:label1\" content=\"\u00c9crit par\" \/>\n\t<meta name=\"twitter:data1\" content=\"C D\" \/>\n\t<meta name=\"twitter:label2\" content=\"Dur\u00e9e de lecture estim\u00e9e\" \/>\n\t<meta name=\"twitter:data2\" content=\"2 minutes\" \/>\n<script type=\"application\/ld+json\" class=\"yoast-schema-graph\">{\"@context\":\"https:\/\/schema.org\",\"@graph\":[{\"@type\":\"Article\",\"@id\":\"https:\/\/vosgesinfo.fr\/remiremontinfo\/2020\/09\/bussang-balade-annuelle-a-kinsmuss-dimanche-13-septembre\/#article\",\"isPartOf\":{\"@id\":\"https:\/\/vosgesinfo.fr\/remiremontinfo\/2020\/09\/bussang-balade-annuelle-a-kinsmuss-dimanche-13-septembre\/\"},\"author\":{\"name\":\"C D\",\"@id\":\"https:\/\/vosgesinfo.fr\/remiremontinfo\/#\/schema\/person\/3bfd164d5218a185b1db68655a265316\"},\"headline\":\"Bussang : balade annuelle \u00e0 la Kinsmuss ce dimanche 13 septembre\",\"datePublished\":\"2020-09-09T06:05:28+00:00\",\"dateModified\":\"2020-09-09T06:05:28+00:00\",\"mainEntityOfPage\":{\"@id\":\"https:\/\/vosgesinfo.fr\/remiremontinfo\/2020\/09\/bussang-balade-annuelle-a-kinsmuss-dimanche-13-septembre\/\"},\"wordCount\":457,\"commentCount\":0,\"publisher\":{\"@id\":\"https:\/\/vosgesinfo.fr\/remiremontinfo\/#organization\"},\"image\":{\"@id\":\"https:\/\/vosgesinfo.fr\/remiremontinfo\/2020\/09\/bussang-balade-annuelle-a-kinsmuss-dimanche-13-septembre\/#primaryimage\"},\"thumbnailUrl\":\"https:\/\/vosgesinfo.fr\/app\/uploads\/sites\/5\/2024\/09\/202009annotation-2020-09-09-0921331.png\",\"articleSection\":[\"A la Une\",\"Bussang\",\"Culture\",\"Le Thillot &amp; son canton\"],\"inLanguage\":\"fr-FR\",\"potentialAction\":[{\"@type\":\"CommentAction\",\"name\":\"Comment\",\"target\":[\"https:\/\/vosgesinfo.fr\/remiremontinfo\/2020\/09\/bussang-balade-annuelle-a-kinsmuss-dimanche-13-septembre\/#respond\"]}]},{\"@type\":\"WebPage\",\"@id\":\"https:\/\/vosgesinfo.fr\/remiremontinfo\/2020\/09\/bussang-balade-annuelle-a-kinsmuss-dimanche-13-septembre\/\",\"url\":\"https:\/\/vosgesinfo.fr\/remiremontinfo\/2020\/09\/bussang-balade-annuelle-a-kinsmuss-dimanche-13-septembre\/\",\"name\":\"Bussang : balade annuelle \u00e0 la Kinsmuss ce dimanche 13 septembre - Remiremont Info\",\"isPartOf\":{\"@id\":\"https:\/\/vosgesinfo.fr\/remiremontinfo\/#website\"},\"primaryImageOfPage\":{\"@id\":\"https:\/\/vosgesinfo.fr\/remiremontinfo\/2020\/09\/bussang-balade-annuelle-a-kinsmuss-dimanche-13-septembre\/#primaryimage\"},\"image\":{\"@id\":\"https:\/\/vosgesinfo.fr\/remiremontinfo\/2020\/09\/bussang-balade-annuelle-a-kinsmuss-dimanche-13-septembre\/#primaryimage\"},\"thumbnailUrl\":\"https:\/\/vosgesinfo.fr\/app\/uploads\/sites\/5\/2024\/09\/202009annotation-2020-09-09-0921331.png\",\"datePublished\":\"2020-09-09T06:05:28+00:00\",\"dateModified\":\"2020-09-09T06:05:28+00:00\",\"breadcrumb\":{\"@id\":\"https:\/\/vosgesinfo.fr\/remiremontinfo\/2020\/09\/bussang-balade-annuelle-a-kinsmuss-dimanche-13-septembre\/#breadcrumb\"},\"inLanguage\":\"fr-FR\",\"potentialAction\":[{\"@type\":\"ReadAction\",\"target\":[\"https:\/\/vosgesinfo.fr\/remiremontinfo\/2020\/09\/bussang-balade-annuelle-a-kinsmuss-dimanche-13-septembre\/\"]}]},{\"@type\":\"ImageObject\",\"inLanguage\":\"fr-FR\",\"@id\":\"https:\/\/vosgesinfo.fr\/remiremontinfo\/2020\/09\/bussang-balade-annuelle-a-kinsmuss-dimanche-13-septembre\/#primaryimage\",\"url\":\"https:\/\/vosgesinfo.fr\/app\/uploads\/sites\/5\/2024\/09\/202009annotation-2020-09-09-0921331.png\",\"contentUrl\":\"https:\/\/vosgesinfo.fr\/app\/uploads\/sites\/5\/2024\/09\/202009annotation-2020-09-09-0921331.png\",\"width\":800,\"height\":566},{\"@type\":\"BreadcrumbList\",\"@id\":\"https:\/\/vosgesinfo.fr\/remiremontinfo\/2020\/09\/bussang-balade-annuelle-a-kinsmuss-dimanche-13-septembre\/#breadcrumb\",\"itemListElement\":[{\"@type\":\"ListItem\",\"position\":1,\"name\":\"Home\",\"item\":\"https:\/\/vosgesinfo.fr\/remiremontinfo\/\"},{\"@type\":\"ListItem\",\"position\":2,\"name\":\"Bussang : balade annuelle \u00e0 la Kinsmuss ce dimanche 13 septembre\"}]},{\"@type\":\"WebSite\",\"@id\":\"https:\/\/vosgesinfo.fr\/remiremontinfo\/#website\",\"url\":\"https:\/\/vosgesinfo.fr\/remiremontinfo\/\",\"name\":\"Remiremont Info\",\"description\":\"Toute l&#039;actualit\u00e9 de Remiremont\",\"publisher\":{\"@id\":\"https:\/\/vosgesinfo.fr\/remiremontinfo\/#organization\"},\"alternateName\":\"Toute l'actualit\u00e9 de Remiremont\",\"potentialAction\":[{\"@type\":\"SearchAction\",\"target\":{\"@type\":\"EntryPoint\",\"urlTemplate\":\"https:\/\/vosgesinfo.fr\/remiremontinfo\/?s={search_term_string}\"},\"query-input\":\"required name=search_term_string\"}],\"inLanguage\":\"fr-FR\"},{\"@type\":\"Organization\",\"@id\":\"https:\/\/vosgesinfo.fr\/remiremontinfo\/#organization\",\"name\":\"Remiremont Info\",\"url\":\"https:\/\/vosgesinfo.fr\/remiremontinfo\/\",\"logo\":{\"@type\":\"ImageObject\",\"inLanguage\":\"fr-FR\",\"@id\":\"https:\/\/vosgesinfo.fr\/remiremontinfo\/#\/schema\/logo\/image\/\",\"url\":\"https:\/\/vosgesinfo.fr\/app\/uploads\/sites\/5\/2023\/08\/favicon-remiremontinfo.png\",\"contentUrl\":\"https:\/\/vosgesinfo.fr\/app\/uploads\/sites\/5\/2023\/08\/favicon-remiremontinfo.png\",\"width\":512,\"height\":512,\"caption\":\"Remiremont Info\"},\"image\":{\"@id\":\"https:\/\/vosgesinfo.fr\/remiremontinfo\/#\/schema\/logo\/image\/\"},\"sameAs\":[\"https:\/\/www.facebook.com\/remiremontinfo\",\"https:\/\/x.com\/VosgesInfo88\",\"https:\/\/www.youtube.com\/@vosgesinfo\"]},{\"@type\":\"Person\",\"@id\":\"https:\/\/vosgesinfo.fr\/remiremontinfo\/#\/schema\/person\/3bfd164d5218a185b1db68655a265316\",\"name\":\"C D\",\"image\":{\"@type\":\"ImageObject\",\"inLanguage\":\"fr-FR\",\"@id\":\"https:\/\/vosgesinfo.fr\/remiremontinfo\/#\/schema\/person\/image\/\",\"url\":\"https:\/\/secure.gravatar.com\/avatar\/1f9a70007336511a47468b8f1c66f922b8b7cf617b02a31149ada43893a5d48f?s=96&d=mm&r=g\",\"contentUrl\":\"https:\/\/secure.gravatar.com\/avatar\/1f9a70007336511a47468b8f1c66f922b8b7cf617b02a31149ada43893a5d48f?s=96&d=mm&r=g\",\"caption\":\"C D\"},\"url\":\"https:\/\/vosgesinfo.fr\/remiremontinfo\/author\/cedric-drevet\/\"}]}<\/script>\n<!-- \/ Yoast SEO plugin. -->","yoast_head_json":{"title":"Bussang : balade annuelle \u00e0 la Kinsmuss ce dimanche 13 septembre - Remiremont Info","robots":{"index":"index","follow":"follow","max-snippet":"max-snippet:-1","max-image-preview":"max-image-preview:large","max-video-preview":"max-video-preview:-1"},"canonical":"https:\/\/vosgesinfo.fr\/remiremontinfo\/2020\/09\/bussang-balade-annuelle-a-kinsmuss-dimanche-13-septembre\/","twitter_card":"summary_large_image","twitter_title":"Bussang : balade annuelle \u00e0 la Kinsmuss ce dimanche 13 septembre - Remiremont Info","twitter_description":"N\u00e9e de Ballons en Balade, par le Parc des Ballons en 2013, cette balade de la Kinsmuss eut pour objet [&hellip;]","twitter_image":"https:\/\/vosgesinfo.fr\/app\/uploads\/sites\/5\/2024\/09\/202009annotation-2020-09-09-0921331.png","twitter_creator":"@VosgesInfo88","twitter_site":"@VosgesInfo88","twitter_misc":{"\u00c9crit par":"C D","Dur\u00e9e de lecture estim\u00e9e":"2 minutes"},"schema":{"@context":"https:\/\/schema.org","@graph":[{"@type":"Article","@id":"https:\/\/vosgesinfo.fr\/remiremontinfo\/2020\/09\/bussang-balade-annuelle-a-kinsmuss-dimanche-13-septembre\/#article","isPartOf":{"@id":"https:\/\/vosgesinfo.fr\/remiremontinfo\/2020\/09\/bussang-balade-annuelle-a-kinsmuss-dimanche-13-septembre\/"},"author":{"name":"C D","@id":"https:\/\/vosgesinfo.fr\/remiremontinfo\/#\/schema\/person\/3bfd164d5218a185b1db68655a265316"},"headline":"Bussang : balade annuelle \u00e0 la Kinsmuss ce dimanche 13 septembre","datePublished":"2020-09-09T06:05:28+00:00","dateModified":"2020-09-09T06:05:28+00:00","mainEntityOfPage":{"@id":"https:\/\/vosgesinfo.fr\/remiremontinfo\/2020\/09\/bussang-balade-annuelle-a-kinsmuss-dimanche-13-septembre\/"},"wordCount":457,"commentCount":0,"publisher":{"@id":"https:\/\/vosgesinfo.fr\/remiremontinfo\/#organization"},"image":{"@id":"https:\/\/vosgesinfo.fr\/remiremontinfo\/2020\/09\/bussang-balade-annuelle-a-kinsmuss-dimanche-13-septembre\/#primaryimage"},"thumbnailUrl":"https:\/\/vosgesinfo.fr\/app\/uploads\/sites\/5\/2024\/09\/202009annotation-2020-09-09-0921331.png","articleSection":["A la Une","Bussang","Culture","Le Thillot &amp; son canton"],"inLanguage":"fr-FR","potentialAction":[{"@type":"CommentAction","name":"Comment","target":["https:\/\/vosgesinfo.fr\/remiremontinfo\/2020\/09\/bussang-balade-annuelle-a-kinsmuss-dimanche-13-septembre\/#respond"]}]},{"@type":"WebPage","@id":"https:\/\/vosgesinfo.fr\/remiremontinfo\/2020\/09\/bussang-balade-annuelle-a-kinsmuss-dimanche-13-septembre\/","url":"https:\/\/vosgesinfo.fr\/remiremontinfo\/2020\/09\/bussang-balade-annuelle-a-kinsmuss-dimanche-13-septembre\/","name":"Bussang : balade annuelle \u00e0 la Kinsmuss ce dimanche 13 septembre - Remiremont Info","isPartOf":{"@id":"https:\/\/vosgesinfo.fr\/remiremontinfo\/#website"},"primaryImageOfPage":{"@id":"https:\/\/vosgesinfo.fr\/remiremontinfo\/2020\/09\/bussang-balade-annuelle-a-kinsmuss-dimanche-13-septembre\/#primaryimage"},"image":{"@id":"https:\/\/vosgesinfo.fr\/remiremontinfo\/2020\/09\/bussang-balade-annuelle-a-kinsmuss-dimanche-13-septembre\/#primaryimage"},"thumbnailUrl":"https:\/\/vosgesinfo.fr\/app\/uploads\/sites\/5\/2024\/09\/202009annotation-2020-09-09-0921331.png","datePublished":"2020-09-09T06:05:28+00:00","dateModified":"2020-09-09T06:05:28+00:00","breadcrumb":{"@id":"https:\/\/vosgesinfo.fr\/remiremontinfo\/2020\/09\/bussang-balade-annuelle-a-kinsmuss-dimanche-13-septembre\/#breadcrumb"},"inLanguage":"fr-FR","potentialAction":[{"@type":"ReadAction","target":["https:\/\/vosgesinfo.fr\/remiremontinfo\/2020\/09\/bussang-balade-annuelle-a-kinsmuss-dimanche-13-septembre\/"]}]},{"@type":"ImageObject","inLanguage":"fr-FR","@id":"https:\/\/vosgesinfo.fr\/remiremontinfo\/2020\/09\/bussang-balade-annuelle-a-kinsmuss-dimanche-13-septembre\/#primaryimage","url":"https:\/\/vosgesinfo.fr\/app\/uploads\/sites\/5\/2024\/09\/202009annotation-2020-09-09-0921331.png","contentUrl":"https:\/\/vosgesinfo.fr\/app\/uploads\/sites\/5\/2024\/09\/202009annotation-2020-09-09-0921331.png","width":800,"height":566},{"@type":"BreadcrumbList","@id":"https:\/\/vosgesinfo.fr\/remiremontinfo\/2020\/09\/bussang-balade-annuelle-a-kinsmuss-dimanche-13-septembre\/#breadcrumb","itemListElement":[{"@type":"ListItem","position":1,"name":"Home","item":"https:\/\/vosgesinfo.fr\/remiremontinfo\/"},{"@type":"ListItem","position":2,"name":"Bussang : balade annuelle \u00e0 la Kinsmuss ce dimanche 13 septembre"}]},{"@type":"WebSite","@id":"https:\/\/vosgesinfo.fr\/remiremontinfo\/#website","url":"https:\/\/vosgesinfo.fr\/remiremontinfo\/","name":"Remiremont Info","description":"Toute l&#039;actualit\u00e9 de Remiremont","publisher":{"@id":"https:\/\/vosgesinfo.fr\/remiremontinfo\/#organization"},"alternateName":"Toute l'actualit\u00e9 de Remiremont","potentialAction":[{"@type":"SearchAction","target":{"@type":"EntryPoint","urlTemplate":"https:\/\/vosgesinfo.fr\/remiremontinfo\/?s={search_term_string}"},"query-input":"required name=search_term_string"}],"inLanguage":"fr-FR"},{"@type":"Organization","@id":"https:\/\/vosgesinfo.fr\/remiremontinfo\/#organization","name":"Remiremont Info","url":"https:\/\/vosgesinfo.fr\/remiremontinfo\/","logo":{"@type":"ImageObject","inLanguage":"fr-FR","@id":"https:\/\/vosgesinfo.fr\/remiremontinfo\/#\/schema\/logo\/image\/","url":"https:\/\/vosgesinfo.fr\/app\/uploads\/sites\/5\/2023\/08\/favicon-remiremontinfo.png","contentUrl":"https:\/\/vosgesinfo.fr\/app\/uploads\/sites\/5\/2023\/08\/favicon-remiremontinfo.png","width":512,"height":512,"caption":"Remiremont Info"},"image":{"@id":"https:\/\/vosgesinfo.fr\/remiremontinfo\/#\/schema\/logo\/image\/"},"sameAs":["https:\/\/www.facebook.com\/remiremontinfo","https:\/\/x.com\/VosgesInfo88","https:\/\/www.youtube.com\/@vosgesinfo"]},{"@type":"Person","@id":"https:\/\/vosgesinfo.fr\/remiremontinfo\/#\/schema\/person\/3bfd164d5218a185b1db68655a265316","name":"C D","image":{"@type":"ImageObject","inLanguage":"fr-FR","@id":"https:\/\/vosgesinfo.fr\/remiremontinfo\/#\/schema\/person\/image\/","url":"https:\/\/secure.gravatar.com\/avatar\/1f9a70007336511a47468b8f1c66f922b8b7cf617b02a31149ada43893a5d48f?s=96&d=mm&r=g","contentUrl":"https:\/\/secure.gravatar.com\/avatar\/1f9a70007336511a47468b8f1c66f922b8b7cf617b02a31149ada43893a5d48f?s=96&d=mm&r=g","caption":"C D"},"url":"https:\/\/vosgesinfo.fr\/remiremontinfo\/author\/cedric-drevet\/"}]}},"_links":{"self":[{"href":"https:\/\/vosgesinfo.fr\/remiremontinfo\/wp-json\/wp\/v2\/posts\/31004","targetHints":{"allow":["GET"]}}],"collection":[{"href":"https:\/\/vosgesinfo.fr\/remiremontinfo\/wp-json\/wp\/v2\/posts"}],"about":[{"href":"https:\/\/vosgesinfo.fr\/remiremontinfo\/wp-json\/wp\/v2\/types\/post"}],"author":[{"embeddable":true,"href":"https:\/\/vosgesinfo.fr\/remiremontinfo\/wp-json\/wp\/v2\/users\/407"}],"replies":[{"embeddable":true,"href":"https:\/\/vosgesinfo.fr\/remiremontinfo\/wp-json\/wp\/v2\/comments?post=31004"}],"version-history":[{"count":0,"href":"https:\/\/vosgesinfo.fr\/remiremontinfo\/wp-json\/wp\/v2\/posts\/31004\/revisions"}],"wp:featuredmedia":[{"embeddable":true,"href":"https:\/\/vosgesinfo.fr\/remiremontinfo\/wp-json\/wp\/v2\/media\/31005"}],"wp:attachment":[{"href":"https:\/\/vosgesinfo.fr\/remiremontinfo\/wp-json\/wp\/v2\/media?parent=31004"}],"wp:term":[{"taxonomy":"category","embeddable":true,"href":"https:\/\/vosgesinfo.fr\/remiremontinfo\/wp-json\/wp\/v2\/categories?post=31004"},{"taxonomy":"post_tag","embeddable":true,"href":"https:\/\/vosgesinfo.fr\/remiremontinfo\/wp-json\/wp\/v2\/tags?post=31004"}],"curies":[{"name":"wp","href":"https:\/\/api.w.org\/{rel}","templated":true}]}}