{"id":31031,"date":"2020-09-09T07:37:55","date_gmt":"2020-09-09T05:37:55","guid":{"rendered":"https:\/\/vosgesinfo.fr\/remiremontinfo\/2020\/09\/dommartin-legende-pont-fees-dautres-histoires-racontees-aux-enfants\/"},"modified":"2020-09-09T07:37:55","modified_gmt":"2020-09-09T05:37:55","slug":"dommartin-legende-pont-fees-dautres-histoires-racontees-aux-enfants","status":"publish","type":"post","link":"https:\/\/vosgesinfo.fr\/remiremontinfo\/2020\/09\/dommartin-legende-pont-fees-dautres-histoires-racontees-aux-enfants\/","title":{"rendered":"Dommartin\u00a0: la l\u00e9gende du \u00ab\u00a0Pont des f\u00e9es\u00a0\u00bb et d\u2019autres histoires racont\u00e9es aux enfants"},"content":{"rendered":"<p style=\"text-align: center;\"><a href=\"\/2020\/09\/smallit.jpg\"><img decoding=\"async\" class=\"alignnone size-full wp-image-295127\" src=\"\/2020\/09\/smallit.jpg\" alt=\"smallit\" width=\"753\" height=\"572\" \/><\/a><\/p>\n<p><span style=\"font-size: 10pt;\"><em>tourisme-remiremont-plombieres.com<\/em><\/span><\/p>\n<h2><span style=\"font-size: 12pt;\"><strong><span style=\"color: #333333;\"><span style=\"font-family: 'Times New Roman', serif;\">Les contes et l\u00e9gendes circulent d\u2019une vall\u00e9e \u00e0 l\u2019autre\u2026 La M\u00e9diath\u00e8que de la Porte des Vosges M\u00e9ridionales propose aux enfants de d\u00e9couvrir ou re-d\u00e9couvrir la l\u00e9gende du \u00ab Pont des f\u00e9es \u00bb et autres histoires de f\u00e9es et dragons.<\/span><\/span><\/strong><\/span><\/h2>\n<p><span style=\"color: #333333;\"><span style=\"font-family: 'Times New Roman', serif;\"><span style=\"font-size: medium;\">En effet, cet \u00e9difice form\u00e9 de pierres, porte d\u2019acc\u00e8s au site du Saint-Mont, rec\u00e8le de nombreux myst\u00e8res. On dit que les f\u00e9es, par leurs pouvoirs magiques, auraient jou\u00e9 un r\u00f4le dans cette histoire\u2026 Cette s\u00e9ance de lecture sera poursuivie d\u2019un atelier cr\u00e9atif atour des personnages fabuleux rencontr\u00e9s dans les contes et l\u00e9gendes (dragons, sorciers, f\u00e9es\u2026). S\u00e9ance de lectures + activit\u00e9 manuelle : sur inscription au 03 29 22 50 01.<\/span><\/span><\/span><\/p>\n<p><span style=\"color: #333333;\"><span style=\"font-family: 'Times New Roman', serif;\"><span style=\"font-size: medium;\">Rendez-vous est donn\u00e9 ce samedi 12 septembre de 10h \u00e0 11h30 \u00e0 Dommartin, au 25 rue de Franould.<\/span><\/span><\/span><\/p>\n<p>&nbsp;<\/p>\n","protected":false},"excerpt":{"rendered":"<p>tourisme-remiremont-plombieres.com Les contes et l\u00e9gendes circulent d\u2019une vall\u00e9e \u00e0 l\u2019autre\u2026 La M\u00e9diath\u00e8que de la Porte des Vosges M\u00e9ridionales propose aux [&hellip;]<\/p>\n","protected":false},"author":407,"featured_media":31032,"comment_status":"open","ping_status":"open","sticky":false,"template":"","format":"standard","meta":{"footnotes":""},"categories":[26,4,37],"tags":[],"class_list":["post-31031","post","type-post","status-publish","format-standard","has-post-thumbnail","hentry","category-a-la-une","category-culture","category-le-thillot-son-canton"],"acf":[],"yoast_head":"<!-- This site is optimized with the Yoast SEO plugin v22.5 - https:\/\/yoast.com\/wordpress\/plugins\/seo\/ -->\n<title>Dommartin\u00a0: la l\u00e9gende du \u00ab\u00a0Pont des f\u00e9es\u00a0\u00bb et d\u2019autres histoires racont\u00e9es aux enfants - Remiremont Info<\/title>\n<meta name=\"robots\" content=\"index, follow, max-snippet:-1, max-image-preview:large, max-video-preview:-1\" \/>\n<link rel=\"canonical\" href=\"https:\/\/vosgesinfo.fr\/remiremontinfo\/2020\/09\/dommartin-legende-pont-fees-dautres-histoires-racontees-aux-enfants\/\" \/>\n<meta name=\"twitter:card\" content=\"summary_large_image\" \/>\n<meta name=\"twitter:title\" content=\"Dommartin\u00a0: la l\u00e9gende du \u00ab\u00a0Pont des f\u00e9es\u00a0\u00bb et d\u2019autres histoires racont\u00e9es aux enfants - Remiremont Info\" \/>\n<meta name=\"twitter:description\" content=\"tourisme-remiremont-plombieres.com Les contes et l\u00e9gendes circulent d\u2019une vall\u00e9e \u00e0 l\u2019autre\u2026 La M\u00e9diath\u00e8que de la Porte des Vosges M\u00e9ridionales propose aux [&hellip;]\" \/>\n<meta name=\"twitter:image\" content=\"https:\/\/vosgesinfo.fr\/app\/uploads\/sites\/5\/2024\/09\/202009smallit.jpg\" \/>\n<meta name=\"twitter:creator\" content=\"@VosgesInfo88\" \/>\n<meta name=\"twitter:site\" content=\"@VosgesInfo88\" \/>\n<meta name=\"twitter:label1\" content=\"\u00c9crit par\" \/>\n\t<meta name=\"twitter:data1\" content=\"C D\" \/>\n\t<meta name=\"twitter:label2\" content=\"Dur\u00e9e de lecture estim\u00e9e\" \/>\n\t<meta name=\"twitter:data2\" content=\"1 minute\" \/>\n<script type=\"application\/ld+json\" class=\"yoast-schema-graph\">{\"@context\":\"https:\/\/schema.org\",\"@graph\":[{\"@type\":\"Article\",\"@id\":\"https:\/\/vosgesinfo.fr\/remiremontinfo\/2020\/09\/dommartin-legende-pont-fees-dautres-histoires-racontees-aux-enfants\/#article\",\"isPartOf\":{\"@id\":\"https:\/\/vosgesinfo.fr\/remiremontinfo\/2020\/09\/dommartin-legende-pont-fees-dautres-histoires-racontees-aux-enfants\/\"},\"author\":{\"name\":\"C D\",\"@id\":\"https:\/\/vosgesinfo.fr\/remiremontinfo\/#\/schema\/person\/3bfd164d5218a185b1db68655a265316\"},\"headline\":\"Dommartin\u00a0: la l\u00e9gende du \u00ab\u00a0Pont des f\u00e9es\u00a0\u00bb et d\u2019autres histoires racont\u00e9es aux enfants\",\"datePublished\":\"2020-09-09T05:37:55+00:00\",\"dateModified\":\"2020-09-09T05:37:55+00:00\",\"mainEntityOfPage\":{\"@id\":\"https:\/\/vosgesinfo.fr\/remiremontinfo\/2020\/09\/dommartin-legende-pont-fees-dautres-histoires-racontees-aux-enfants\/\"},\"wordCount\":158,\"commentCount\":0,\"publisher\":{\"@id\":\"https:\/\/vosgesinfo.fr\/remiremontinfo\/#organization\"},\"image\":{\"@id\":\"https:\/\/vosgesinfo.fr\/remiremontinfo\/2020\/09\/dommartin-legende-pont-fees-dautres-histoires-racontees-aux-enfants\/#primaryimage\"},\"thumbnailUrl\":\"https:\/\/vosgesinfo.fr\/app\/uploads\/sites\/5\/2024\/09\/202009smallit.jpg\",\"articleSection\":[\"A la Une\",\"Culture\",\"Le Thillot &amp; son canton\"],\"inLanguage\":\"fr-FR\",\"potentialAction\":[{\"@type\":\"CommentAction\",\"name\":\"Comment\",\"target\":[\"https:\/\/vosgesinfo.fr\/remiremontinfo\/2020\/09\/dommartin-legende-pont-fees-dautres-histoires-racontees-aux-enfants\/#respond\"]}]},{\"@type\":\"WebPage\",\"@id\":\"https:\/\/vosgesinfo.fr\/remiremontinfo\/2020\/09\/dommartin-legende-pont-fees-dautres-histoires-racontees-aux-enfants\/\",\"url\":\"https:\/\/vosgesinfo.fr\/remiremontinfo\/2020\/09\/dommartin-legende-pont-fees-dautres-histoires-racontees-aux-enfants\/\",\"name\":\"Dommartin\u00a0: la l\u00e9gende du \u00ab\u00a0Pont des f\u00e9es\u00a0\u00bb et d\u2019autres histoires racont\u00e9es aux enfants - Remiremont Info\",\"isPartOf\":{\"@id\":\"https:\/\/vosgesinfo.fr\/remiremontinfo\/#website\"},\"primaryImageOfPage\":{\"@id\":\"https:\/\/vosgesinfo.fr\/remiremontinfo\/2020\/09\/dommartin-legende-pont-fees-dautres-histoires-racontees-aux-enfants\/#primaryimage\"},\"image\":{\"@id\":\"https:\/\/vosgesinfo.fr\/remiremontinfo\/2020\/09\/dommartin-legende-pont-fees-dautres-histoires-racontees-aux-enfants\/#primaryimage\"},\"thumbnailUrl\":\"https:\/\/vosgesinfo.fr\/app\/uploads\/sites\/5\/2024\/09\/202009smallit.jpg\",\"datePublished\":\"2020-09-09T05:37:55+00:00\",\"dateModified\":\"2020-09-09T05:37:55+00:00\",\"breadcrumb\":{\"@id\":\"https:\/\/vosgesinfo.fr\/remiremontinfo\/2020\/09\/dommartin-legende-pont-fees-dautres-histoires-racontees-aux-enfants\/#breadcrumb\"},\"inLanguage\":\"fr-FR\",\"potentialAction\":[{\"@type\":\"ReadAction\",\"target\":[\"https:\/\/vosgesinfo.fr\/remiremontinfo\/2020\/09\/dommartin-legende-pont-fees-dautres-histoires-racontees-aux-enfants\/\"]}]},{\"@type\":\"ImageObject\",\"inLanguage\":\"fr-FR\",\"@id\":\"https:\/\/vosgesinfo.fr\/remiremontinfo\/2020\/09\/dommartin-legende-pont-fees-dautres-histoires-racontees-aux-enfants\/#primaryimage\",\"url\":\"https:\/\/vosgesinfo.fr\/app\/uploads\/sites\/5\/2024\/09\/202009smallit.jpg\",\"contentUrl\":\"https:\/\/vosgesinfo.fr\/app\/uploads\/sites\/5\/2024\/09\/202009smallit.jpg\",\"width\":753,\"height\":572},{\"@type\":\"BreadcrumbList\",\"@id\":\"https:\/\/vosgesinfo.fr\/remiremontinfo\/2020\/09\/dommartin-legende-pont-fees-dautres-histoires-racontees-aux-enfants\/#breadcrumb\",\"itemListElement\":[{\"@type\":\"ListItem\",\"position\":1,\"name\":\"Home\",\"item\":\"https:\/\/vosgesinfo.fr\/remiremontinfo\/\"},{\"@type\":\"ListItem\",\"position\":2,\"name\":\"Dommartin\u00a0: la l\u00e9gende du \u00ab\u00a0Pont des f\u00e9es\u00a0\u00bb et d\u2019autres histoires racont\u00e9es aux enfants\"}]},{\"@type\":\"WebSite\",\"@id\":\"https:\/\/vosgesinfo.fr\/remiremontinfo\/#website\",\"url\":\"https:\/\/vosgesinfo.fr\/remiremontinfo\/\",\"name\":\"Remiremont Info\",\"description\":\"Toute l&#039;actualit\u00e9 de Remiremont\",\"publisher\":{\"@id\":\"https:\/\/vosgesinfo.fr\/remiremontinfo\/#organization\"},\"alternateName\":\"Toute l'actualit\u00e9 de Remiremont\",\"potentialAction\":[{\"@type\":\"SearchAction\",\"target\":{\"@type\":\"EntryPoint\",\"urlTemplate\":\"https:\/\/vosgesinfo.fr\/remiremontinfo\/?s={search_term_string}\"},\"query-input\":\"required name=search_term_string\"}],\"inLanguage\":\"fr-FR\"},{\"@type\":\"Organization\",\"@id\":\"https:\/\/vosgesinfo.fr\/remiremontinfo\/#organization\",\"name\":\"Remiremont Info\",\"url\":\"https:\/\/vosgesinfo.fr\/remiremontinfo\/\",\"logo\":{\"@type\":\"ImageObject\",\"inLanguage\":\"fr-FR\",\"@id\":\"https:\/\/vosgesinfo.fr\/remiremontinfo\/#\/schema\/logo\/image\/\",\"url\":\"https:\/\/vosgesinfo.fr\/app\/uploads\/sites\/5\/2023\/08\/favicon-remiremontinfo.png\",\"contentUrl\":\"https:\/\/vosgesinfo.fr\/app\/uploads\/sites\/5\/2023\/08\/favicon-remiremontinfo.png\",\"width\":512,\"height\":512,\"caption\":\"Remiremont Info\"},\"image\":{\"@id\":\"https:\/\/vosgesinfo.fr\/remiremontinfo\/#\/schema\/logo\/image\/\"},\"sameAs\":[\"https:\/\/www.facebook.com\/remiremontinfo\",\"https:\/\/x.com\/VosgesInfo88\",\"https:\/\/www.youtube.com\/@vosgesinfo\"]},{\"@type\":\"Person\",\"@id\":\"https:\/\/vosgesinfo.fr\/remiremontinfo\/#\/schema\/person\/3bfd164d5218a185b1db68655a265316\",\"name\":\"C D\",\"image\":{\"@type\":\"ImageObject\",\"inLanguage\":\"fr-FR\",\"@id\":\"https:\/\/vosgesinfo.fr\/remiremontinfo\/#\/schema\/person\/image\/\",\"url\":\"https:\/\/secure.gravatar.com\/avatar\/1f9a70007336511a47468b8f1c66f922b8b7cf617b02a31149ada43893a5d48f?s=96&d=mm&r=g\",\"contentUrl\":\"https:\/\/secure.gravatar.com\/avatar\/1f9a70007336511a47468b8f1c66f922b8b7cf617b02a31149ada43893a5d48f?s=96&d=mm&r=g\",\"caption\":\"C D\"},\"url\":\"https:\/\/vosgesinfo.fr\/remiremontinfo\/author\/cedric-drevet\/\"}]}<\/script>\n<!-- \/ Yoast SEO plugin. -->","yoast_head_json":{"title":"Dommartin\u00a0: la l\u00e9gende du \u00ab\u00a0Pont des f\u00e9es\u00a0\u00bb et d\u2019autres histoires racont\u00e9es aux enfants - Remiremont Info","robots":{"index":"index","follow":"follow","max-snippet":"max-snippet:-1","max-image-preview":"max-image-preview:large","max-video-preview":"max-video-preview:-1"},"canonical":"https:\/\/vosgesinfo.fr\/remiremontinfo\/2020\/09\/dommartin-legende-pont-fees-dautres-histoires-racontees-aux-enfants\/","twitter_card":"summary_large_image","twitter_title":"Dommartin\u00a0: la l\u00e9gende du \u00ab\u00a0Pont des f\u00e9es\u00a0\u00bb et d\u2019autres histoires racont\u00e9es aux enfants - Remiremont Info","twitter_description":"tourisme-remiremont-plombieres.com Les contes et l\u00e9gendes circulent d\u2019une vall\u00e9e \u00e0 l\u2019autre\u2026 La M\u00e9diath\u00e8que de la Porte des Vosges M\u00e9ridionales propose aux [&hellip;]","twitter_image":"https:\/\/vosgesinfo.fr\/app\/uploads\/sites\/5\/2024\/09\/202009smallit.jpg","twitter_creator":"@VosgesInfo88","twitter_site":"@VosgesInfo88","twitter_misc":{"\u00c9crit par":"C D","Dur\u00e9e de lecture estim\u00e9e":"1 minute"},"schema":{"@context":"https:\/\/schema.org","@graph":[{"@type":"Article","@id":"https:\/\/vosgesinfo.fr\/remiremontinfo\/2020\/09\/dommartin-legende-pont-fees-dautres-histoires-racontees-aux-enfants\/#article","isPartOf":{"@id":"https:\/\/vosgesinfo.fr\/remiremontinfo\/2020\/09\/dommartin-legende-pont-fees-dautres-histoires-racontees-aux-enfants\/"},"author":{"name":"C D","@id":"https:\/\/vosgesinfo.fr\/remiremontinfo\/#\/schema\/person\/3bfd164d5218a185b1db68655a265316"},"headline":"Dommartin\u00a0: la l\u00e9gende du \u00ab\u00a0Pont des f\u00e9es\u00a0\u00bb et d\u2019autres histoires racont\u00e9es aux enfants","datePublished":"2020-09-09T05:37:55+00:00","dateModified":"2020-09-09T05:37:55+00:00","mainEntityOfPage":{"@id":"https:\/\/vosgesinfo.fr\/remiremontinfo\/2020\/09\/dommartin-legende-pont-fees-dautres-histoires-racontees-aux-enfants\/"},"wordCount":158,"commentCount":0,"publisher":{"@id":"https:\/\/vosgesinfo.fr\/remiremontinfo\/#organization"},"image":{"@id":"https:\/\/vosgesinfo.fr\/remiremontinfo\/2020\/09\/dommartin-legende-pont-fees-dautres-histoires-racontees-aux-enfants\/#primaryimage"},"thumbnailUrl":"https:\/\/vosgesinfo.fr\/app\/uploads\/sites\/5\/2024\/09\/202009smallit.jpg","articleSection":["A la Une","Culture","Le Thillot &amp; son canton"],"inLanguage":"fr-FR","potentialAction":[{"@type":"CommentAction","name":"Comment","target":["https:\/\/vosgesinfo.fr\/remiremontinfo\/2020\/09\/dommartin-legende-pont-fees-dautres-histoires-racontees-aux-enfants\/#respond"]}]},{"@type":"WebPage","@id":"https:\/\/vosgesinfo.fr\/remiremontinfo\/2020\/09\/dommartin-legende-pont-fees-dautres-histoires-racontees-aux-enfants\/","url":"https:\/\/vosgesinfo.fr\/remiremontinfo\/2020\/09\/dommartin-legende-pont-fees-dautres-histoires-racontees-aux-enfants\/","name":"Dommartin\u00a0: la l\u00e9gende du \u00ab\u00a0Pont des f\u00e9es\u00a0\u00bb et d\u2019autres histoires racont\u00e9es aux enfants - Remiremont Info","isPartOf":{"@id":"https:\/\/vosgesinfo.fr\/remiremontinfo\/#website"},"primaryImageOfPage":{"@id":"https:\/\/vosgesinfo.fr\/remiremontinfo\/2020\/09\/dommartin-legende-pont-fees-dautres-histoires-racontees-aux-enfants\/#primaryimage"},"image":{"@id":"https:\/\/vosgesinfo.fr\/remiremontinfo\/2020\/09\/dommartin-legende-pont-fees-dautres-histoires-racontees-aux-enfants\/#primaryimage"},"thumbnailUrl":"https:\/\/vosgesinfo.fr\/app\/uploads\/sites\/5\/2024\/09\/202009smallit.jpg","datePublished":"2020-09-09T05:37:55+00:00","dateModified":"2020-09-09T05:37:55+00:00","breadcrumb":{"@id":"https:\/\/vosgesinfo.fr\/remiremontinfo\/2020\/09\/dommartin-legende-pont-fees-dautres-histoires-racontees-aux-enfants\/#breadcrumb"},"inLanguage":"fr-FR","potentialAction":[{"@type":"ReadAction","target":["https:\/\/vosgesinfo.fr\/remiremontinfo\/2020\/09\/dommartin-legende-pont-fees-dautres-histoires-racontees-aux-enfants\/"]}]},{"@type":"ImageObject","inLanguage":"fr-FR","@id":"https:\/\/vosgesinfo.fr\/remiremontinfo\/2020\/09\/dommartin-legende-pont-fees-dautres-histoires-racontees-aux-enfants\/#primaryimage","url":"https:\/\/vosgesinfo.fr\/app\/uploads\/sites\/5\/2024\/09\/202009smallit.jpg","contentUrl":"https:\/\/vosgesinfo.fr\/app\/uploads\/sites\/5\/2024\/09\/202009smallit.jpg","width":753,"height":572},{"@type":"BreadcrumbList","@id":"https:\/\/vosgesinfo.fr\/remiremontinfo\/2020\/09\/dommartin-legende-pont-fees-dautres-histoires-racontees-aux-enfants\/#breadcrumb","itemListElement":[{"@type":"ListItem","position":1,"name":"Home","item":"https:\/\/vosgesinfo.fr\/remiremontinfo\/"},{"@type":"ListItem","position":2,"name":"Dommartin\u00a0: la l\u00e9gende du \u00ab\u00a0Pont des f\u00e9es\u00a0\u00bb et d\u2019autres histoires racont\u00e9es aux enfants"}]},{"@type":"WebSite","@id":"https:\/\/vosgesinfo.fr\/remiremontinfo\/#website","url":"https:\/\/vosgesinfo.fr\/remiremontinfo\/","name":"Remiremont Info","description":"Toute l&#039;actualit\u00e9 de Remiremont","publisher":{"@id":"https:\/\/vosgesinfo.fr\/remiremontinfo\/#organization"},"alternateName":"Toute l'actualit\u00e9 de Remiremont","potentialAction":[{"@type":"SearchAction","target":{"@type":"EntryPoint","urlTemplate":"https:\/\/vosgesinfo.fr\/remiremontinfo\/?s={search_term_string}"},"query-input":"required name=search_term_string"}],"inLanguage":"fr-FR"},{"@type":"Organization","@id":"https:\/\/vosgesinfo.fr\/remiremontinfo\/#organization","name":"Remiremont Info","url":"https:\/\/vosgesinfo.fr\/remiremontinfo\/","logo":{"@type":"ImageObject","inLanguage":"fr-FR","@id":"https:\/\/vosgesinfo.fr\/remiremontinfo\/#\/schema\/logo\/image\/","url":"https:\/\/vosgesinfo.fr\/app\/uploads\/sites\/5\/2023\/08\/favicon-remiremontinfo.png","contentUrl":"https:\/\/vosgesinfo.fr\/app\/uploads\/sites\/5\/2023\/08\/favicon-remiremontinfo.png","width":512,"height":512,"caption":"Remiremont Info"},"image":{"@id":"https:\/\/vosgesinfo.fr\/remiremontinfo\/#\/schema\/logo\/image\/"},"sameAs":["https:\/\/www.facebook.com\/remiremontinfo","https:\/\/x.com\/VosgesInfo88","https:\/\/www.youtube.com\/@vosgesinfo"]},{"@type":"Person","@id":"https:\/\/vosgesinfo.fr\/remiremontinfo\/#\/schema\/person\/3bfd164d5218a185b1db68655a265316","name":"C D","image":{"@type":"ImageObject","inLanguage":"fr-FR","@id":"https:\/\/vosgesinfo.fr\/remiremontinfo\/#\/schema\/person\/image\/","url":"https:\/\/secure.gravatar.com\/avatar\/1f9a70007336511a47468b8f1c66f922b8b7cf617b02a31149ada43893a5d48f?s=96&d=mm&r=g","contentUrl":"https:\/\/secure.gravatar.com\/avatar\/1f9a70007336511a47468b8f1c66f922b8b7cf617b02a31149ada43893a5d48f?s=96&d=mm&r=g","caption":"C D"},"url":"https:\/\/vosgesinfo.fr\/remiremontinfo\/author\/cedric-drevet\/"}]}},"_links":{"self":[{"href":"https:\/\/vosgesinfo.fr\/remiremontinfo\/wp-json\/wp\/v2\/posts\/31031","targetHints":{"allow":["GET"]}}],"collection":[{"href":"https:\/\/vosgesinfo.fr\/remiremontinfo\/wp-json\/wp\/v2\/posts"}],"about":[{"href":"https:\/\/vosgesinfo.fr\/remiremontinfo\/wp-json\/wp\/v2\/types\/post"}],"author":[{"embeddable":true,"href":"https:\/\/vosgesinfo.fr\/remiremontinfo\/wp-json\/wp\/v2\/users\/407"}],"replies":[{"embeddable":true,"href":"https:\/\/vosgesinfo.fr\/remiremontinfo\/wp-json\/wp\/v2\/comments?post=31031"}],"version-history":[{"count":0,"href":"https:\/\/vosgesinfo.fr\/remiremontinfo\/wp-json\/wp\/v2\/posts\/31031\/revisions"}],"wp:featuredmedia":[{"embeddable":true,"href":"https:\/\/vosgesinfo.fr\/remiremontinfo\/wp-json\/wp\/v2\/media\/31032"}],"wp:attachment":[{"href":"https:\/\/vosgesinfo.fr\/remiremontinfo\/wp-json\/wp\/v2\/media?parent=31031"}],"wp:term":[{"taxonomy":"category","embeddable":true,"href":"https:\/\/vosgesinfo.fr\/remiremontinfo\/wp-json\/wp\/v2\/categories?post=31031"},{"taxonomy":"post_tag","embeddable":true,"href":"https:\/\/vosgesinfo.fr\/remiremontinfo\/wp-json\/wp\/v2\/tags?post=31031"}],"curies":[{"name":"wp","href":"https:\/\/api.w.org\/{rel}","templated":true}]}}