{"id":31046,"date":"2020-09-09T08:02:19","date_gmt":"2020-09-09T06:02:19","guid":{"rendered":"https:\/\/vosgesinfo.fr\/remiremontinfo\/2020\/09\/joseph-viola-parrain-label-vois-vie-vosges-terroir\/"},"modified":"2020-09-09T08:02:19","modified_gmt":"2020-09-09T06:02:19","slug":"joseph-viola-parrain-label-vois-vie-vosges-terroir","status":"publish","type":"post","link":"https:\/\/vosgesinfo.fr\/remiremontinfo\/2020\/09\/joseph-viola-parrain-label-vois-vie-vosges-terroir\/","title":{"rendered":"Joseph Viola parrain du label \u00ab Je vois la vie en Vosges terroir \u00bb"},"content":{"rendered":"<p style=\"text-align: center;\"><a href=\"\/2020\/09\/Portrait-de-Joseph-Viola-420x420.jpg\"><img decoding=\"async\" class=\"alignnone size-full wp-image-295158\" src=\"\/2020\/09\/Portrait-de-Joseph-Viola-420x420.jpg\" alt=\"Portrait-de-Joseph-Viola-420x420\" width=\"420\" height=\"420\" \/><\/a><\/p>\n<h2><span style=\"font-size: 12pt;\">J\u00e9r\u00f4me Mathieu, Pr\u00e9sident de la Chambre d\u2019Agriculture des Vosges, et Fran\u00e7ois Vannson, Pr\u00e9sident du Conseil D\u00e9partemental des Vosges, pr\u00e9senteront le label \u00ab\u00a0Je vois la vie en Vosges Terroir\u00a0\u00bb\u00a0ce jeudi 10 septembre, en pr\u00e9sence de Joseph Viola, parrain du label, des producteurs, des partenaires et des \u00e9lus.<\/span><\/h2>\n<p data-adtags-visited=\"true\">La nouvelle identit\u00e9 valorisant les produits du terroir dans les Vosges a \u00e9t\u00e9 d\u00e9voil\u00e9e en primeur \u00e0 l\u2019occasion du Salon International de l\u2019Agriculture \u00e0 Paris en f\u00e9vrier dernier. Dans les Vosges, la pr\u00e9sentation officielle du label aux producteurs, partenaires et \u00e9lus locaux, pr\u00e9vue en avril, a du \u00eatre report\u00e9e au 10 septembre \u00e0 cause du contexte sanitaire ! A l\u2019occasion de cette soir\u00e9e, la charte graphique sera d\u00e9voil\u00e9e pour la premi\u00e8re fois et la convention de copropri\u00e9t\u00e9, qui lie la Chambre d\u2019Agriculture et le Conseil D\u00e9partemental, sera sign\u00e9e par les deux pr\u00e9sidents.<\/p>\n<p data-adtags-visited=\"true\">Lire la suite ici :\u00a0<a href=\"https:\/\/epinalinfos.fr\/2020\/09\/joseph-viola-parrain-label-vois-vie-vosges-terroir\/\">https:\/\/epinalinfos.fr\/2020\/09\/joseph-viola-parrain-label-vois-vie-vosges-terroir\/<\/a><\/p>\n","protected":false},"excerpt":{"rendered":"<p>J\u00e9r\u00f4me Mathieu, Pr\u00e9sident de la Chambre d\u2019Agriculture des Vosges, et Fran\u00e7ois Vannson, Pr\u00e9sident du Conseil D\u00e9partemental des Vosges, pr\u00e9senteront le [&hellip;]<\/p>\n","protected":false},"author":407,"featured_media":31047,"comment_status":"open","ping_status":"open","sticky":false,"template":"","format":"standard","meta":{"footnotes":""},"categories":[26,18],"tags":[],"class_list":["post-31046","post","type-post","status-publish","format-standard","has-post-thumbnail","hentry","category-a-la-une","category-vosges"],"acf":[],"yoast_head":"<!-- This site is optimized with the Yoast SEO plugin v22.5 - https:\/\/yoast.com\/wordpress\/plugins\/seo\/ -->\n<title>Joseph Viola parrain du label \u00ab Je vois la vie en Vosges terroir \u00bb - Remiremont Info<\/title>\n<meta name=\"robots\" content=\"index, follow, max-snippet:-1, max-image-preview:large, max-video-preview:-1\" \/>\n<link rel=\"canonical\" href=\"https:\/\/vosgesinfo.fr\/remiremontinfo\/2020\/09\/joseph-viola-parrain-label-vois-vie-vosges-terroir\/\" \/>\n<meta name=\"twitter:card\" content=\"summary_large_image\" \/>\n<meta name=\"twitter:title\" content=\"Joseph Viola parrain du label \u00ab Je vois la vie en Vosges terroir \u00bb - Remiremont Info\" \/>\n<meta name=\"twitter:description\" content=\"J\u00e9r\u00f4me Mathieu, Pr\u00e9sident de la Chambre d\u2019Agriculture des Vosges, et Fran\u00e7ois Vannson, Pr\u00e9sident du Conseil D\u00e9partemental des Vosges, pr\u00e9senteront le [&hellip;]\" \/>\n<meta name=\"twitter:image\" content=\"https:\/\/vosgesinfo.fr\/app\/uploads\/sites\/5\/2024\/09\/202009portrait-de-joseph-viola-420x420-1.jpg\" \/>\n<meta name=\"twitter:creator\" content=\"@VosgesInfo88\" \/>\n<meta name=\"twitter:site\" content=\"@VosgesInfo88\" \/>\n<meta name=\"twitter:label1\" content=\"\u00c9crit par\" \/>\n\t<meta name=\"twitter:data1\" content=\"C D\" \/>\n\t<meta name=\"twitter:label2\" content=\"Dur\u00e9e de lecture estim\u00e9e\" \/>\n\t<meta name=\"twitter:data2\" content=\"1 minute\" \/>\n<script type=\"application\/ld+json\" class=\"yoast-schema-graph\">{\"@context\":\"https:\/\/schema.org\",\"@graph\":[{\"@type\":\"Article\",\"@id\":\"https:\/\/vosgesinfo.fr\/remiremontinfo\/2020\/09\/joseph-viola-parrain-label-vois-vie-vosges-terroir\/#article\",\"isPartOf\":{\"@id\":\"https:\/\/vosgesinfo.fr\/remiremontinfo\/2020\/09\/joseph-viola-parrain-label-vois-vie-vosges-terroir\/\"},\"author\":{\"name\":\"C D\",\"@id\":\"https:\/\/vosgesinfo.fr\/remiremontinfo\/#\/schema\/person\/3bfd164d5218a185b1db68655a265316\"},\"headline\":\"Joseph Viola parrain du label \u00ab Je vois la vie en Vosges terroir \u00bb\",\"datePublished\":\"2020-09-09T06:02:19+00:00\",\"dateModified\":\"2020-09-09T06:02:19+00:00\",\"mainEntityOfPage\":{\"@id\":\"https:\/\/vosgesinfo.fr\/remiremontinfo\/2020\/09\/joseph-viola-parrain-label-vois-vie-vosges-terroir\/\"},\"wordCount\":180,\"commentCount\":0,\"publisher\":{\"@id\":\"https:\/\/vosgesinfo.fr\/remiremontinfo\/#organization\"},\"image\":{\"@id\":\"https:\/\/vosgesinfo.fr\/remiremontinfo\/2020\/09\/joseph-viola-parrain-label-vois-vie-vosges-terroir\/#primaryimage\"},\"thumbnailUrl\":\"https:\/\/vosgesinfo.fr\/app\/uploads\/sites\/5\/2024\/09\/202009portrait-de-joseph-viola-420x420-1.jpg\",\"articleSection\":[\"A la Une\",\"Vosges\"],\"inLanguage\":\"fr-FR\",\"potentialAction\":[{\"@type\":\"CommentAction\",\"name\":\"Comment\",\"target\":[\"https:\/\/vosgesinfo.fr\/remiremontinfo\/2020\/09\/joseph-viola-parrain-label-vois-vie-vosges-terroir\/#respond\"]}]},{\"@type\":\"WebPage\",\"@id\":\"https:\/\/vosgesinfo.fr\/remiremontinfo\/2020\/09\/joseph-viola-parrain-label-vois-vie-vosges-terroir\/\",\"url\":\"https:\/\/vosgesinfo.fr\/remiremontinfo\/2020\/09\/joseph-viola-parrain-label-vois-vie-vosges-terroir\/\",\"name\":\"Joseph Viola parrain du label \u00ab Je vois la vie en Vosges terroir \u00bb - Remiremont Info\",\"isPartOf\":{\"@id\":\"https:\/\/vosgesinfo.fr\/remiremontinfo\/#website\"},\"primaryImageOfPage\":{\"@id\":\"https:\/\/vosgesinfo.fr\/remiremontinfo\/2020\/09\/joseph-viola-parrain-label-vois-vie-vosges-terroir\/#primaryimage\"},\"image\":{\"@id\":\"https:\/\/vosgesinfo.fr\/remiremontinfo\/2020\/09\/joseph-viola-parrain-label-vois-vie-vosges-terroir\/#primaryimage\"},\"thumbnailUrl\":\"https:\/\/vosgesinfo.fr\/app\/uploads\/sites\/5\/2024\/09\/202009portrait-de-joseph-viola-420x420-1.jpg\",\"datePublished\":\"2020-09-09T06:02:19+00:00\",\"dateModified\":\"2020-09-09T06:02:19+00:00\",\"breadcrumb\":{\"@id\":\"https:\/\/vosgesinfo.fr\/remiremontinfo\/2020\/09\/joseph-viola-parrain-label-vois-vie-vosges-terroir\/#breadcrumb\"},\"inLanguage\":\"fr-FR\",\"potentialAction\":[{\"@type\":\"ReadAction\",\"target\":[\"https:\/\/vosgesinfo.fr\/remiremontinfo\/2020\/09\/joseph-viola-parrain-label-vois-vie-vosges-terroir\/\"]}]},{\"@type\":\"ImageObject\",\"inLanguage\":\"fr-FR\",\"@id\":\"https:\/\/vosgesinfo.fr\/remiremontinfo\/2020\/09\/joseph-viola-parrain-label-vois-vie-vosges-terroir\/#primaryimage\",\"url\":\"https:\/\/vosgesinfo.fr\/app\/uploads\/sites\/5\/2024\/09\/202009portrait-de-joseph-viola-420x420-1.jpg\",\"contentUrl\":\"https:\/\/vosgesinfo.fr\/app\/uploads\/sites\/5\/2024\/09\/202009portrait-de-joseph-viola-420x420-1.jpg\",\"width\":420,\"height\":420},{\"@type\":\"BreadcrumbList\",\"@id\":\"https:\/\/vosgesinfo.fr\/remiremontinfo\/2020\/09\/joseph-viola-parrain-label-vois-vie-vosges-terroir\/#breadcrumb\",\"itemListElement\":[{\"@type\":\"ListItem\",\"position\":1,\"name\":\"Home\",\"item\":\"https:\/\/vosgesinfo.fr\/remiremontinfo\/\"},{\"@type\":\"ListItem\",\"position\":2,\"name\":\"Joseph Viola parrain du label \u00ab Je vois la vie en Vosges terroir \u00bb\"}]},{\"@type\":\"WebSite\",\"@id\":\"https:\/\/vosgesinfo.fr\/remiremontinfo\/#website\",\"url\":\"https:\/\/vosgesinfo.fr\/remiremontinfo\/\",\"name\":\"Remiremont Info\",\"description\":\"Toute l&#039;actualit\u00e9 de Remiremont\",\"publisher\":{\"@id\":\"https:\/\/vosgesinfo.fr\/remiremontinfo\/#organization\"},\"alternateName\":\"Toute l'actualit\u00e9 de Remiremont\",\"potentialAction\":[{\"@type\":\"SearchAction\",\"target\":{\"@type\":\"EntryPoint\",\"urlTemplate\":\"https:\/\/vosgesinfo.fr\/remiremontinfo\/?s={search_term_string}\"},\"query-input\":\"required name=search_term_string\"}],\"inLanguage\":\"fr-FR\"},{\"@type\":\"Organization\",\"@id\":\"https:\/\/vosgesinfo.fr\/remiremontinfo\/#organization\",\"name\":\"Remiremont Info\",\"url\":\"https:\/\/vosgesinfo.fr\/remiremontinfo\/\",\"logo\":{\"@type\":\"ImageObject\",\"inLanguage\":\"fr-FR\",\"@id\":\"https:\/\/vosgesinfo.fr\/remiremontinfo\/#\/schema\/logo\/image\/\",\"url\":\"https:\/\/vosgesinfo.fr\/app\/uploads\/sites\/5\/2023\/08\/favicon-remiremontinfo.png\",\"contentUrl\":\"https:\/\/vosgesinfo.fr\/app\/uploads\/sites\/5\/2023\/08\/favicon-remiremontinfo.png\",\"width\":512,\"height\":512,\"caption\":\"Remiremont Info\"},\"image\":{\"@id\":\"https:\/\/vosgesinfo.fr\/remiremontinfo\/#\/schema\/logo\/image\/\"},\"sameAs\":[\"https:\/\/www.facebook.com\/remiremontinfo\",\"https:\/\/x.com\/VosgesInfo88\",\"https:\/\/www.youtube.com\/@vosgesinfo\"]},{\"@type\":\"Person\",\"@id\":\"https:\/\/vosgesinfo.fr\/remiremontinfo\/#\/schema\/person\/3bfd164d5218a185b1db68655a265316\",\"name\":\"C D\",\"image\":{\"@type\":\"ImageObject\",\"inLanguage\":\"fr-FR\",\"@id\":\"https:\/\/vosgesinfo.fr\/remiremontinfo\/#\/schema\/person\/image\/\",\"url\":\"https:\/\/secure.gravatar.com\/avatar\/1f9a70007336511a47468b8f1c66f922b8b7cf617b02a31149ada43893a5d48f?s=96&d=mm&r=g\",\"contentUrl\":\"https:\/\/secure.gravatar.com\/avatar\/1f9a70007336511a47468b8f1c66f922b8b7cf617b02a31149ada43893a5d48f?s=96&d=mm&r=g\",\"caption\":\"C D\"},\"url\":\"https:\/\/vosgesinfo.fr\/remiremontinfo\/author\/cedric-drevet\/\"}]}<\/script>\n<!-- \/ Yoast SEO plugin. -->","yoast_head_json":{"title":"Joseph Viola parrain du label \u00ab Je vois la vie en Vosges terroir \u00bb - Remiremont Info","robots":{"index":"index","follow":"follow","max-snippet":"max-snippet:-1","max-image-preview":"max-image-preview:large","max-video-preview":"max-video-preview:-1"},"canonical":"https:\/\/vosgesinfo.fr\/remiremontinfo\/2020\/09\/joseph-viola-parrain-label-vois-vie-vosges-terroir\/","twitter_card":"summary_large_image","twitter_title":"Joseph Viola parrain du label \u00ab Je vois la vie en Vosges terroir \u00bb - Remiremont Info","twitter_description":"J\u00e9r\u00f4me Mathieu, Pr\u00e9sident de la Chambre d\u2019Agriculture des Vosges, et Fran\u00e7ois Vannson, Pr\u00e9sident du Conseil D\u00e9partemental des Vosges, pr\u00e9senteront le [&hellip;]","twitter_image":"https:\/\/vosgesinfo.fr\/app\/uploads\/sites\/5\/2024\/09\/202009portrait-de-joseph-viola-420x420-1.jpg","twitter_creator":"@VosgesInfo88","twitter_site":"@VosgesInfo88","twitter_misc":{"\u00c9crit par":"C D","Dur\u00e9e de lecture estim\u00e9e":"1 minute"},"schema":{"@context":"https:\/\/schema.org","@graph":[{"@type":"Article","@id":"https:\/\/vosgesinfo.fr\/remiremontinfo\/2020\/09\/joseph-viola-parrain-label-vois-vie-vosges-terroir\/#article","isPartOf":{"@id":"https:\/\/vosgesinfo.fr\/remiremontinfo\/2020\/09\/joseph-viola-parrain-label-vois-vie-vosges-terroir\/"},"author":{"name":"C D","@id":"https:\/\/vosgesinfo.fr\/remiremontinfo\/#\/schema\/person\/3bfd164d5218a185b1db68655a265316"},"headline":"Joseph Viola parrain du label \u00ab Je vois la vie en Vosges terroir \u00bb","datePublished":"2020-09-09T06:02:19+00:00","dateModified":"2020-09-09T06:02:19+00:00","mainEntityOfPage":{"@id":"https:\/\/vosgesinfo.fr\/remiremontinfo\/2020\/09\/joseph-viola-parrain-label-vois-vie-vosges-terroir\/"},"wordCount":180,"commentCount":0,"publisher":{"@id":"https:\/\/vosgesinfo.fr\/remiremontinfo\/#organization"},"image":{"@id":"https:\/\/vosgesinfo.fr\/remiremontinfo\/2020\/09\/joseph-viola-parrain-label-vois-vie-vosges-terroir\/#primaryimage"},"thumbnailUrl":"https:\/\/vosgesinfo.fr\/app\/uploads\/sites\/5\/2024\/09\/202009portrait-de-joseph-viola-420x420-1.jpg","articleSection":["A la Une","Vosges"],"inLanguage":"fr-FR","potentialAction":[{"@type":"CommentAction","name":"Comment","target":["https:\/\/vosgesinfo.fr\/remiremontinfo\/2020\/09\/joseph-viola-parrain-label-vois-vie-vosges-terroir\/#respond"]}]},{"@type":"WebPage","@id":"https:\/\/vosgesinfo.fr\/remiremontinfo\/2020\/09\/joseph-viola-parrain-label-vois-vie-vosges-terroir\/","url":"https:\/\/vosgesinfo.fr\/remiremontinfo\/2020\/09\/joseph-viola-parrain-label-vois-vie-vosges-terroir\/","name":"Joseph Viola parrain du label \u00ab Je vois la vie en Vosges terroir \u00bb - Remiremont Info","isPartOf":{"@id":"https:\/\/vosgesinfo.fr\/remiremontinfo\/#website"},"primaryImageOfPage":{"@id":"https:\/\/vosgesinfo.fr\/remiremontinfo\/2020\/09\/joseph-viola-parrain-label-vois-vie-vosges-terroir\/#primaryimage"},"image":{"@id":"https:\/\/vosgesinfo.fr\/remiremontinfo\/2020\/09\/joseph-viola-parrain-label-vois-vie-vosges-terroir\/#primaryimage"},"thumbnailUrl":"https:\/\/vosgesinfo.fr\/app\/uploads\/sites\/5\/2024\/09\/202009portrait-de-joseph-viola-420x420-1.jpg","datePublished":"2020-09-09T06:02:19+00:00","dateModified":"2020-09-09T06:02:19+00:00","breadcrumb":{"@id":"https:\/\/vosgesinfo.fr\/remiremontinfo\/2020\/09\/joseph-viola-parrain-label-vois-vie-vosges-terroir\/#breadcrumb"},"inLanguage":"fr-FR","potentialAction":[{"@type":"ReadAction","target":["https:\/\/vosgesinfo.fr\/remiremontinfo\/2020\/09\/joseph-viola-parrain-label-vois-vie-vosges-terroir\/"]}]},{"@type":"ImageObject","inLanguage":"fr-FR","@id":"https:\/\/vosgesinfo.fr\/remiremontinfo\/2020\/09\/joseph-viola-parrain-label-vois-vie-vosges-terroir\/#primaryimage","url":"https:\/\/vosgesinfo.fr\/app\/uploads\/sites\/5\/2024\/09\/202009portrait-de-joseph-viola-420x420-1.jpg","contentUrl":"https:\/\/vosgesinfo.fr\/app\/uploads\/sites\/5\/2024\/09\/202009portrait-de-joseph-viola-420x420-1.jpg","width":420,"height":420},{"@type":"BreadcrumbList","@id":"https:\/\/vosgesinfo.fr\/remiremontinfo\/2020\/09\/joseph-viola-parrain-label-vois-vie-vosges-terroir\/#breadcrumb","itemListElement":[{"@type":"ListItem","position":1,"name":"Home","item":"https:\/\/vosgesinfo.fr\/remiremontinfo\/"},{"@type":"ListItem","position":2,"name":"Joseph Viola parrain du label \u00ab Je vois la vie en Vosges terroir \u00bb"}]},{"@type":"WebSite","@id":"https:\/\/vosgesinfo.fr\/remiremontinfo\/#website","url":"https:\/\/vosgesinfo.fr\/remiremontinfo\/","name":"Remiremont Info","description":"Toute l&#039;actualit\u00e9 de Remiremont","publisher":{"@id":"https:\/\/vosgesinfo.fr\/remiremontinfo\/#organization"},"alternateName":"Toute l'actualit\u00e9 de Remiremont","potentialAction":[{"@type":"SearchAction","target":{"@type":"EntryPoint","urlTemplate":"https:\/\/vosgesinfo.fr\/remiremontinfo\/?s={search_term_string}"},"query-input":"required name=search_term_string"}],"inLanguage":"fr-FR"},{"@type":"Organization","@id":"https:\/\/vosgesinfo.fr\/remiremontinfo\/#organization","name":"Remiremont Info","url":"https:\/\/vosgesinfo.fr\/remiremontinfo\/","logo":{"@type":"ImageObject","inLanguage":"fr-FR","@id":"https:\/\/vosgesinfo.fr\/remiremontinfo\/#\/schema\/logo\/image\/","url":"https:\/\/vosgesinfo.fr\/app\/uploads\/sites\/5\/2023\/08\/favicon-remiremontinfo.png","contentUrl":"https:\/\/vosgesinfo.fr\/app\/uploads\/sites\/5\/2023\/08\/favicon-remiremontinfo.png","width":512,"height":512,"caption":"Remiremont Info"},"image":{"@id":"https:\/\/vosgesinfo.fr\/remiremontinfo\/#\/schema\/logo\/image\/"},"sameAs":["https:\/\/www.facebook.com\/remiremontinfo","https:\/\/x.com\/VosgesInfo88","https:\/\/www.youtube.com\/@vosgesinfo"]},{"@type":"Person","@id":"https:\/\/vosgesinfo.fr\/remiremontinfo\/#\/schema\/person\/3bfd164d5218a185b1db68655a265316","name":"C D","image":{"@type":"ImageObject","inLanguage":"fr-FR","@id":"https:\/\/vosgesinfo.fr\/remiremontinfo\/#\/schema\/person\/image\/","url":"https:\/\/secure.gravatar.com\/avatar\/1f9a70007336511a47468b8f1c66f922b8b7cf617b02a31149ada43893a5d48f?s=96&d=mm&r=g","contentUrl":"https:\/\/secure.gravatar.com\/avatar\/1f9a70007336511a47468b8f1c66f922b8b7cf617b02a31149ada43893a5d48f?s=96&d=mm&r=g","caption":"C D"},"url":"https:\/\/vosgesinfo.fr\/remiremontinfo\/author\/cedric-drevet\/"}]}},"_links":{"self":[{"href":"https:\/\/vosgesinfo.fr\/remiremontinfo\/wp-json\/wp\/v2\/posts\/31046","targetHints":{"allow":["GET"]}}],"collection":[{"href":"https:\/\/vosgesinfo.fr\/remiremontinfo\/wp-json\/wp\/v2\/posts"}],"about":[{"href":"https:\/\/vosgesinfo.fr\/remiremontinfo\/wp-json\/wp\/v2\/types\/post"}],"author":[{"embeddable":true,"href":"https:\/\/vosgesinfo.fr\/remiremontinfo\/wp-json\/wp\/v2\/users\/407"}],"replies":[{"embeddable":true,"href":"https:\/\/vosgesinfo.fr\/remiremontinfo\/wp-json\/wp\/v2\/comments?post=31046"}],"version-history":[{"count":0,"href":"https:\/\/vosgesinfo.fr\/remiremontinfo\/wp-json\/wp\/v2\/posts\/31046\/revisions"}],"wp:featuredmedia":[{"embeddable":true,"href":"https:\/\/vosgesinfo.fr\/remiremontinfo\/wp-json\/wp\/v2\/media\/31047"}],"wp:attachment":[{"href":"https:\/\/vosgesinfo.fr\/remiremontinfo\/wp-json\/wp\/v2\/media?parent=31046"}],"wp:term":[{"taxonomy":"category","embeddable":true,"href":"https:\/\/vosgesinfo.fr\/remiremontinfo\/wp-json\/wp\/v2\/categories?post=31046"},{"taxonomy":"post_tag","embeddable":true,"href":"https:\/\/vosgesinfo.fr\/remiremontinfo\/wp-json\/wp\/v2\/tags?post=31046"}],"curies":[{"name":"wp","href":"https:\/\/api.w.org\/{rel}","templated":true}]}}