{"id":31157,"date":"2020-09-12T07:27:05","date_gmt":"2020-09-12T05:27:05","guid":{"rendered":"https:\/\/vosgesinfo.fr\/remiremontinfo\/2020\/09\/remiremont-colloque-saintetes-vosgiennes-lance\/"},"modified":"2020-09-12T07:27:05","modified_gmt":"2020-09-12T05:27:05","slug":"remiremont-colloque-saintetes-vosgiennes-lance","status":"publish","type":"post","link":"https:\/\/vosgesinfo.fr\/remiremontinfo\/2020\/09\/remiremont-colloque-saintetes-vosgiennes-lance\/","title":{"rendered":"Remiremont : le colloque sur les \u00ab saintet\u00e9s vosgiennes \u00bb est lanc\u00e9"},"content":{"rendered":"\n<h2><span style=\"font-size: 12pt;\"><strong><a href=\"http:\/\/www.saint-mont-1400ans.fr\/\">Un colloque\u00a0a lieu \u00e0 Remiremont<\/a>\u00a0ce samedi 12 septembre, de 9 h 30 \u00e0 17 h au Centre culturel Gilbert Zaug, dans le cadre du 1400e anniversaire de la cr\u00e9ation d\u2019un monast\u00e8re f\u00e9minin vers 620 sur le Saint-Mont. Ce colloque a pour th\u00e8me : Saintet\u00e9s vosgiennes, construction, reconstruction, et est plac\u00e9 sous la direction scientifique de Philippe Martin, professeur \u00e0 l\u2019Universit\u00e9 de Lyon 2. L&rsquo;entr\u00e9e est libre et gratuite. Des livres historiques sont en vente sur place.<\/strong><\/span><\/h2>\n<p>Il est des lieux, en Lorraine comme ailleurs, o\u00f9 souffle l\u2019esprit, des lieux qui naturellement attirent femmes et hommes \u00e9pris de v\u00e9rit\u00e9, de foi et de solitude. Dans les Vosges, au carrefour de deux vall\u00e9es, le Saint-Mont \u2013 avec ses fondateurs : Romaric, Am\u00e9, Claire, Gerbetrude et Sabine et ses religieux \u2013 est \u00e0 l\u2019origine d\u2019une christianisation locale qui depuis le VIIe si\u00e8cle s\u2019est propag\u00e9e sur un large territoire. Au cours des si\u00e8cles suivants, l\u2019\u00e9closion de la saintet\u00e9 se fait \u00e0 tout moment. Ainsi de Jeanne d\u2019Arc, h\u00e9ro\u00efne de la guerre de Cent Ans, canonis\u00e9e en 1920, de saint Pierre Fourier (1565-1640) ou de Joseph Formet (1724-1784), dit Fr\u00e8re Joseph, l\u2019ermite de Ventron\u2026<\/p>\n<p>Les saints vosgiens sont mobilis\u00e9s pour toutes les causes. Ils suscitent d\u2019abord la pi\u00e9t\u00e9. Comme partout, ils manifestent des vertus. Ce sont des mod\u00e8les \u00e0 imiter. Le message de foi et de vie qu\u2019ils d\u00e9livrent est sans cesse renouvel\u00e9 tant il doit correspondre \u00e0 l\u2019\u00e9poque de ceux qui l\u2019\u00e9coute. Le fonds du r\u00e9cit est toujours le m\u00eame, mais la pastorale qui le porte est actualis\u00e9e. De grandes c\u00e9r\u00e9monies sont n\u00e9es pour les honorer, la plus c\u00e9l\u00e8bre \u00e9tant celle des Kyriol\u00e9s de Remiremont. Ces saints sont bien ancr\u00e9s dans le terroir. Ce colloque revient donc sur quinze si\u00e8cles de saintet\u00e9. Il montre comment les histoires sont sans cesse r\u00e9invent\u00e9es, comment elles appuient toujours de nouvelles causes\u2026 Il nous pr\u00e9sente donc une saintet\u00e9 toujours contemporaine.<\/p>\n<p>Voici le programme de la journ\u00e9e :<\/p>\n<p style=\"text-align: center;\"><a href=\"\/2020\/09\/Annotation-2020-09-08-1140391.png\"><img decoding=\"async\" class=\"alignnone size-full wp-image-295414\" src=\"\/2020\/09\/Annotation-2020-09-08-1140391.png\" alt=\"Annotation-2020-09-08-114039\" width=\"486\" height=\"681\" \/><\/a><\/p>\n","protected":false},"excerpt":{"rendered":"<p>Un colloque\u00a0a lieu \u00e0 Remiremont\u00a0ce samedi 12 septembre, de 9 h 30 \u00e0 17 h au Centre culturel Gilbert Zaug, [&hellip;]<\/p>\n","protected":false},"author":407,"featured_media":31158,"comment_status":"open","ping_status":"open","sticky":false,"template":"","format":"standard","meta":{"footnotes":""},"categories":[26,86,1556,35],"tags":[],"class_list":["post-31157","post","type-post","status-publish","format-standard","has-post-thumbnail","hentry","category-a-la-une","category-histoire","category-remiremont-remiremont-son-canton-2","category-remiremont-son-canton"],"acf":[],"yoast_head":"<!-- This site is optimized with the Yoast SEO plugin v22.5 - https:\/\/yoast.com\/wordpress\/plugins\/seo\/ -->\n<title>Remiremont : le colloque sur les \u00ab saintet\u00e9s vosgiennes \u00bb est lanc\u00e9 - Remiremont Info<\/title>\n<meta name=\"robots\" content=\"index, follow, max-snippet:-1, max-image-preview:large, max-video-preview:-1\" \/>\n<link rel=\"canonical\" href=\"https:\/\/vosgesinfo.fr\/remiremontinfo\/2020\/09\/remiremont-colloque-saintetes-vosgiennes-lance\/\" \/>\n<meta name=\"twitter:card\" content=\"summary_large_image\" \/>\n<meta name=\"twitter:title\" content=\"Remiremont : le colloque sur les \u00ab saintet\u00e9s vosgiennes \u00bb est lanc\u00e9 - Remiremont Info\" \/>\n<meta name=\"twitter:description\" content=\"Un colloque\u00a0a lieu \u00e0 Remiremont\u00a0ce samedi 12 septembre, de 9 h 30 \u00e0 17 h au Centre culturel Gilbert Zaug, [&hellip;]\" \/>\n<meta name=\"twitter:image\" content=\"https:\/\/vosgesinfo.fr\/app\/uploads\/sites\/5\/2024\/09\/202009dsc-08051.jpg\" \/>\n<meta name=\"twitter:creator\" content=\"@VosgesInfo88\" \/>\n<meta name=\"twitter:site\" content=\"@VosgesInfo88\" \/>\n<meta name=\"twitter:label1\" content=\"\u00c9crit par\" \/>\n\t<meta name=\"twitter:data1\" content=\"C D\" \/>\n\t<meta name=\"twitter:label2\" content=\"Dur\u00e9e de lecture estim\u00e9e\" \/>\n\t<meta name=\"twitter:data2\" content=\"2 minutes\" \/>\n<script type=\"application\/ld+json\" class=\"yoast-schema-graph\">{\"@context\":\"https:\/\/schema.org\",\"@graph\":[{\"@type\":\"Article\",\"@id\":\"https:\/\/vosgesinfo.fr\/remiremontinfo\/2020\/09\/remiremont-colloque-saintetes-vosgiennes-lance\/#article\",\"isPartOf\":{\"@id\":\"https:\/\/vosgesinfo.fr\/remiremontinfo\/2020\/09\/remiremont-colloque-saintetes-vosgiennes-lance\/\"},\"author\":{\"name\":\"C D\",\"@id\":\"https:\/\/vosgesinfo.fr\/remiremontinfo\/#\/schema\/person\/3bfd164d5218a185b1db68655a265316\"},\"headline\":\"Remiremont : le colloque sur les \u00ab saintet\u00e9s vosgiennes \u00bb est lanc\u00e9\",\"datePublished\":\"2020-09-12T05:27:05+00:00\",\"dateModified\":\"2020-09-12T05:27:05+00:00\",\"mainEntityOfPage\":{\"@id\":\"https:\/\/vosgesinfo.fr\/remiremontinfo\/2020\/09\/remiremont-colloque-saintetes-vosgiennes-lance\/\"},\"wordCount\":368,\"commentCount\":0,\"publisher\":{\"@id\":\"https:\/\/vosgesinfo.fr\/remiremontinfo\/#organization\"},\"image\":{\"@id\":\"https:\/\/vosgesinfo.fr\/remiremontinfo\/2020\/09\/remiremont-colloque-saintetes-vosgiennes-lance\/#primaryimage\"},\"thumbnailUrl\":\"https:\/\/vosgesinfo.fr\/app\/uploads\/sites\/5\/2024\/09\/202009dsc-08051.jpg\",\"articleSection\":[\"A la Une\",\"Histoire\",\"Remiremont\",\"Remiremont &amp; son canton\"],\"inLanguage\":\"fr-FR\",\"potentialAction\":[{\"@type\":\"CommentAction\",\"name\":\"Comment\",\"target\":[\"https:\/\/vosgesinfo.fr\/remiremontinfo\/2020\/09\/remiremont-colloque-saintetes-vosgiennes-lance\/#respond\"]}]},{\"@type\":\"WebPage\",\"@id\":\"https:\/\/vosgesinfo.fr\/remiremontinfo\/2020\/09\/remiremont-colloque-saintetes-vosgiennes-lance\/\",\"url\":\"https:\/\/vosgesinfo.fr\/remiremontinfo\/2020\/09\/remiremont-colloque-saintetes-vosgiennes-lance\/\",\"name\":\"Remiremont : le colloque sur les \u00ab saintet\u00e9s vosgiennes \u00bb est lanc\u00e9 - Remiremont Info\",\"isPartOf\":{\"@id\":\"https:\/\/vosgesinfo.fr\/remiremontinfo\/#website\"},\"primaryImageOfPage\":{\"@id\":\"https:\/\/vosgesinfo.fr\/remiremontinfo\/2020\/09\/remiremont-colloque-saintetes-vosgiennes-lance\/#primaryimage\"},\"image\":{\"@id\":\"https:\/\/vosgesinfo.fr\/remiremontinfo\/2020\/09\/remiremont-colloque-saintetes-vosgiennes-lance\/#primaryimage\"},\"thumbnailUrl\":\"https:\/\/vosgesinfo.fr\/app\/uploads\/sites\/5\/2024\/09\/202009dsc-08051.jpg\",\"datePublished\":\"2020-09-12T05:27:05+00:00\",\"dateModified\":\"2020-09-12T05:27:05+00:00\",\"breadcrumb\":{\"@id\":\"https:\/\/vosgesinfo.fr\/remiremontinfo\/2020\/09\/remiremont-colloque-saintetes-vosgiennes-lance\/#breadcrumb\"},\"inLanguage\":\"fr-FR\",\"potentialAction\":[{\"@type\":\"ReadAction\",\"target\":[\"https:\/\/vosgesinfo.fr\/remiremontinfo\/2020\/09\/remiremont-colloque-saintetes-vosgiennes-lance\/\"]}]},{\"@type\":\"ImageObject\",\"inLanguage\":\"fr-FR\",\"@id\":\"https:\/\/vosgesinfo.fr\/remiremontinfo\/2020\/09\/remiremont-colloque-saintetes-vosgiennes-lance\/#primaryimage\",\"url\":\"https:\/\/vosgesinfo.fr\/app\/uploads\/sites\/5\/2024\/09\/202009dsc-08051.jpg\",\"contentUrl\":\"https:\/\/vosgesinfo.fr\/app\/uploads\/sites\/5\/2024\/09\/202009dsc-08051.jpg\",\"width\":800,\"height\":532},{\"@type\":\"BreadcrumbList\",\"@id\":\"https:\/\/vosgesinfo.fr\/remiremontinfo\/2020\/09\/remiremont-colloque-saintetes-vosgiennes-lance\/#breadcrumb\",\"itemListElement\":[{\"@type\":\"ListItem\",\"position\":1,\"name\":\"Home\",\"item\":\"https:\/\/vosgesinfo.fr\/remiremontinfo\/\"},{\"@type\":\"ListItem\",\"position\":2,\"name\":\"Remiremont : le colloque sur les \u00ab saintet\u00e9s vosgiennes \u00bb est lanc\u00e9\"}]},{\"@type\":\"WebSite\",\"@id\":\"https:\/\/vosgesinfo.fr\/remiremontinfo\/#website\",\"url\":\"https:\/\/vosgesinfo.fr\/remiremontinfo\/\",\"name\":\"Remiremont Info\",\"description\":\"Toute l&#039;actualit\u00e9 de Remiremont\",\"publisher\":{\"@id\":\"https:\/\/vosgesinfo.fr\/remiremontinfo\/#organization\"},\"alternateName\":\"Toute l'actualit\u00e9 de Remiremont\",\"potentialAction\":[{\"@type\":\"SearchAction\",\"target\":{\"@type\":\"EntryPoint\",\"urlTemplate\":\"https:\/\/vosgesinfo.fr\/remiremontinfo\/?s={search_term_string}\"},\"query-input\":\"required name=search_term_string\"}],\"inLanguage\":\"fr-FR\"},{\"@type\":\"Organization\",\"@id\":\"https:\/\/vosgesinfo.fr\/remiremontinfo\/#organization\",\"name\":\"Remiremont Info\",\"url\":\"https:\/\/vosgesinfo.fr\/remiremontinfo\/\",\"logo\":{\"@type\":\"ImageObject\",\"inLanguage\":\"fr-FR\",\"@id\":\"https:\/\/vosgesinfo.fr\/remiremontinfo\/#\/schema\/logo\/image\/\",\"url\":\"https:\/\/vosgesinfo.fr\/app\/uploads\/sites\/5\/2023\/08\/favicon-remiremontinfo.png\",\"contentUrl\":\"https:\/\/vosgesinfo.fr\/app\/uploads\/sites\/5\/2023\/08\/favicon-remiremontinfo.png\",\"width\":512,\"height\":512,\"caption\":\"Remiremont Info\"},\"image\":{\"@id\":\"https:\/\/vosgesinfo.fr\/remiremontinfo\/#\/schema\/logo\/image\/\"},\"sameAs\":[\"https:\/\/www.facebook.com\/remiremontinfo\",\"https:\/\/x.com\/VosgesInfo88\",\"https:\/\/www.youtube.com\/@vosgesinfo\"]},{\"@type\":\"Person\",\"@id\":\"https:\/\/vosgesinfo.fr\/remiremontinfo\/#\/schema\/person\/3bfd164d5218a185b1db68655a265316\",\"name\":\"C D\",\"image\":{\"@type\":\"ImageObject\",\"inLanguage\":\"fr-FR\",\"@id\":\"https:\/\/vosgesinfo.fr\/remiremontinfo\/#\/schema\/person\/image\/\",\"url\":\"https:\/\/secure.gravatar.com\/avatar\/1f9a70007336511a47468b8f1c66f922b8b7cf617b02a31149ada43893a5d48f?s=96&d=mm&r=g\",\"contentUrl\":\"https:\/\/secure.gravatar.com\/avatar\/1f9a70007336511a47468b8f1c66f922b8b7cf617b02a31149ada43893a5d48f?s=96&d=mm&r=g\",\"caption\":\"C D\"},\"url\":\"https:\/\/vosgesinfo.fr\/remiremontinfo\/author\/cedric-drevet\/\"}]}<\/script>\n<!-- \/ Yoast SEO plugin. -->","yoast_head_json":{"title":"Remiremont : le colloque sur les \u00ab saintet\u00e9s vosgiennes \u00bb est lanc\u00e9 - Remiremont Info","robots":{"index":"index","follow":"follow","max-snippet":"max-snippet:-1","max-image-preview":"max-image-preview:large","max-video-preview":"max-video-preview:-1"},"canonical":"https:\/\/vosgesinfo.fr\/remiremontinfo\/2020\/09\/remiremont-colloque-saintetes-vosgiennes-lance\/","twitter_card":"summary_large_image","twitter_title":"Remiremont : le colloque sur les \u00ab saintet\u00e9s vosgiennes \u00bb est lanc\u00e9 - Remiremont Info","twitter_description":"Un colloque\u00a0a lieu \u00e0 Remiremont\u00a0ce samedi 12 septembre, de 9 h 30 \u00e0 17 h au Centre culturel Gilbert Zaug, [&hellip;]","twitter_image":"https:\/\/vosgesinfo.fr\/app\/uploads\/sites\/5\/2024\/09\/202009dsc-08051.jpg","twitter_creator":"@VosgesInfo88","twitter_site":"@VosgesInfo88","twitter_misc":{"\u00c9crit par":"C D","Dur\u00e9e de lecture estim\u00e9e":"2 minutes"},"schema":{"@context":"https:\/\/schema.org","@graph":[{"@type":"Article","@id":"https:\/\/vosgesinfo.fr\/remiremontinfo\/2020\/09\/remiremont-colloque-saintetes-vosgiennes-lance\/#article","isPartOf":{"@id":"https:\/\/vosgesinfo.fr\/remiremontinfo\/2020\/09\/remiremont-colloque-saintetes-vosgiennes-lance\/"},"author":{"name":"C D","@id":"https:\/\/vosgesinfo.fr\/remiremontinfo\/#\/schema\/person\/3bfd164d5218a185b1db68655a265316"},"headline":"Remiremont : le colloque sur les \u00ab saintet\u00e9s vosgiennes \u00bb est lanc\u00e9","datePublished":"2020-09-12T05:27:05+00:00","dateModified":"2020-09-12T05:27:05+00:00","mainEntityOfPage":{"@id":"https:\/\/vosgesinfo.fr\/remiremontinfo\/2020\/09\/remiremont-colloque-saintetes-vosgiennes-lance\/"},"wordCount":368,"commentCount":0,"publisher":{"@id":"https:\/\/vosgesinfo.fr\/remiremontinfo\/#organization"},"image":{"@id":"https:\/\/vosgesinfo.fr\/remiremontinfo\/2020\/09\/remiremont-colloque-saintetes-vosgiennes-lance\/#primaryimage"},"thumbnailUrl":"https:\/\/vosgesinfo.fr\/app\/uploads\/sites\/5\/2024\/09\/202009dsc-08051.jpg","articleSection":["A la Une","Histoire","Remiremont","Remiremont &amp; son canton"],"inLanguage":"fr-FR","potentialAction":[{"@type":"CommentAction","name":"Comment","target":["https:\/\/vosgesinfo.fr\/remiremontinfo\/2020\/09\/remiremont-colloque-saintetes-vosgiennes-lance\/#respond"]}]},{"@type":"WebPage","@id":"https:\/\/vosgesinfo.fr\/remiremontinfo\/2020\/09\/remiremont-colloque-saintetes-vosgiennes-lance\/","url":"https:\/\/vosgesinfo.fr\/remiremontinfo\/2020\/09\/remiremont-colloque-saintetes-vosgiennes-lance\/","name":"Remiremont : le colloque sur les \u00ab saintet\u00e9s vosgiennes \u00bb est lanc\u00e9 - Remiremont Info","isPartOf":{"@id":"https:\/\/vosgesinfo.fr\/remiremontinfo\/#website"},"primaryImageOfPage":{"@id":"https:\/\/vosgesinfo.fr\/remiremontinfo\/2020\/09\/remiremont-colloque-saintetes-vosgiennes-lance\/#primaryimage"},"image":{"@id":"https:\/\/vosgesinfo.fr\/remiremontinfo\/2020\/09\/remiremont-colloque-saintetes-vosgiennes-lance\/#primaryimage"},"thumbnailUrl":"https:\/\/vosgesinfo.fr\/app\/uploads\/sites\/5\/2024\/09\/202009dsc-08051.jpg","datePublished":"2020-09-12T05:27:05+00:00","dateModified":"2020-09-12T05:27:05+00:00","breadcrumb":{"@id":"https:\/\/vosgesinfo.fr\/remiremontinfo\/2020\/09\/remiremont-colloque-saintetes-vosgiennes-lance\/#breadcrumb"},"inLanguage":"fr-FR","potentialAction":[{"@type":"ReadAction","target":["https:\/\/vosgesinfo.fr\/remiremontinfo\/2020\/09\/remiremont-colloque-saintetes-vosgiennes-lance\/"]}]},{"@type":"ImageObject","inLanguage":"fr-FR","@id":"https:\/\/vosgesinfo.fr\/remiremontinfo\/2020\/09\/remiremont-colloque-saintetes-vosgiennes-lance\/#primaryimage","url":"https:\/\/vosgesinfo.fr\/app\/uploads\/sites\/5\/2024\/09\/202009dsc-08051.jpg","contentUrl":"https:\/\/vosgesinfo.fr\/app\/uploads\/sites\/5\/2024\/09\/202009dsc-08051.jpg","width":800,"height":532},{"@type":"BreadcrumbList","@id":"https:\/\/vosgesinfo.fr\/remiremontinfo\/2020\/09\/remiremont-colloque-saintetes-vosgiennes-lance\/#breadcrumb","itemListElement":[{"@type":"ListItem","position":1,"name":"Home","item":"https:\/\/vosgesinfo.fr\/remiremontinfo\/"},{"@type":"ListItem","position":2,"name":"Remiremont : le colloque sur les \u00ab saintet\u00e9s vosgiennes \u00bb est lanc\u00e9"}]},{"@type":"WebSite","@id":"https:\/\/vosgesinfo.fr\/remiremontinfo\/#website","url":"https:\/\/vosgesinfo.fr\/remiremontinfo\/","name":"Remiremont Info","description":"Toute l&#039;actualit\u00e9 de Remiremont","publisher":{"@id":"https:\/\/vosgesinfo.fr\/remiremontinfo\/#organization"},"alternateName":"Toute l'actualit\u00e9 de Remiremont","potentialAction":[{"@type":"SearchAction","target":{"@type":"EntryPoint","urlTemplate":"https:\/\/vosgesinfo.fr\/remiremontinfo\/?s={search_term_string}"},"query-input":"required name=search_term_string"}],"inLanguage":"fr-FR"},{"@type":"Organization","@id":"https:\/\/vosgesinfo.fr\/remiremontinfo\/#organization","name":"Remiremont Info","url":"https:\/\/vosgesinfo.fr\/remiremontinfo\/","logo":{"@type":"ImageObject","inLanguage":"fr-FR","@id":"https:\/\/vosgesinfo.fr\/remiremontinfo\/#\/schema\/logo\/image\/","url":"https:\/\/vosgesinfo.fr\/app\/uploads\/sites\/5\/2023\/08\/favicon-remiremontinfo.png","contentUrl":"https:\/\/vosgesinfo.fr\/app\/uploads\/sites\/5\/2023\/08\/favicon-remiremontinfo.png","width":512,"height":512,"caption":"Remiremont Info"},"image":{"@id":"https:\/\/vosgesinfo.fr\/remiremontinfo\/#\/schema\/logo\/image\/"},"sameAs":["https:\/\/www.facebook.com\/remiremontinfo","https:\/\/x.com\/VosgesInfo88","https:\/\/www.youtube.com\/@vosgesinfo"]},{"@type":"Person","@id":"https:\/\/vosgesinfo.fr\/remiremontinfo\/#\/schema\/person\/3bfd164d5218a185b1db68655a265316","name":"C D","image":{"@type":"ImageObject","inLanguage":"fr-FR","@id":"https:\/\/vosgesinfo.fr\/remiremontinfo\/#\/schema\/person\/image\/","url":"https:\/\/secure.gravatar.com\/avatar\/1f9a70007336511a47468b8f1c66f922b8b7cf617b02a31149ada43893a5d48f?s=96&d=mm&r=g","contentUrl":"https:\/\/secure.gravatar.com\/avatar\/1f9a70007336511a47468b8f1c66f922b8b7cf617b02a31149ada43893a5d48f?s=96&d=mm&r=g","caption":"C D"},"url":"https:\/\/vosgesinfo.fr\/remiremontinfo\/author\/cedric-drevet\/"}]}},"_links":{"self":[{"href":"https:\/\/vosgesinfo.fr\/remiremontinfo\/wp-json\/wp\/v2\/posts\/31157","targetHints":{"allow":["GET"]}}],"collection":[{"href":"https:\/\/vosgesinfo.fr\/remiremontinfo\/wp-json\/wp\/v2\/posts"}],"about":[{"href":"https:\/\/vosgesinfo.fr\/remiremontinfo\/wp-json\/wp\/v2\/types\/post"}],"author":[{"embeddable":true,"href":"https:\/\/vosgesinfo.fr\/remiremontinfo\/wp-json\/wp\/v2\/users\/407"}],"replies":[{"embeddable":true,"href":"https:\/\/vosgesinfo.fr\/remiremontinfo\/wp-json\/wp\/v2\/comments?post=31157"}],"version-history":[{"count":0,"href":"https:\/\/vosgesinfo.fr\/remiremontinfo\/wp-json\/wp\/v2\/posts\/31157\/revisions"}],"wp:featuredmedia":[{"embeddable":true,"href":"https:\/\/vosgesinfo.fr\/remiremontinfo\/wp-json\/wp\/v2\/media\/31158"}],"wp:attachment":[{"href":"https:\/\/vosgesinfo.fr\/remiremontinfo\/wp-json\/wp\/v2\/media?parent=31157"}],"wp:term":[{"taxonomy":"category","embeddable":true,"href":"https:\/\/vosgesinfo.fr\/remiremontinfo\/wp-json\/wp\/v2\/categories?post=31157"},{"taxonomy":"post_tag","embeddable":true,"href":"https:\/\/vosgesinfo.fr\/remiremontinfo\/wp-json\/wp\/v2\/tags?post=31157"}],"curies":[{"name":"wp","href":"https:\/\/api.w.org\/{rel}","templated":true}]}}