{"id":31187,"date":"2020-09-13T06:29:14","date_gmt":"2020-09-13T04:29:14","guid":{"rendered":"https:\/\/vosgesinfo.fr\/remiremontinfo\/2020\/09\/saint-nabord-top-depart-l-infernal-trail\/"},"modified":"2020-09-13T06:29:14","modified_gmt":"2020-09-13T04:29:14","slug":"saint-nabord-top-depart-l-infernal-trail","status":"publish","type":"post","link":"https:\/\/vosgesinfo.fr\/remiremontinfo\/2020\/09\/saint-nabord-top-depart-l-infernal-trail\/","title":{"rendered":"Saint-Nabord : top d\u00e9part pour l&rsquo;\u00ab Infernal Trail \u00bb"},"content":{"rendered":"\n<p><span style=\"font-size: 10pt;\"><em><span style=\"font-family: 'Times New Roman', serif;\">Captures d\u2019\u00e9cran de la page Facebook \u00ab\u00a0L&rsquo;infernal Trail des Vosges\u00a0\u00bb<\/span><\/em><\/span><\/p>\n<h2><span style=\"font-size: 12pt;\"><strong><span style=\"font-family: 'Times New Roman', serif;\">C\u2019est <\/span><span style=\"font-family: 'Times New Roman', serif;\">aujourd\u2019hui<\/span><span style=\"font-family: 'Times New Roman', serif;\"> le grand jour pour les amateurs de Trail, avec l\u2019\u00e9dition 2020 de l\u2019\u00ab Infernal Trail \u00bb des Vosges, au d\u00e9part de Saint-Nabord.\u00a0 L\u2019\u00e9v\u00e9nement est port\u00e9 par un nouveau comit\u00e9 d\u2019organisation,<\/span><span style=\"font-family: 'Times New Roman', serif;\">. Depuis ce matin, les coureurs s\u2019\u00e9lancent par petits groupes.<\/span><\/strong><\/span><\/h2>\n<p><span style=\"font-family: 'Times New Roman', serif;\">Le<\/span><span style=\"font-family: 'Times New Roman', serif;\"> programme de l\u2019\u00e9v\u00e9nement a \u00e9t\u00e9 revu. Il a \u00e9t\u00e9 d\u00e9cid\u00e9 de \u00ab trouver une formule d\u2019\u00e9preuves adapt\u00e9e \u00e0 la situation \u00bb, explique la commune de Saint-Nabord. \u00ab Adieu les chiffres vertigineux atteints par le nombre de participants des pr\u00e9c\u00e9dentes ann\u00e9es \u00bb. Ainsi, tout le monde ne pourra pas se surpasser en gravissant jusqu\u2019\u00e0 2.800 m\u00e8tres de d\u00e9nivel\u00e9s, il n\u2019y a pas de bains de boue, ni de parcours sem\u00e9 d\u2019emb\u00fbches, et le nombre de courses\u00a0est limit\u00e9 \u00e0 4 parcours.<\/span><\/p>\n<p><span style=\"font-family: 'Times New Roman', serif;\">Plusieurs courses sont propos\u00e9es, pour convenir \u00e0 chacun. \u00ab L\u2019id\u00e9e de courir 200 km n\u2019attire pas tous les amateurs de trail \u00bb, expliquent les organisateurs, \u00ab C\u2019est pourquoi L\u2019Infernal Trail des Vosges propose des distances alternatives pour les coureurs \u00bb Sur une trace moins longue, l\u2019Infernal 72 est accessible aux coureurs de trail de moyenne distance. Il n\u00e9cessite tout de m\u00eame un entra\u00eenement digne de ce nom. Cette course de pleine nature d\u2019une distance de 72 Km est la course moyenne distance de L\u2019Infernal Trail des Vosges la plus longue de cette \u00e9dition 2020. Avec 2800m de d\u00e9nivel\u00e9, elle offre des paysages \u00e0 en couper le souffle \u00e0 travers cinq communes au c\u0153ur des Vosges.<\/span><\/p>\n<p><span style=\"font-family: 'Times New Roman', serif;\">Il y aura aussi l\u2019Infernal 30. \u00ab Un bon entra\u00eenement du dimanche matin pour les confirm\u00e9s ou une vraie d\u00e9couverte du trail pour les autres \u00bb. Cette deuxi\u00e8me course, \u00ab C\u2019est une ambiance \u00e0 part enti\u00e8re avec son d\u00e9nivel\u00e9, ses sentiers bucoliques et un concentr\u00e9 de plaisir au c\u0153ur des Vosges \u00bb. Ensuite, ce sera au tour de \u00ab L\u2019infernal 100% \u00bb, qui rassemble aussi bien des coureurs amateurs que des coureurs professionnels. Lorsque l\u2019on s\u2019inscrit \u00e0 cette course, on r\u00e9alise un don \u00e0 l\u2019association \u00ab Vaincre Parkinson \u00bb. Cette \u00e9preuve de Trail ou de Marche Nordique rassemble chaque ann\u00e9e de nombreux coureurs de diff\u00e9rents horizons, qui se mobilisent pour d\u00e9fendre une cause commune. Son d\u00e9part se fera depuis la place de la mairie \u00e0 Remiremont avec une arriv\u00e9e au stade des Perrey.<\/span><\/p>\n<p><span style=\"font-family: 'Times New Roman', serif;\">Enfin, pour cette \u00e9dition sp\u00e9ciale 2020, c\u2019est un parcours unique propos\u00e9 sur 2 distances diff\u00e9rentes, pour les plus jeunes sportifs. Sur un trail de d\u00e9couverte et d\u2019initiation, \u00ab L\u2019Infernal Culottes Courtes \u00bb offre la possibilit\u00e9 aux plus jeunes \u00ab de partager les valeurs de solidarit\u00e9 et de partage au c\u0153ur de l\u2019esprit trail \u00bb. C\u2019est un v\u00e9ritable parcours d\u2019enfants disput\u00e9 sur un terrain naturel accessible \u00e0 tous, de 8 \u00e0 15 ans. Chaque participant devra prendre en compte la longueur, le d\u00e9nivel\u00e9 et la difficult\u00e9 du parcours. <\/span><\/p>\n<p><span style=\"font-family: 'Times New Roman', serif;\">Pour d\u00e9couvrir les parcours, les horaires, les d\u00e9nivel\u00e9s, et d\u2019autres infos, rendez vous ici : <a href=\"https:\/\/linfernaltraildesvosges.org\/ressources\">https:\/\/linfernaltraildesvosges.org\/ressources<\/a><\/span><\/p>\n<p><span style=\"font-family: 'Times New Roman', serif;\">Pour plus de renseignements, cliquez ici : <a href=\"https:\/\/www.facebook.com\/LinfernalTraildesVosges\">https:\/\/www.facebook.com\/LinfernalTraildesVosges<\/a> <\/span><\/p>\n","protected":false},"excerpt":{"rendered":"<p>Captures d\u2019\u00e9cran de la page Facebook \u00ab\u00a0L&rsquo;infernal Trail des Vosges\u00a0\u00bb C\u2019est aujourd\u2019hui le grand jour pour les amateurs de Trail, [&hellip;]<\/p>\n","protected":false},"author":407,"featured_media":31188,"comment_status":"open","ping_status":"open","sticky":false,"template":"","format":"standard","meta":{"footnotes":""},"categories":[26,35,100,14],"tags":[],"class_list":["post-31187","post","type-post","status-publish","format-standard","has-post-thumbnail","hentry","category-a-la-une","category-remiremont-son-canton","category-saint-nabord","category-sport"],"acf":[],"yoast_head":"<!-- This site is optimized with the Yoast SEO plugin v22.5 - https:\/\/yoast.com\/wordpress\/plugins\/seo\/ -->\n<title>Saint-Nabord : top d\u00e9part pour l&#039;\u00ab Infernal Trail \u00bb - Remiremont Info<\/title>\n<meta name=\"robots\" content=\"index, follow, max-snippet:-1, max-image-preview:large, max-video-preview:-1\" \/>\n<link rel=\"canonical\" href=\"https:\/\/vosgesinfo.fr\/remiremontinfo\/2020\/09\/saint-nabord-top-depart-l-infernal-trail\/\" \/>\n<meta name=\"twitter:card\" content=\"summary_large_image\" \/>\n<meta name=\"twitter:title\" content=\"Saint-Nabord : top d\u00e9part pour l&#039;\u00ab Infernal Trail \u00bb - Remiremont Info\" \/>\n<meta name=\"twitter:description\" content=\"Captures d\u2019\u00e9cran de la page Facebook \u00ab\u00a0L&rsquo;infernal Trail des Vosges\u00a0\u00bb C\u2019est aujourd\u2019hui le grand jour pour les amateurs de Trail, [&hellip;]\" \/>\n<meta name=\"twitter:image\" content=\"https:\/\/vosgesinfo.fr\/app\/uploads\/sites\/5\/2024\/09\/202009capture-decran-2020-09-13-091428.png\" \/>\n<meta name=\"twitter:creator\" content=\"@VosgesInfo88\" \/>\n<meta name=\"twitter:site\" content=\"@VosgesInfo88\" \/>\n<meta name=\"twitter:label1\" content=\"\u00c9crit par\" \/>\n\t<meta name=\"twitter:data1\" content=\"C D\" \/>\n\t<meta name=\"twitter:label2\" content=\"Dur\u00e9e de lecture estim\u00e9e\" \/>\n\t<meta name=\"twitter:data2\" content=\"3 minutes\" \/>\n<script type=\"application\/ld+json\" class=\"yoast-schema-graph\">{\"@context\":\"https:\/\/schema.org\",\"@graph\":[{\"@type\":\"Article\",\"@id\":\"https:\/\/vosgesinfo.fr\/remiremontinfo\/2020\/09\/saint-nabord-top-depart-l-infernal-trail\/#article\",\"isPartOf\":{\"@id\":\"https:\/\/vosgesinfo.fr\/remiremontinfo\/2020\/09\/saint-nabord-top-depart-l-infernal-trail\/\"},\"author\":{\"name\":\"C D\",\"@id\":\"https:\/\/vosgesinfo.fr\/remiremontinfo\/#\/schema\/person\/3bfd164d5218a185b1db68655a265316\"},\"headline\":\"Saint-Nabord : top d\u00e9part pour l&rsquo;\u00ab Infernal Trail \u00bb\",\"datePublished\":\"2020-09-13T04:29:14+00:00\",\"dateModified\":\"2020-09-13T04:29:14+00:00\",\"mainEntityOfPage\":{\"@id\":\"https:\/\/vosgesinfo.fr\/remiremontinfo\/2020\/09\/saint-nabord-top-depart-l-infernal-trail\/\"},\"wordCount\":540,\"commentCount\":0,\"publisher\":{\"@id\":\"https:\/\/vosgesinfo.fr\/remiremontinfo\/#organization\"},\"image\":{\"@id\":\"https:\/\/vosgesinfo.fr\/remiremontinfo\/2020\/09\/saint-nabord-top-depart-l-infernal-trail\/#primaryimage\"},\"thumbnailUrl\":\"https:\/\/vosgesinfo.fr\/app\/uploads\/sites\/5\/2024\/09\/202009capture-decran-2020-09-13-091428.png\",\"articleSection\":[\"A la Une\",\"Remiremont &amp; son canton\",\"Saint-Nabord\",\"Sport\"],\"inLanguage\":\"fr-FR\",\"potentialAction\":[{\"@type\":\"CommentAction\",\"name\":\"Comment\",\"target\":[\"https:\/\/vosgesinfo.fr\/remiremontinfo\/2020\/09\/saint-nabord-top-depart-l-infernal-trail\/#respond\"]}]},{\"@type\":\"WebPage\",\"@id\":\"https:\/\/vosgesinfo.fr\/remiremontinfo\/2020\/09\/saint-nabord-top-depart-l-infernal-trail\/\",\"url\":\"https:\/\/vosgesinfo.fr\/remiremontinfo\/2020\/09\/saint-nabord-top-depart-l-infernal-trail\/\",\"name\":\"Saint-Nabord : top d\u00e9part pour l'\u00ab Infernal Trail \u00bb - Remiremont Info\",\"isPartOf\":{\"@id\":\"https:\/\/vosgesinfo.fr\/remiremontinfo\/#website\"},\"primaryImageOfPage\":{\"@id\":\"https:\/\/vosgesinfo.fr\/remiremontinfo\/2020\/09\/saint-nabord-top-depart-l-infernal-trail\/#primaryimage\"},\"image\":{\"@id\":\"https:\/\/vosgesinfo.fr\/remiremontinfo\/2020\/09\/saint-nabord-top-depart-l-infernal-trail\/#primaryimage\"},\"thumbnailUrl\":\"https:\/\/vosgesinfo.fr\/app\/uploads\/sites\/5\/2024\/09\/202009capture-decran-2020-09-13-091428.png\",\"datePublished\":\"2020-09-13T04:29:14+00:00\",\"dateModified\":\"2020-09-13T04:29:14+00:00\",\"breadcrumb\":{\"@id\":\"https:\/\/vosgesinfo.fr\/remiremontinfo\/2020\/09\/saint-nabord-top-depart-l-infernal-trail\/#breadcrumb\"},\"inLanguage\":\"fr-FR\",\"potentialAction\":[{\"@type\":\"ReadAction\",\"target\":[\"https:\/\/vosgesinfo.fr\/remiremontinfo\/2020\/09\/saint-nabord-top-depart-l-infernal-trail\/\"]}]},{\"@type\":\"ImageObject\",\"inLanguage\":\"fr-FR\",\"@id\":\"https:\/\/vosgesinfo.fr\/remiremontinfo\/2020\/09\/saint-nabord-top-depart-l-infernal-trail\/#primaryimage\",\"url\":\"https:\/\/vosgesinfo.fr\/app\/uploads\/sites\/5\/2024\/09\/202009capture-decran-2020-09-13-091428.png\",\"contentUrl\":\"https:\/\/vosgesinfo.fr\/app\/uploads\/sites\/5\/2024\/09\/202009capture-decran-2020-09-13-091428.png\",\"width\":800,\"height\":495},{\"@type\":\"BreadcrumbList\",\"@id\":\"https:\/\/vosgesinfo.fr\/remiremontinfo\/2020\/09\/saint-nabord-top-depart-l-infernal-trail\/#breadcrumb\",\"itemListElement\":[{\"@type\":\"ListItem\",\"position\":1,\"name\":\"Home\",\"item\":\"https:\/\/vosgesinfo.fr\/remiremontinfo\/\"},{\"@type\":\"ListItem\",\"position\":2,\"name\":\"Saint-Nabord : top d\u00e9part pour l&rsquo;\u00ab Infernal Trail \u00bb\"}]},{\"@type\":\"WebSite\",\"@id\":\"https:\/\/vosgesinfo.fr\/remiremontinfo\/#website\",\"url\":\"https:\/\/vosgesinfo.fr\/remiremontinfo\/\",\"name\":\"Remiremont Info\",\"description\":\"Toute l&#039;actualit\u00e9 de Remiremont\",\"publisher\":{\"@id\":\"https:\/\/vosgesinfo.fr\/remiremontinfo\/#organization\"},\"alternateName\":\"Toute l'actualit\u00e9 de Remiremont\",\"potentialAction\":[{\"@type\":\"SearchAction\",\"target\":{\"@type\":\"EntryPoint\",\"urlTemplate\":\"https:\/\/vosgesinfo.fr\/remiremontinfo\/?s={search_term_string}\"},\"query-input\":\"required name=search_term_string\"}],\"inLanguage\":\"fr-FR\"},{\"@type\":\"Organization\",\"@id\":\"https:\/\/vosgesinfo.fr\/remiremontinfo\/#organization\",\"name\":\"Remiremont Info\",\"url\":\"https:\/\/vosgesinfo.fr\/remiremontinfo\/\",\"logo\":{\"@type\":\"ImageObject\",\"inLanguage\":\"fr-FR\",\"@id\":\"https:\/\/vosgesinfo.fr\/remiremontinfo\/#\/schema\/logo\/image\/\",\"url\":\"https:\/\/vosgesinfo.fr\/app\/uploads\/sites\/5\/2023\/08\/favicon-remiremontinfo.png\",\"contentUrl\":\"https:\/\/vosgesinfo.fr\/app\/uploads\/sites\/5\/2023\/08\/favicon-remiremontinfo.png\",\"width\":512,\"height\":512,\"caption\":\"Remiremont Info\"},\"image\":{\"@id\":\"https:\/\/vosgesinfo.fr\/remiremontinfo\/#\/schema\/logo\/image\/\"},\"sameAs\":[\"https:\/\/www.facebook.com\/remiremontinfo\",\"https:\/\/x.com\/VosgesInfo88\",\"https:\/\/www.youtube.com\/@vosgesinfo\"]},{\"@type\":\"Person\",\"@id\":\"https:\/\/vosgesinfo.fr\/remiremontinfo\/#\/schema\/person\/3bfd164d5218a185b1db68655a265316\",\"name\":\"C D\",\"image\":{\"@type\":\"ImageObject\",\"inLanguage\":\"fr-FR\",\"@id\":\"https:\/\/vosgesinfo.fr\/remiremontinfo\/#\/schema\/person\/image\/\",\"url\":\"https:\/\/secure.gravatar.com\/avatar\/1f9a70007336511a47468b8f1c66f922b8b7cf617b02a31149ada43893a5d48f?s=96&d=mm&r=g\",\"contentUrl\":\"https:\/\/secure.gravatar.com\/avatar\/1f9a70007336511a47468b8f1c66f922b8b7cf617b02a31149ada43893a5d48f?s=96&d=mm&r=g\",\"caption\":\"C D\"},\"url\":\"https:\/\/vosgesinfo.fr\/remiremontinfo\/author\/cedric-drevet\/\"}]}<\/script>\n<!-- \/ Yoast SEO plugin. -->","yoast_head_json":{"title":"Saint-Nabord : top d\u00e9part pour l'\u00ab Infernal Trail \u00bb - Remiremont Info","robots":{"index":"index","follow":"follow","max-snippet":"max-snippet:-1","max-image-preview":"max-image-preview:large","max-video-preview":"max-video-preview:-1"},"canonical":"https:\/\/vosgesinfo.fr\/remiremontinfo\/2020\/09\/saint-nabord-top-depart-l-infernal-trail\/","twitter_card":"summary_large_image","twitter_title":"Saint-Nabord : top d\u00e9part pour l'\u00ab Infernal Trail \u00bb - Remiremont Info","twitter_description":"Captures d\u2019\u00e9cran de la page Facebook \u00ab\u00a0L&rsquo;infernal Trail des Vosges\u00a0\u00bb C\u2019est aujourd\u2019hui le grand jour pour les amateurs de Trail, [&hellip;]","twitter_image":"https:\/\/vosgesinfo.fr\/app\/uploads\/sites\/5\/2024\/09\/202009capture-decran-2020-09-13-091428.png","twitter_creator":"@VosgesInfo88","twitter_site":"@VosgesInfo88","twitter_misc":{"\u00c9crit par":"C D","Dur\u00e9e de lecture estim\u00e9e":"3 minutes"},"schema":{"@context":"https:\/\/schema.org","@graph":[{"@type":"Article","@id":"https:\/\/vosgesinfo.fr\/remiremontinfo\/2020\/09\/saint-nabord-top-depart-l-infernal-trail\/#article","isPartOf":{"@id":"https:\/\/vosgesinfo.fr\/remiremontinfo\/2020\/09\/saint-nabord-top-depart-l-infernal-trail\/"},"author":{"name":"C D","@id":"https:\/\/vosgesinfo.fr\/remiremontinfo\/#\/schema\/person\/3bfd164d5218a185b1db68655a265316"},"headline":"Saint-Nabord : top d\u00e9part pour l&rsquo;\u00ab Infernal Trail \u00bb","datePublished":"2020-09-13T04:29:14+00:00","dateModified":"2020-09-13T04:29:14+00:00","mainEntityOfPage":{"@id":"https:\/\/vosgesinfo.fr\/remiremontinfo\/2020\/09\/saint-nabord-top-depart-l-infernal-trail\/"},"wordCount":540,"commentCount":0,"publisher":{"@id":"https:\/\/vosgesinfo.fr\/remiremontinfo\/#organization"},"image":{"@id":"https:\/\/vosgesinfo.fr\/remiremontinfo\/2020\/09\/saint-nabord-top-depart-l-infernal-trail\/#primaryimage"},"thumbnailUrl":"https:\/\/vosgesinfo.fr\/app\/uploads\/sites\/5\/2024\/09\/202009capture-decran-2020-09-13-091428.png","articleSection":["A la Une","Remiremont &amp; son canton","Saint-Nabord","Sport"],"inLanguage":"fr-FR","potentialAction":[{"@type":"CommentAction","name":"Comment","target":["https:\/\/vosgesinfo.fr\/remiremontinfo\/2020\/09\/saint-nabord-top-depart-l-infernal-trail\/#respond"]}]},{"@type":"WebPage","@id":"https:\/\/vosgesinfo.fr\/remiremontinfo\/2020\/09\/saint-nabord-top-depart-l-infernal-trail\/","url":"https:\/\/vosgesinfo.fr\/remiremontinfo\/2020\/09\/saint-nabord-top-depart-l-infernal-trail\/","name":"Saint-Nabord : top d\u00e9part pour l'\u00ab Infernal Trail \u00bb - Remiremont Info","isPartOf":{"@id":"https:\/\/vosgesinfo.fr\/remiremontinfo\/#website"},"primaryImageOfPage":{"@id":"https:\/\/vosgesinfo.fr\/remiremontinfo\/2020\/09\/saint-nabord-top-depart-l-infernal-trail\/#primaryimage"},"image":{"@id":"https:\/\/vosgesinfo.fr\/remiremontinfo\/2020\/09\/saint-nabord-top-depart-l-infernal-trail\/#primaryimage"},"thumbnailUrl":"https:\/\/vosgesinfo.fr\/app\/uploads\/sites\/5\/2024\/09\/202009capture-decran-2020-09-13-091428.png","datePublished":"2020-09-13T04:29:14+00:00","dateModified":"2020-09-13T04:29:14+00:00","breadcrumb":{"@id":"https:\/\/vosgesinfo.fr\/remiremontinfo\/2020\/09\/saint-nabord-top-depart-l-infernal-trail\/#breadcrumb"},"inLanguage":"fr-FR","potentialAction":[{"@type":"ReadAction","target":["https:\/\/vosgesinfo.fr\/remiremontinfo\/2020\/09\/saint-nabord-top-depart-l-infernal-trail\/"]}]},{"@type":"ImageObject","inLanguage":"fr-FR","@id":"https:\/\/vosgesinfo.fr\/remiremontinfo\/2020\/09\/saint-nabord-top-depart-l-infernal-trail\/#primaryimage","url":"https:\/\/vosgesinfo.fr\/app\/uploads\/sites\/5\/2024\/09\/202009capture-decran-2020-09-13-091428.png","contentUrl":"https:\/\/vosgesinfo.fr\/app\/uploads\/sites\/5\/2024\/09\/202009capture-decran-2020-09-13-091428.png","width":800,"height":495},{"@type":"BreadcrumbList","@id":"https:\/\/vosgesinfo.fr\/remiremontinfo\/2020\/09\/saint-nabord-top-depart-l-infernal-trail\/#breadcrumb","itemListElement":[{"@type":"ListItem","position":1,"name":"Home","item":"https:\/\/vosgesinfo.fr\/remiremontinfo\/"},{"@type":"ListItem","position":2,"name":"Saint-Nabord : top d\u00e9part pour l&rsquo;\u00ab Infernal Trail \u00bb"}]},{"@type":"WebSite","@id":"https:\/\/vosgesinfo.fr\/remiremontinfo\/#website","url":"https:\/\/vosgesinfo.fr\/remiremontinfo\/","name":"Remiremont Info","description":"Toute l&#039;actualit\u00e9 de Remiremont","publisher":{"@id":"https:\/\/vosgesinfo.fr\/remiremontinfo\/#organization"},"alternateName":"Toute l'actualit\u00e9 de Remiremont","potentialAction":[{"@type":"SearchAction","target":{"@type":"EntryPoint","urlTemplate":"https:\/\/vosgesinfo.fr\/remiremontinfo\/?s={search_term_string}"},"query-input":"required name=search_term_string"}],"inLanguage":"fr-FR"},{"@type":"Organization","@id":"https:\/\/vosgesinfo.fr\/remiremontinfo\/#organization","name":"Remiremont Info","url":"https:\/\/vosgesinfo.fr\/remiremontinfo\/","logo":{"@type":"ImageObject","inLanguage":"fr-FR","@id":"https:\/\/vosgesinfo.fr\/remiremontinfo\/#\/schema\/logo\/image\/","url":"https:\/\/vosgesinfo.fr\/app\/uploads\/sites\/5\/2023\/08\/favicon-remiremontinfo.png","contentUrl":"https:\/\/vosgesinfo.fr\/app\/uploads\/sites\/5\/2023\/08\/favicon-remiremontinfo.png","width":512,"height":512,"caption":"Remiremont Info"},"image":{"@id":"https:\/\/vosgesinfo.fr\/remiremontinfo\/#\/schema\/logo\/image\/"},"sameAs":["https:\/\/www.facebook.com\/remiremontinfo","https:\/\/x.com\/VosgesInfo88","https:\/\/www.youtube.com\/@vosgesinfo"]},{"@type":"Person","@id":"https:\/\/vosgesinfo.fr\/remiremontinfo\/#\/schema\/person\/3bfd164d5218a185b1db68655a265316","name":"C D","image":{"@type":"ImageObject","inLanguage":"fr-FR","@id":"https:\/\/vosgesinfo.fr\/remiremontinfo\/#\/schema\/person\/image\/","url":"https:\/\/secure.gravatar.com\/avatar\/1f9a70007336511a47468b8f1c66f922b8b7cf617b02a31149ada43893a5d48f?s=96&d=mm&r=g","contentUrl":"https:\/\/secure.gravatar.com\/avatar\/1f9a70007336511a47468b8f1c66f922b8b7cf617b02a31149ada43893a5d48f?s=96&d=mm&r=g","caption":"C D"},"url":"https:\/\/vosgesinfo.fr\/remiremontinfo\/author\/cedric-drevet\/"}]}},"_links":{"self":[{"href":"https:\/\/vosgesinfo.fr\/remiremontinfo\/wp-json\/wp\/v2\/posts\/31187","targetHints":{"allow":["GET"]}}],"collection":[{"href":"https:\/\/vosgesinfo.fr\/remiremontinfo\/wp-json\/wp\/v2\/posts"}],"about":[{"href":"https:\/\/vosgesinfo.fr\/remiremontinfo\/wp-json\/wp\/v2\/types\/post"}],"author":[{"embeddable":true,"href":"https:\/\/vosgesinfo.fr\/remiremontinfo\/wp-json\/wp\/v2\/users\/407"}],"replies":[{"embeddable":true,"href":"https:\/\/vosgesinfo.fr\/remiremontinfo\/wp-json\/wp\/v2\/comments?post=31187"}],"version-history":[{"count":0,"href":"https:\/\/vosgesinfo.fr\/remiremontinfo\/wp-json\/wp\/v2\/posts\/31187\/revisions"}],"wp:featuredmedia":[{"embeddable":true,"href":"https:\/\/vosgesinfo.fr\/remiremontinfo\/wp-json\/wp\/v2\/media\/31188"}],"wp:attachment":[{"href":"https:\/\/vosgesinfo.fr\/remiremontinfo\/wp-json\/wp\/v2\/media?parent=31187"}],"wp:term":[{"taxonomy":"category","embeddable":true,"href":"https:\/\/vosgesinfo.fr\/remiremontinfo\/wp-json\/wp\/v2\/categories?post=31187"},{"taxonomy":"post_tag","embeddable":true,"href":"https:\/\/vosgesinfo.fr\/remiremontinfo\/wp-json\/wp\/v2\/tags?post=31187"}],"curies":[{"name":"wp","href":"https:\/\/api.w.org\/{rel}","templated":true}]}}