{"id":31251,"date":"2020-09-15T06:00:22","date_gmt":"2020-09-15T04:00:22","guid":{"rendered":"https:\/\/vosgesinfo.fr\/remiremontinfo\/2020\/09\/football-fchm-sort-eloyes-de-coupe-de-france\/"},"modified":"2020-09-15T06:00:22","modified_gmt":"2020-09-15T04:00:22","slug":"football-fchm-sort-eloyes-de-coupe-de-france","status":"publish","type":"post","link":"https:\/\/vosgesinfo.fr\/remiremontinfo\/2020\/09\/football-fchm-sort-eloyes-de-coupe-de-france\/","title":{"rendered":"Football : le FCHM sort Eloyes de la Coupe de France"},"content":{"rendered":"\n<p>Devant un public tr\u00e8s nombreux, Le Fchm a cr\u00e9\u00e9 une petite sensation ( 2 &#8211; 1 ) en sortant Eloyes de la Coupe de France \u00e9voluant un niveau au dessus ( R3 ) au terme d&rsquo;un match h\u00e9ro\u00efque dans les courses , la combativit\u00e9\u00a0 et en d\u00e9fendant tout en solidarit\u00e9 sur chaque ballon.\u00a0 1 er but d&rsquo;Ousmane sur un exploit personnel apr\u00e8s un reuch puis 2 \u00e0 0 sur un centre millim\u00e9tr\u00e9 de S\u00e9bastien, Cl\u00e9ment termine le travail. La r\u00e9duction de l&rsquo;\u00e9cart dans les arr\u00eats de jeu donnera un peu de piment avant l&rsquo;explosion de joie\u00a0 du stade au coup de sifflet final.<\/p>\n<p>L\u2019\u00e9quipe 2 poursuit son parcours en coupe des r\u00e9serves sur le superbe Planot- Paris. Un match o\u00f9 le mot d&rsquo;ordre \u00e9tait le s\u00e9rieux contre une \u00e9quipe de Ramonchamp 2 inf\u00e9rieure en niveau. Logique respect\u00e9e avec 5 buts \u00e0 la cl\u00e9 de Thibaut, Vincent, Louis et deux de Mathieu. Un match rendu facile avec un bon d\u00e9part et rapidement 3 buts pour se mettre \u00e0 l&rsquo;abri d&rsquo;un retour.<\/p>\n<p>Match de coupe contre fc des ballons pour les U18.<br \/>\nUne entame de match interessante de nos u18 qui pour la plupart \u00e9tait leur premier match officiel dans cette cat\u00e9gorie . Face \u00e0\u00a0 une \u00e9quipe avec plus d\u2019exp\u00e9rience , les d\u00e9bats ont malgr\u00e9 tout \u00e9t\u00e9 \u00e9quilibr\u00e9 pendant longtemps et notamment gr\u00e2ce \u00e0 un \u00e9tat d\u2019esprit et une solidarit\u00e9 qui va \u00eatre utile tout au long de la saison!<br \/>\nD\u00e9faite 2-0 mais avec beaucoup de choses positives malgr\u00e9 le r\u00e9sultat n\u00e9gatif , place au championnat la semaine prochaine avec un d\u00e9placement \u00e0 raon l\u2019\u00e9tape.<\/p>\n<p>Pour finir cette tr\u00e8s belle apr\u00e8s-midi ensoleill\u00e9e,\u00a0 nos U15 avait rendez vous au tholy pour le premier tour de coupe. Un match accroch\u00e9 o\u00f9 ils manquent de r\u00e9alisme.\u00a0 Sur leur seul occasion le tholy ouvre le score. En deuxi\u00e8me mi temps nos joueurs font preuve d&rsquo;un tr\u00e8s gros caract\u00e8re.\u00a0 Ils reviennent au score sur coup franc. Tout le groupe montre un tr\u00e8s beau visage de courage et de solidarit\u00e9.\u00a0 Le match s&rsquo;\u00e9quilibre sans basculer. Porter par leurs coachs nos joueurs donnent tout ce qu&rsquo;ils ont pour aller aux penaltys. Enfin la d\u00e9livrance. Il gagne ce match par 5-3 aux tirs au but. La qualification est dans la poche. F\u00e9licitation \u00e0 tous le groupes et aux coachs.<\/p>\n<p>Les U13 jouaient \u00e0 domicile contre le fc des ballons en match amical. Une victoire 4-2 vient solder une tr\u00e8s bonne prestation de tout le groupe. Un petit regret tout de m\u00eame car le score devait \u00eatre plus lourd pour les visiteurs si il y aurait eu plus de r\u00e9alisme. Les coachs sont fi\u00e8rs de leur joueur et les f\u00e9licitent tous. Place \u00e0\u00a0 la coupe !<\/p>\n<p>L&rsquo;\u00e9quipe 1 U11 jouait un match amical contre leurs voisins de vagney sur le terrain synth\u00e9tique.\u00a0 Difficile d&rsquo;appr\u00e9hender cette nouvelle surface. En plus de nombreux tests ont \u00e9t\u00e9 effectu\u00e9s pour voir tous les joueurs \u00e0 diff\u00e9rents postes. Une d\u00e9fense 100% f\u00e9minine \u00e0 tenue le match nul 1-1 pendant une mi temps.<\/p>\n<p><em>FCHM<\/em><\/p>\n","protected":false},"excerpt":{"rendered":"<p>Devant un public tr\u00e8s nombreux, Le Fchm a cr\u00e9\u00e9 une petite sensation ( 2 &#8211; 1 ) en sortant Eloyes [&hellip;]<\/p>\n","protected":false},"author":407,"featured_media":31252,"comment_status":"open","ping_status":"open","sticky":false,"template":"","format":"standard","meta":{"footnotes":""},"categories":[26,14],"tags":[],"class_list":["post-31251","post","type-post","status-publish","format-standard","has-post-thumbnail","hentry","category-a-la-une","category-sport"],"acf":[],"yoast_head":"<!-- This site is optimized with the Yoast SEO plugin v22.5 - https:\/\/yoast.com\/wordpress\/plugins\/seo\/ -->\n<title>Football : le FCHM sort Eloyes de la Coupe de France - Remiremont Info<\/title>\n<meta name=\"robots\" content=\"index, follow, max-snippet:-1, max-image-preview:large, max-video-preview:-1\" \/>\n<link rel=\"canonical\" href=\"https:\/\/vosgesinfo.fr\/remiremontinfo\/2020\/09\/football-fchm-sort-eloyes-de-coupe-de-france\/\" \/>\n<meta name=\"twitter:card\" content=\"summary_large_image\" \/>\n<meta name=\"twitter:title\" content=\"Football : le FCHM sort Eloyes de la Coupe de France - Remiremont Info\" \/>\n<meta name=\"twitter:description\" content=\"Devant un public tr\u00e8s nombreux, Le Fchm a cr\u00e9\u00e9 une petite sensation ( 2 &#8211; 1 ) en sortant Eloyes [&hellip;]\" \/>\n<meta name=\"twitter:image\" content=\"https:\/\/vosgesinfo.fr\/app\/uploads\/sites\/5\/2024\/09\/202009kf1.jpg\" \/>\n<meta name=\"twitter:creator\" content=\"@VosgesInfo88\" \/>\n<meta name=\"twitter:site\" content=\"@VosgesInfo88\" \/>\n<meta name=\"twitter:label1\" content=\"\u00c9crit par\" \/>\n\t<meta name=\"twitter:data1\" content=\"C D\" \/>\n\t<meta name=\"twitter:label2\" content=\"Dur\u00e9e de lecture estim\u00e9e\" \/>\n\t<meta name=\"twitter:data2\" content=\"3 minutes\" \/>\n<script type=\"application\/ld+json\" class=\"yoast-schema-graph\">{\"@context\":\"https:\/\/schema.org\",\"@graph\":[{\"@type\":\"Article\",\"@id\":\"https:\/\/vosgesinfo.fr\/remiremontinfo\/2020\/09\/football-fchm-sort-eloyes-de-coupe-de-france\/#article\",\"isPartOf\":{\"@id\":\"https:\/\/vosgesinfo.fr\/remiremontinfo\/2020\/09\/football-fchm-sort-eloyes-de-coupe-de-france\/\"},\"author\":{\"name\":\"C D\",\"@id\":\"https:\/\/vosgesinfo.fr\/remiremontinfo\/#\/schema\/person\/3bfd164d5218a185b1db68655a265316\"},\"headline\":\"Football : le FCHM sort Eloyes de la Coupe de France\",\"datePublished\":\"2020-09-15T04:00:22+00:00\",\"dateModified\":\"2020-09-15T04:00:22+00:00\",\"mainEntityOfPage\":{\"@id\":\"https:\/\/vosgesinfo.fr\/remiremontinfo\/2020\/09\/football-fchm-sort-eloyes-de-coupe-de-france\/\"},\"wordCount\":544,\"commentCount\":0,\"publisher\":{\"@id\":\"https:\/\/vosgesinfo.fr\/remiremontinfo\/#organization\"},\"image\":{\"@id\":\"https:\/\/vosgesinfo.fr\/remiremontinfo\/2020\/09\/football-fchm-sort-eloyes-de-coupe-de-france\/#primaryimage\"},\"thumbnailUrl\":\"https:\/\/vosgesinfo.fr\/app\/uploads\/sites\/5\/2024\/09\/202009kf1.jpg\",\"articleSection\":[\"A la Une\",\"Sport\"],\"inLanguage\":\"fr-FR\",\"potentialAction\":[{\"@type\":\"CommentAction\",\"name\":\"Comment\",\"target\":[\"https:\/\/vosgesinfo.fr\/remiremontinfo\/2020\/09\/football-fchm-sort-eloyes-de-coupe-de-france\/#respond\"]}]},{\"@type\":\"WebPage\",\"@id\":\"https:\/\/vosgesinfo.fr\/remiremontinfo\/2020\/09\/football-fchm-sort-eloyes-de-coupe-de-france\/\",\"url\":\"https:\/\/vosgesinfo.fr\/remiremontinfo\/2020\/09\/football-fchm-sort-eloyes-de-coupe-de-france\/\",\"name\":\"Football : le FCHM sort Eloyes de la Coupe de France - Remiremont Info\",\"isPartOf\":{\"@id\":\"https:\/\/vosgesinfo.fr\/remiremontinfo\/#website\"},\"primaryImageOfPage\":{\"@id\":\"https:\/\/vosgesinfo.fr\/remiremontinfo\/2020\/09\/football-fchm-sort-eloyes-de-coupe-de-france\/#primaryimage\"},\"image\":{\"@id\":\"https:\/\/vosgesinfo.fr\/remiremontinfo\/2020\/09\/football-fchm-sort-eloyes-de-coupe-de-france\/#primaryimage\"},\"thumbnailUrl\":\"https:\/\/vosgesinfo.fr\/app\/uploads\/sites\/5\/2024\/09\/202009kf1.jpg\",\"datePublished\":\"2020-09-15T04:00:22+00:00\",\"dateModified\":\"2020-09-15T04:00:22+00:00\",\"breadcrumb\":{\"@id\":\"https:\/\/vosgesinfo.fr\/remiremontinfo\/2020\/09\/football-fchm-sort-eloyes-de-coupe-de-france\/#breadcrumb\"},\"inLanguage\":\"fr-FR\",\"potentialAction\":[{\"@type\":\"ReadAction\",\"target\":[\"https:\/\/vosgesinfo.fr\/remiremontinfo\/2020\/09\/football-fchm-sort-eloyes-de-coupe-de-france\/\"]}]},{\"@type\":\"ImageObject\",\"inLanguage\":\"fr-FR\",\"@id\":\"https:\/\/vosgesinfo.fr\/remiremontinfo\/2020\/09\/football-fchm-sort-eloyes-de-coupe-de-france\/#primaryimage\",\"url\":\"https:\/\/vosgesinfo.fr\/app\/uploads\/sites\/5\/2024\/09\/202009kf1.jpg\",\"contentUrl\":\"https:\/\/vosgesinfo.fr\/app\/uploads\/sites\/5\/2024\/09\/202009kf1.jpg\",\"width\":800,\"height\":601},{\"@type\":\"BreadcrumbList\",\"@id\":\"https:\/\/vosgesinfo.fr\/remiremontinfo\/2020\/09\/football-fchm-sort-eloyes-de-coupe-de-france\/#breadcrumb\",\"itemListElement\":[{\"@type\":\"ListItem\",\"position\":1,\"name\":\"Home\",\"item\":\"https:\/\/vosgesinfo.fr\/remiremontinfo\/\"},{\"@type\":\"ListItem\",\"position\":2,\"name\":\"Football : le FCHM sort Eloyes de la Coupe de France\"}]},{\"@type\":\"WebSite\",\"@id\":\"https:\/\/vosgesinfo.fr\/remiremontinfo\/#website\",\"url\":\"https:\/\/vosgesinfo.fr\/remiremontinfo\/\",\"name\":\"Remiremont Info\",\"description\":\"Toute l&#039;actualit\u00e9 de Remiremont\",\"publisher\":{\"@id\":\"https:\/\/vosgesinfo.fr\/remiremontinfo\/#organization\"},\"alternateName\":\"Toute l'actualit\u00e9 de Remiremont\",\"potentialAction\":[{\"@type\":\"SearchAction\",\"target\":{\"@type\":\"EntryPoint\",\"urlTemplate\":\"https:\/\/vosgesinfo.fr\/remiremontinfo\/?s={search_term_string}\"},\"query-input\":\"required name=search_term_string\"}],\"inLanguage\":\"fr-FR\"},{\"@type\":\"Organization\",\"@id\":\"https:\/\/vosgesinfo.fr\/remiremontinfo\/#organization\",\"name\":\"Remiremont Info\",\"url\":\"https:\/\/vosgesinfo.fr\/remiremontinfo\/\",\"logo\":{\"@type\":\"ImageObject\",\"inLanguage\":\"fr-FR\",\"@id\":\"https:\/\/vosgesinfo.fr\/remiremontinfo\/#\/schema\/logo\/image\/\",\"url\":\"https:\/\/vosgesinfo.fr\/app\/uploads\/sites\/5\/2023\/08\/favicon-remiremontinfo.png\",\"contentUrl\":\"https:\/\/vosgesinfo.fr\/app\/uploads\/sites\/5\/2023\/08\/favicon-remiremontinfo.png\",\"width\":512,\"height\":512,\"caption\":\"Remiremont Info\"},\"image\":{\"@id\":\"https:\/\/vosgesinfo.fr\/remiremontinfo\/#\/schema\/logo\/image\/\"},\"sameAs\":[\"https:\/\/www.facebook.com\/remiremontinfo\",\"https:\/\/x.com\/VosgesInfo88\",\"https:\/\/www.youtube.com\/@vosgesinfo\"]},{\"@type\":\"Person\",\"@id\":\"https:\/\/vosgesinfo.fr\/remiremontinfo\/#\/schema\/person\/3bfd164d5218a185b1db68655a265316\",\"name\":\"C D\",\"image\":{\"@type\":\"ImageObject\",\"inLanguage\":\"fr-FR\",\"@id\":\"https:\/\/vosgesinfo.fr\/remiremontinfo\/#\/schema\/person\/image\/\",\"url\":\"https:\/\/secure.gravatar.com\/avatar\/1f9a70007336511a47468b8f1c66f922b8b7cf617b02a31149ada43893a5d48f?s=96&d=mm&r=g\",\"contentUrl\":\"https:\/\/secure.gravatar.com\/avatar\/1f9a70007336511a47468b8f1c66f922b8b7cf617b02a31149ada43893a5d48f?s=96&d=mm&r=g\",\"caption\":\"C D\"},\"url\":\"https:\/\/vosgesinfo.fr\/remiremontinfo\/author\/cedric-drevet\/\"}]}<\/script>\n<!-- \/ Yoast SEO plugin. -->","yoast_head_json":{"title":"Football : le FCHM sort Eloyes de la Coupe de France - Remiremont Info","robots":{"index":"index","follow":"follow","max-snippet":"max-snippet:-1","max-image-preview":"max-image-preview:large","max-video-preview":"max-video-preview:-1"},"canonical":"https:\/\/vosgesinfo.fr\/remiremontinfo\/2020\/09\/football-fchm-sort-eloyes-de-coupe-de-france\/","twitter_card":"summary_large_image","twitter_title":"Football : le FCHM sort Eloyes de la Coupe de France - Remiremont Info","twitter_description":"Devant un public tr\u00e8s nombreux, Le Fchm a cr\u00e9\u00e9 une petite sensation ( 2 &#8211; 1 ) en sortant Eloyes [&hellip;]","twitter_image":"https:\/\/vosgesinfo.fr\/app\/uploads\/sites\/5\/2024\/09\/202009kf1.jpg","twitter_creator":"@VosgesInfo88","twitter_site":"@VosgesInfo88","twitter_misc":{"\u00c9crit par":"C D","Dur\u00e9e de lecture estim\u00e9e":"3 minutes"},"schema":{"@context":"https:\/\/schema.org","@graph":[{"@type":"Article","@id":"https:\/\/vosgesinfo.fr\/remiremontinfo\/2020\/09\/football-fchm-sort-eloyes-de-coupe-de-france\/#article","isPartOf":{"@id":"https:\/\/vosgesinfo.fr\/remiremontinfo\/2020\/09\/football-fchm-sort-eloyes-de-coupe-de-france\/"},"author":{"name":"C D","@id":"https:\/\/vosgesinfo.fr\/remiremontinfo\/#\/schema\/person\/3bfd164d5218a185b1db68655a265316"},"headline":"Football : le FCHM sort Eloyes de la Coupe de France","datePublished":"2020-09-15T04:00:22+00:00","dateModified":"2020-09-15T04:00:22+00:00","mainEntityOfPage":{"@id":"https:\/\/vosgesinfo.fr\/remiremontinfo\/2020\/09\/football-fchm-sort-eloyes-de-coupe-de-france\/"},"wordCount":544,"commentCount":0,"publisher":{"@id":"https:\/\/vosgesinfo.fr\/remiremontinfo\/#organization"},"image":{"@id":"https:\/\/vosgesinfo.fr\/remiremontinfo\/2020\/09\/football-fchm-sort-eloyes-de-coupe-de-france\/#primaryimage"},"thumbnailUrl":"https:\/\/vosgesinfo.fr\/app\/uploads\/sites\/5\/2024\/09\/202009kf1.jpg","articleSection":["A la Une","Sport"],"inLanguage":"fr-FR","potentialAction":[{"@type":"CommentAction","name":"Comment","target":["https:\/\/vosgesinfo.fr\/remiremontinfo\/2020\/09\/football-fchm-sort-eloyes-de-coupe-de-france\/#respond"]}]},{"@type":"WebPage","@id":"https:\/\/vosgesinfo.fr\/remiremontinfo\/2020\/09\/football-fchm-sort-eloyes-de-coupe-de-france\/","url":"https:\/\/vosgesinfo.fr\/remiremontinfo\/2020\/09\/football-fchm-sort-eloyes-de-coupe-de-france\/","name":"Football : le FCHM sort Eloyes de la Coupe de France - Remiremont Info","isPartOf":{"@id":"https:\/\/vosgesinfo.fr\/remiremontinfo\/#website"},"primaryImageOfPage":{"@id":"https:\/\/vosgesinfo.fr\/remiremontinfo\/2020\/09\/football-fchm-sort-eloyes-de-coupe-de-france\/#primaryimage"},"image":{"@id":"https:\/\/vosgesinfo.fr\/remiremontinfo\/2020\/09\/football-fchm-sort-eloyes-de-coupe-de-france\/#primaryimage"},"thumbnailUrl":"https:\/\/vosgesinfo.fr\/app\/uploads\/sites\/5\/2024\/09\/202009kf1.jpg","datePublished":"2020-09-15T04:00:22+00:00","dateModified":"2020-09-15T04:00:22+00:00","breadcrumb":{"@id":"https:\/\/vosgesinfo.fr\/remiremontinfo\/2020\/09\/football-fchm-sort-eloyes-de-coupe-de-france\/#breadcrumb"},"inLanguage":"fr-FR","potentialAction":[{"@type":"ReadAction","target":["https:\/\/vosgesinfo.fr\/remiremontinfo\/2020\/09\/football-fchm-sort-eloyes-de-coupe-de-france\/"]}]},{"@type":"ImageObject","inLanguage":"fr-FR","@id":"https:\/\/vosgesinfo.fr\/remiremontinfo\/2020\/09\/football-fchm-sort-eloyes-de-coupe-de-france\/#primaryimage","url":"https:\/\/vosgesinfo.fr\/app\/uploads\/sites\/5\/2024\/09\/202009kf1.jpg","contentUrl":"https:\/\/vosgesinfo.fr\/app\/uploads\/sites\/5\/2024\/09\/202009kf1.jpg","width":800,"height":601},{"@type":"BreadcrumbList","@id":"https:\/\/vosgesinfo.fr\/remiremontinfo\/2020\/09\/football-fchm-sort-eloyes-de-coupe-de-france\/#breadcrumb","itemListElement":[{"@type":"ListItem","position":1,"name":"Home","item":"https:\/\/vosgesinfo.fr\/remiremontinfo\/"},{"@type":"ListItem","position":2,"name":"Football : le FCHM sort Eloyes de la Coupe de France"}]},{"@type":"WebSite","@id":"https:\/\/vosgesinfo.fr\/remiremontinfo\/#website","url":"https:\/\/vosgesinfo.fr\/remiremontinfo\/","name":"Remiremont Info","description":"Toute l&#039;actualit\u00e9 de Remiremont","publisher":{"@id":"https:\/\/vosgesinfo.fr\/remiremontinfo\/#organization"},"alternateName":"Toute l'actualit\u00e9 de Remiremont","potentialAction":[{"@type":"SearchAction","target":{"@type":"EntryPoint","urlTemplate":"https:\/\/vosgesinfo.fr\/remiremontinfo\/?s={search_term_string}"},"query-input":"required name=search_term_string"}],"inLanguage":"fr-FR"},{"@type":"Organization","@id":"https:\/\/vosgesinfo.fr\/remiremontinfo\/#organization","name":"Remiremont Info","url":"https:\/\/vosgesinfo.fr\/remiremontinfo\/","logo":{"@type":"ImageObject","inLanguage":"fr-FR","@id":"https:\/\/vosgesinfo.fr\/remiremontinfo\/#\/schema\/logo\/image\/","url":"https:\/\/vosgesinfo.fr\/app\/uploads\/sites\/5\/2023\/08\/favicon-remiremontinfo.png","contentUrl":"https:\/\/vosgesinfo.fr\/app\/uploads\/sites\/5\/2023\/08\/favicon-remiremontinfo.png","width":512,"height":512,"caption":"Remiremont Info"},"image":{"@id":"https:\/\/vosgesinfo.fr\/remiremontinfo\/#\/schema\/logo\/image\/"},"sameAs":["https:\/\/www.facebook.com\/remiremontinfo","https:\/\/x.com\/VosgesInfo88","https:\/\/www.youtube.com\/@vosgesinfo"]},{"@type":"Person","@id":"https:\/\/vosgesinfo.fr\/remiremontinfo\/#\/schema\/person\/3bfd164d5218a185b1db68655a265316","name":"C D","image":{"@type":"ImageObject","inLanguage":"fr-FR","@id":"https:\/\/vosgesinfo.fr\/remiremontinfo\/#\/schema\/person\/image\/","url":"https:\/\/secure.gravatar.com\/avatar\/1f9a70007336511a47468b8f1c66f922b8b7cf617b02a31149ada43893a5d48f?s=96&d=mm&r=g","contentUrl":"https:\/\/secure.gravatar.com\/avatar\/1f9a70007336511a47468b8f1c66f922b8b7cf617b02a31149ada43893a5d48f?s=96&d=mm&r=g","caption":"C D"},"url":"https:\/\/vosgesinfo.fr\/remiremontinfo\/author\/cedric-drevet\/"}]}},"_links":{"self":[{"href":"https:\/\/vosgesinfo.fr\/remiremontinfo\/wp-json\/wp\/v2\/posts\/31251","targetHints":{"allow":["GET"]}}],"collection":[{"href":"https:\/\/vosgesinfo.fr\/remiremontinfo\/wp-json\/wp\/v2\/posts"}],"about":[{"href":"https:\/\/vosgesinfo.fr\/remiremontinfo\/wp-json\/wp\/v2\/types\/post"}],"author":[{"embeddable":true,"href":"https:\/\/vosgesinfo.fr\/remiremontinfo\/wp-json\/wp\/v2\/users\/407"}],"replies":[{"embeddable":true,"href":"https:\/\/vosgesinfo.fr\/remiremontinfo\/wp-json\/wp\/v2\/comments?post=31251"}],"version-history":[{"count":0,"href":"https:\/\/vosgesinfo.fr\/remiremontinfo\/wp-json\/wp\/v2\/posts\/31251\/revisions"}],"wp:featuredmedia":[{"embeddable":true,"href":"https:\/\/vosgesinfo.fr\/remiremontinfo\/wp-json\/wp\/v2\/media\/31252"}],"wp:attachment":[{"href":"https:\/\/vosgesinfo.fr\/remiremontinfo\/wp-json\/wp\/v2\/media?parent=31251"}],"wp:term":[{"taxonomy":"category","embeddable":true,"href":"https:\/\/vosgesinfo.fr\/remiremontinfo\/wp-json\/wp\/v2\/categories?post=31251"},{"taxonomy":"post_tag","embeddable":true,"href":"https:\/\/vosgesinfo.fr\/remiremontinfo\/wp-json\/wp\/v2\/tags?post=31251"}],"curies":[{"name":"wp","href":"https:\/\/api.w.org\/{rel}","templated":true}]}}