{"id":31262,"date":"2020-09-15T07:03:24","date_gmt":"2020-09-15T05:03:24","guid":{"rendered":"https:\/\/vosgesinfo.fr\/remiremontinfo\/2020\/09\/bussang-portes-ouvertes-theatre-peuple-a-loccasion-journees-patrimoine\/"},"modified":"2020-09-15T07:03:24","modified_gmt":"2020-09-15T05:03:24","slug":"bussang-portes-ouvertes-theatre-peuple-a-loccasion-journees-patrimoine","status":"publish","type":"post","link":"https:\/\/vosgesinfo.fr\/remiremontinfo\/2020\/09\/bussang-portes-ouvertes-theatre-peuple-a-loccasion-journees-patrimoine\/","title":{"rendered":"Bussang : portes ouvertes au Th\u00e9\u00e2tre du Peuple \u00e0 l&rsquo;occasion des journ\u00e9es du patrimoine"},"content":{"rendered":"<p style=\"text-align: center;\"><a href=\"\/2020\/09\/82144223_3376802842391330_2961656121284100096_n.jpg\"><img decoding=\"async\" class=\"alignnone size-full wp-image-295635\" src=\"\/2020\/09\/82144223_3376802842391330_2961656121284100096_n.jpg\" alt=\"82144223_3376802842391330_2961656121284100096_n\" width=\"800\" height=\"545\" \/><\/a><\/p>\n<p><span style=\"font-size: 10pt;\"><em>Photo de la page Facebook du Th\u00e9\u00e2tre du Peuple \u2013 Maurice Pottecher<\/em><\/span><\/p>\n<h2><span style=\"font-size: 12pt;\"><strong><span style=\"font-family: 'Times New Roman', serif;\">A l&rsquo;occasion des journ\u00e9es du patrimoine, le week-end du 19 et 20 septembre, l\u2019<\/span><span style=\"font-family: 'Times New Roman', serif;\">\u00e9quipe du<\/span><span style=\"font-family: 'Times New Roman', serif;\"> Th\u00e9\u00e2tre du Peuple vous ouvre <\/span><span style=\"font-family: 'Times New Roman', serif;\">l<\/span><span style=\"font-family: 'Times New Roman', serif;\">es portes <\/span><span style=\"font-family: 'Times New Roman', serif;\">de l\u2019\u00e9tablissement<\/span><span style=\"font-family: 'Times New Roman', serif;\"> et vous propose de d\u00e9couvrir les coulisses de ce th\u00e9\u00e2tre class\u00e9 Monument historique.<\/span><\/strong><\/span><\/h2>\n<p><span style=\"font-family: 'Times New Roman', serif;\">Voici les h<\/span><span style=\"font-family: 'Times New Roman', serif;\">oraires des visites :<\/span><\/p>\n<p><span style=\"font-family: 'Times New Roman', serif;\">&#8211; <\/span><span style=\"font-family: 'Times New Roman', serif;\">le<\/span> <span style=\"font-family: 'Times New Roman', serif;\">s<\/span><span style=\"font-family: 'Times New Roman', serif;\">amedi 19 septembre de 14 h 30 \u00e0 16 h et de 16 h 30 \u00e0 18 h.<\/span><\/p>\n<p><span style=\"font-family: 'Times New Roman', serif;\">&#8211; <\/span><span style=\"font-family: 'Times New Roman', serif;\">le d<\/span><span style=\"font-family: 'Times New Roman', serif;\">imanche 20 septembre de 10 h 30 \u00e0 12 h, de 14 h 30 \u00e0 16 h et de 16 h 30 \u00e0 18 h.<\/span><\/p>\n<p><span style=\"font-family: 'Times New Roman', serif;\">Dans le cadre du protocole Covid-19, le port du masque est obligatoire. Le respect des mesures d\u2019hygi\u00e8ne et de distanciation sociale devront \u00e9galement \u00eatre respect\u00e9s tout au long de la visite et du gel hydroalcoolique sera disponible \u00e0 l&rsquo;entr\u00e9e du th\u00e9\u00e2tre. A noter : le Th\u00e9\u00e2tre du Peuple sera \u00e9galement pr\u00e9sent ce dimanche 20 septembre 2020 \u00e0 Remiremont avec le spectacle \u00ab\u00a0Notre besoin de consolation est impossible \u00e0 rassasier\u00a0\u00bb \u00e0 15 h 00 et \u00e0 17 h 00 au Mus\u00e9e Friry (entr\u00e9e libre).<\/span><\/p>\n","protected":false},"excerpt":{"rendered":"<p>Photo de la page Facebook du Th\u00e9\u00e2tre du Peuple \u2013 Maurice Pottecher A l&rsquo;occasion des journ\u00e9es du patrimoine, le week-end [&hellip;]<\/p>\n","protected":false},"author":407,"featured_media":31263,"comment_status":"open","ping_status":"open","sticky":false,"template":"","format":"standard","meta":{"footnotes":""},"categories":[26,38,4,37],"tags":[],"class_list":["post-31262","post","type-post","status-publish","format-standard","has-post-thumbnail","hentry","category-a-la-une","category-bussang","category-culture","category-le-thillot-son-canton"],"acf":[],"yoast_head":"<!-- This site is optimized with the Yoast SEO plugin v22.5 - https:\/\/yoast.com\/wordpress\/plugins\/seo\/ -->\n<title>Bussang : portes ouvertes au Th\u00e9\u00e2tre du Peuple \u00e0 l&#039;occasion des journ\u00e9es du patrimoine - Remiremont Info<\/title>\n<meta name=\"robots\" content=\"index, follow, max-snippet:-1, max-image-preview:large, max-video-preview:-1\" \/>\n<link rel=\"canonical\" href=\"https:\/\/vosgesinfo.fr\/remiremontinfo\/2020\/09\/bussang-portes-ouvertes-theatre-peuple-a-loccasion-journees-patrimoine\/\" \/>\n<meta name=\"twitter:card\" content=\"summary_large_image\" \/>\n<meta name=\"twitter:title\" content=\"Bussang : portes ouvertes au Th\u00e9\u00e2tre du Peuple \u00e0 l&#039;occasion des journ\u00e9es du patrimoine - Remiremont Info\" \/>\n<meta name=\"twitter:description\" content=\"Photo de la page Facebook du Th\u00e9\u00e2tre du Peuple \u2013 Maurice Pottecher A l&rsquo;occasion des journ\u00e9es du patrimoine, le week-end [&hellip;]\" \/>\n<meta name=\"twitter:image\" content=\"https:\/\/vosgesinfo.fr\/app\/uploads\/sites\/5\/2024\/09\/20200982144223-3376802842391330-2961656121284100096-n.jpg\" \/>\n<meta name=\"twitter:creator\" content=\"@VosgesInfo88\" \/>\n<meta name=\"twitter:site\" content=\"@VosgesInfo88\" \/>\n<meta name=\"twitter:label1\" content=\"\u00c9crit par\" \/>\n\t<meta name=\"twitter:data1\" content=\"C D\" \/>\n\t<meta name=\"twitter:label2\" content=\"Dur\u00e9e de lecture estim\u00e9e\" \/>\n\t<meta name=\"twitter:data2\" content=\"1 minute\" \/>\n<script type=\"application\/ld+json\" class=\"yoast-schema-graph\">{\"@context\":\"https:\/\/schema.org\",\"@graph\":[{\"@type\":\"Article\",\"@id\":\"https:\/\/vosgesinfo.fr\/remiremontinfo\/2020\/09\/bussang-portes-ouvertes-theatre-peuple-a-loccasion-journees-patrimoine\/#article\",\"isPartOf\":{\"@id\":\"https:\/\/vosgesinfo.fr\/remiremontinfo\/2020\/09\/bussang-portes-ouvertes-theatre-peuple-a-loccasion-journees-patrimoine\/\"},\"author\":{\"name\":\"C D\",\"@id\":\"https:\/\/vosgesinfo.fr\/remiremontinfo\/#\/schema\/person\/3bfd164d5218a185b1db68655a265316\"},\"headline\":\"Bussang : portes ouvertes au Th\u00e9\u00e2tre du Peuple \u00e0 l&rsquo;occasion des journ\u00e9es du patrimoine\",\"datePublished\":\"2020-09-15T05:03:24+00:00\",\"dateModified\":\"2020-09-15T05:03:24+00:00\",\"mainEntityOfPage\":{\"@id\":\"https:\/\/vosgesinfo.fr\/remiremontinfo\/2020\/09\/bussang-portes-ouvertes-theatre-peuple-a-loccasion-journees-patrimoine\/\"},\"wordCount\":184,\"commentCount\":0,\"publisher\":{\"@id\":\"https:\/\/vosgesinfo.fr\/remiremontinfo\/#organization\"},\"image\":{\"@id\":\"https:\/\/vosgesinfo.fr\/remiremontinfo\/2020\/09\/bussang-portes-ouvertes-theatre-peuple-a-loccasion-journees-patrimoine\/#primaryimage\"},\"thumbnailUrl\":\"https:\/\/vosgesinfo.fr\/app\/uploads\/sites\/5\/2024\/09\/20200982144223-3376802842391330-2961656121284100096-n.jpg\",\"articleSection\":[\"A la Une\",\"Bussang\",\"Culture\",\"Le Thillot &amp; son canton\"],\"inLanguage\":\"fr-FR\",\"potentialAction\":[{\"@type\":\"CommentAction\",\"name\":\"Comment\",\"target\":[\"https:\/\/vosgesinfo.fr\/remiremontinfo\/2020\/09\/bussang-portes-ouvertes-theatre-peuple-a-loccasion-journees-patrimoine\/#respond\"]}]},{\"@type\":\"WebPage\",\"@id\":\"https:\/\/vosgesinfo.fr\/remiremontinfo\/2020\/09\/bussang-portes-ouvertes-theatre-peuple-a-loccasion-journees-patrimoine\/\",\"url\":\"https:\/\/vosgesinfo.fr\/remiremontinfo\/2020\/09\/bussang-portes-ouvertes-theatre-peuple-a-loccasion-journees-patrimoine\/\",\"name\":\"Bussang : portes ouvertes au Th\u00e9\u00e2tre du Peuple \u00e0 l'occasion des journ\u00e9es du patrimoine - Remiremont Info\",\"isPartOf\":{\"@id\":\"https:\/\/vosgesinfo.fr\/remiremontinfo\/#website\"},\"primaryImageOfPage\":{\"@id\":\"https:\/\/vosgesinfo.fr\/remiremontinfo\/2020\/09\/bussang-portes-ouvertes-theatre-peuple-a-loccasion-journees-patrimoine\/#primaryimage\"},\"image\":{\"@id\":\"https:\/\/vosgesinfo.fr\/remiremontinfo\/2020\/09\/bussang-portes-ouvertes-theatre-peuple-a-loccasion-journees-patrimoine\/#primaryimage\"},\"thumbnailUrl\":\"https:\/\/vosgesinfo.fr\/app\/uploads\/sites\/5\/2024\/09\/20200982144223-3376802842391330-2961656121284100096-n.jpg\",\"datePublished\":\"2020-09-15T05:03:24+00:00\",\"dateModified\":\"2020-09-15T05:03:24+00:00\",\"breadcrumb\":{\"@id\":\"https:\/\/vosgesinfo.fr\/remiremontinfo\/2020\/09\/bussang-portes-ouvertes-theatre-peuple-a-loccasion-journees-patrimoine\/#breadcrumb\"},\"inLanguage\":\"fr-FR\",\"potentialAction\":[{\"@type\":\"ReadAction\",\"target\":[\"https:\/\/vosgesinfo.fr\/remiremontinfo\/2020\/09\/bussang-portes-ouvertes-theatre-peuple-a-loccasion-journees-patrimoine\/\"]}]},{\"@type\":\"ImageObject\",\"inLanguage\":\"fr-FR\",\"@id\":\"https:\/\/vosgesinfo.fr\/remiremontinfo\/2020\/09\/bussang-portes-ouvertes-theatre-peuple-a-loccasion-journees-patrimoine\/#primaryimage\",\"url\":\"https:\/\/vosgesinfo.fr\/app\/uploads\/sites\/5\/2024\/09\/20200982144223-3376802842391330-2961656121284100096-n.jpg\",\"contentUrl\":\"https:\/\/vosgesinfo.fr\/app\/uploads\/sites\/5\/2024\/09\/20200982144223-3376802842391330-2961656121284100096-n.jpg\",\"width\":800,\"height\":545},{\"@type\":\"BreadcrumbList\",\"@id\":\"https:\/\/vosgesinfo.fr\/remiremontinfo\/2020\/09\/bussang-portes-ouvertes-theatre-peuple-a-loccasion-journees-patrimoine\/#breadcrumb\",\"itemListElement\":[{\"@type\":\"ListItem\",\"position\":1,\"name\":\"Home\",\"item\":\"https:\/\/vosgesinfo.fr\/remiremontinfo\/\"},{\"@type\":\"ListItem\",\"position\":2,\"name\":\"Bussang : portes ouvertes au Th\u00e9\u00e2tre du Peuple \u00e0 l&rsquo;occasion des journ\u00e9es du patrimoine\"}]},{\"@type\":\"WebSite\",\"@id\":\"https:\/\/vosgesinfo.fr\/remiremontinfo\/#website\",\"url\":\"https:\/\/vosgesinfo.fr\/remiremontinfo\/\",\"name\":\"Remiremont Info\",\"description\":\"Toute l&#039;actualit\u00e9 de Remiremont\",\"publisher\":{\"@id\":\"https:\/\/vosgesinfo.fr\/remiremontinfo\/#organization\"},\"alternateName\":\"Toute l'actualit\u00e9 de Remiremont\",\"potentialAction\":[{\"@type\":\"SearchAction\",\"target\":{\"@type\":\"EntryPoint\",\"urlTemplate\":\"https:\/\/vosgesinfo.fr\/remiremontinfo\/?s={search_term_string}\"},\"query-input\":\"required name=search_term_string\"}],\"inLanguage\":\"fr-FR\"},{\"@type\":\"Organization\",\"@id\":\"https:\/\/vosgesinfo.fr\/remiremontinfo\/#organization\",\"name\":\"Remiremont Info\",\"url\":\"https:\/\/vosgesinfo.fr\/remiremontinfo\/\",\"logo\":{\"@type\":\"ImageObject\",\"inLanguage\":\"fr-FR\",\"@id\":\"https:\/\/vosgesinfo.fr\/remiremontinfo\/#\/schema\/logo\/image\/\",\"url\":\"https:\/\/vosgesinfo.fr\/app\/uploads\/sites\/5\/2023\/08\/favicon-remiremontinfo.png\",\"contentUrl\":\"https:\/\/vosgesinfo.fr\/app\/uploads\/sites\/5\/2023\/08\/favicon-remiremontinfo.png\",\"width\":512,\"height\":512,\"caption\":\"Remiremont Info\"},\"image\":{\"@id\":\"https:\/\/vosgesinfo.fr\/remiremontinfo\/#\/schema\/logo\/image\/\"},\"sameAs\":[\"https:\/\/www.facebook.com\/remiremontinfo\",\"https:\/\/x.com\/VosgesInfo88\",\"https:\/\/www.youtube.com\/@vosgesinfo\"]},{\"@type\":\"Person\",\"@id\":\"https:\/\/vosgesinfo.fr\/remiremontinfo\/#\/schema\/person\/3bfd164d5218a185b1db68655a265316\",\"name\":\"C D\",\"image\":{\"@type\":\"ImageObject\",\"inLanguage\":\"fr-FR\",\"@id\":\"https:\/\/vosgesinfo.fr\/remiremontinfo\/#\/schema\/person\/image\/\",\"url\":\"https:\/\/secure.gravatar.com\/avatar\/1f9a70007336511a47468b8f1c66f922b8b7cf617b02a31149ada43893a5d48f?s=96&d=mm&r=g\",\"contentUrl\":\"https:\/\/secure.gravatar.com\/avatar\/1f9a70007336511a47468b8f1c66f922b8b7cf617b02a31149ada43893a5d48f?s=96&d=mm&r=g\",\"caption\":\"C D\"},\"url\":\"https:\/\/vosgesinfo.fr\/remiremontinfo\/author\/cedric-drevet\/\"}]}<\/script>\n<!-- \/ Yoast SEO plugin. -->","yoast_head_json":{"title":"Bussang : portes ouvertes au Th\u00e9\u00e2tre du Peuple \u00e0 l'occasion des journ\u00e9es du patrimoine - Remiremont Info","robots":{"index":"index","follow":"follow","max-snippet":"max-snippet:-1","max-image-preview":"max-image-preview:large","max-video-preview":"max-video-preview:-1"},"canonical":"https:\/\/vosgesinfo.fr\/remiremontinfo\/2020\/09\/bussang-portes-ouvertes-theatre-peuple-a-loccasion-journees-patrimoine\/","twitter_card":"summary_large_image","twitter_title":"Bussang : portes ouvertes au Th\u00e9\u00e2tre du Peuple \u00e0 l'occasion des journ\u00e9es du patrimoine - Remiremont Info","twitter_description":"Photo de la page Facebook du Th\u00e9\u00e2tre du Peuple \u2013 Maurice Pottecher A l&rsquo;occasion des journ\u00e9es du patrimoine, le week-end [&hellip;]","twitter_image":"https:\/\/vosgesinfo.fr\/app\/uploads\/sites\/5\/2024\/09\/20200982144223-3376802842391330-2961656121284100096-n.jpg","twitter_creator":"@VosgesInfo88","twitter_site":"@VosgesInfo88","twitter_misc":{"\u00c9crit par":"C D","Dur\u00e9e de lecture estim\u00e9e":"1 minute"},"schema":{"@context":"https:\/\/schema.org","@graph":[{"@type":"Article","@id":"https:\/\/vosgesinfo.fr\/remiremontinfo\/2020\/09\/bussang-portes-ouvertes-theatre-peuple-a-loccasion-journees-patrimoine\/#article","isPartOf":{"@id":"https:\/\/vosgesinfo.fr\/remiremontinfo\/2020\/09\/bussang-portes-ouvertes-theatre-peuple-a-loccasion-journees-patrimoine\/"},"author":{"name":"C D","@id":"https:\/\/vosgesinfo.fr\/remiremontinfo\/#\/schema\/person\/3bfd164d5218a185b1db68655a265316"},"headline":"Bussang : portes ouvertes au Th\u00e9\u00e2tre du Peuple \u00e0 l&rsquo;occasion des journ\u00e9es du patrimoine","datePublished":"2020-09-15T05:03:24+00:00","dateModified":"2020-09-15T05:03:24+00:00","mainEntityOfPage":{"@id":"https:\/\/vosgesinfo.fr\/remiremontinfo\/2020\/09\/bussang-portes-ouvertes-theatre-peuple-a-loccasion-journees-patrimoine\/"},"wordCount":184,"commentCount":0,"publisher":{"@id":"https:\/\/vosgesinfo.fr\/remiremontinfo\/#organization"},"image":{"@id":"https:\/\/vosgesinfo.fr\/remiremontinfo\/2020\/09\/bussang-portes-ouvertes-theatre-peuple-a-loccasion-journees-patrimoine\/#primaryimage"},"thumbnailUrl":"https:\/\/vosgesinfo.fr\/app\/uploads\/sites\/5\/2024\/09\/20200982144223-3376802842391330-2961656121284100096-n.jpg","articleSection":["A la Une","Bussang","Culture","Le Thillot &amp; son canton"],"inLanguage":"fr-FR","potentialAction":[{"@type":"CommentAction","name":"Comment","target":["https:\/\/vosgesinfo.fr\/remiremontinfo\/2020\/09\/bussang-portes-ouvertes-theatre-peuple-a-loccasion-journees-patrimoine\/#respond"]}]},{"@type":"WebPage","@id":"https:\/\/vosgesinfo.fr\/remiremontinfo\/2020\/09\/bussang-portes-ouvertes-theatre-peuple-a-loccasion-journees-patrimoine\/","url":"https:\/\/vosgesinfo.fr\/remiremontinfo\/2020\/09\/bussang-portes-ouvertes-theatre-peuple-a-loccasion-journees-patrimoine\/","name":"Bussang : portes ouvertes au Th\u00e9\u00e2tre du Peuple \u00e0 l'occasion des journ\u00e9es du patrimoine - Remiremont Info","isPartOf":{"@id":"https:\/\/vosgesinfo.fr\/remiremontinfo\/#website"},"primaryImageOfPage":{"@id":"https:\/\/vosgesinfo.fr\/remiremontinfo\/2020\/09\/bussang-portes-ouvertes-theatre-peuple-a-loccasion-journees-patrimoine\/#primaryimage"},"image":{"@id":"https:\/\/vosgesinfo.fr\/remiremontinfo\/2020\/09\/bussang-portes-ouvertes-theatre-peuple-a-loccasion-journees-patrimoine\/#primaryimage"},"thumbnailUrl":"https:\/\/vosgesinfo.fr\/app\/uploads\/sites\/5\/2024\/09\/20200982144223-3376802842391330-2961656121284100096-n.jpg","datePublished":"2020-09-15T05:03:24+00:00","dateModified":"2020-09-15T05:03:24+00:00","breadcrumb":{"@id":"https:\/\/vosgesinfo.fr\/remiremontinfo\/2020\/09\/bussang-portes-ouvertes-theatre-peuple-a-loccasion-journees-patrimoine\/#breadcrumb"},"inLanguage":"fr-FR","potentialAction":[{"@type":"ReadAction","target":["https:\/\/vosgesinfo.fr\/remiremontinfo\/2020\/09\/bussang-portes-ouvertes-theatre-peuple-a-loccasion-journees-patrimoine\/"]}]},{"@type":"ImageObject","inLanguage":"fr-FR","@id":"https:\/\/vosgesinfo.fr\/remiremontinfo\/2020\/09\/bussang-portes-ouvertes-theatre-peuple-a-loccasion-journees-patrimoine\/#primaryimage","url":"https:\/\/vosgesinfo.fr\/app\/uploads\/sites\/5\/2024\/09\/20200982144223-3376802842391330-2961656121284100096-n.jpg","contentUrl":"https:\/\/vosgesinfo.fr\/app\/uploads\/sites\/5\/2024\/09\/20200982144223-3376802842391330-2961656121284100096-n.jpg","width":800,"height":545},{"@type":"BreadcrumbList","@id":"https:\/\/vosgesinfo.fr\/remiremontinfo\/2020\/09\/bussang-portes-ouvertes-theatre-peuple-a-loccasion-journees-patrimoine\/#breadcrumb","itemListElement":[{"@type":"ListItem","position":1,"name":"Home","item":"https:\/\/vosgesinfo.fr\/remiremontinfo\/"},{"@type":"ListItem","position":2,"name":"Bussang : portes ouvertes au Th\u00e9\u00e2tre du Peuple \u00e0 l&rsquo;occasion des journ\u00e9es du patrimoine"}]},{"@type":"WebSite","@id":"https:\/\/vosgesinfo.fr\/remiremontinfo\/#website","url":"https:\/\/vosgesinfo.fr\/remiremontinfo\/","name":"Remiremont Info","description":"Toute l&#039;actualit\u00e9 de Remiremont","publisher":{"@id":"https:\/\/vosgesinfo.fr\/remiremontinfo\/#organization"},"alternateName":"Toute l'actualit\u00e9 de Remiremont","potentialAction":[{"@type":"SearchAction","target":{"@type":"EntryPoint","urlTemplate":"https:\/\/vosgesinfo.fr\/remiremontinfo\/?s={search_term_string}"},"query-input":"required name=search_term_string"}],"inLanguage":"fr-FR"},{"@type":"Organization","@id":"https:\/\/vosgesinfo.fr\/remiremontinfo\/#organization","name":"Remiremont Info","url":"https:\/\/vosgesinfo.fr\/remiremontinfo\/","logo":{"@type":"ImageObject","inLanguage":"fr-FR","@id":"https:\/\/vosgesinfo.fr\/remiremontinfo\/#\/schema\/logo\/image\/","url":"https:\/\/vosgesinfo.fr\/app\/uploads\/sites\/5\/2023\/08\/favicon-remiremontinfo.png","contentUrl":"https:\/\/vosgesinfo.fr\/app\/uploads\/sites\/5\/2023\/08\/favicon-remiremontinfo.png","width":512,"height":512,"caption":"Remiremont Info"},"image":{"@id":"https:\/\/vosgesinfo.fr\/remiremontinfo\/#\/schema\/logo\/image\/"},"sameAs":["https:\/\/www.facebook.com\/remiremontinfo","https:\/\/x.com\/VosgesInfo88","https:\/\/www.youtube.com\/@vosgesinfo"]},{"@type":"Person","@id":"https:\/\/vosgesinfo.fr\/remiremontinfo\/#\/schema\/person\/3bfd164d5218a185b1db68655a265316","name":"C D","image":{"@type":"ImageObject","inLanguage":"fr-FR","@id":"https:\/\/vosgesinfo.fr\/remiremontinfo\/#\/schema\/person\/image\/","url":"https:\/\/secure.gravatar.com\/avatar\/1f9a70007336511a47468b8f1c66f922b8b7cf617b02a31149ada43893a5d48f?s=96&d=mm&r=g","contentUrl":"https:\/\/secure.gravatar.com\/avatar\/1f9a70007336511a47468b8f1c66f922b8b7cf617b02a31149ada43893a5d48f?s=96&d=mm&r=g","caption":"C D"},"url":"https:\/\/vosgesinfo.fr\/remiremontinfo\/author\/cedric-drevet\/"}]}},"_links":{"self":[{"href":"https:\/\/vosgesinfo.fr\/remiremontinfo\/wp-json\/wp\/v2\/posts\/31262","targetHints":{"allow":["GET"]}}],"collection":[{"href":"https:\/\/vosgesinfo.fr\/remiremontinfo\/wp-json\/wp\/v2\/posts"}],"about":[{"href":"https:\/\/vosgesinfo.fr\/remiremontinfo\/wp-json\/wp\/v2\/types\/post"}],"author":[{"embeddable":true,"href":"https:\/\/vosgesinfo.fr\/remiremontinfo\/wp-json\/wp\/v2\/users\/407"}],"replies":[{"embeddable":true,"href":"https:\/\/vosgesinfo.fr\/remiremontinfo\/wp-json\/wp\/v2\/comments?post=31262"}],"version-history":[{"count":0,"href":"https:\/\/vosgesinfo.fr\/remiremontinfo\/wp-json\/wp\/v2\/posts\/31262\/revisions"}],"wp:featuredmedia":[{"embeddable":true,"href":"https:\/\/vosgesinfo.fr\/remiremontinfo\/wp-json\/wp\/v2\/media\/31263"}],"wp:attachment":[{"href":"https:\/\/vosgesinfo.fr\/remiremontinfo\/wp-json\/wp\/v2\/media?parent=31262"}],"wp:term":[{"taxonomy":"category","embeddable":true,"href":"https:\/\/vosgesinfo.fr\/remiremontinfo\/wp-json\/wp\/v2\/categories?post=31262"},{"taxonomy":"post_tag","embeddable":true,"href":"https:\/\/vosgesinfo.fr\/remiremontinfo\/wp-json\/wp\/v2\/tags?post=31262"}],"curies":[{"name":"wp","href":"https:\/\/api.w.org\/{rel}","templated":true}]}}