{"id":31264,"date":"2020-09-15T06:13:28","date_gmt":"2020-09-15T04:13:28","guid":{"rendered":"https:\/\/vosgesinfo.fr\/remiremontinfo\/2020\/09\/remiremont-pierre-gras-retracera-lhistoire-cinema-de-science-fiction-voyage-lune-a-guerre-etoiles\/"},"modified":"2020-09-15T06:13:28","modified_gmt":"2020-09-15T04:13:28","slug":"remiremont-pierre-gras-retracera-lhistoire-cinema-de-science-fiction-voyage-lune-a-guerre-etoiles","status":"publish","type":"post","link":"https:\/\/vosgesinfo.fr\/remiremontinfo\/2020\/09\/remiremont-pierre-gras-retracera-lhistoire-cinema-de-science-fiction-voyage-lune-a-guerre-etoiles\/","title":{"rendered":"Remiremont\u00a0: Pierre Gras retracera l\u2019histoire du cin\u00e9ma de science-fiction \u00ab\u00a0du Voyage dans la Lune \u00e0 la Guerre des \u00e9toiles\u00a0\u00bb"},"content":{"rendered":"<p style=\"text-align: center;\"><a href=\"\/2020\/09\/66fe0dd6569fa3aca0a65cb90422bfaf1.jpg\"><img decoding=\"async\" class=\"alignnone size-full wp-image-295640\" src=\"\/2020\/09\/66fe0dd6569fa3aca0a65cb90422bfaf1.jpg\" alt=\"66fe0dd6569fa3aca0a65cb90422bfaf\" width=\"800\" height=\"511\" \/><\/a><\/p>\n<h2><span style=\"font-size: 12pt;\"><strong><span style=\"font-family: 'Times New Roman', serif;\">Du 11 septembre au 7 octobre 2020, le cin\u00e9ma de Science-Fiction <\/span><span style=\"font-family: 'Times New Roman', serif;\">est<\/span><span style=\"font-family: 'Times New Roman', serif;\"> \u00e0 l&rsquo;honneur \u00e0 la\u00a0<\/span><span style=\"font-family: 'Times New Roman', serif;\">M\u00e9diath\u00e8que Intercommunale. Les cin\u00e9philes sont invit\u00e9s \u00e0 d\u00e9couvrir le premier film du Cycle de Cin\u00e9ma SF projet\u00e9 au cin\u00e9ma Le France, <\/span><span style=\"font-family: 'Times New Roman', serif;\">\u00e0<\/span><span style=\"font-family: 'Times New Roman', serif;\"> Remiremont : \u00ab\u00a0<\/span><span style=\"font-family: 'Times New Roman', serif;\">L\u2019homme qui r\u00e9tr\u00e9cit\u00a0\u00bb,<\/span><span style=\"font-family: 'Times New Roman', serif;\"> de Jack Arnold. <\/span><\/strong><\/span><\/h2>\n<p><span style=\"font-family: 'Times New Roman', serif;\"><em>\u00ab\u00a0A la suite d&rsquo;une contamination radioactive, un homme voit avec effarement son corps diminuer de taille. A tel point qu&rsquo;il devient la proie de tout son environnement\u00a0\u00bb<\/em>. Une p\u00e9pite des ann\u00e9es 50, aux effets sp\u00e9ciaux bluffants d&rsquo;inventivit\u00e9s. Cette projection sera pr\u00e9c\u00e9d\u00e9e par l&rsquo;intervention de Pierre Gras qui nous pr\u00e9sentera la grande Histoire du cin\u00e9ma de Science\u00ad-iction. Pierre Gras est conf\u00e9rencier, formateur et auteur. Il a publi\u00e9 les livres \u00ab\u00a0Good Bye Fassbinder\u00a0\u00bb et \u00ab\u00a0L&rsquo;Economie du cin\u00e9ma\u00a0\u00bb. Grand sp\u00e9cialiste du cin\u00e9ma de Science-Fiction, il retracera son Histoire, du \u00ab\u00a0Voyage dans la lune\u00a0\u00bb \u00e0 \u00ab\u00a0La Guerre des \u00e9toiles\u00a0\u00bb. Il nous pr\u00e9sentera \u00e9galement le film du soir \u00ab\u00a0L&rsquo;homme qui r\u00e9tr\u00e9cit\u00a0\u00bb. Rendez-vous <\/span><span style=\"font-family: 'Times New Roman', serif;\">est donn\u00e9 ce vendredi 18 septembre \u00e0 20h<\/span><span style=\"font-family: 'Times New Roman', serif;\"> au cin\u00e9ma \u00ab\u00a0Le France\u00a0\u00bb, <\/span><span style=\"font-family: 'Times New Roman', serif;\">\u00e0<\/span><span style=\"font-family: 'Times New Roman', serif;\"> Remiremont (5\u20ac la s\u00e9ance, 16\u20ac le Pass 4 films).<\/span><\/p>\n<p style=\"text-align: center;\"><a href=\"\/2020\/09\/unnamed2.jpg\"><img decoding=\"async\" class=\"alignnone size-full wp-image-295638\" src=\"\/2020\/09\/unnamed2.jpg\" alt=\"unnamed\" width=\"566\" height=\"800\" \/><\/a><\/p>\n","protected":false},"excerpt":{"rendered":"<p>Du 11 septembre au 7 octobre 2020, le cin\u00e9ma de Science-Fiction est \u00e0 l&rsquo;honneur \u00e0 la\u00a0M\u00e9diath\u00e8que Intercommunale. Les cin\u00e9philes sont [&hellip;]<\/p>\n","protected":false},"author":407,"featured_media":31265,"comment_status":"open","ping_status":"open","sticky":false,"template":"","format":"standard","meta":{"footnotes":""},"categories":[26,4,1556,35],"tags":[],"class_list":["post-31264","post","type-post","status-publish","format-standard","has-post-thumbnail","hentry","category-a-la-une","category-culture","category-remiremont-remiremont-son-canton-2","category-remiremont-son-canton"],"acf":[],"yoast_head":"<!-- This site is optimized with the Yoast SEO plugin v22.5 - https:\/\/yoast.com\/wordpress\/plugins\/seo\/ -->\n<title>Remiremont\u00a0: Pierre Gras retracera l\u2019histoire du cin\u00e9ma de science-fiction \u00ab\u00a0du Voyage dans la Lune \u00e0 la Guerre des \u00e9toiles\u00a0\u00bb - Remiremont Info<\/title>\n<meta name=\"robots\" content=\"index, follow, max-snippet:-1, max-image-preview:large, max-video-preview:-1\" \/>\n<link rel=\"canonical\" href=\"https:\/\/vosgesinfo.fr\/remiremontinfo\/2020\/09\/remiremont-pierre-gras-retracera-lhistoire-cinema-de-science-fiction-voyage-lune-a-guerre-etoiles\/\" \/>\n<meta name=\"twitter:card\" content=\"summary_large_image\" \/>\n<meta name=\"twitter:title\" content=\"Remiremont\u00a0: Pierre Gras retracera l\u2019histoire du cin\u00e9ma de science-fiction \u00ab\u00a0du Voyage dans la Lune \u00e0 la Guerre des \u00e9toiles\u00a0\u00bb - Remiremont Info\" \/>\n<meta name=\"twitter:description\" content=\"Du 11 septembre au 7 octobre 2020, le cin\u00e9ma de Science-Fiction est \u00e0 l&rsquo;honneur \u00e0 la\u00a0M\u00e9diath\u00e8que Intercommunale. Les cin\u00e9philes sont [&hellip;]\" \/>\n<meta name=\"twitter:image\" content=\"https:\/\/vosgesinfo.fr\/app\/uploads\/sites\/5\/2024\/09\/20200966fe0dd6569fa3aca0a65cb90422bfaf1.jpg\" \/>\n<meta name=\"twitter:creator\" content=\"@VosgesInfo88\" \/>\n<meta name=\"twitter:site\" content=\"@VosgesInfo88\" \/>\n<meta name=\"twitter:label1\" content=\"\u00c9crit par\" \/>\n\t<meta name=\"twitter:data1\" content=\"C D\" \/>\n\t<meta name=\"twitter:label2\" content=\"Dur\u00e9e de lecture estim\u00e9e\" \/>\n\t<meta name=\"twitter:data2\" content=\"1 minute\" \/>\n<script type=\"application\/ld+json\" class=\"yoast-schema-graph\">{\"@context\":\"https:\/\/schema.org\",\"@graph\":[{\"@type\":\"Article\",\"@id\":\"https:\/\/vosgesinfo.fr\/remiremontinfo\/2020\/09\/remiremont-pierre-gras-retracera-lhistoire-cinema-de-science-fiction-voyage-lune-a-guerre-etoiles\/#article\",\"isPartOf\":{\"@id\":\"https:\/\/vosgesinfo.fr\/remiremontinfo\/2020\/09\/remiremont-pierre-gras-retracera-lhistoire-cinema-de-science-fiction-voyage-lune-a-guerre-etoiles\/\"},\"author\":{\"name\":\"C D\",\"@id\":\"https:\/\/vosgesinfo.fr\/remiremontinfo\/#\/schema\/person\/3bfd164d5218a185b1db68655a265316\"},\"headline\":\"Remiremont\u00a0: Pierre Gras retracera l\u2019histoire du cin\u00e9ma de science-fiction \u00ab\u00a0du Voyage dans la Lune \u00e0 la Guerre des \u00e9toiles\u00a0\u00bb\",\"datePublished\":\"2020-09-15T04:13:28+00:00\",\"dateModified\":\"2020-09-15T04:13:28+00:00\",\"mainEntityOfPage\":{\"@id\":\"https:\/\/vosgesinfo.fr\/remiremontinfo\/2020\/09\/remiremont-pierre-gras-retracera-lhistoire-cinema-de-science-fiction-voyage-lune-a-guerre-etoiles\/\"},\"wordCount\":216,\"commentCount\":0,\"publisher\":{\"@id\":\"https:\/\/vosgesinfo.fr\/remiremontinfo\/#organization\"},\"image\":{\"@id\":\"https:\/\/vosgesinfo.fr\/remiremontinfo\/2020\/09\/remiremont-pierre-gras-retracera-lhistoire-cinema-de-science-fiction-voyage-lune-a-guerre-etoiles\/#primaryimage\"},\"thumbnailUrl\":\"https:\/\/vosgesinfo.fr\/app\/uploads\/sites\/5\/2024\/09\/20200966fe0dd6569fa3aca0a65cb90422bfaf1.jpg\",\"articleSection\":[\"A la Une\",\"Culture\",\"Remiremont\",\"Remiremont &amp; son canton\"],\"inLanguage\":\"fr-FR\",\"potentialAction\":[{\"@type\":\"CommentAction\",\"name\":\"Comment\",\"target\":[\"https:\/\/vosgesinfo.fr\/remiremontinfo\/2020\/09\/remiremont-pierre-gras-retracera-lhistoire-cinema-de-science-fiction-voyage-lune-a-guerre-etoiles\/#respond\"]}]},{\"@type\":\"WebPage\",\"@id\":\"https:\/\/vosgesinfo.fr\/remiremontinfo\/2020\/09\/remiremont-pierre-gras-retracera-lhistoire-cinema-de-science-fiction-voyage-lune-a-guerre-etoiles\/\",\"url\":\"https:\/\/vosgesinfo.fr\/remiremontinfo\/2020\/09\/remiremont-pierre-gras-retracera-lhistoire-cinema-de-science-fiction-voyage-lune-a-guerre-etoiles\/\",\"name\":\"Remiremont\u00a0: Pierre Gras retracera l\u2019histoire du cin\u00e9ma de science-fiction \u00ab\u00a0du Voyage dans la Lune \u00e0 la Guerre des \u00e9toiles\u00a0\u00bb - Remiremont Info\",\"isPartOf\":{\"@id\":\"https:\/\/vosgesinfo.fr\/remiremontinfo\/#website\"},\"primaryImageOfPage\":{\"@id\":\"https:\/\/vosgesinfo.fr\/remiremontinfo\/2020\/09\/remiremont-pierre-gras-retracera-lhistoire-cinema-de-science-fiction-voyage-lune-a-guerre-etoiles\/#primaryimage\"},\"image\":{\"@id\":\"https:\/\/vosgesinfo.fr\/remiremontinfo\/2020\/09\/remiremont-pierre-gras-retracera-lhistoire-cinema-de-science-fiction-voyage-lune-a-guerre-etoiles\/#primaryimage\"},\"thumbnailUrl\":\"https:\/\/vosgesinfo.fr\/app\/uploads\/sites\/5\/2024\/09\/20200966fe0dd6569fa3aca0a65cb90422bfaf1.jpg\",\"datePublished\":\"2020-09-15T04:13:28+00:00\",\"dateModified\":\"2020-09-15T04:13:28+00:00\",\"breadcrumb\":{\"@id\":\"https:\/\/vosgesinfo.fr\/remiremontinfo\/2020\/09\/remiremont-pierre-gras-retracera-lhistoire-cinema-de-science-fiction-voyage-lune-a-guerre-etoiles\/#breadcrumb\"},\"inLanguage\":\"fr-FR\",\"potentialAction\":[{\"@type\":\"ReadAction\",\"target\":[\"https:\/\/vosgesinfo.fr\/remiremontinfo\/2020\/09\/remiremont-pierre-gras-retracera-lhistoire-cinema-de-science-fiction-voyage-lune-a-guerre-etoiles\/\"]}]},{\"@type\":\"ImageObject\",\"inLanguage\":\"fr-FR\",\"@id\":\"https:\/\/vosgesinfo.fr\/remiremontinfo\/2020\/09\/remiremont-pierre-gras-retracera-lhistoire-cinema-de-science-fiction-voyage-lune-a-guerre-etoiles\/#primaryimage\",\"url\":\"https:\/\/vosgesinfo.fr\/app\/uploads\/sites\/5\/2024\/09\/20200966fe0dd6569fa3aca0a65cb90422bfaf1.jpg\",\"contentUrl\":\"https:\/\/vosgesinfo.fr\/app\/uploads\/sites\/5\/2024\/09\/20200966fe0dd6569fa3aca0a65cb90422bfaf1.jpg\",\"width\":800,\"height\":511},{\"@type\":\"BreadcrumbList\",\"@id\":\"https:\/\/vosgesinfo.fr\/remiremontinfo\/2020\/09\/remiremont-pierre-gras-retracera-lhistoire-cinema-de-science-fiction-voyage-lune-a-guerre-etoiles\/#breadcrumb\",\"itemListElement\":[{\"@type\":\"ListItem\",\"position\":1,\"name\":\"Home\",\"item\":\"https:\/\/vosgesinfo.fr\/remiremontinfo\/\"},{\"@type\":\"ListItem\",\"position\":2,\"name\":\"Remiremont\u00a0: Pierre Gras retracera l\u2019histoire du cin\u00e9ma de science-fiction \u00ab\u00a0du Voyage dans la Lune \u00e0 la Guerre des \u00e9toiles\u00a0\u00bb\"}]},{\"@type\":\"WebSite\",\"@id\":\"https:\/\/vosgesinfo.fr\/remiremontinfo\/#website\",\"url\":\"https:\/\/vosgesinfo.fr\/remiremontinfo\/\",\"name\":\"Remiremont Info\",\"description\":\"Toute l&#039;actualit\u00e9 de Remiremont\",\"publisher\":{\"@id\":\"https:\/\/vosgesinfo.fr\/remiremontinfo\/#organization\"},\"alternateName\":\"Toute l'actualit\u00e9 de Remiremont\",\"potentialAction\":[{\"@type\":\"SearchAction\",\"target\":{\"@type\":\"EntryPoint\",\"urlTemplate\":\"https:\/\/vosgesinfo.fr\/remiremontinfo\/?s={search_term_string}\"},\"query-input\":\"required name=search_term_string\"}],\"inLanguage\":\"fr-FR\"},{\"@type\":\"Organization\",\"@id\":\"https:\/\/vosgesinfo.fr\/remiremontinfo\/#organization\",\"name\":\"Remiremont Info\",\"url\":\"https:\/\/vosgesinfo.fr\/remiremontinfo\/\",\"logo\":{\"@type\":\"ImageObject\",\"inLanguage\":\"fr-FR\",\"@id\":\"https:\/\/vosgesinfo.fr\/remiremontinfo\/#\/schema\/logo\/image\/\",\"url\":\"https:\/\/vosgesinfo.fr\/app\/uploads\/sites\/5\/2023\/08\/favicon-remiremontinfo.png\",\"contentUrl\":\"https:\/\/vosgesinfo.fr\/app\/uploads\/sites\/5\/2023\/08\/favicon-remiremontinfo.png\",\"width\":512,\"height\":512,\"caption\":\"Remiremont Info\"},\"image\":{\"@id\":\"https:\/\/vosgesinfo.fr\/remiremontinfo\/#\/schema\/logo\/image\/\"},\"sameAs\":[\"https:\/\/www.facebook.com\/remiremontinfo\",\"https:\/\/x.com\/VosgesInfo88\",\"https:\/\/www.youtube.com\/@vosgesinfo\"]},{\"@type\":\"Person\",\"@id\":\"https:\/\/vosgesinfo.fr\/remiremontinfo\/#\/schema\/person\/3bfd164d5218a185b1db68655a265316\",\"name\":\"C D\",\"image\":{\"@type\":\"ImageObject\",\"inLanguage\":\"fr-FR\",\"@id\":\"https:\/\/vosgesinfo.fr\/remiremontinfo\/#\/schema\/person\/image\/\",\"url\":\"https:\/\/secure.gravatar.com\/avatar\/1f9a70007336511a47468b8f1c66f922b8b7cf617b02a31149ada43893a5d48f?s=96&d=mm&r=g\",\"contentUrl\":\"https:\/\/secure.gravatar.com\/avatar\/1f9a70007336511a47468b8f1c66f922b8b7cf617b02a31149ada43893a5d48f?s=96&d=mm&r=g\",\"caption\":\"C D\"},\"url\":\"https:\/\/vosgesinfo.fr\/remiremontinfo\/author\/cedric-drevet\/\"}]}<\/script>\n<!-- \/ Yoast SEO plugin. -->","yoast_head_json":{"title":"Remiremont\u00a0: Pierre Gras retracera l\u2019histoire du cin\u00e9ma de science-fiction \u00ab\u00a0du Voyage dans la Lune \u00e0 la Guerre des \u00e9toiles\u00a0\u00bb - Remiremont Info","robots":{"index":"index","follow":"follow","max-snippet":"max-snippet:-1","max-image-preview":"max-image-preview:large","max-video-preview":"max-video-preview:-1"},"canonical":"https:\/\/vosgesinfo.fr\/remiremontinfo\/2020\/09\/remiremont-pierre-gras-retracera-lhistoire-cinema-de-science-fiction-voyage-lune-a-guerre-etoiles\/","twitter_card":"summary_large_image","twitter_title":"Remiremont\u00a0: Pierre Gras retracera l\u2019histoire du cin\u00e9ma de science-fiction \u00ab\u00a0du Voyage dans la Lune \u00e0 la Guerre des \u00e9toiles\u00a0\u00bb - Remiremont Info","twitter_description":"Du 11 septembre au 7 octobre 2020, le cin\u00e9ma de Science-Fiction est \u00e0 l&rsquo;honneur \u00e0 la\u00a0M\u00e9diath\u00e8que Intercommunale. Les cin\u00e9philes sont [&hellip;]","twitter_image":"https:\/\/vosgesinfo.fr\/app\/uploads\/sites\/5\/2024\/09\/20200966fe0dd6569fa3aca0a65cb90422bfaf1.jpg","twitter_creator":"@VosgesInfo88","twitter_site":"@VosgesInfo88","twitter_misc":{"\u00c9crit par":"C D","Dur\u00e9e de lecture estim\u00e9e":"1 minute"},"schema":{"@context":"https:\/\/schema.org","@graph":[{"@type":"Article","@id":"https:\/\/vosgesinfo.fr\/remiremontinfo\/2020\/09\/remiremont-pierre-gras-retracera-lhistoire-cinema-de-science-fiction-voyage-lune-a-guerre-etoiles\/#article","isPartOf":{"@id":"https:\/\/vosgesinfo.fr\/remiremontinfo\/2020\/09\/remiremont-pierre-gras-retracera-lhistoire-cinema-de-science-fiction-voyage-lune-a-guerre-etoiles\/"},"author":{"name":"C D","@id":"https:\/\/vosgesinfo.fr\/remiremontinfo\/#\/schema\/person\/3bfd164d5218a185b1db68655a265316"},"headline":"Remiremont\u00a0: Pierre Gras retracera l\u2019histoire du cin\u00e9ma de science-fiction \u00ab\u00a0du Voyage dans la Lune \u00e0 la Guerre des \u00e9toiles\u00a0\u00bb","datePublished":"2020-09-15T04:13:28+00:00","dateModified":"2020-09-15T04:13:28+00:00","mainEntityOfPage":{"@id":"https:\/\/vosgesinfo.fr\/remiremontinfo\/2020\/09\/remiremont-pierre-gras-retracera-lhistoire-cinema-de-science-fiction-voyage-lune-a-guerre-etoiles\/"},"wordCount":216,"commentCount":0,"publisher":{"@id":"https:\/\/vosgesinfo.fr\/remiremontinfo\/#organization"},"image":{"@id":"https:\/\/vosgesinfo.fr\/remiremontinfo\/2020\/09\/remiremont-pierre-gras-retracera-lhistoire-cinema-de-science-fiction-voyage-lune-a-guerre-etoiles\/#primaryimage"},"thumbnailUrl":"https:\/\/vosgesinfo.fr\/app\/uploads\/sites\/5\/2024\/09\/20200966fe0dd6569fa3aca0a65cb90422bfaf1.jpg","articleSection":["A la Une","Culture","Remiremont","Remiremont &amp; son canton"],"inLanguage":"fr-FR","potentialAction":[{"@type":"CommentAction","name":"Comment","target":["https:\/\/vosgesinfo.fr\/remiremontinfo\/2020\/09\/remiremont-pierre-gras-retracera-lhistoire-cinema-de-science-fiction-voyage-lune-a-guerre-etoiles\/#respond"]}]},{"@type":"WebPage","@id":"https:\/\/vosgesinfo.fr\/remiremontinfo\/2020\/09\/remiremont-pierre-gras-retracera-lhistoire-cinema-de-science-fiction-voyage-lune-a-guerre-etoiles\/","url":"https:\/\/vosgesinfo.fr\/remiremontinfo\/2020\/09\/remiremont-pierre-gras-retracera-lhistoire-cinema-de-science-fiction-voyage-lune-a-guerre-etoiles\/","name":"Remiremont\u00a0: Pierre Gras retracera l\u2019histoire du cin\u00e9ma de science-fiction \u00ab\u00a0du Voyage dans la Lune \u00e0 la Guerre des \u00e9toiles\u00a0\u00bb - Remiremont Info","isPartOf":{"@id":"https:\/\/vosgesinfo.fr\/remiremontinfo\/#website"},"primaryImageOfPage":{"@id":"https:\/\/vosgesinfo.fr\/remiremontinfo\/2020\/09\/remiremont-pierre-gras-retracera-lhistoire-cinema-de-science-fiction-voyage-lune-a-guerre-etoiles\/#primaryimage"},"image":{"@id":"https:\/\/vosgesinfo.fr\/remiremontinfo\/2020\/09\/remiremont-pierre-gras-retracera-lhistoire-cinema-de-science-fiction-voyage-lune-a-guerre-etoiles\/#primaryimage"},"thumbnailUrl":"https:\/\/vosgesinfo.fr\/app\/uploads\/sites\/5\/2024\/09\/20200966fe0dd6569fa3aca0a65cb90422bfaf1.jpg","datePublished":"2020-09-15T04:13:28+00:00","dateModified":"2020-09-15T04:13:28+00:00","breadcrumb":{"@id":"https:\/\/vosgesinfo.fr\/remiremontinfo\/2020\/09\/remiremont-pierre-gras-retracera-lhistoire-cinema-de-science-fiction-voyage-lune-a-guerre-etoiles\/#breadcrumb"},"inLanguage":"fr-FR","potentialAction":[{"@type":"ReadAction","target":["https:\/\/vosgesinfo.fr\/remiremontinfo\/2020\/09\/remiremont-pierre-gras-retracera-lhistoire-cinema-de-science-fiction-voyage-lune-a-guerre-etoiles\/"]}]},{"@type":"ImageObject","inLanguage":"fr-FR","@id":"https:\/\/vosgesinfo.fr\/remiremontinfo\/2020\/09\/remiremont-pierre-gras-retracera-lhistoire-cinema-de-science-fiction-voyage-lune-a-guerre-etoiles\/#primaryimage","url":"https:\/\/vosgesinfo.fr\/app\/uploads\/sites\/5\/2024\/09\/20200966fe0dd6569fa3aca0a65cb90422bfaf1.jpg","contentUrl":"https:\/\/vosgesinfo.fr\/app\/uploads\/sites\/5\/2024\/09\/20200966fe0dd6569fa3aca0a65cb90422bfaf1.jpg","width":800,"height":511},{"@type":"BreadcrumbList","@id":"https:\/\/vosgesinfo.fr\/remiremontinfo\/2020\/09\/remiremont-pierre-gras-retracera-lhistoire-cinema-de-science-fiction-voyage-lune-a-guerre-etoiles\/#breadcrumb","itemListElement":[{"@type":"ListItem","position":1,"name":"Home","item":"https:\/\/vosgesinfo.fr\/remiremontinfo\/"},{"@type":"ListItem","position":2,"name":"Remiremont\u00a0: Pierre Gras retracera l\u2019histoire du cin\u00e9ma de science-fiction \u00ab\u00a0du Voyage dans la Lune \u00e0 la Guerre des \u00e9toiles\u00a0\u00bb"}]},{"@type":"WebSite","@id":"https:\/\/vosgesinfo.fr\/remiremontinfo\/#website","url":"https:\/\/vosgesinfo.fr\/remiremontinfo\/","name":"Remiremont Info","description":"Toute l&#039;actualit\u00e9 de Remiremont","publisher":{"@id":"https:\/\/vosgesinfo.fr\/remiremontinfo\/#organization"},"alternateName":"Toute l'actualit\u00e9 de Remiremont","potentialAction":[{"@type":"SearchAction","target":{"@type":"EntryPoint","urlTemplate":"https:\/\/vosgesinfo.fr\/remiremontinfo\/?s={search_term_string}"},"query-input":"required name=search_term_string"}],"inLanguage":"fr-FR"},{"@type":"Organization","@id":"https:\/\/vosgesinfo.fr\/remiremontinfo\/#organization","name":"Remiremont Info","url":"https:\/\/vosgesinfo.fr\/remiremontinfo\/","logo":{"@type":"ImageObject","inLanguage":"fr-FR","@id":"https:\/\/vosgesinfo.fr\/remiremontinfo\/#\/schema\/logo\/image\/","url":"https:\/\/vosgesinfo.fr\/app\/uploads\/sites\/5\/2023\/08\/favicon-remiremontinfo.png","contentUrl":"https:\/\/vosgesinfo.fr\/app\/uploads\/sites\/5\/2023\/08\/favicon-remiremontinfo.png","width":512,"height":512,"caption":"Remiremont Info"},"image":{"@id":"https:\/\/vosgesinfo.fr\/remiremontinfo\/#\/schema\/logo\/image\/"},"sameAs":["https:\/\/www.facebook.com\/remiremontinfo","https:\/\/x.com\/VosgesInfo88","https:\/\/www.youtube.com\/@vosgesinfo"]},{"@type":"Person","@id":"https:\/\/vosgesinfo.fr\/remiremontinfo\/#\/schema\/person\/3bfd164d5218a185b1db68655a265316","name":"C D","image":{"@type":"ImageObject","inLanguage":"fr-FR","@id":"https:\/\/vosgesinfo.fr\/remiremontinfo\/#\/schema\/person\/image\/","url":"https:\/\/secure.gravatar.com\/avatar\/1f9a70007336511a47468b8f1c66f922b8b7cf617b02a31149ada43893a5d48f?s=96&d=mm&r=g","contentUrl":"https:\/\/secure.gravatar.com\/avatar\/1f9a70007336511a47468b8f1c66f922b8b7cf617b02a31149ada43893a5d48f?s=96&d=mm&r=g","caption":"C D"},"url":"https:\/\/vosgesinfo.fr\/remiremontinfo\/author\/cedric-drevet\/"}]}},"_links":{"self":[{"href":"https:\/\/vosgesinfo.fr\/remiremontinfo\/wp-json\/wp\/v2\/posts\/31264","targetHints":{"allow":["GET"]}}],"collection":[{"href":"https:\/\/vosgesinfo.fr\/remiremontinfo\/wp-json\/wp\/v2\/posts"}],"about":[{"href":"https:\/\/vosgesinfo.fr\/remiremontinfo\/wp-json\/wp\/v2\/types\/post"}],"author":[{"embeddable":true,"href":"https:\/\/vosgesinfo.fr\/remiremontinfo\/wp-json\/wp\/v2\/users\/407"}],"replies":[{"embeddable":true,"href":"https:\/\/vosgesinfo.fr\/remiremontinfo\/wp-json\/wp\/v2\/comments?post=31264"}],"version-history":[{"count":0,"href":"https:\/\/vosgesinfo.fr\/remiremontinfo\/wp-json\/wp\/v2\/posts\/31264\/revisions"}],"wp:featuredmedia":[{"embeddable":true,"href":"https:\/\/vosgesinfo.fr\/remiremontinfo\/wp-json\/wp\/v2\/media\/31265"}],"wp:attachment":[{"href":"https:\/\/vosgesinfo.fr\/remiremontinfo\/wp-json\/wp\/v2\/media?parent=31264"}],"wp:term":[{"taxonomy":"category","embeddable":true,"href":"https:\/\/vosgesinfo.fr\/remiremontinfo\/wp-json\/wp\/v2\/categories?post=31264"},{"taxonomy":"post_tag","embeddable":true,"href":"https:\/\/vosgesinfo.fr\/remiremontinfo\/wp-json\/wp\/v2\/tags?post=31264"}],"curies":[{"name":"wp","href":"https:\/\/api.w.org\/{rel}","templated":true}]}}