{"id":31274,"date":"2020-09-15T06:06:06","date_gmt":"2020-09-15T04:06:06","guid":{"rendered":"https:\/\/vosgesinfo.fr\/remiremontinfo\/2020\/09\/non-respect-gestes-barrieres-gendarmes-patrouillent-commerces\/"},"modified":"2020-09-15T06:06:06","modified_gmt":"2020-09-15T04:06:06","slug":"non-respect-gestes-barrieres-gendarmes-patrouillent-commerces","status":"publish","type":"post","link":"https:\/\/vosgesinfo.fr\/remiremontinfo\/2020\/09\/non-respect-gestes-barrieres-gendarmes-patrouillent-commerces\/","title":{"rendered":"Non-respect des gestes barri\u00e8res : les gendarmes patrouillent dans les commerces"},"content":{"rendered":"<h2>Des clients qui ne respectent pas les r\u00e8gles de distanciation sociale et qui s\u2019entassent dans les files d\u2019attente, des consommateurs trop nombreux et qui se fr\u00f4lent dans les rayons des commerces\u2026 Les gendarmes vosgiens effectuent des contr\u00f4les dans les commerces de Bruy\u00e8res. L\u2019objectif est simple : stopper la propagation du virus.<\/h2>\n<p>En cette p\u00e9riode d\u2019\u00e9pid\u00e9mie de Covid-19, la gendarmerie des Vosges effectue des contr\u00f4les dans les commerces afin de v\u00e9rifier si les gestes barri\u00e8res sont respect\u00e9s. A Bruy\u00e8res, les commer\u00e7ants ont eu la visite des forces de l\u2019ordre. Les \u00e9changes avec les propri\u00e9taires et usagers ont permis de diffuser \u00e0 nouveau les messages de pr\u00e9vention en p\u00e9riode de crise sanitaire toujours pr\u00e9sente. Les consommateurs comme les commer\u00e7ants doivent respecter les gestes barri\u00e8res.<\/p>\n<p>Le port du masque est obligatoire dans tous les commerces pour toutes les personnes de plus de 11 ans.\u00a0Le respect strict des gestes barri\u00e8res permet de se prot\u00e9ger et de prot\u00e9ger les autres.<\/p>\n<p>C.K.N.<\/p>\n","protected":false},"excerpt":{"rendered":"<p>Des clients qui ne respectent pas les r\u00e8gles de distanciation sociale et qui s\u2019entassent dans les files d\u2019attente, des consommateurs [&hellip;]<\/p>\n","protected":false},"author":407,"featured_media":269,"comment_status":"open","ping_status":"open","sticky":false,"template":"","format":"standard","meta":{"footnotes":""},"categories":[26,18],"tags":[],"class_list":["post-31274","post","type-post","status-publish","format-standard","has-post-thumbnail","hentry","category-a-la-une","category-vosges"],"acf":[],"yoast_head":"<!-- This site is optimized with the Yoast SEO plugin v22.5 - https:\/\/yoast.com\/wordpress\/plugins\/seo\/ -->\n<title>Non-respect des gestes barri\u00e8res : les gendarmes patrouillent dans les commerces - Remiremont Info<\/title>\n<meta name=\"robots\" content=\"index, follow, max-snippet:-1, max-image-preview:large, max-video-preview:-1\" \/>\n<link rel=\"canonical\" href=\"https:\/\/vosgesinfo.fr\/remiremontinfo\/2020\/09\/non-respect-gestes-barrieres-gendarmes-patrouillent-commerces\/\" \/>\n<meta name=\"twitter:card\" content=\"summary_large_image\" \/>\n<meta name=\"twitter:title\" content=\"Non-respect des gestes barri\u00e8res : les gendarmes patrouillent dans les commerces - Remiremont Info\" \/>\n<meta name=\"twitter:description\" content=\"Des clients qui ne respectent pas les r\u00e8gles de distanciation sociale et qui s\u2019entassent dans les files d\u2019attente, des consommateurs [&hellip;]\" \/>\n<meta name=\"twitter:image\" content=\"https:\/\/vosgesinfo.fr\/app\/uploads\/sites\/5\/2023\/08\/gendarmerie-01.jpg\" \/>\n<meta name=\"twitter:creator\" content=\"@VosgesInfo88\" \/>\n<meta name=\"twitter:site\" content=\"@VosgesInfo88\" \/>\n<meta name=\"twitter:label1\" content=\"\u00c9crit par\" \/>\n\t<meta name=\"twitter:data1\" content=\"C D\" \/>\n\t<meta name=\"twitter:label2\" content=\"Dur\u00e9e de lecture estim\u00e9e\" \/>\n\t<meta name=\"twitter:data2\" content=\"1 minute\" \/>\n<script type=\"application\/ld+json\" class=\"yoast-schema-graph\">{\"@context\":\"https:\/\/schema.org\",\"@graph\":[{\"@type\":\"Article\",\"@id\":\"https:\/\/vosgesinfo.fr\/remiremontinfo\/2020\/09\/non-respect-gestes-barrieres-gendarmes-patrouillent-commerces\/#article\",\"isPartOf\":{\"@id\":\"https:\/\/vosgesinfo.fr\/remiremontinfo\/2020\/09\/non-respect-gestes-barrieres-gendarmes-patrouillent-commerces\/\"},\"author\":{\"name\":\"C D\",\"@id\":\"https:\/\/vosgesinfo.fr\/remiremontinfo\/#\/schema\/person\/3bfd164d5218a185b1db68655a265316\"},\"headline\":\"Non-respect des gestes barri\u00e8res : les gendarmes patrouillent dans les commerces\",\"datePublished\":\"2020-09-15T04:06:06+00:00\",\"dateModified\":\"2020-09-15T04:06:06+00:00\",\"mainEntityOfPage\":{\"@id\":\"https:\/\/vosgesinfo.fr\/remiremontinfo\/2020\/09\/non-respect-gestes-barrieres-gendarmes-patrouillent-commerces\/\"},\"wordCount\":193,\"commentCount\":0,\"publisher\":{\"@id\":\"https:\/\/vosgesinfo.fr\/remiremontinfo\/#organization\"},\"image\":{\"@id\":\"https:\/\/vosgesinfo.fr\/remiremontinfo\/2020\/09\/non-respect-gestes-barrieres-gendarmes-patrouillent-commerces\/#primaryimage\"},\"thumbnailUrl\":\"https:\/\/vosgesinfo.fr\/app\/uploads\/sites\/5\/2023\/08\/gendarmerie-01.jpg\",\"articleSection\":[\"A la Une\",\"Vosges\"],\"inLanguage\":\"fr-FR\",\"potentialAction\":[{\"@type\":\"CommentAction\",\"name\":\"Comment\",\"target\":[\"https:\/\/vosgesinfo.fr\/remiremontinfo\/2020\/09\/non-respect-gestes-barrieres-gendarmes-patrouillent-commerces\/#respond\"]}]},{\"@type\":\"WebPage\",\"@id\":\"https:\/\/vosgesinfo.fr\/remiremontinfo\/2020\/09\/non-respect-gestes-barrieres-gendarmes-patrouillent-commerces\/\",\"url\":\"https:\/\/vosgesinfo.fr\/remiremontinfo\/2020\/09\/non-respect-gestes-barrieres-gendarmes-patrouillent-commerces\/\",\"name\":\"Non-respect des gestes barri\u00e8res : les gendarmes patrouillent dans les commerces - Remiremont Info\",\"isPartOf\":{\"@id\":\"https:\/\/vosgesinfo.fr\/remiremontinfo\/#website\"},\"primaryImageOfPage\":{\"@id\":\"https:\/\/vosgesinfo.fr\/remiremontinfo\/2020\/09\/non-respect-gestes-barrieres-gendarmes-patrouillent-commerces\/#primaryimage\"},\"image\":{\"@id\":\"https:\/\/vosgesinfo.fr\/remiremontinfo\/2020\/09\/non-respect-gestes-barrieres-gendarmes-patrouillent-commerces\/#primaryimage\"},\"thumbnailUrl\":\"https:\/\/vosgesinfo.fr\/app\/uploads\/sites\/5\/2023\/08\/gendarmerie-01.jpg\",\"datePublished\":\"2020-09-15T04:06:06+00:00\",\"dateModified\":\"2020-09-15T04:06:06+00:00\",\"breadcrumb\":{\"@id\":\"https:\/\/vosgesinfo.fr\/remiremontinfo\/2020\/09\/non-respect-gestes-barrieres-gendarmes-patrouillent-commerces\/#breadcrumb\"},\"inLanguage\":\"fr-FR\",\"potentialAction\":[{\"@type\":\"ReadAction\",\"target\":[\"https:\/\/vosgesinfo.fr\/remiremontinfo\/2020\/09\/non-respect-gestes-barrieres-gendarmes-patrouillent-commerces\/\"]}]},{\"@type\":\"ImageObject\",\"inLanguage\":\"fr-FR\",\"@id\":\"https:\/\/vosgesinfo.fr\/remiremontinfo\/2020\/09\/non-respect-gestes-barrieres-gendarmes-patrouillent-commerces\/#primaryimage\",\"url\":\"https:\/\/vosgesinfo.fr\/app\/uploads\/sites\/5\/2023\/08\/gendarmerie-01.jpg\",\"contentUrl\":\"https:\/\/vosgesinfo.fr\/app\/uploads\/sites\/5\/2023\/08\/gendarmerie-01.jpg\",\"width\":616,\"height\":400},{\"@type\":\"BreadcrumbList\",\"@id\":\"https:\/\/vosgesinfo.fr\/remiremontinfo\/2020\/09\/non-respect-gestes-barrieres-gendarmes-patrouillent-commerces\/#breadcrumb\",\"itemListElement\":[{\"@type\":\"ListItem\",\"position\":1,\"name\":\"Home\",\"item\":\"https:\/\/vosgesinfo.fr\/remiremontinfo\/\"},{\"@type\":\"ListItem\",\"position\":2,\"name\":\"Non-respect des gestes barri\u00e8res : les gendarmes patrouillent dans les commerces\"}]},{\"@type\":\"WebSite\",\"@id\":\"https:\/\/vosgesinfo.fr\/remiremontinfo\/#website\",\"url\":\"https:\/\/vosgesinfo.fr\/remiremontinfo\/\",\"name\":\"Remiremont Info\",\"description\":\"Toute l&#039;actualit\u00e9 de Remiremont\",\"publisher\":{\"@id\":\"https:\/\/vosgesinfo.fr\/remiremontinfo\/#organization\"},\"alternateName\":\"Toute l'actualit\u00e9 de Remiremont\",\"potentialAction\":[{\"@type\":\"SearchAction\",\"target\":{\"@type\":\"EntryPoint\",\"urlTemplate\":\"https:\/\/vosgesinfo.fr\/remiremontinfo\/?s={search_term_string}\"},\"query-input\":\"required name=search_term_string\"}],\"inLanguage\":\"fr-FR\"},{\"@type\":\"Organization\",\"@id\":\"https:\/\/vosgesinfo.fr\/remiremontinfo\/#organization\",\"name\":\"Remiremont Info\",\"url\":\"https:\/\/vosgesinfo.fr\/remiremontinfo\/\",\"logo\":{\"@type\":\"ImageObject\",\"inLanguage\":\"fr-FR\",\"@id\":\"https:\/\/vosgesinfo.fr\/remiremontinfo\/#\/schema\/logo\/image\/\",\"url\":\"https:\/\/vosgesinfo.fr\/app\/uploads\/sites\/5\/2023\/08\/favicon-remiremontinfo.png\",\"contentUrl\":\"https:\/\/vosgesinfo.fr\/app\/uploads\/sites\/5\/2023\/08\/favicon-remiremontinfo.png\",\"width\":512,\"height\":512,\"caption\":\"Remiremont Info\"},\"image\":{\"@id\":\"https:\/\/vosgesinfo.fr\/remiremontinfo\/#\/schema\/logo\/image\/\"},\"sameAs\":[\"https:\/\/www.facebook.com\/remiremontinfo\",\"https:\/\/x.com\/VosgesInfo88\",\"https:\/\/www.youtube.com\/@vosgesinfo\"]},{\"@type\":\"Person\",\"@id\":\"https:\/\/vosgesinfo.fr\/remiremontinfo\/#\/schema\/person\/3bfd164d5218a185b1db68655a265316\",\"name\":\"C D\",\"image\":{\"@type\":\"ImageObject\",\"inLanguage\":\"fr-FR\",\"@id\":\"https:\/\/vosgesinfo.fr\/remiremontinfo\/#\/schema\/person\/image\/\",\"url\":\"https:\/\/secure.gravatar.com\/avatar\/1f9a70007336511a47468b8f1c66f922b8b7cf617b02a31149ada43893a5d48f?s=96&d=mm&r=g\",\"contentUrl\":\"https:\/\/secure.gravatar.com\/avatar\/1f9a70007336511a47468b8f1c66f922b8b7cf617b02a31149ada43893a5d48f?s=96&d=mm&r=g\",\"caption\":\"C D\"},\"url\":\"https:\/\/vosgesinfo.fr\/remiremontinfo\/author\/cedric-drevet\/\"}]}<\/script>\n<!-- \/ Yoast SEO plugin. -->","yoast_head_json":{"title":"Non-respect des gestes barri\u00e8res : les gendarmes patrouillent dans les commerces - Remiremont Info","robots":{"index":"index","follow":"follow","max-snippet":"max-snippet:-1","max-image-preview":"max-image-preview:large","max-video-preview":"max-video-preview:-1"},"canonical":"https:\/\/vosgesinfo.fr\/remiremontinfo\/2020\/09\/non-respect-gestes-barrieres-gendarmes-patrouillent-commerces\/","twitter_card":"summary_large_image","twitter_title":"Non-respect des gestes barri\u00e8res : les gendarmes patrouillent dans les commerces - Remiremont Info","twitter_description":"Des clients qui ne respectent pas les r\u00e8gles de distanciation sociale et qui s\u2019entassent dans les files d\u2019attente, des consommateurs [&hellip;]","twitter_image":"https:\/\/vosgesinfo.fr\/app\/uploads\/sites\/5\/2023\/08\/gendarmerie-01.jpg","twitter_creator":"@VosgesInfo88","twitter_site":"@VosgesInfo88","twitter_misc":{"\u00c9crit par":"C D","Dur\u00e9e de lecture estim\u00e9e":"1 minute"},"schema":{"@context":"https:\/\/schema.org","@graph":[{"@type":"Article","@id":"https:\/\/vosgesinfo.fr\/remiremontinfo\/2020\/09\/non-respect-gestes-barrieres-gendarmes-patrouillent-commerces\/#article","isPartOf":{"@id":"https:\/\/vosgesinfo.fr\/remiremontinfo\/2020\/09\/non-respect-gestes-barrieres-gendarmes-patrouillent-commerces\/"},"author":{"name":"C D","@id":"https:\/\/vosgesinfo.fr\/remiremontinfo\/#\/schema\/person\/3bfd164d5218a185b1db68655a265316"},"headline":"Non-respect des gestes barri\u00e8res : les gendarmes patrouillent dans les commerces","datePublished":"2020-09-15T04:06:06+00:00","dateModified":"2020-09-15T04:06:06+00:00","mainEntityOfPage":{"@id":"https:\/\/vosgesinfo.fr\/remiremontinfo\/2020\/09\/non-respect-gestes-barrieres-gendarmes-patrouillent-commerces\/"},"wordCount":193,"commentCount":0,"publisher":{"@id":"https:\/\/vosgesinfo.fr\/remiremontinfo\/#organization"},"image":{"@id":"https:\/\/vosgesinfo.fr\/remiremontinfo\/2020\/09\/non-respect-gestes-barrieres-gendarmes-patrouillent-commerces\/#primaryimage"},"thumbnailUrl":"https:\/\/vosgesinfo.fr\/app\/uploads\/sites\/5\/2023\/08\/gendarmerie-01.jpg","articleSection":["A la Une","Vosges"],"inLanguage":"fr-FR","potentialAction":[{"@type":"CommentAction","name":"Comment","target":["https:\/\/vosgesinfo.fr\/remiremontinfo\/2020\/09\/non-respect-gestes-barrieres-gendarmes-patrouillent-commerces\/#respond"]}]},{"@type":"WebPage","@id":"https:\/\/vosgesinfo.fr\/remiremontinfo\/2020\/09\/non-respect-gestes-barrieres-gendarmes-patrouillent-commerces\/","url":"https:\/\/vosgesinfo.fr\/remiremontinfo\/2020\/09\/non-respect-gestes-barrieres-gendarmes-patrouillent-commerces\/","name":"Non-respect des gestes barri\u00e8res : les gendarmes patrouillent dans les commerces - Remiremont Info","isPartOf":{"@id":"https:\/\/vosgesinfo.fr\/remiremontinfo\/#website"},"primaryImageOfPage":{"@id":"https:\/\/vosgesinfo.fr\/remiremontinfo\/2020\/09\/non-respect-gestes-barrieres-gendarmes-patrouillent-commerces\/#primaryimage"},"image":{"@id":"https:\/\/vosgesinfo.fr\/remiremontinfo\/2020\/09\/non-respect-gestes-barrieres-gendarmes-patrouillent-commerces\/#primaryimage"},"thumbnailUrl":"https:\/\/vosgesinfo.fr\/app\/uploads\/sites\/5\/2023\/08\/gendarmerie-01.jpg","datePublished":"2020-09-15T04:06:06+00:00","dateModified":"2020-09-15T04:06:06+00:00","breadcrumb":{"@id":"https:\/\/vosgesinfo.fr\/remiremontinfo\/2020\/09\/non-respect-gestes-barrieres-gendarmes-patrouillent-commerces\/#breadcrumb"},"inLanguage":"fr-FR","potentialAction":[{"@type":"ReadAction","target":["https:\/\/vosgesinfo.fr\/remiremontinfo\/2020\/09\/non-respect-gestes-barrieres-gendarmes-patrouillent-commerces\/"]}]},{"@type":"ImageObject","inLanguage":"fr-FR","@id":"https:\/\/vosgesinfo.fr\/remiremontinfo\/2020\/09\/non-respect-gestes-barrieres-gendarmes-patrouillent-commerces\/#primaryimage","url":"https:\/\/vosgesinfo.fr\/app\/uploads\/sites\/5\/2023\/08\/gendarmerie-01.jpg","contentUrl":"https:\/\/vosgesinfo.fr\/app\/uploads\/sites\/5\/2023\/08\/gendarmerie-01.jpg","width":616,"height":400},{"@type":"BreadcrumbList","@id":"https:\/\/vosgesinfo.fr\/remiremontinfo\/2020\/09\/non-respect-gestes-barrieres-gendarmes-patrouillent-commerces\/#breadcrumb","itemListElement":[{"@type":"ListItem","position":1,"name":"Home","item":"https:\/\/vosgesinfo.fr\/remiremontinfo\/"},{"@type":"ListItem","position":2,"name":"Non-respect des gestes barri\u00e8res : les gendarmes patrouillent dans les commerces"}]},{"@type":"WebSite","@id":"https:\/\/vosgesinfo.fr\/remiremontinfo\/#website","url":"https:\/\/vosgesinfo.fr\/remiremontinfo\/","name":"Remiremont Info","description":"Toute l&#039;actualit\u00e9 de Remiremont","publisher":{"@id":"https:\/\/vosgesinfo.fr\/remiremontinfo\/#organization"},"alternateName":"Toute l'actualit\u00e9 de Remiremont","potentialAction":[{"@type":"SearchAction","target":{"@type":"EntryPoint","urlTemplate":"https:\/\/vosgesinfo.fr\/remiremontinfo\/?s={search_term_string}"},"query-input":"required name=search_term_string"}],"inLanguage":"fr-FR"},{"@type":"Organization","@id":"https:\/\/vosgesinfo.fr\/remiremontinfo\/#organization","name":"Remiremont Info","url":"https:\/\/vosgesinfo.fr\/remiremontinfo\/","logo":{"@type":"ImageObject","inLanguage":"fr-FR","@id":"https:\/\/vosgesinfo.fr\/remiremontinfo\/#\/schema\/logo\/image\/","url":"https:\/\/vosgesinfo.fr\/app\/uploads\/sites\/5\/2023\/08\/favicon-remiremontinfo.png","contentUrl":"https:\/\/vosgesinfo.fr\/app\/uploads\/sites\/5\/2023\/08\/favicon-remiremontinfo.png","width":512,"height":512,"caption":"Remiremont Info"},"image":{"@id":"https:\/\/vosgesinfo.fr\/remiremontinfo\/#\/schema\/logo\/image\/"},"sameAs":["https:\/\/www.facebook.com\/remiremontinfo","https:\/\/x.com\/VosgesInfo88","https:\/\/www.youtube.com\/@vosgesinfo"]},{"@type":"Person","@id":"https:\/\/vosgesinfo.fr\/remiremontinfo\/#\/schema\/person\/3bfd164d5218a185b1db68655a265316","name":"C D","image":{"@type":"ImageObject","inLanguage":"fr-FR","@id":"https:\/\/vosgesinfo.fr\/remiremontinfo\/#\/schema\/person\/image\/","url":"https:\/\/secure.gravatar.com\/avatar\/1f9a70007336511a47468b8f1c66f922b8b7cf617b02a31149ada43893a5d48f?s=96&d=mm&r=g","contentUrl":"https:\/\/secure.gravatar.com\/avatar\/1f9a70007336511a47468b8f1c66f922b8b7cf617b02a31149ada43893a5d48f?s=96&d=mm&r=g","caption":"C D"},"url":"https:\/\/vosgesinfo.fr\/remiremontinfo\/author\/cedric-drevet\/"}]}},"_links":{"self":[{"href":"https:\/\/vosgesinfo.fr\/remiremontinfo\/wp-json\/wp\/v2\/posts\/31274","targetHints":{"allow":["GET"]}}],"collection":[{"href":"https:\/\/vosgesinfo.fr\/remiremontinfo\/wp-json\/wp\/v2\/posts"}],"about":[{"href":"https:\/\/vosgesinfo.fr\/remiremontinfo\/wp-json\/wp\/v2\/types\/post"}],"author":[{"embeddable":true,"href":"https:\/\/vosgesinfo.fr\/remiremontinfo\/wp-json\/wp\/v2\/users\/407"}],"replies":[{"embeddable":true,"href":"https:\/\/vosgesinfo.fr\/remiremontinfo\/wp-json\/wp\/v2\/comments?post=31274"}],"version-history":[{"count":0,"href":"https:\/\/vosgesinfo.fr\/remiremontinfo\/wp-json\/wp\/v2\/posts\/31274\/revisions"}],"wp:featuredmedia":[{"embeddable":true,"href":"https:\/\/vosgesinfo.fr\/remiremontinfo\/wp-json\/wp\/v2\/media\/269"}],"wp:attachment":[{"href":"https:\/\/vosgesinfo.fr\/remiremontinfo\/wp-json\/wp\/v2\/media?parent=31274"}],"wp:term":[{"taxonomy":"category","embeddable":true,"href":"https:\/\/vosgesinfo.fr\/remiremontinfo\/wp-json\/wp\/v2\/categories?post=31274"},{"taxonomy":"post_tag","embeddable":true,"href":"https:\/\/vosgesinfo.fr\/remiremontinfo\/wp-json\/wp\/v2\/tags?post=31274"}],"curies":[{"name":"wp","href":"https:\/\/api.w.org\/{rel}","templated":true}]}}