{"id":3139,"date":"2023-12-08T13:22:39","date_gmt":"2023-12-08T12:22:39","guid":{"rendered":"https:\/\/vosgesinfo.fr\/remiremontinfo\/2023\/12\/le-val-dajol-lassociation-fa-mi-zik-organise-un-concert-de-noel\/"},"modified":"2023-12-08T13:22:39","modified_gmt":"2023-12-08T12:22:39","slug":"le-val-dajol-lassociation-fa-mi-zik-organise-un-concert-de-noel","status":"publish","type":"post","link":"https:\/\/vosgesinfo.fr\/remiremontinfo\/2023\/12\/le-val-dajol-lassociation-fa-mi-zik-organise-un-concert-de-noel\/","title":{"rendered":"Le Val d&rsquo;Ajol &#8211; L&rsquo;association Fa Mi&rsquo; Zik organise un concert de No\u00ebl"},"content":{"rendered":"<p>L&rsquo;Association La Fa Mi&rsquo; Zik organise un concert musical pour les f\u00eates de No\u00ebl le dimanche 17 d\u00e9cembre \u00e0\u00a016h \u00e0 l&rsquo;Eglise Notre Dame de l&rsquo;Assomption au Val d&rsquo;Ajol. Entr\u00e9e libre.<\/p>\n<p><a href=\"https:\/\/remiremontinfo.fr\/wp-content\/uploads\/2023\/12\/406442410_740251198134713_6990799292442346376_n.jpg\"><img decoding=\"async\" class=\"size-large wp-image-380492 aligncenter\" src=\"https:\/\/vosgesinfo.fr\/app\/uploads\/sites\/5\/2023\/12\/406442410-740251198134713-6990799292442346376-n.jpg\" alt=\"406442410_740251198134713_6990799292442346376_n\" width=\"725\" height=\"1024\" \/><\/a><\/p>\n","protected":false},"excerpt":{"rendered":"<p>L&rsquo;Association La Fa Mi&rsquo; Zik organise un concert musical pour les f\u00eates de No\u00ebl le dimanche 17 d\u00e9cembre \u00e0\u00a016h \u00e0 [&hellip;]<\/p>\n","protected":false},"author":414,"featured_media":3138,"comment_status":"open","ping_status":"open","sticky":false,"template":"","format":"standard","meta":{"footnotes":""},"categories":[26,121,82],"tags":[53,532,345,123],"class_list":["post-3139","post","type-post","status-publish","format-standard","has-post-thumbnail","hentry","category-a-la-une","category-le-val-dajol-le-val-dajol-son-canton","category-le-val-dajol-son-canton","tag-concert","tag-fa-mi-zik","tag-noel","tag-val-dajol"],"acf":[],"yoast_head":"<!-- This site is optimized with the Yoast SEO plugin v22.5 - https:\/\/yoast.com\/wordpress\/plugins\/seo\/ -->\n<title>Le Val d&#039;Ajol - L&#039;association Fa Mi&#039; Zik organise un concert de No\u00ebl - Remiremont Info<\/title>\n<meta name=\"robots\" content=\"index, follow, max-snippet:-1, max-image-preview:large, max-video-preview:-1\" \/>\n<link rel=\"canonical\" href=\"https:\/\/vosgesinfo.fr\/remiremontinfo\/2023\/12\/le-val-dajol-lassociation-fa-mi-zik-organise-un-concert-de-noel\/\" \/>\n<meta name=\"twitter:card\" content=\"summary_large_image\" \/>\n<meta name=\"twitter:title\" content=\"Le Val d&#039;Ajol - L&#039;association Fa Mi&#039; Zik organise un concert de No\u00ebl - Remiremont Info\" \/>\n<meta name=\"twitter:description\" content=\"L&rsquo;Association La Fa Mi&rsquo; Zik organise un concert musical pour les f\u00eates de No\u00ebl le dimanche 17 d\u00e9cembre \u00e0\u00a016h \u00e0 [&hellip;]\" \/>\n<meta name=\"twitter:image\" content=\"https:\/\/vosgesinfo.fr\/app\/uploads\/sites\/5\/2023\/12\/406442410-740251198134713-6990799292442346376-n.jpg\" \/>\n<meta name=\"twitter:creator\" content=\"@VosgesInfo88\" \/>\n<meta name=\"twitter:site\" content=\"@VosgesInfo88\" \/>\n<meta name=\"twitter:label1\" content=\"\u00c9crit par\" \/>\n\t<meta name=\"twitter:data1\" content=\"Julien Chassard\" \/>\n<script type=\"application\/ld+json\" class=\"yoast-schema-graph\">{\"@context\":\"https:\/\/schema.org\",\"@graph\":[{\"@type\":\"Article\",\"@id\":\"https:\/\/vosgesinfo.fr\/remiremontinfo\/2023\/12\/le-val-dajol-lassociation-fa-mi-zik-organise-un-concert-de-noel\/#article\",\"isPartOf\":{\"@id\":\"https:\/\/vosgesinfo.fr\/remiremontinfo\/2023\/12\/le-val-dajol-lassociation-fa-mi-zik-organise-un-concert-de-noel\/\"},\"author\":{\"name\":\"Julien Chassard\",\"@id\":\"https:\/\/vosgesinfo.fr\/remiremontinfo\/#\/schema\/person\/9f7d5afbed21dfe30e21502db85507c8\"},\"headline\":\"Le Val d&rsquo;Ajol &#8211; L&rsquo;association Fa Mi&rsquo; Zik organise un concert de No\u00ebl\",\"datePublished\":\"2023-12-08T12:22:39+00:00\",\"dateModified\":\"2023-12-08T12:22:39+00:00\",\"mainEntityOfPage\":{\"@id\":\"https:\/\/vosgesinfo.fr\/remiremontinfo\/2023\/12\/le-val-dajol-lassociation-fa-mi-zik-organise-un-concert-de-noel\/\"},\"wordCount\":52,\"commentCount\":0,\"publisher\":{\"@id\":\"https:\/\/vosgesinfo.fr\/remiremontinfo\/#organization\"},\"image\":{\"@id\":\"https:\/\/vosgesinfo.fr\/remiremontinfo\/2023\/12\/le-val-dajol-lassociation-fa-mi-zik-organise-un-concert-de-noel\/#primaryimage\"},\"thumbnailUrl\":\"https:\/\/vosgesinfo.fr\/app\/uploads\/sites\/5\/2023\/12\/406442410-740251198134713-6990799292442346376-n.jpg\",\"keywords\":[\"concert\",\"Fa Mi' Zik\",\"No\u00ebl\",\"val d'ajol\"],\"articleSection\":[\"A la Une\",\"Le Val d'Ajol\",\"Le Val-d'Ajol &amp; son canton\"],\"inLanguage\":\"fr-FR\",\"potentialAction\":[{\"@type\":\"CommentAction\",\"name\":\"Comment\",\"target\":[\"https:\/\/vosgesinfo.fr\/remiremontinfo\/2023\/12\/le-val-dajol-lassociation-fa-mi-zik-organise-un-concert-de-noel\/#respond\"]}]},{\"@type\":\"WebPage\",\"@id\":\"https:\/\/vosgesinfo.fr\/remiremontinfo\/2023\/12\/le-val-dajol-lassociation-fa-mi-zik-organise-un-concert-de-noel\/\",\"url\":\"https:\/\/vosgesinfo.fr\/remiremontinfo\/2023\/12\/le-val-dajol-lassociation-fa-mi-zik-organise-un-concert-de-noel\/\",\"name\":\"Le Val d'Ajol - L'association Fa Mi' Zik organise un concert de No\u00ebl - Remiremont Info\",\"isPartOf\":{\"@id\":\"https:\/\/vosgesinfo.fr\/remiremontinfo\/#website\"},\"primaryImageOfPage\":{\"@id\":\"https:\/\/vosgesinfo.fr\/remiremontinfo\/2023\/12\/le-val-dajol-lassociation-fa-mi-zik-organise-un-concert-de-noel\/#primaryimage\"},\"image\":{\"@id\":\"https:\/\/vosgesinfo.fr\/remiremontinfo\/2023\/12\/le-val-dajol-lassociation-fa-mi-zik-organise-un-concert-de-noel\/#primaryimage\"},\"thumbnailUrl\":\"https:\/\/vosgesinfo.fr\/app\/uploads\/sites\/5\/2023\/12\/406442410-740251198134713-6990799292442346376-n.jpg\",\"datePublished\":\"2023-12-08T12:22:39+00:00\",\"dateModified\":\"2023-12-08T12:22:39+00:00\",\"breadcrumb\":{\"@id\":\"https:\/\/vosgesinfo.fr\/remiremontinfo\/2023\/12\/le-val-dajol-lassociation-fa-mi-zik-organise-un-concert-de-noel\/#breadcrumb\"},\"inLanguage\":\"fr-FR\",\"potentialAction\":[{\"@type\":\"ReadAction\",\"target\":[\"https:\/\/vosgesinfo.fr\/remiremontinfo\/2023\/12\/le-val-dajol-lassociation-fa-mi-zik-organise-un-concert-de-noel\/\"]}]},{\"@type\":\"ImageObject\",\"inLanguage\":\"fr-FR\",\"@id\":\"https:\/\/vosgesinfo.fr\/remiremontinfo\/2023\/12\/le-val-dajol-lassociation-fa-mi-zik-organise-un-concert-de-noel\/#primaryimage\",\"url\":\"https:\/\/vosgesinfo.fr\/app\/uploads\/sites\/5\/2023\/12\/406442410-740251198134713-6990799292442346376-n.jpg\",\"contentUrl\":\"https:\/\/vosgesinfo.fr\/app\/uploads\/sites\/5\/2023\/12\/406442410-740251198134713-6990799292442346376-n.jpg\",\"width\":1080,\"height\":1526},{\"@type\":\"BreadcrumbList\",\"@id\":\"https:\/\/vosgesinfo.fr\/remiremontinfo\/2023\/12\/le-val-dajol-lassociation-fa-mi-zik-organise-un-concert-de-noel\/#breadcrumb\",\"itemListElement\":[{\"@type\":\"ListItem\",\"position\":1,\"name\":\"Home\",\"item\":\"https:\/\/vosgesinfo.fr\/remiremontinfo\/\"},{\"@type\":\"ListItem\",\"position\":2,\"name\":\"Le Val d&rsquo;Ajol &#8211; L&rsquo;association Fa Mi&rsquo; Zik organise un concert de No\u00ebl\"}]},{\"@type\":\"WebSite\",\"@id\":\"https:\/\/vosgesinfo.fr\/remiremontinfo\/#website\",\"url\":\"https:\/\/vosgesinfo.fr\/remiremontinfo\/\",\"name\":\"Remiremont Info\",\"description\":\"Toute l&#039;actualit\u00e9 de Remiremont\",\"publisher\":{\"@id\":\"https:\/\/vosgesinfo.fr\/remiremontinfo\/#organization\"},\"alternateName\":\"Toute l'actualit\u00e9 de Remiremont\",\"potentialAction\":[{\"@type\":\"SearchAction\",\"target\":{\"@type\":\"EntryPoint\",\"urlTemplate\":\"https:\/\/vosgesinfo.fr\/remiremontinfo\/?s={search_term_string}\"},\"query-input\":\"required name=search_term_string\"}],\"inLanguage\":\"fr-FR\"},{\"@type\":\"Organization\",\"@id\":\"https:\/\/vosgesinfo.fr\/remiremontinfo\/#organization\",\"name\":\"Remiremont Info\",\"url\":\"https:\/\/vosgesinfo.fr\/remiremontinfo\/\",\"logo\":{\"@type\":\"ImageObject\",\"inLanguage\":\"fr-FR\",\"@id\":\"https:\/\/vosgesinfo.fr\/remiremontinfo\/#\/schema\/logo\/image\/\",\"url\":\"https:\/\/vosgesinfo.fr\/app\/uploads\/sites\/5\/2023\/08\/favicon-remiremontinfo.png\",\"contentUrl\":\"https:\/\/vosgesinfo.fr\/app\/uploads\/sites\/5\/2023\/08\/favicon-remiremontinfo.png\",\"width\":512,\"height\":512,\"caption\":\"Remiremont Info\"},\"image\":{\"@id\":\"https:\/\/vosgesinfo.fr\/remiremontinfo\/#\/schema\/logo\/image\/\"},\"sameAs\":[\"https:\/\/www.facebook.com\/remiremontinfo\",\"https:\/\/x.com\/VosgesInfo88\",\"https:\/\/www.youtube.com\/@vosgesinfo\"]},{\"@type\":\"Person\",\"@id\":\"https:\/\/vosgesinfo.fr\/remiremontinfo\/#\/schema\/person\/9f7d5afbed21dfe30e21502db85507c8\",\"name\":\"Julien Chassard\",\"image\":{\"@type\":\"ImageObject\",\"inLanguage\":\"fr-FR\",\"@id\":\"https:\/\/vosgesinfo.fr\/remiremontinfo\/#\/schema\/person\/image\/\",\"url\":\"https:\/\/secure.gravatar.com\/avatar\/b1edc920568095a5269cc92a13830411052ebb396f029db539972c12276b9ba9?s=96&d=mm&r=g\",\"contentUrl\":\"https:\/\/secure.gravatar.com\/avatar\/b1edc920568095a5269cc92a13830411052ebb396f029db539972c12276b9ba9?s=96&d=mm&r=g\",\"caption\":\"Julien Chassard\"},\"url\":\"https:\/\/vosgesinfo.fr\/remiremontinfo\/author\/j-chassard882\/\"}]}<\/script>\n<!-- \/ Yoast SEO plugin. -->","yoast_head_json":{"title":"Le Val d'Ajol - L'association Fa Mi' Zik organise un concert de No\u00ebl - Remiremont Info","robots":{"index":"index","follow":"follow","max-snippet":"max-snippet:-1","max-image-preview":"max-image-preview:large","max-video-preview":"max-video-preview:-1"},"canonical":"https:\/\/vosgesinfo.fr\/remiremontinfo\/2023\/12\/le-val-dajol-lassociation-fa-mi-zik-organise-un-concert-de-noel\/","twitter_card":"summary_large_image","twitter_title":"Le Val d'Ajol - L'association Fa Mi' Zik organise un concert de No\u00ebl - Remiremont Info","twitter_description":"L&rsquo;Association La Fa Mi&rsquo; Zik organise un concert musical pour les f\u00eates de No\u00ebl le dimanche 17 d\u00e9cembre \u00e0\u00a016h \u00e0 [&hellip;]","twitter_image":"https:\/\/vosgesinfo.fr\/app\/uploads\/sites\/5\/2023\/12\/406442410-740251198134713-6990799292442346376-n.jpg","twitter_creator":"@VosgesInfo88","twitter_site":"@VosgesInfo88","twitter_misc":{"\u00c9crit par":"Julien Chassard"},"schema":{"@context":"https:\/\/schema.org","@graph":[{"@type":"Article","@id":"https:\/\/vosgesinfo.fr\/remiremontinfo\/2023\/12\/le-val-dajol-lassociation-fa-mi-zik-organise-un-concert-de-noel\/#article","isPartOf":{"@id":"https:\/\/vosgesinfo.fr\/remiremontinfo\/2023\/12\/le-val-dajol-lassociation-fa-mi-zik-organise-un-concert-de-noel\/"},"author":{"name":"Julien Chassard","@id":"https:\/\/vosgesinfo.fr\/remiremontinfo\/#\/schema\/person\/9f7d5afbed21dfe30e21502db85507c8"},"headline":"Le Val d&rsquo;Ajol &#8211; L&rsquo;association Fa Mi&rsquo; Zik organise un concert de No\u00ebl","datePublished":"2023-12-08T12:22:39+00:00","dateModified":"2023-12-08T12:22:39+00:00","mainEntityOfPage":{"@id":"https:\/\/vosgesinfo.fr\/remiremontinfo\/2023\/12\/le-val-dajol-lassociation-fa-mi-zik-organise-un-concert-de-noel\/"},"wordCount":52,"commentCount":0,"publisher":{"@id":"https:\/\/vosgesinfo.fr\/remiremontinfo\/#organization"},"image":{"@id":"https:\/\/vosgesinfo.fr\/remiremontinfo\/2023\/12\/le-val-dajol-lassociation-fa-mi-zik-organise-un-concert-de-noel\/#primaryimage"},"thumbnailUrl":"https:\/\/vosgesinfo.fr\/app\/uploads\/sites\/5\/2023\/12\/406442410-740251198134713-6990799292442346376-n.jpg","keywords":["concert","Fa Mi' Zik","No\u00ebl","val d'ajol"],"articleSection":["A la Une","Le Val d'Ajol","Le Val-d'Ajol &amp; son canton"],"inLanguage":"fr-FR","potentialAction":[{"@type":"CommentAction","name":"Comment","target":["https:\/\/vosgesinfo.fr\/remiremontinfo\/2023\/12\/le-val-dajol-lassociation-fa-mi-zik-organise-un-concert-de-noel\/#respond"]}]},{"@type":"WebPage","@id":"https:\/\/vosgesinfo.fr\/remiremontinfo\/2023\/12\/le-val-dajol-lassociation-fa-mi-zik-organise-un-concert-de-noel\/","url":"https:\/\/vosgesinfo.fr\/remiremontinfo\/2023\/12\/le-val-dajol-lassociation-fa-mi-zik-organise-un-concert-de-noel\/","name":"Le Val d'Ajol - L'association Fa Mi' Zik organise un concert de No\u00ebl - Remiremont Info","isPartOf":{"@id":"https:\/\/vosgesinfo.fr\/remiremontinfo\/#website"},"primaryImageOfPage":{"@id":"https:\/\/vosgesinfo.fr\/remiremontinfo\/2023\/12\/le-val-dajol-lassociation-fa-mi-zik-organise-un-concert-de-noel\/#primaryimage"},"image":{"@id":"https:\/\/vosgesinfo.fr\/remiremontinfo\/2023\/12\/le-val-dajol-lassociation-fa-mi-zik-organise-un-concert-de-noel\/#primaryimage"},"thumbnailUrl":"https:\/\/vosgesinfo.fr\/app\/uploads\/sites\/5\/2023\/12\/406442410-740251198134713-6990799292442346376-n.jpg","datePublished":"2023-12-08T12:22:39+00:00","dateModified":"2023-12-08T12:22:39+00:00","breadcrumb":{"@id":"https:\/\/vosgesinfo.fr\/remiremontinfo\/2023\/12\/le-val-dajol-lassociation-fa-mi-zik-organise-un-concert-de-noel\/#breadcrumb"},"inLanguage":"fr-FR","potentialAction":[{"@type":"ReadAction","target":["https:\/\/vosgesinfo.fr\/remiremontinfo\/2023\/12\/le-val-dajol-lassociation-fa-mi-zik-organise-un-concert-de-noel\/"]}]},{"@type":"ImageObject","inLanguage":"fr-FR","@id":"https:\/\/vosgesinfo.fr\/remiremontinfo\/2023\/12\/le-val-dajol-lassociation-fa-mi-zik-organise-un-concert-de-noel\/#primaryimage","url":"https:\/\/vosgesinfo.fr\/app\/uploads\/sites\/5\/2023\/12\/406442410-740251198134713-6990799292442346376-n.jpg","contentUrl":"https:\/\/vosgesinfo.fr\/app\/uploads\/sites\/5\/2023\/12\/406442410-740251198134713-6990799292442346376-n.jpg","width":1080,"height":1526},{"@type":"BreadcrumbList","@id":"https:\/\/vosgesinfo.fr\/remiremontinfo\/2023\/12\/le-val-dajol-lassociation-fa-mi-zik-organise-un-concert-de-noel\/#breadcrumb","itemListElement":[{"@type":"ListItem","position":1,"name":"Home","item":"https:\/\/vosgesinfo.fr\/remiremontinfo\/"},{"@type":"ListItem","position":2,"name":"Le Val d&rsquo;Ajol &#8211; L&rsquo;association Fa Mi&rsquo; Zik organise un concert de No\u00ebl"}]},{"@type":"WebSite","@id":"https:\/\/vosgesinfo.fr\/remiremontinfo\/#website","url":"https:\/\/vosgesinfo.fr\/remiremontinfo\/","name":"Remiremont Info","description":"Toute l&#039;actualit\u00e9 de Remiremont","publisher":{"@id":"https:\/\/vosgesinfo.fr\/remiremontinfo\/#organization"},"alternateName":"Toute l'actualit\u00e9 de Remiremont","potentialAction":[{"@type":"SearchAction","target":{"@type":"EntryPoint","urlTemplate":"https:\/\/vosgesinfo.fr\/remiremontinfo\/?s={search_term_string}"},"query-input":"required name=search_term_string"}],"inLanguage":"fr-FR"},{"@type":"Organization","@id":"https:\/\/vosgesinfo.fr\/remiremontinfo\/#organization","name":"Remiremont Info","url":"https:\/\/vosgesinfo.fr\/remiremontinfo\/","logo":{"@type":"ImageObject","inLanguage":"fr-FR","@id":"https:\/\/vosgesinfo.fr\/remiremontinfo\/#\/schema\/logo\/image\/","url":"https:\/\/vosgesinfo.fr\/app\/uploads\/sites\/5\/2023\/08\/favicon-remiremontinfo.png","contentUrl":"https:\/\/vosgesinfo.fr\/app\/uploads\/sites\/5\/2023\/08\/favicon-remiremontinfo.png","width":512,"height":512,"caption":"Remiremont Info"},"image":{"@id":"https:\/\/vosgesinfo.fr\/remiremontinfo\/#\/schema\/logo\/image\/"},"sameAs":["https:\/\/www.facebook.com\/remiremontinfo","https:\/\/x.com\/VosgesInfo88","https:\/\/www.youtube.com\/@vosgesinfo"]},{"@type":"Person","@id":"https:\/\/vosgesinfo.fr\/remiremontinfo\/#\/schema\/person\/9f7d5afbed21dfe30e21502db85507c8","name":"Julien Chassard","image":{"@type":"ImageObject","inLanguage":"fr-FR","@id":"https:\/\/vosgesinfo.fr\/remiremontinfo\/#\/schema\/person\/image\/","url":"https:\/\/secure.gravatar.com\/avatar\/b1edc920568095a5269cc92a13830411052ebb396f029db539972c12276b9ba9?s=96&d=mm&r=g","contentUrl":"https:\/\/secure.gravatar.com\/avatar\/b1edc920568095a5269cc92a13830411052ebb396f029db539972c12276b9ba9?s=96&d=mm&r=g","caption":"Julien Chassard"},"url":"https:\/\/vosgesinfo.fr\/remiremontinfo\/author\/j-chassard882\/"}]}},"_links":{"self":[{"href":"https:\/\/vosgesinfo.fr\/remiremontinfo\/wp-json\/wp\/v2\/posts\/3139","targetHints":{"allow":["GET"]}}],"collection":[{"href":"https:\/\/vosgesinfo.fr\/remiremontinfo\/wp-json\/wp\/v2\/posts"}],"about":[{"href":"https:\/\/vosgesinfo.fr\/remiremontinfo\/wp-json\/wp\/v2\/types\/post"}],"author":[{"embeddable":true,"href":"https:\/\/vosgesinfo.fr\/remiremontinfo\/wp-json\/wp\/v2\/users\/414"}],"replies":[{"embeddable":true,"href":"https:\/\/vosgesinfo.fr\/remiremontinfo\/wp-json\/wp\/v2\/comments?post=3139"}],"version-history":[{"count":0,"href":"https:\/\/vosgesinfo.fr\/remiremontinfo\/wp-json\/wp\/v2\/posts\/3139\/revisions"}],"wp:featuredmedia":[{"embeddable":true,"href":"https:\/\/vosgesinfo.fr\/remiremontinfo\/wp-json\/wp\/v2\/media\/3138"}],"wp:attachment":[{"href":"https:\/\/vosgesinfo.fr\/remiremontinfo\/wp-json\/wp\/v2\/media?parent=3139"}],"wp:term":[{"taxonomy":"category","embeddable":true,"href":"https:\/\/vosgesinfo.fr\/remiremontinfo\/wp-json\/wp\/v2\/categories?post=3139"},{"taxonomy":"post_tag","embeddable":true,"href":"https:\/\/vosgesinfo.fr\/remiremontinfo\/wp-json\/wp\/v2\/tags?post=3139"}],"curies":[{"name":"wp","href":"https:\/\/api.w.org\/{rel}","templated":true}]}}