{"id":3150,"date":"2023-12-08T11:30:58","date_gmt":"2023-12-08T10:30:58","guid":{"rendered":"https:\/\/vosgesinfo.fr\/remiremontinfo\/2023\/12\/la-montee-historique-du-ballon-dalsace-se-dote-dun-nouveau-site-internet\/"},"modified":"2023-12-08T11:30:58","modified_gmt":"2023-12-08T10:30:58","slug":"la-montee-historique-du-ballon-dalsace-se-dote-dun-nouveau-site-internet","status":"publish","type":"post","link":"https:\/\/vosgesinfo.fr\/remiremontinfo\/2023\/12\/la-montee-historique-du-ballon-dalsace-se-dote-dun-nouveau-site-internet\/","title":{"rendered":"La mont\u00e9e historique du Ballon d&rsquo;Alsace se dote d&rsquo;un nouveau site internet  !"},"content":{"rendered":"<div id=\"attachment_368447\" style=\"width: 970px\" class=\"wp-caption aligncenter\"><a href=\"https:\/\/remiremontinfo.fr\/wp-content\/uploads\/2023\/04\/mont\u00e9e.jpg\"><img decoding=\"async\" aria-describedby=\"caption-attachment-368447\" class=\"wp-image-368447 size-large\" src=\"https:\/\/vosgesinfo.fr\/app\/uploads\/sites\/5\/2023\/04\/montee.jpg\" alt=\"mont\u00e9e\" width=\"960\" height=\"640\" \/><\/a><p id=\"caption-attachment-368447\" class=\"wp-caption-text\">Photo d&rsquo;archives<\/p><\/div>\n<h2><span style=\"font-size: 14pt;\">Alors que les inscriptions viennent d&rsquo;ouvrir pour <a href=\"https:\/\/remiremontinfo.fr\/2023\/11\/montee-historique-internationale-ballon-dalsace-2024-deja-tuyaux\/\">son \u00e9dition 2024 qui aura lieu les 16,17 et 18 ao\u00fbt prochains<\/a>, la mont\u00e9e historique internationale du Ballon d&rsquo;Alsace s&rsquo;est dot\u00e9e depuis quelques jours d&rsquo;un nouveau site internet plus ergonomique, plus complet et plus intuitif.\u00a0<\/span><\/h2>\n<p>L&rsquo;\u00e9v\u00e9nement de l&rsquo;hiver pour la mont\u00e9e historique internationale du Ballon d&rsquo;Alsace, c&rsquo;est assur\u00e9ment la mise en ligne d&rsquo;un nouveau site !<\/p>\n<p>Une ergonomie moderne, facile \u00e0 naviguer, il offre comme toujours une masse impressionnante de renseignements pour les spectateurs et d&rsquo;informations pr\u00e9cises et d\u00e9taill\u00e9s pour les pilotes. Qu&rsquo;il s&rsquo;agisse des formules d&rsquo;inscription, des horaires, des repas, de la parade, des plans arriv\u00e9e comme de d\u00e9part, tout y est. Un gros boulot que l\u2019\u00e9quipe a assum\u00e9 en quelques semaines, d\u2019autant qu\u2019il est en trois langues (fran\u00e7ais, anglais et allemand).<\/p>\n<p><a href=\"https:\/\/vosgesinfo.fr\/app\/uploads\/sites\/5\/2023\/12\/image-2023-12-08-120500496.png\"><img decoding=\"async\" class=\"size-full wp-image-380508 aligncenter\" src=\"https:\/\/vosgesinfo.fr\/app\/uploads\/sites\/5\/2023\/12\/image-2023-12-08-120500496.png\" alt=\"image_2023-12-08_120500496\" width=\"678\" height=\"759\" \/><\/a><\/p>\n<p>Les galeries photos reprennent tout l\u2019historique en images depuis la premi\u00e8re \u00e9dition en 2016, un vrai retour dans un mus\u00e9e anim\u00e9. Les plus curieux d\u2019entre vous pourront suivre les inscrits avec les infos sur le pilote, sa nationalit\u00e9, la voiture et une photo. Comme sur le pr\u00e9c\u00e9dant site web vous avez la possibilit\u00e9 de vous inscrire en ligne avec plusieurs solutions de paiement, ou de t\u00e9l\u00e9charger les formulaires \u00e0 compl\u00e9ter et \u00e0 renvoyer par courrier.<\/p>\n<p>Les inscriptions pour la mont\u00e9e historique internationale du Ballon d&rsquo;Alsace sont ouvertes depuis 1er d\u00e9cembre. Les pilotes affronteront la pente les 16, 17 et 18 ao\u00fbt prochains.<\/p>\n<p>Vous pouvez retrouver toute l&rsquo;actualit\u00e9 de la mont\u00e9e historique du Ballon d&rsquo;Alsace sur le nouveau site :\u00a0<a href=\"https:\/\/monteeballondalsace.com\">https:\/\/monteeballondalsace.com<\/a>\u00a0et sur Facebook :\u00a0<a href=\"https:\/\/www.facebook.com\/mhibc?locale=fr_FR\">https:\/\/www.facebook.com\/mhibc?locale=fr_FR<\/a><\/p>\n<p>&nbsp;<\/p>\n\n","protected":false},"excerpt":{"rendered":"<p>Alors que les inscriptions viennent d&rsquo;ouvrir pour son \u00e9dition 2024 qui aura lieu les 16,17 et 18 ao\u00fbt prochains, la [&hellip;]<\/p>\n","protected":false},"author":414,"featured_media":3148,"comment_status":"open","ping_status":"open","sticky":false,"template":"","format":"standard","meta":{"footnotes":""},"categories":[26,18],"tags":[28,533,534,261,535,536],"class_list":["post-3150","post","type-post","status-publish","format-standard","has-post-thumbnail","hentry","category-a-la-une","category-vosges","tag-automobile","tag-ballon-dalsace","tag-belfort","tag-course","tag-massif-des-vosges","tag-montee-historique"],"acf":[],"yoast_head":"<!-- This site is optimized with the Yoast SEO plugin v22.5 - https:\/\/yoast.com\/wordpress\/plugins\/seo\/ -->\n<title>La mont\u00e9e historique du Ballon d&#039;Alsace se dote d&#039;un nouveau site internet ! - Remiremont Info<\/title>\n<meta name=\"robots\" content=\"index, follow, max-snippet:-1, max-image-preview:large, max-video-preview:-1\" \/>\n<link rel=\"canonical\" href=\"https:\/\/vosgesinfo.fr\/remiremontinfo\/2023\/12\/la-montee-historique-du-ballon-dalsace-se-dote-dun-nouveau-site-internet\/\" \/>\n<meta name=\"twitter:card\" content=\"summary_large_image\" \/>\n<meta name=\"twitter:title\" content=\"La mont\u00e9e historique du Ballon d&#039;Alsace se dote d&#039;un nouveau site internet ! - Remiremont Info\" \/>\n<meta name=\"twitter:description\" content=\"Alors que les inscriptions viennent d&rsquo;ouvrir pour son \u00e9dition 2024 qui aura lieu les 16,17 et 18 ao\u00fbt prochains, la [&hellip;]\" \/>\n<meta name=\"twitter:image\" content=\"https:\/\/vosgesinfo.fr\/app\/uploads\/sites\/5\/2023\/04\/montee.jpg\" \/>\n<meta name=\"twitter:creator\" content=\"@VosgesInfo88\" \/>\n<meta name=\"twitter:site\" content=\"@VosgesInfo88\" \/>\n<meta name=\"twitter:label1\" content=\"\u00c9crit par\" \/>\n\t<meta name=\"twitter:data1\" content=\"Julien Chassard\" \/>\n\t<meta name=\"twitter:label2\" content=\"Dur\u00e9e de lecture estim\u00e9e\" \/>\n\t<meta name=\"twitter:data2\" content=\"1 minute\" \/>\n<script type=\"application\/ld+json\" class=\"yoast-schema-graph\">{\"@context\":\"https:\/\/schema.org\",\"@graph\":[{\"@type\":\"Article\",\"@id\":\"https:\/\/vosgesinfo.fr\/remiremontinfo\/2023\/12\/la-montee-historique-du-ballon-dalsace-se-dote-dun-nouveau-site-internet\/#article\",\"isPartOf\":{\"@id\":\"https:\/\/vosgesinfo.fr\/remiremontinfo\/2023\/12\/la-montee-historique-du-ballon-dalsace-se-dote-dun-nouveau-site-internet\/\"},\"author\":{\"name\":\"Julien Chassard\",\"@id\":\"https:\/\/vosgesinfo.fr\/remiremontinfo\/#\/schema\/person\/9f7d5afbed21dfe30e21502db85507c8\"},\"headline\":\"La mont\u00e9e historique du Ballon d&rsquo;Alsace se dote d&rsquo;un nouveau site internet !\",\"datePublished\":\"2023-12-08T10:30:58+00:00\",\"dateModified\":\"2023-12-08T10:30:58+00:00\",\"mainEntityOfPage\":{\"@id\":\"https:\/\/vosgesinfo.fr\/remiremontinfo\/2023\/12\/la-montee-historique-du-ballon-dalsace-se-dote-dun-nouveau-site-internet\/\"},\"wordCount\":327,\"commentCount\":0,\"publisher\":{\"@id\":\"https:\/\/vosgesinfo.fr\/remiremontinfo\/#organization\"},\"image\":{\"@id\":\"https:\/\/vosgesinfo.fr\/remiremontinfo\/2023\/12\/la-montee-historique-du-ballon-dalsace-se-dote-dun-nouveau-site-internet\/#primaryimage\"},\"thumbnailUrl\":\"https:\/\/vosgesinfo.fr\/app\/uploads\/sites\/5\/2023\/04\/montee.jpg\",\"keywords\":[\"Automobile\",\"Ballon-d'Alsace\",\"Belfort\",\"course\",\"Massif des Vosges\",\"mont\u00e9e historique\"],\"articleSection\":[\"A la Une\",\"Vosges\"],\"inLanguage\":\"fr-FR\",\"potentialAction\":[{\"@type\":\"CommentAction\",\"name\":\"Comment\",\"target\":[\"https:\/\/vosgesinfo.fr\/remiremontinfo\/2023\/12\/la-montee-historique-du-ballon-dalsace-se-dote-dun-nouveau-site-internet\/#respond\"]}]},{\"@type\":\"WebPage\",\"@id\":\"https:\/\/vosgesinfo.fr\/remiremontinfo\/2023\/12\/la-montee-historique-du-ballon-dalsace-se-dote-dun-nouveau-site-internet\/\",\"url\":\"https:\/\/vosgesinfo.fr\/remiremontinfo\/2023\/12\/la-montee-historique-du-ballon-dalsace-se-dote-dun-nouveau-site-internet\/\",\"name\":\"La mont\u00e9e historique du Ballon d'Alsace se dote d'un nouveau site internet ! - Remiremont Info\",\"isPartOf\":{\"@id\":\"https:\/\/vosgesinfo.fr\/remiremontinfo\/#website\"},\"primaryImageOfPage\":{\"@id\":\"https:\/\/vosgesinfo.fr\/remiremontinfo\/2023\/12\/la-montee-historique-du-ballon-dalsace-se-dote-dun-nouveau-site-internet\/#primaryimage\"},\"image\":{\"@id\":\"https:\/\/vosgesinfo.fr\/remiremontinfo\/2023\/12\/la-montee-historique-du-ballon-dalsace-se-dote-dun-nouveau-site-internet\/#primaryimage\"},\"thumbnailUrl\":\"https:\/\/vosgesinfo.fr\/app\/uploads\/sites\/5\/2023\/04\/montee.jpg\",\"datePublished\":\"2023-12-08T10:30:58+00:00\",\"dateModified\":\"2023-12-08T10:30:58+00:00\",\"breadcrumb\":{\"@id\":\"https:\/\/vosgesinfo.fr\/remiremontinfo\/2023\/12\/la-montee-historique-du-ballon-dalsace-se-dote-dun-nouveau-site-internet\/#breadcrumb\"},\"inLanguage\":\"fr-FR\",\"potentialAction\":[{\"@type\":\"ReadAction\",\"target\":[\"https:\/\/vosgesinfo.fr\/remiremontinfo\/2023\/12\/la-montee-historique-du-ballon-dalsace-se-dote-dun-nouveau-site-internet\/\"]}]},{\"@type\":\"ImageObject\",\"inLanguage\":\"fr-FR\",\"@id\":\"https:\/\/vosgesinfo.fr\/remiremontinfo\/2023\/12\/la-montee-historique-du-ballon-dalsace-se-dote-dun-nouveau-site-internet\/#primaryimage\",\"url\":\"https:\/\/vosgesinfo.fr\/app\/uploads\/sites\/5\/2023\/04\/montee.jpg\",\"contentUrl\":\"https:\/\/vosgesinfo.fr\/app\/uploads\/sites\/5\/2023\/04\/montee.jpg\",\"width\":1200,\"height\":800},{\"@type\":\"BreadcrumbList\",\"@id\":\"https:\/\/vosgesinfo.fr\/remiremontinfo\/2023\/12\/la-montee-historique-du-ballon-dalsace-se-dote-dun-nouveau-site-internet\/#breadcrumb\",\"itemListElement\":[{\"@type\":\"ListItem\",\"position\":1,\"name\":\"Home\",\"item\":\"https:\/\/vosgesinfo.fr\/remiremontinfo\/\"},{\"@type\":\"ListItem\",\"position\":2,\"name\":\"La mont\u00e9e historique du Ballon d&rsquo;Alsace se dote d&rsquo;un nouveau site internet !\"}]},{\"@type\":\"WebSite\",\"@id\":\"https:\/\/vosgesinfo.fr\/remiremontinfo\/#website\",\"url\":\"https:\/\/vosgesinfo.fr\/remiremontinfo\/\",\"name\":\"Remiremont Info\",\"description\":\"Toute l&#039;actualit\u00e9 de Remiremont\",\"publisher\":{\"@id\":\"https:\/\/vosgesinfo.fr\/remiremontinfo\/#organization\"},\"alternateName\":\"Toute l'actualit\u00e9 de Remiremont\",\"potentialAction\":[{\"@type\":\"SearchAction\",\"target\":{\"@type\":\"EntryPoint\",\"urlTemplate\":\"https:\/\/vosgesinfo.fr\/remiremontinfo\/?s={search_term_string}\"},\"query-input\":\"required name=search_term_string\"}],\"inLanguage\":\"fr-FR\"},{\"@type\":\"Organization\",\"@id\":\"https:\/\/vosgesinfo.fr\/remiremontinfo\/#organization\",\"name\":\"Remiremont Info\",\"url\":\"https:\/\/vosgesinfo.fr\/remiremontinfo\/\",\"logo\":{\"@type\":\"ImageObject\",\"inLanguage\":\"fr-FR\",\"@id\":\"https:\/\/vosgesinfo.fr\/remiremontinfo\/#\/schema\/logo\/image\/\",\"url\":\"https:\/\/vosgesinfo.fr\/app\/uploads\/sites\/5\/2023\/08\/favicon-remiremontinfo.png\",\"contentUrl\":\"https:\/\/vosgesinfo.fr\/app\/uploads\/sites\/5\/2023\/08\/favicon-remiremontinfo.png\",\"width\":512,\"height\":512,\"caption\":\"Remiremont Info\"},\"image\":{\"@id\":\"https:\/\/vosgesinfo.fr\/remiremontinfo\/#\/schema\/logo\/image\/\"},\"sameAs\":[\"https:\/\/www.facebook.com\/remiremontinfo\",\"https:\/\/x.com\/VosgesInfo88\",\"https:\/\/www.youtube.com\/@vosgesinfo\"]},{\"@type\":\"Person\",\"@id\":\"https:\/\/vosgesinfo.fr\/remiremontinfo\/#\/schema\/person\/9f7d5afbed21dfe30e21502db85507c8\",\"name\":\"Julien Chassard\",\"image\":{\"@type\":\"ImageObject\",\"inLanguage\":\"fr-FR\",\"@id\":\"https:\/\/vosgesinfo.fr\/remiremontinfo\/#\/schema\/person\/image\/\",\"url\":\"https:\/\/secure.gravatar.com\/avatar\/b1edc920568095a5269cc92a13830411052ebb396f029db539972c12276b9ba9?s=96&d=mm&r=g\",\"contentUrl\":\"https:\/\/secure.gravatar.com\/avatar\/b1edc920568095a5269cc92a13830411052ebb396f029db539972c12276b9ba9?s=96&d=mm&r=g\",\"caption\":\"Julien Chassard\"},\"url\":\"https:\/\/vosgesinfo.fr\/remiremontinfo\/author\/j-chassard882\/\"}]}<\/script>\n<!-- \/ Yoast SEO plugin. -->","yoast_head_json":{"title":"La mont\u00e9e historique du Ballon d'Alsace se dote d'un nouveau site internet ! - Remiremont Info","robots":{"index":"index","follow":"follow","max-snippet":"max-snippet:-1","max-image-preview":"max-image-preview:large","max-video-preview":"max-video-preview:-1"},"canonical":"https:\/\/vosgesinfo.fr\/remiremontinfo\/2023\/12\/la-montee-historique-du-ballon-dalsace-se-dote-dun-nouveau-site-internet\/","twitter_card":"summary_large_image","twitter_title":"La mont\u00e9e historique du Ballon d'Alsace se dote d'un nouveau site internet ! - Remiremont Info","twitter_description":"Alors que les inscriptions viennent d&rsquo;ouvrir pour son \u00e9dition 2024 qui aura lieu les 16,17 et 18 ao\u00fbt prochains, la [&hellip;]","twitter_image":"https:\/\/vosgesinfo.fr\/app\/uploads\/sites\/5\/2023\/04\/montee.jpg","twitter_creator":"@VosgesInfo88","twitter_site":"@VosgesInfo88","twitter_misc":{"\u00c9crit par":"Julien Chassard","Dur\u00e9e de lecture estim\u00e9e":"1 minute"},"schema":{"@context":"https:\/\/schema.org","@graph":[{"@type":"Article","@id":"https:\/\/vosgesinfo.fr\/remiremontinfo\/2023\/12\/la-montee-historique-du-ballon-dalsace-se-dote-dun-nouveau-site-internet\/#article","isPartOf":{"@id":"https:\/\/vosgesinfo.fr\/remiremontinfo\/2023\/12\/la-montee-historique-du-ballon-dalsace-se-dote-dun-nouveau-site-internet\/"},"author":{"name":"Julien Chassard","@id":"https:\/\/vosgesinfo.fr\/remiremontinfo\/#\/schema\/person\/9f7d5afbed21dfe30e21502db85507c8"},"headline":"La mont\u00e9e historique du Ballon d&rsquo;Alsace se dote d&rsquo;un nouveau site internet !","datePublished":"2023-12-08T10:30:58+00:00","dateModified":"2023-12-08T10:30:58+00:00","mainEntityOfPage":{"@id":"https:\/\/vosgesinfo.fr\/remiremontinfo\/2023\/12\/la-montee-historique-du-ballon-dalsace-se-dote-dun-nouveau-site-internet\/"},"wordCount":327,"commentCount":0,"publisher":{"@id":"https:\/\/vosgesinfo.fr\/remiremontinfo\/#organization"},"image":{"@id":"https:\/\/vosgesinfo.fr\/remiremontinfo\/2023\/12\/la-montee-historique-du-ballon-dalsace-se-dote-dun-nouveau-site-internet\/#primaryimage"},"thumbnailUrl":"https:\/\/vosgesinfo.fr\/app\/uploads\/sites\/5\/2023\/04\/montee.jpg","keywords":["Automobile","Ballon-d'Alsace","Belfort","course","Massif des Vosges","mont\u00e9e historique"],"articleSection":["A la Une","Vosges"],"inLanguage":"fr-FR","potentialAction":[{"@type":"CommentAction","name":"Comment","target":["https:\/\/vosgesinfo.fr\/remiremontinfo\/2023\/12\/la-montee-historique-du-ballon-dalsace-se-dote-dun-nouveau-site-internet\/#respond"]}]},{"@type":"WebPage","@id":"https:\/\/vosgesinfo.fr\/remiremontinfo\/2023\/12\/la-montee-historique-du-ballon-dalsace-se-dote-dun-nouveau-site-internet\/","url":"https:\/\/vosgesinfo.fr\/remiremontinfo\/2023\/12\/la-montee-historique-du-ballon-dalsace-se-dote-dun-nouveau-site-internet\/","name":"La mont\u00e9e historique du Ballon d'Alsace se dote d'un nouveau site internet ! - Remiremont Info","isPartOf":{"@id":"https:\/\/vosgesinfo.fr\/remiremontinfo\/#website"},"primaryImageOfPage":{"@id":"https:\/\/vosgesinfo.fr\/remiremontinfo\/2023\/12\/la-montee-historique-du-ballon-dalsace-se-dote-dun-nouveau-site-internet\/#primaryimage"},"image":{"@id":"https:\/\/vosgesinfo.fr\/remiremontinfo\/2023\/12\/la-montee-historique-du-ballon-dalsace-se-dote-dun-nouveau-site-internet\/#primaryimage"},"thumbnailUrl":"https:\/\/vosgesinfo.fr\/app\/uploads\/sites\/5\/2023\/04\/montee.jpg","datePublished":"2023-12-08T10:30:58+00:00","dateModified":"2023-12-08T10:30:58+00:00","breadcrumb":{"@id":"https:\/\/vosgesinfo.fr\/remiremontinfo\/2023\/12\/la-montee-historique-du-ballon-dalsace-se-dote-dun-nouveau-site-internet\/#breadcrumb"},"inLanguage":"fr-FR","potentialAction":[{"@type":"ReadAction","target":["https:\/\/vosgesinfo.fr\/remiremontinfo\/2023\/12\/la-montee-historique-du-ballon-dalsace-se-dote-dun-nouveau-site-internet\/"]}]},{"@type":"ImageObject","inLanguage":"fr-FR","@id":"https:\/\/vosgesinfo.fr\/remiremontinfo\/2023\/12\/la-montee-historique-du-ballon-dalsace-se-dote-dun-nouveau-site-internet\/#primaryimage","url":"https:\/\/vosgesinfo.fr\/app\/uploads\/sites\/5\/2023\/04\/montee.jpg","contentUrl":"https:\/\/vosgesinfo.fr\/app\/uploads\/sites\/5\/2023\/04\/montee.jpg","width":1200,"height":800},{"@type":"BreadcrumbList","@id":"https:\/\/vosgesinfo.fr\/remiremontinfo\/2023\/12\/la-montee-historique-du-ballon-dalsace-se-dote-dun-nouveau-site-internet\/#breadcrumb","itemListElement":[{"@type":"ListItem","position":1,"name":"Home","item":"https:\/\/vosgesinfo.fr\/remiremontinfo\/"},{"@type":"ListItem","position":2,"name":"La mont\u00e9e historique du Ballon d&rsquo;Alsace se dote d&rsquo;un nouveau site internet !"}]},{"@type":"WebSite","@id":"https:\/\/vosgesinfo.fr\/remiremontinfo\/#website","url":"https:\/\/vosgesinfo.fr\/remiremontinfo\/","name":"Remiremont Info","description":"Toute l&#039;actualit\u00e9 de Remiremont","publisher":{"@id":"https:\/\/vosgesinfo.fr\/remiremontinfo\/#organization"},"alternateName":"Toute l'actualit\u00e9 de Remiremont","potentialAction":[{"@type":"SearchAction","target":{"@type":"EntryPoint","urlTemplate":"https:\/\/vosgesinfo.fr\/remiremontinfo\/?s={search_term_string}"},"query-input":"required name=search_term_string"}],"inLanguage":"fr-FR"},{"@type":"Organization","@id":"https:\/\/vosgesinfo.fr\/remiremontinfo\/#organization","name":"Remiremont Info","url":"https:\/\/vosgesinfo.fr\/remiremontinfo\/","logo":{"@type":"ImageObject","inLanguage":"fr-FR","@id":"https:\/\/vosgesinfo.fr\/remiremontinfo\/#\/schema\/logo\/image\/","url":"https:\/\/vosgesinfo.fr\/app\/uploads\/sites\/5\/2023\/08\/favicon-remiremontinfo.png","contentUrl":"https:\/\/vosgesinfo.fr\/app\/uploads\/sites\/5\/2023\/08\/favicon-remiremontinfo.png","width":512,"height":512,"caption":"Remiremont Info"},"image":{"@id":"https:\/\/vosgesinfo.fr\/remiremontinfo\/#\/schema\/logo\/image\/"},"sameAs":["https:\/\/www.facebook.com\/remiremontinfo","https:\/\/x.com\/VosgesInfo88","https:\/\/www.youtube.com\/@vosgesinfo"]},{"@type":"Person","@id":"https:\/\/vosgesinfo.fr\/remiremontinfo\/#\/schema\/person\/9f7d5afbed21dfe30e21502db85507c8","name":"Julien Chassard","image":{"@type":"ImageObject","inLanguage":"fr-FR","@id":"https:\/\/vosgesinfo.fr\/remiremontinfo\/#\/schema\/person\/image\/","url":"https:\/\/secure.gravatar.com\/avatar\/b1edc920568095a5269cc92a13830411052ebb396f029db539972c12276b9ba9?s=96&d=mm&r=g","contentUrl":"https:\/\/secure.gravatar.com\/avatar\/b1edc920568095a5269cc92a13830411052ebb396f029db539972c12276b9ba9?s=96&d=mm&r=g","caption":"Julien Chassard"},"url":"https:\/\/vosgesinfo.fr\/remiremontinfo\/author\/j-chassard882\/"}]}},"_links":{"self":[{"href":"https:\/\/vosgesinfo.fr\/remiremontinfo\/wp-json\/wp\/v2\/posts\/3150","targetHints":{"allow":["GET"]}}],"collection":[{"href":"https:\/\/vosgesinfo.fr\/remiremontinfo\/wp-json\/wp\/v2\/posts"}],"about":[{"href":"https:\/\/vosgesinfo.fr\/remiremontinfo\/wp-json\/wp\/v2\/types\/post"}],"author":[{"embeddable":true,"href":"https:\/\/vosgesinfo.fr\/remiremontinfo\/wp-json\/wp\/v2\/users\/414"}],"replies":[{"embeddable":true,"href":"https:\/\/vosgesinfo.fr\/remiremontinfo\/wp-json\/wp\/v2\/comments?post=3150"}],"version-history":[{"count":0,"href":"https:\/\/vosgesinfo.fr\/remiremontinfo\/wp-json\/wp\/v2\/posts\/3150\/revisions"}],"wp:featuredmedia":[{"embeddable":true,"href":"https:\/\/vosgesinfo.fr\/remiremontinfo\/wp-json\/wp\/v2\/media\/3148"}],"wp:attachment":[{"href":"https:\/\/vosgesinfo.fr\/remiremontinfo\/wp-json\/wp\/v2\/media?parent=3150"}],"wp:term":[{"taxonomy":"category","embeddable":true,"href":"https:\/\/vosgesinfo.fr\/remiremontinfo\/wp-json\/wp\/v2\/categories?post=3150"},{"taxonomy":"post_tag","embeddable":true,"href":"https:\/\/vosgesinfo.fr\/remiremontinfo\/wp-json\/wp\/v2\/tags?post=3150"}],"curies":[{"name":"wp","href":"https:\/\/api.w.org\/{rel}","templated":true}]}}