{"id":31516,"date":"2020-09-19T06:20:48","date_gmt":"2020-09-19T04:20:48","guid":{"rendered":"https:\/\/vosgesinfo.fr\/remiremontinfo\/2020\/09\/gauche-ecologiste-vosges-demande-moratoire-deploiement-de-5g\/"},"modified":"2020-09-19T06:20:48","modified_gmt":"2020-09-19T04:20:48","slug":"gauche-ecologiste-vosges-demande-moratoire-deploiement-de-5g","status":"publish","type":"post","link":"https:\/\/vosgesinfo.fr\/remiremontinfo\/2020\/09\/gauche-ecologiste-vosges-demande-moratoire-deploiement-de-5g\/","title":{"rendered":"La \u00ab Gauche Ecologiste \u00bb des Vosges demande un \u00ab moratoire \u00bb sur le d\u00e9ploiement de la 5G"},"content":{"rendered":"<p><a href=\"\/2020\/09\/5G-antenne-800x533.jpg\"><img decoding=\"async\" class=\"alignnone size-full wp-image-296071\" src=\"\/2020\/09\/5G-antenne-800x533.jpg\" alt=\"5G-antenne-800x533\" width=\"800\" height=\"533\" \/><\/a><\/p>\n<h2><span style=\"font-size: 12pt;\">La \u00ab\u00a0Gauche Ecologiste\u00a0\u00bb des Vosges demande un \u00ab\u00a0moratoire\u00a0\u00bb sur le d\u00e9ploiement de la 5G dans notre d\u00e9partement.\u00a0Une tribune a \u00e9t\u00e9 sign\u00e9e par les quatre partis politiques repr\u00e9sentant ce courant\u00a0 dans les Vosges.<\/span><\/h2>\n<p><span style=\"font-size: 12pt;\"><em>\u00ab\u00a0Le lundi 29 juin, \u00e0 98% de ses participants, la Convention Citoyenne pour le Climat votait en faveur d\u2019\u00ab\u00a0un moratoire sur la mise en place de la 5G\u00a0\u00bb. Le pr\u00e9sident de la R\u00e9publique Emmanuel Macron, le jour m\u00eame devant la Convention Citoyenne pour le Climat s\u2019engageait \u00e0 reprendre leurs propositions. Le lendemain, \u00e0 l\u2019Assembl\u00e9e Nationale, la secr\u00e9taire d\u2019Etat \u00e0 l\u2019industrie Agn\u00e9s Pannier-Runacher s\u2019asseyait sur cet engagement en s\u2019appuyant sur un mensonge\u00a0en disant que l\u2019Anses (Agence nationale de s\u00e9curit\u00e9 sanitaire) l\u2019avait valid\u00e9 alors que c\u2019est tout le contraire, cette autorit\u00e9\u00a0 regrette \u00ab\u00a0une\u00a0 absence de donn\u00e9es relatives aux effets biologiques et sanitaires potentiels. Le Comit\u00e9 scientifique sur la sant\u00e9 de l\u2019UE ne dit pas autre chose\u00a0: les probl\u00e8mes de sant\u00e9 et de s\u00e9curit\u00e9 sanitaires sont inconnus \u00e0 ce jour\u2026(D\u00e9c.2018). Nous demandons des garanties sur son usage du d\u00e9veloppement humain sur les territoires dans le cadre d\u2019une strat\u00e9gie num\u00e9rique globale bas carbone, le respect drastique des normes de rayonnement \u00e9lectromagn\u00e9tique associ\u00e9 \u00e0 une stricte surveillance des effets sanitaires de la 5G.<\/em><\/span><\/p>\n<p>Lire la suite ici :\u00a0<a href=\"https:\/\/epinalinfos.fr\/2020\/09\/gauche-ecologiste-vosges-demande-moratoire-deploiement-de-5g\/\">https:\/\/epinalinfos.fr\/2020\/09\/gauche-ecologiste-vosges-demande-moratoire-deploiement-de-5g\/<\/a><\/p>\n","protected":false},"excerpt":{"rendered":"<p>La \u00ab\u00a0Gauche Ecologiste\u00a0\u00bb des Vosges demande un \u00ab\u00a0moratoire\u00a0\u00bb sur le d\u00e9ploiement de la 5G dans notre d\u00e9partement.\u00a0Une tribune a \u00e9t\u00e9 [&hellip;]<\/p>\n","protected":false},"author":407,"featured_media":31517,"comment_status":"open","ping_status":"open","sticky":false,"template":"","format":"standard","meta":{"footnotes":""},"categories":[26,10,18],"tags":[],"class_list":["post-31516","post","type-post","status-publish","format-standard","has-post-thumbnail","hentry","category-a-la-une","category-politique","category-vosges"],"acf":[],"yoast_head":"<!-- This site is optimized with the Yoast SEO plugin v22.5 - https:\/\/yoast.com\/wordpress\/plugins\/seo\/ -->\n<title>La \u00ab Gauche Ecologiste \u00bb des Vosges demande un \u00ab moratoire \u00bb sur le d\u00e9ploiement de la 5G - Remiremont Info<\/title>\n<meta name=\"robots\" content=\"index, follow, max-snippet:-1, max-image-preview:large, max-video-preview:-1\" \/>\n<link rel=\"canonical\" href=\"https:\/\/vosgesinfo.fr\/remiremontinfo\/2020\/09\/gauche-ecologiste-vosges-demande-moratoire-deploiement-de-5g\/\" \/>\n<meta name=\"twitter:card\" content=\"summary_large_image\" \/>\n<meta name=\"twitter:title\" content=\"La \u00ab Gauche Ecologiste \u00bb des Vosges demande un \u00ab moratoire \u00bb sur le d\u00e9ploiement de la 5G - Remiremont Info\" \/>\n<meta name=\"twitter:description\" content=\"La \u00ab\u00a0Gauche Ecologiste\u00a0\u00bb des Vosges demande un \u00ab\u00a0moratoire\u00a0\u00bb sur le d\u00e9ploiement de la 5G dans notre d\u00e9partement.\u00a0Une tribune a \u00e9t\u00e9 [&hellip;]\" \/>\n<meta name=\"twitter:image\" content=\"https:\/\/vosgesinfo.fr\/app\/uploads\/sites\/5\/2024\/09\/2020095g-antenne-800x533-1.jpg\" \/>\n<meta name=\"twitter:creator\" content=\"@VosgesInfo88\" \/>\n<meta name=\"twitter:site\" content=\"@VosgesInfo88\" \/>\n<meta name=\"twitter:label1\" content=\"\u00c9crit par\" \/>\n\t<meta name=\"twitter:data1\" content=\"C D\" \/>\n\t<meta name=\"twitter:label2\" content=\"Dur\u00e9e de lecture estim\u00e9e\" \/>\n\t<meta name=\"twitter:data2\" content=\"1 minute\" \/>\n<script type=\"application\/ld+json\" class=\"yoast-schema-graph\">{\"@context\":\"https:\/\/schema.org\",\"@graph\":[{\"@type\":\"Article\",\"@id\":\"https:\/\/vosgesinfo.fr\/remiremontinfo\/2020\/09\/gauche-ecologiste-vosges-demande-moratoire-deploiement-de-5g\/#article\",\"isPartOf\":{\"@id\":\"https:\/\/vosgesinfo.fr\/remiremontinfo\/2020\/09\/gauche-ecologiste-vosges-demande-moratoire-deploiement-de-5g\/\"},\"author\":{\"name\":\"C D\",\"@id\":\"https:\/\/vosgesinfo.fr\/remiremontinfo\/#\/schema\/person\/3bfd164d5218a185b1db68655a265316\"},\"headline\":\"La \u00ab Gauche Ecologiste \u00bb des Vosges demande un \u00ab moratoire \u00bb sur le d\u00e9ploiement de la 5G\",\"datePublished\":\"2020-09-19T04:20:48+00:00\",\"dateModified\":\"2020-09-19T04:20:48+00:00\",\"mainEntityOfPage\":{\"@id\":\"https:\/\/vosgesinfo.fr\/remiremontinfo\/2020\/09\/gauche-ecologiste-vosges-demande-moratoire-deploiement-de-5g\/\"},\"wordCount\":250,\"commentCount\":0,\"publisher\":{\"@id\":\"https:\/\/vosgesinfo.fr\/remiremontinfo\/#organization\"},\"image\":{\"@id\":\"https:\/\/vosgesinfo.fr\/remiremontinfo\/2020\/09\/gauche-ecologiste-vosges-demande-moratoire-deploiement-de-5g\/#primaryimage\"},\"thumbnailUrl\":\"https:\/\/vosgesinfo.fr\/app\/uploads\/sites\/5\/2024\/09\/2020095g-antenne-800x533-1.jpg\",\"articleSection\":[\"A la Une\",\"Politique\",\"Vosges\"],\"inLanguage\":\"fr-FR\",\"potentialAction\":[{\"@type\":\"CommentAction\",\"name\":\"Comment\",\"target\":[\"https:\/\/vosgesinfo.fr\/remiremontinfo\/2020\/09\/gauche-ecologiste-vosges-demande-moratoire-deploiement-de-5g\/#respond\"]}]},{\"@type\":\"WebPage\",\"@id\":\"https:\/\/vosgesinfo.fr\/remiremontinfo\/2020\/09\/gauche-ecologiste-vosges-demande-moratoire-deploiement-de-5g\/\",\"url\":\"https:\/\/vosgesinfo.fr\/remiremontinfo\/2020\/09\/gauche-ecologiste-vosges-demande-moratoire-deploiement-de-5g\/\",\"name\":\"La \u00ab Gauche Ecologiste \u00bb des Vosges demande un \u00ab moratoire \u00bb sur le d\u00e9ploiement de la 5G - Remiremont Info\",\"isPartOf\":{\"@id\":\"https:\/\/vosgesinfo.fr\/remiremontinfo\/#website\"},\"primaryImageOfPage\":{\"@id\":\"https:\/\/vosgesinfo.fr\/remiremontinfo\/2020\/09\/gauche-ecologiste-vosges-demande-moratoire-deploiement-de-5g\/#primaryimage\"},\"image\":{\"@id\":\"https:\/\/vosgesinfo.fr\/remiremontinfo\/2020\/09\/gauche-ecologiste-vosges-demande-moratoire-deploiement-de-5g\/#primaryimage\"},\"thumbnailUrl\":\"https:\/\/vosgesinfo.fr\/app\/uploads\/sites\/5\/2024\/09\/2020095g-antenne-800x533-1.jpg\",\"datePublished\":\"2020-09-19T04:20:48+00:00\",\"dateModified\":\"2020-09-19T04:20:48+00:00\",\"breadcrumb\":{\"@id\":\"https:\/\/vosgesinfo.fr\/remiremontinfo\/2020\/09\/gauche-ecologiste-vosges-demande-moratoire-deploiement-de-5g\/#breadcrumb\"},\"inLanguage\":\"fr-FR\",\"potentialAction\":[{\"@type\":\"ReadAction\",\"target\":[\"https:\/\/vosgesinfo.fr\/remiremontinfo\/2020\/09\/gauche-ecologiste-vosges-demande-moratoire-deploiement-de-5g\/\"]}]},{\"@type\":\"ImageObject\",\"inLanguage\":\"fr-FR\",\"@id\":\"https:\/\/vosgesinfo.fr\/remiremontinfo\/2020\/09\/gauche-ecologiste-vosges-demande-moratoire-deploiement-de-5g\/#primaryimage\",\"url\":\"https:\/\/vosgesinfo.fr\/app\/uploads\/sites\/5\/2024\/09\/2020095g-antenne-800x533-1.jpg\",\"contentUrl\":\"https:\/\/vosgesinfo.fr\/app\/uploads\/sites\/5\/2024\/09\/2020095g-antenne-800x533-1.jpg\",\"width\":800,\"height\":533},{\"@type\":\"BreadcrumbList\",\"@id\":\"https:\/\/vosgesinfo.fr\/remiremontinfo\/2020\/09\/gauche-ecologiste-vosges-demande-moratoire-deploiement-de-5g\/#breadcrumb\",\"itemListElement\":[{\"@type\":\"ListItem\",\"position\":1,\"name\":\"Home\",\"item\":\"https:\/\/vosgesinfo.fr\/remiremontinfo\/\"},{\"@type\":\"ListItem\",\"position\":2,\"name\":\"La \u00ab Gauche Ecologiste \u00bb des Vosges demande un \u00ab moratoire \u00bb sur le d\u00e9ploiement de la 5G\"}]},{\"@type\":\"WebSite\",\"@id\":\"https:\/\/vosgesinfo.fr\/remiremontinfo\/#website\",\"url\":\"https:\/\/vosgesinfo.fr\/remiremontinfo\/\",\"name\":\"Remiremont Info\",\"description\":\"Toute l&#039;actualit\u00e9 de Remiremont\",\"publisher\":{\"@id\":\"https:\/\/vosgesinfo.fr\/remiremontinfo\/#organization\"},\"alternateName\":\"Toute l'actualit\u00e9 de Remiremont\",\"potentialAction\":[{\"@type\":\"SearchAction\",\"target\":{\"@type\":\"EntryPoint\",\"urlTemplate\":\"https:\/\/vosgesinfo.fr\/remiremontinfo\/?s={search_term_string}\"},\"query-input\":\"required name=search_term_string\"}],\"inLanguage\":\"fr-FR\"},{\"@type\":\"Organization\",\"@id\":\"https:\/\/vosgesinfo.fr\/remiremontinfo\/#organization\",\"name\":\"Remiremont Info\",\"url\":\"https:\/\/vosgesinfo.fr\/remiremontinfo\/\",\"logo\":{\"@type\":\"ImageObject\",\"inLanguage\":\"fr-FR\",\"@id\":\"https:\/\/vosgesinfo.fr\/remiremontinfo\/#\/schema\/logo\/image\/\",\"url\":\"https:\/\/vosgesinfo.fr\/app\/uploads\/sites\/5\/2023\/08\/favicon-remiremontinfo.png\",\"contentUrl\":\"https:\/\/vosgesinfo.fr\/app\/uploads\/sites\/5\/2023\/08\/favicon-remiremontinfo.png\",\"width\":512,\"height\":512,\"caption\":\"Remiremont Info\"},\"image\":{\"@id\":\"https:\/\/vosgesinfo.fr\/remiremontinfo\/#\/schema\/logo\/image\/\"},\"sameAs\":[\"https:\/\/www.facebook.com\/remiremontinfo\",\"https:\/\/x.com\/VosgesInfo88\",\"https:\/\/www.youtube.com\/@vosgesinfo\"]},{\"@type\":\"Person\",\"@id\":\"https:\/\/vosgesinfo.fr\/remiremontinfo\/#\/schema\/person\/3bfd164d5218a185b1db68655a265316\",\"name\":\"C D\",\"image\":{\"@type\":\"ImageObject\",\"inLanguage\":\"fr-FR\",\"@id\":\"https:\/\/vosgesinfo.fr\/remiremontinfo\/#\/schema\/person\/image\/\",\"url\":\"https:\/\/secure.gravatar.com\/avatar\/1f9a70007336511a47468b8f1c66f922b8b7cf617b02a31149ada43893a5d48f?s=96&d=mm&r=g\",\"contentUrl\":\"https:\/\/secure.gravatar.com\/avatar\/1f9a70007336511a47468b8f1c66f922b8b7cf617b02a31149ada43893a5d48f?s=96&d=mm&r=g\",\"caption\":\"C D\"},\"url\":\"https:\/\/vosgesinfo.fr\/remiremontinfo\/author\/cedric-drevet\/\"}]}<\/script>\n<!-- \/ Yoast SEO plugin. -->","yoast_head_json":{"title":"La \u00ab Gauche Ecologiste \u00bb des Vosges demande un \u00ab moratoire \u00bb sur le d\u00e9ploiement de la 5G - Remiremont Info","robots":{"index":"index","follow":"follow","max-snippet":"max-snippet:-1","max-image-preview":"max-image-preview:large","max-video-preview":"max-video-preview:-1"},"canonical":"https:\/\/vosgesinfo.fr\/remiremontinfo\/2020\/09\/gauche-ecologiste-vosges-demande-moratoire-deploiement-de-5g\/","twitter_card":"summary_large_image","twitter_title":"La \u00ab Gauche Ecologiste \u00bb des Vosges demande un \u00ab moratoire \u00bb sur le d\u00e9ploiement de la 5G - Remiremont Info","twitter_description":"La \u00ab\u00a0Gauche Ecologiste\u00a0\u00bb des Vosges demande un \u00ab\u00a0moratoire\u00a0\u00bb sur le d\u00e9ploiement de la 5G dans notre d\u00e9partement.\u00a0Une tribune a \u00e9t\u00e9 [&hellip;]","twitter_image":"https:\/\/vosgesinfo.fr\/app\/uploads\/sites\/5\/2024\/09\/2020095g-antenne-800x533-1.jpg","twitter_creator":"@VosgesInfo88","twitter_site":"@VosgesInfo88","twitter_misc":{"\u00c9crit par":"C D","Dur\u00e9e de lecture estim\u00e9e":"1 minute"},"schema":{"@context":"https:\/\/schema.org","@graph":[{"@type":"Article","@id":"https:\/\/vosgesinfo.fr\/remiremontinfo\/2020\/09\/gauche-ecologiste-vosges-demande-moratoire-deploiement-de-5g\/#article","isPartOf":{"@id":"https:\/\/vosgesinfo.fr\/remiremontinfo\/2020\/09\/gauche-ecologiste-vosges-demande-moratoire-deploiement-de-5g\/"},"author":{"name":"C D","@id":"https:\/\/vosgesinfo.fr\/remiremontinfo\/#\/schema\/person\/3bfd164d5218a185b1db68655a265316"},"headline":"La \u00ab Gauche Ecologiste \u00bb des Vosges demande un \u00ab moratoire \u00bb sur le d\u00e9ploiement de la 5G","datePublished":"2020-09-19T04:20:48+00:00","dateModified":"2020-09-19T04:20:48+00:00","mainEntityOfPage":{"@id":"https:\/\/vosgesinfo.fr\/remiremontinfo\/2020\/09\/gauche-ecologiste-vosges-demande-moratoire-deploiement-de-5g\/"},"wordCount":250,"commentCount":0,"publisher":{"@id":"https:\/\/vosgesinfo.fr\/remiremontinfo\/#organization"},"image":{"@id":"https:\/\/vosgesinfo.fr\/remiremontinfo\/2020\/09\/gauche-ecologiste-vosges-demande-moratoire-deploiement-de-5g\/#primaryimage"},"thumbnailUrl":"https:\/\/vosgesinfo.fr\/app\/uploads\/sites\/5\/2024\/09\/2020095g-antenne-800x533-1.jpg","articleSection":["A la Une","Politique","Vosges"],"inLanguage":"fr-FR","potentialAction":[{"@type":"CommentAction","name":"Comment","target":["https:\/\/vosgesinfo.fr\/remiremontinfo\/2020\/09\/gauche-ecologiste-vosges-demande-moratoire-deploiement-de-5g\/#respond"]}]},{"@type":"WebPage","@id":"https:\/\/vosgesinfo.fr\/remiremontinfo\/2020\/09\/gauche-ecologiste-vosges-demande-moratoire-deploiement-de-5g\/","url":"https:\/\/vosgesinfo.fr\/remiremontinfo\/2020\/09\/gauche-ecologiste-vosges-demande-moratoire-deploiement-de-5g\/","name":"La \u00ab Gauche Ecologiste \u00bb des Vosges demande un \u00ab moratoire \u00bb sur le d\u00e9ploiement de la 5G - Remiremont Info","isPartOf":{"@id":"https:\/\/vosgesinfo.fr\/remiremontinfo\/#website"},"primaryImageOfPage":{"@id":"https:\/\/vosgesinfo.fr\/remiremontinfo\/2020\/09\/gauche-ecologiste-vosges-demande-moratoire-deploiement-de-5g\/#primaryimage"},"image":{"@id":"https:\/\/vosgesinfo.fr\/remiremontinfo\/2020\/09\/gauche-ecologiste-vosges-demande-moratoire-deploiement-de-5g\/#primaryimage"},"thumbnailUrl":"https:\/\/vosgesinfo.fr\/app\/uploads\/sites\/5\/2024\/09\/2020095g-antenne-800x533-1.jpg","datePublished":"2020-09-19T04:20:48+00:00","dateModified":"2020-09-19T04:20:48+00:00","breadcrumb":{"@id":"https:\/\/vosgesinfo.fr\/remiremontinfo\/2020\/09\/gauche-ecologiste-vosges-demande-moratoire-deploiement-de-5g\/#breadcrumb"},"inLanguage":"fr-FR","potentialAction":[{"@type":"ReadAction","target":["https:\/\/vosgesinfo.fr\/remiremontinfo\/2020\/09\/gauche-ecologiste-vosges-demande-moratoire-deploiement-de-5g\/"]}]},{"@type":"ImageObject","inLanguage":"fr-FR","@id":"https:\/\/vosgesinfo.fr\/remiremontinfo\/2020\/09\/gauche-ecologiste-vosges-demande-moratoire-deploiement-de-5g\/#primaryimage","url":"https:\/\/vosgesinfo.fr\/app\/uploads\/sites\/5\/2024\/09\/2020095g-antenne-800x533-1.jpg","contentUrl":"https:\/\/vosgesinfo.fr\/app\/uploads\/sites\/5\/2024\/09\/2020095g-antenne-800x533-1.jpg","width":800,"height":533},{"@type":"BreadcrumbList","@id":"https:\/\/vosgesinfo.fr\/remiremontinfo\/2020\/09\/gauche-ecologiste-vosges-demande-moratoire-deploiement-de-5g\/#breadcrumb","itemListElement":[{"@type":"ListItem","position":1,"name":"Home","item":"https:\/\/vosgesinfo.fr\/remiremontinfo\/"},{"@type":"ListItem","position":2,"name":"La \u00ab Gauche Ecologiste \u00bb des Vosges demande un \u00ab moratoire \u00bb sur le d\u00e9ploiement de la 5G"}]},{"@type":"WebSite","@id":"https:\/\/vosgesinfo.fr\/remiremontinfo\/#website","url":"https:\/\/vosgesinfo.fr\/remiremontinfo\/","name":"Remiremont Info","description":"Toute l&#039;actualit\u00e9 de Remiremont","publisher":{"@id":"https:\/\/vosgesinfo.fr\/remiremontinfo\/#organization"},"alternateName":"Toute l'actualit\u00e9 de Remiremont","potentialAction":[{"@type":"SearchAction","target":{"@type":"EntryPoint","urlTemplate":"https:\/\/vosgesinfo.fr\/remiremontinfo\/?s={search_term_string}"},"query-input":"required name=search_term_string"}],"inLanguage":"fr-FR"},{"@type":"Organization","@id":"https:\/\/vosgesinfo.fr\/remiremontinfo\/#organization","name":"Remiremont Info","url":"https:\/\/vosgesinfo.fr\/remiremontinfo\/","logo":{"@type":"ImageObject","inLanguage":"fr-FR","@id":"https:\/\/vosgesinfo.fr\/remiremontinfo\/#\/schema\/logo\/image\/","url":"https:\/\/vosgesinfo.fr\/app\/uploads\/sites\/5\/2023\/08\/favicon-remiremontinfo.png","contentUrl":"https:\/\/vosgesinfo.fr\/app\/uploads\/sites\/5\/2023\/08\/favicon-remiremontinfo.png","width":512,"height":512,"caption":"Remiremont Info"},"image":{"@id":"https:\/\/vosgesinfo.fr\/remiremontinfo\/#\/schema\/logo\/image\/"},"sameAs":["https:\/\/www.facebook.com\/remiremontinfo","https:\/\/x.com\/VosgesInfo88","https:\/\/www.youtube.com\/@vosgesinfo"]},{"@type":"Person","@id":"https:\/\/vosgesinfo.fr\/remiremontinfo\/#\/schema\/person\/3bfd164d5218a185b1db68655a265316","name":"C D","image":{"@type":"ImageObject","inLanguage":"fr-FR","@id":"https:\/\/vosgesinfo.fr\/remiremontinfo\/#\/schema\/person\/image\/","url":"https:\/\/secure.gravatar.com\/avatar\/1f9a70007336511a47468b8f1c66f922b8b7cf617b02a31149ada43893a5d48f?s=96&d=mm&r=g","contentUrl":"https:\/\/secure.gravatar.com\/avatar\/1f9a70007336511a47468b8f1c66f922b8b7cf617b02a31149ada43893a5d48f?s=96&d=mm&r=g","caption":"C D"},"url":"https:\/\/vosgesinfo.fr\/remiremontinfo\/author\/cedric-drevet\/"}]}},"_links":{"self":[{"href":"https:\/\/vosgesinfo.fr\/remiremontinfo\/wp-json\/wp\/v2\/posts\/31516","targetHints":{"allow":["GET"]}}],"collection":[{"href":"https:\/\/vosgesinfo.fr\/remiremontinfo\/wp-json\/wp\/v2\/posts"}],"about":[{"href":"https:\/\/vosgesinfo.fr\/remiremontinfo\/wp-json\/wp\/v2\/types\/post"}],"author":[{"embeddable":true,"href":"https:\/\/vosgesinfo.fr\/remiremontinfo\/wp-json\/wp\/v2\/users\/407"}],"replies":[{"embeddable":true,"href":"https:\/\/vosgesinfo.fr\/remiremontinfo\/wp-json\/wp\/v2\/comments?post=31516"}],"version-history":[{"count":0,"href":"https:\/\/vosgesinfo.fr\/remiremontinfo\/wp-json\/wp\/v2\/posts\/31516\/revisions"}],"wp:featuredmedia":[{"embeddable":true,"href":"https:\/\/vosgesinfo.fr\/remiremontinfo\/wp-json\/wp\/v2\/media\/31517"}],"wp:attachment":[{"href":"https:\/\/vosgesinfo.fr\/remiremontinfo\/wp-json\/wp\/v2\/media?parent=31516"}],"wp:term":[{"taxonomy":"category","embeddable":true,"href":"https:\/\/vosgesinfo.fr\/remiremontinfo\/wp-json\/wp\/v2\/categories?post=31516"},{"taxonomy":"post_tag","embeddable":true,"href":"https:\/\/vosgesinfo.fr\/remiremontinfo\/wp-json\/wp\/v2\/tags?post=31516"}],"curies":[{"name":"wp","href":"https:\/\/api.w.org\/{rel}","templated":true}]}}