{"id":31561,"date":"2020-09-19T09:00:36","date_gmt":"2020-09-19T07:00:36","guid":{"rendered":"https:\/\/vosgesinfo.fr\/remiremontinfo\/2020\/09\/petit-leo-1-kilo-125-reprend-forces-doucement\/"},"modified":"2020-09-19T09:00:36","modified_gmt":"2020-09-19T07:00:36","slug":"petit-leo-1-kilo-125-reprend-forces-doucement","status":"publish","type":"post","link":"https:\/\/vosgesinfo.fr\/remiremontinfo\/2020\/09\/petit-leo-1-kilo-125-reprend-forces-doucement\/","title":{"rendered":"Le petit L\u00e9o, 1 kilo 125, reprend des forces tout doucement"},"content":{"rendered":"<p style=\"text-align: center;\"><a href=\"\/2020\/09\/Capture-d\u2019\u00e9cran-2020-09-19-1409141.png\"><img decoding=\"async\" class=\"alignnone size-full wp-image-296150\" src=\"\/2020\/09\/Capture-d\u2019\u00e9cran-2020-09-19-1409141.png\" alt=\"Capture d\u2019\u00e9cran 2020-09-19 140914\" width=\"676\" height=\"498\" \/><\/a><\/p>\n<h2><span style=\"font-size: 12pt;\"><strong>Le dimanche 13\u00a0septembre dernier, \u00e0 22h50, le petit L\u00e9o est n\u00e9 par c\u00e9sarienne des suites d\u2019une pr\u00e9 \u00e9clampsie s\u00e9v\u00e8re avec un retard de croissance assez important. Il ne p\u00e8se que 1 kg 125.<\/strong><\/span><\/h2>\n<div id=\"attachment_296100\" style=\"width: 382px\" class=\"wp-caption alignright\"><a href=\"\/2020\/09\/Capture-d\u2019\u00e9cran-2020-09-19-1113391.png\"><img decoding=\"async\" aria-describedby=\"caption-attachment-296100\" class=\"wp-image-296100\" src=\"\/2020\/09\/Capture-d\u2019\u00e9cran-2020-09-19-1113391.png\" alt=\"Capture d\u2019\u00e9cran 2020-09-19 111339\" width=\"372\" height=\"256\" \/><\/a><p id=\"caption-attachment-296100\" class=\"wp-caption-text\"><span style=\"font-size: 10pt;\"><em>M\u00e9lanie Pinot<\/em><\/span><\/p><\/div>\n<p>Sa maman, habitant Rupt-sur-Moselle, cherche un moyen de transport pour rendre visite \u00e0 son nouveau n\u00e9, hospitalis\u00e9 \u00e0 Nancy. En effet, elle n&rsquo;a pas pu b\u00e9n\u00e9ficier d&rsquo;un logement sur place. Emue par la situation de la jeune m\u00e8re, <a href=\"https:\/\/remiremontinfo.fr\/2020\/09\/melanie-pinot-veut-aider-mere-de-rupt-moselle-a-rejoindre-bebe-de-1-kg-155-hospitalise-a-nancy\/\">M\u00e9lanie Pinot a d\u00e9cid\u00e9 de lui apporter son aide<\/a> afin de <em>\u00ab trouver des solutions pour les jours et les semaines \u00e0 venir \u00bb<\/em>. Elle a lanc\u00e9 un appel aux personnes empruntant r\u00e9guli\u00e8rement la route en direction de Nancy. Beaucoup d&rsquo;internautes ont \u00e9t\u00e9 naturellement touch\u00e9s, et son message relay\u00e9. Esp\u00e9rons qu\u2019une solution sera rapidement trouv\u00e9e. Nous donnerons prochainement des nouvelles du b\u00e9b\u00e9. Pour l\u2019instant, <em>\u00ab\u00a0il reprend des forces tout doucement\u00a0\u00bb<\/em>, affirme sa maman.<\/p>\n<p>Toute personne qui souhaite apporter son aide, ou conna\u00eet quelqu\u2019un qui pourrait effectuer le trajet, peut se rendre \u00e0 la Boulangerie P\u00e2tisserie Pinot \u00ab Les d\u00e9lices de l\u2019Octroi \u00bb, situ\u00e9e au 21, rue du g\u00e9n\u00e9ral Leclerc, \u00e0 Remiremont, ou contacter le 03 29 25 40 64.<\/p>\n<p>&nbsp;<\/p>\n","protected":false},"excerpt":{"rendered":"<p>Le dimanche 13\u00a0septembre dernier, \u00e0 22h50, le petit L\u00e9o est n\u00e9 par c\u00e9sarienne des suites d\u2019une pr\u00e9 \u00e9clampsie s\u00e9v\u00e8re avec [&hellip;]<\/p>\n","protected":false},"author":407,"featured_media":31562,"comment_status":"open","ping_status":"open","sticky":false,"template":"","format":"standard","meta":{"footnotes":""},"categories":[26,37,250,13],"tags":[],"class_list":["post-31561","post","type-post","status-publish","format-standard","has-post-thumbnail","hentry","category-a-la-une","category-le-thillot-son-canton","category-rupt-sur-moselle","category-societe"],"acf":[],"yoast_head":"<!-- This site is optimized with the Yoast SEO plugin v22.5 - https:\/\/yoast.com\/wordpress\/plugins\/seo\/ -->\n<title>Le petit L\u00e9o, 1 kilo 125, reprend des forces tout doucement - Remiremont Info<\/title>\n<meta name=\"robots\" content=\"index, follow, max-snippet:-1, max-image-preview:large, max-video-preview:-1\" \/>\n<link rel=\"canonical\" href=\"https:\/\/vosgesinfo.fr\/remiremontinfo\/2020\/09\/petit-leo-1-kilo-125-reprend-forces-doucement\/\" \/>\n<meta name=\"twitter:card\" content=\"summary_large_image\" \/>\n<meta name=\"twitter:title\" content=\"Le petit L\u00e9o, 1 kilo 125, reprend des forces tout doucement - Remiremont Info\" \/>\n<meta name=\"twitter:description\" content=\"Le dimanche 13\u00a0septembre dernier, \u00e0 22h50, le petit L\u00e9o est n\u00e9 par c\u00e9sarienne des suites d\u2019une pr\u00e9 \u00e9clampsie s\u00e9v\u00e8re avec [&hellip;]\" \/>\n<meta name=\"twitter:image\" content=\"https:\/\/vosgesinfo.fr\/app\/uploads\/sites\/5\/2024\/09\/202009capture-decran-2020-09-19-1409141.png\" \/>\n<meta name=\"twitter:creator\" content=\"@VosgesInfo88\" \/>\n<meta name=\"twitter:site\" content=\"@VosgesInfo88\" \/>\n<meta name=\"twitter:label1\" content=\"\u00c9crit par\" \/>\n\t<meta name=\"twitter:data1\" content=\"C D\" \/>\n\t<meta name=\"twitter:label2\" content=\"Dur\u00e9e de lecture estim\u00e9e\" \/>\n\t<meta name=\"twitter:data2\" content=\"1 minute\" \/>\n<script type=\"application\/ld+json\" class=\"yoast-schema-graph\">{\"@context\":\"https:\/\/schema.org\",\"@graph\":[{\"@type\":\"Article\",\"@id\":\"https:\/\/vosgesinfo.fr\/remiremontinfo\/2020\/09\/petit-leo-1-kilo-125-reprend-forces-doucement\/#article\",\"isPartOf\":{\"@id\":\"https:\/\/vosgesinfo.fr\/remiremontinfo\/2020\/09\/petit-leo-1-kilo-125-reprend-forces-doucement\/\"},\"author\":{\"name\":\"C D\",\"@id\":\"https:\/\/vosgesinfo.fr\/remiremontinfo\/#\/schema\/person\/3bfd164d5218a185b1db68655a265316\"},\"headline\":\"Le petit L\u00e9o, 1 kilo 125, reprend des forces tout doucement\",\"datePublished\":\"2020-09-19T07:00:36+00:00\",\"dateModified\":\"2020-09-19T07:00:36+00:00\",\"mainEntityOfPage\":{\"@id\":\"https:\/\/vosgesinfo.fr\/remiremontinfo\/2020\/09\/petit-leo-1-kilo-125-reprend-forces-doucement\/\"},\"wordCount\":223,\"commentCount\":0,\"publisher\":{\"@id\":\"https:\/\/vosgesinfo.fr\/remiremontinfo\/#organization\"},\"image\":{\"@id\":\"https:\/\/vosgesinfo.fr\/remiremontinfo\/2020\/09\/petit-leo-1-kilo-125-reprend-forces-doucement\/#primaryimage\"},\"thumbnailUrl\":\"https:\/\/vosgesinfo.fr\/app\/uploads\/sites\/5\/2024\/09\/202009capture-decran-2020-09-19-1409141.png\",\"articleSection\":[\"A la Une\",\"Le Thillot &amp; son canton\",\"Rupt-Sur-Moselle\",\"Soci\u00e9t\u00e9\"],\"inLanguage\":\"fr-FR\",\"potentialAction\":[{\"@type\":\"CommentAction\",\"name\":\"Comment\",\"target\":[\"https:\/\/vosgesinfo.fr\/remiremontinfo\/2020\/09\/petit-leo-1-kilo-125-reprend-forces-doucement\/#respond\"]}]},{\"@type\":\"WebPage\",\"@id\":\"https:\/\/vosgesinfo.fr\/remiremontinfo\/2020\/09\/petit-leo-1-kilo-125-reprend-forces-doucement\/\",\"url\":\"https:\/\/vosgesinfo.fr\/remiremontinfo\/2020\/09\/petit-leo-1-kilo-125-reprend-forces-doucement\/\",\"name\":\"Le petit L\u00e9o, 1 kilo 125, reprend des forces tout doucement - Remiremont Info\",\"isPartOf\":{\"@id\":\"https:\/\/vosgesinfo.fr\/remiremontinfo\/#website\"},\"primaryImageOfPage\":{\"@id\":\"https:\/\/vosgesinfo.fr\/remiremontinfo\/2020\/09\/petit-leo-1-kilo-125-reprend-forces-doucement\/#primaryimage\"},\"image\":{\"@id\":\"https:\/\/vosgesinfo.fr\/remiremontinfo\/2020\/09\/petit-leo-1-kilo-125-reprend-forces-doucement\/#primaryimage\"},\"thumbnailUrl\":\"https:\/\/vosgesinfo.fr\/app\/uploads\/sites\/5\/2024\/09\/202009capture-decran-2020-09-19-1409141.png\",\"datePublished\":\"2020-09-19T07:00:36+00:00\",\"dateModified\":\"2020-09-19T07:00:36+00:00\",\"breadcrumb\":{\"@id\":\"https:\/\/vosgesinfo.fr\/remiremontinfo\/2020\/09\/petit-leo-1-kilo-125-reprend-forces-doucement\/#breadcrumb\"},\"inLanguage\":\"fr-FR\",\"potentialAction\":[{\"@type\":\"ReadAction\",\"target\":[\"https:\/\/vosgesinfo.fr\/remiremontinfo\/2020\/09\/petit-leo-1-kilo-125-reprend-forces-doucement\/\"]}]},{\"@type\":\"ImageObject\",\"inLanguage\":\"fr-FR\",\"@id\":\"https:\/\/vosgesinfo.fr\/remiremontinfo\/2020\/09\/petit-leo-1-kilo-125-reprend-forces-doucement\/#primaryimage\",\"url\":\"https:\/\/vosgesinfo.fr\/app\/uploads\/sites\/5\/2024\/09\/202009capture-decran-2020-09-19-1409141.png\",\"contentUrl\":\"https:\/\/vosgesinfo.fr\/app\/uploads\/sites\/5\/2024\/09\/202009capture-decran-2020-09-19-1409141.png\",\"width\":676,\"height\":498},{\"@type\":\"BreadcrumbList\",\"@id\":\"https:\/\/vosgesinfo.fr\/remiremontinfo\/2020\/09\/petit-leo-1-kilo-125-reprend-forces-doucement\/#breadcrumb\",\"itemListElement\":[{\"@type\":\"ListItem\",\"position\":1,\"name\":\"Home\",\"item\":\"https:\/\/vosgesinfo.fr\/remiremontinfo\/\"},{\"@type\":\"ListItem\",\"position\":2,\"name\":\"Le petit L\u00e9o, 1 kilo 125, reprend des forces tout doucement\"}]},{\"@type\":\"WebSite\",\"@id\":\"https:\/\/vosgesinfo.fr\/remiremontinfo\/#website\",\"url\":\"https:\/\/vosgesinfo.fr\/remiremontinfo\/\",\"name\":\"Remiremont Info\",\"description\":\"Toute l&#039;actualit\u00e9 de Remiremont\",\"publisher\":{\"@id\":\"https:\/\/vosgesinfo.fr\/remiremontinfo\/#organization\"},\"alternateName\":\"Toute l'actualit\u00e9 de Remiremont\",\"potentialAction\":[{\"@type\":\"SearchAction\",\"target\":{\"@type\":\"EntryPoint\",\"urlTemplate\":\"https:\/\/vosgesinfo.fr\/remiremontinfo\/?s={search_term_string}\"},\"query-input\":\"required name=search_term_string\"}],\"inLanguage\":\"fr-FR\"},{\"@type\":\"Organization\",\"@id\":\"https:\/\/vosgesinfo.fr\/remiremontinfo\/#organization\",\"name\":\"Remiremont Info\",\"url\":\"https:\/\/vosgesinfo.fr\/remiremontinfo\/\",\"logo\":{\"@type\":\"ImageObject\",\"inLanguage\":\"fr-FR\",\"@id\":\"https:\/\/vosgesinfo.fr\/remiremontinfo\/#\/schema\/logo\/image\/\",\"url\":\"https:\/\/vosgesinfo.fr\/app\/uploads\/sites\/5\/2023\/08\/favicon-remiremontinfo.png\",\"contentUrl\":\"https:\/\/vosgesinfo.fr\/app\/uploads\/sites\/5\/2023\/08\/favicon-remiremontinfo.png\",\"width\":512,\"height\":512,\"caption\":\"Remiremont Info\"},\"image\":{\"@id\":\"https:\/\/vosgesinfo.fr\/remiremontinfo\/#\/schema\/logo\/image\/\"},\"sameAs\":[\"https:\/\/www.facebook.com\/remiremontinfo\",\"https:\/\/x.com\/VosgesInfo88\",\"https:\/\/www.youtube.com\/@vosgesinfo\"]},{\"@type\":\"Person\",\"@id\":\"https:\/\/vosgesinfo.fr\/remiremontinfo\/#\/schema\/person\/3bfd164d5218a185b1db68655a265316\",\"name\":\"C D\",\"image\":{\"@type\":\"ImageObject\",\"inLanguage\":\"fr-FR\",\"@id\":\"https:\/\/vosgesinfo.fr\/remiremontinfo\/#\/schema\/person\/image\/\",\"url\":\"https:\/\/secure.gravatar.com\/avatar\/1f9a70007336511a47468b8f1c66f922b8b7cf617b02a31149ada43893a5d48f?s=96&d=mm&r=g\",\"contentUrl\":\"https:\/\/secure.gravatar.com\/avatar\/1f9a70007336511a47468b8f1c66f922b8b7cf617b02a31149ada43893a5d48f?s=96&d=mm&r=g\",\"caption\":\"C D\"},\"url\":\"https:\/\/vosgesinfo.fr\/remiremontinfo\/author\/cedric-drevet\/\"}]}<\/script>\n<!-- \/ Yoast SEO plugin. -->","yoast_head_json":{"title":"Le petit L\u00e9o, 1 kilo 125, reprend des forces tout doucement - Remiremont Info","robots":{"index":"index","follow":"follow","max-snippet":"max-snippet:-1","max-image-preview":"max-image-preview:large","max-video-preview":"max-video-preview:-1"},"canonical":"https:\/\/vosgesinfo.fr\/remiremontinfo\/2020\/09\/petit-leo-1-kilo-125-reprend-forces-doucement\/","twitter_card":"summary_large_image","twitter_title":"Le petit L\u00e9o, 1 kilo 125, reprend des forces tout doucement - Remiremont Info","twitter_description":"Le dimanche 13\u00a0septembre dernier, \u00e0 22h50, le petit L\u00e9o est n\u00e9 par c\u00e9sarienne des suites d\u2019une pr\u00e9 \u00e9clampsie s\u00e9v\u00e8re avec [&hellip;]","twitter_image":"https:\/\/vosgesinfo.fr\/app\/uploads\/sites\/5\/2024\/09\/202009capture-decran-2020-09-19-1409141.png","twitter_creator":"@VosgesInfo88","twitter_site":"@VosgesInfo88","twitter_misc":{"\u00c9crit par":"C D","Dur\u00e9e de lecture estim\u00e9e":"1 minute"},"schema":{"@context":"https:\/\/schema.org","@graph":[{"@type":"Article","@id":"https:\/\/vosgesinfo.fr\/remiremontinfo\/2020\/09\/petit-leo-1-kilo-125-reprend-forces-doucement\/#article","isPartOf":{"@id":"https:\/\/vosgesinfo.fr\/remiremontinfo\/2020\/09\/petit-leo-1-kilo-125-reprend-forces-doucement\/"},"author":{"name":"C D","@id":"https:\/\/vosgesinfo.fr\/remiremontinfo\/#\/schema\/person\/3bfd164d5218a185b1db68655a265316"},"headline":"Le petit L\u00e9o, 1 kilo 125, reprend des forces tout doucement","datePublished":"2020-09-19T07:00:36+00:00","dateModified":"2020-09-19T07:00:36+00:00","mainEntityOfPage":{"@id":"https:\/\/vosgesinfo.fr\/remiremontinfo\/2020\/09\/petit-leo-1-kilo-125-reprend-forces-doucement\/"},"wordCount":223,"commentCount":0,"publisher":{"@id":"https:\/\/vosgesinfo.fr\/remiremontinfo\/#organization"},"image":{"@id":"https:\/\/vosgesinfo.fr\/remiremontinfo\/2020\/09\/petit-leo-1-kilo-125-reprend-forces-doucement\/#primaryimage"},"thumbnailUrl":"https:\/\/vosgesinfo.fr\/app\/uploads\/sites\/5\/2024\/09\/202009capture-decran-2020-09-19-1409141.png","articleSection":["A la Une","Le Thillot &amp; son canton","Rupt-Sur-Moselle","Soci\u00e9t\u00e9"],"inLanguage":"fr-FR","potentialAction":[{"@type":"CommentAction","name":"Comment","target":["https:\/\/vosgesinfo.fr\/remiremontinfo\/2020\/09\/petit-leo-1-kilo-125-reprend-forces-doucement\/#respond"]}]},{"@type":"WebPage","@id":"https:\/\/vosgesinfo.fr\/remiremontinfo\/2020\/09\/petit-leo-1-kilo-125-reprend-forces-doucement\/","url":"https:\/\/vosgesinfo.fr\/remiremontinfo\/2020\/09\/petit-leo-1-kilo-125-reprend-forces-doucement\/","name":"Le petit L\u00e9o, 1 kilo 125, reprend des forces tout doucement - Remiremont Info","isPartOf":{"@id":"https:\/\/vosgesinfo.fr\/remiremontinfo\/#website"},"primaryImageOfPage":{"@id":"https:\/\/vosgesinfo.fr\/remiremontinfo\/2020\/09\/petit-leo-1-kilo-125-reprend-forces-doucement\/#primaryimage"},"image":{"@id":"https:\/\/vosgesinfo.fr\/remiremontinfo\/2020\/09\/petit-leo-1-kilo-125-reprend-forces-doucement\/#primaryimage"},"thumbnailUrl":"https:\/\/vosgesinfo.fr\/app\/uploads\/sites\/5\/2024\/09\/202009capture-decran-2020-09-19-1409141.png","datePublished":"2020-09-19T07:00:36+00:00","dateModified":"2020-09-19T07:00:36+00:00","breadcrumb":{"@id":"https:\/\/vosgesinfo.fr\/remiremontinfo\/2020\/09\/petit-leo-1-kilo-125-reprend-forces-doucement\/#breadcrumb"},"inLanguage":"fr-FR","potentialAction":[{"@type":"ReadAction","target":["https:\/\/vosgesinfo.fr\/remiremontinfo\/2020\/09\/petit-leo-1-kilo-125-reprend-forces-doucement\/"]}]},{"@type":"ImageObject","inLanguage":"fr-FR","@id":"https:\/\/vosgesinfo.fr\/remiremontinfo\/2020\/09\/petit-leo-1-kilo-125-reprend-forces-doucement\/#primaryimage","url":"https:\/\/vosgesinfo.fr\/app\/uploads\/sites\/5\/2024\/09\/202009capture-decran-2020-09-19-1409141.png","contentUrl":"https:\/\/vosgesinfo.fr\/app\/uploads\/sites\/5\/2024\/09\/202009capture-decran-2020-09-19-1409141.png","width":676,"height":498},{"@type":"BreadcrumbList","@id":"https:\/\/vosgesinfo.fr\/remiremontinfo\/2020\/09\/petit-leo-1-kilo-125-reprend-forces-doucement\/#breadcrumb","itemListElement":[{"@type":"ListItem","position":1,"name":"Home","item":"https:\/\/vosgesinfo.fr\/remiremontinfo\/"},{"@type":"ListItem","position":2,"name":"Le petit L\u00e9o, 1 kilo 125, reprend des forces tout doucement"}]},{"@type":"WebSite","@id":"https:\/\/vosgesinfo.fr\/remiremontinfo\/#website","url":"https:\/\/vosgesinfo.fr\/remiremontinfo\/","name":"Remiremont Info","description":"Toute l&#039;actualit\u00e9 de Remiremont","publisher":{"@id":"https:\/\/vosgesinfo.fr\/remiremontinfo\/#organization"},"alternateName":"Toute l'actualit\u00e9 de Remiremont","potentialAction":[{"@type":"SearchAction","target":{"@type":"EntryPoint","urlTemplate":"https:\/\/vosgesinfo.fr\/remiremontinfo\/?s={search_term_string}"},"query-input":"required name=search_term_string"}],"inLanguage":"fr-FR"},{"@type":"Organization","@id":"https:\/\/vosgesinfo.fr\/remiremontinfo\/#organization","name":"Remiremont Info","url":"https:\/\/vosgesinfo.fr\/remiremontinfo\/","logo":{"@type":"ImageObject","inLanguage":"fr-FR","@id":"https:\/\/vosgesinfo.fr\/remiremontinfo\/#\/schema\/logo\/image\/","url":"https:\/\/vosgesinfo.fr\/app\/uploads\/sites\/5\/2023\/08\/favicon-remiremontinfo.png","contentUrl":"https:\/\/vosgesinfo.fr\/app\/uploads\/sites\/5\/2023\/08\/favicon-remiremontinfo.png","width":512,"height":512,"caption":"Remiremont Info"},"image":{"@id":"https:\/\/vosgesinfo.fr\/remiremontinfo\/#\/schema\/logo\/image\/"},"sameAs":["https:\/\/www.facebook.com\/remiremontinfo","https:\/\/x.com\/VosgesInfo88","https:\/\/www.youtube.com\/@vosgesinfo"]},{"@type":"Person","@id":"https:\/\/vosgesinfo.fr\/remiremontinfo\/#\/schema\/person\/3bfd164d5218a185b1db68655a265316","name":"C D","image":{"@type":"ImageObject","inLanguage":"fr-FR","@id":"https:\/\/vosgesinfo.fr\/remiremontinfo\/#\/schema\/person\/image\/","url":"https:\/\/secure.gravatar.com\/avatar\/1f9a70007336511a47468b8f1c66f922b8b7cf617b02a31149ada43893a5d48f?s=96&d=mm&r=g","contentUrl":"https:\/\/secure.gravatar.com\/avatar\/1f9a70007336511a47468b8f1c66f922b8b7cf617b02a31149ada43893a5d48f?s=96&d=mm&r=g","caption":"C D"},"url":"https:\/\/vosgesinfo.fr\/remiremontinfo\/author\/cedric-drevet\/"}]}},"_links":{"self":[{"href":"https:\/\/vosgesinfo.fr\/remiremontinfo\/wp-json\/wp\/v2\/posts\/31561","targetHints":{"allow":["GET"]}}],"collection":[{"href":"https:\/\/vosgesinfo.fr\/remiremontinfo\/wp-json\/wp\/v2\/posts"}],"about":[{"href":"https:\/\/vosgesinfo.fr\/remiremontinfo\/wp-json\/wp\/v2\/types\/post"}],"author":[{"embeddable":true,"href":"https:\/\/vosgesinfo.fr\/remiremontinfo\/wp-json\/wp\/v2\/users\/407"}],"replies":[{"embeddable":true,"href":"https:\/\/vosgesinfo.fr\/remiremontinfo\/wp-json\/wp\/v2\/comments?post=31561"}],"version-history":[{"count":0,"href":"https:\/\/vosgesinfo.fr\/remiremontinfo\/wp-json\/wp\/v2\/posts\/31561\/revisions"}],"wp:featuredmedia":[{"embeddable":true,"href":"https:\/\/vosgesinfo.fr\/remiremontinfo\/wp-json\/wp\/v2\/media\/31562"}],"wp:attachment":[{"href":"https:\/\/vosgesinfo.fr\/remiremontinfo\/wp-json\/wp\/v2\/media?parent=31561"}],"wp:term":[{"taxonomy":"category","embeddable":true,"href":"https:\/\/vosgesinfo.fr\/remiremontinfo\/wp-json\/wp\/v2\/categories?post=31561"},{"taxonomy":"post_tag","embeddable":true,"href":"https:\/\/vosgesinfo.fr\/remiremontinfo\/wp-json\/wp\/v2\/tags?post=31561"}],"curies":[{"name":"wp","href":"https:\/\/api.w.org\/{rel}","templated":true}]}}