{"id":31603,"date":"2020-09-19T16:16:23","date_gmt":"2020-09-19T14:16:23","guid":{"rendered":"https:\/\/vosgesinfo.fr\/remiremontinfo\/2020\/09\/carnet-blanc-roxane-jordan\/"},"modified":"2020-09-19T16:16:23","modified_gmt":"2020-09-19T14:16:23","slug":"carnet-blanc-roxane-jordan","status":"publish","type":"post","link":"https:\/\/vosgesinfo.fr\/remiremontinfo\/2020\/09\/carnet-blanc-roxane-jordan\/","title":{"rendered":"Carnet blanc: Roxane et Jordan"},"content":{"rendered":"<p style=\"text-align: center;\"><a href=\"\/2020\/09\/Mariage-190920.jpg\"><img decoding=\"async\" class=\"alignnone size-full wp-image-296213\" src=\"\/2020\/09\/Mariage-190920.jpg\" alt=\"Mariage 190920\" width=\"800\" height=\"718\" \/><\/a><\/p>\n<p>Ce samedi \u00e0 15h, Jean-Beno\u00eet Tisserand, adjoint et officier d&rsquo;\u00e9tat civil a proc\u00e9d\u00e9 au mariage de Roxane Traut, vendeuse, et Jordan Merzougui, menuisier.<\/p>\n<p>Le jeune couple r\u00e9side \u00e0 Faucompierre. Tous nos voeux de bonheur!<\/p>\n","protected":false},"excerpt":{"rendered":"<p>Ce samedi \u00e0 15h, Jean-Beno\u00eet Tisserand, adjoint et officier d&rsquo;\u00e9tat civil a proc\u00e9d\u00e9 au mariage de Roxane Traut, vendeuse, et [&hellip;]<\/p>\n","protected":false},"author":1,"featured_media":31604,"comment_status":"open","ping_status":"open","sticky":false,"template":"","format":"standard","meta":{"footnotes":""},"categories":[26,1951,25,1556,35],"tags":[],"class_list":["post-31603","post","type-post","status-publish","format-standard","has-post-thumbnail","hentry","category-a-la-une","category-carnet-blanc","category-la-bresse-son-canton","category-remiremont-remiremont-son-canton-2","category-remiremont-son-canton"],"acf":[],"yoast_head":"<!-- This site is optimized with the Yoast SEO plugin v22.5 - https:\/\/yoast.com\/wordpress\/plugins\/seo\/ -->\n<title>Carnet blanc: Roxane et Jordan - Remiremont Info<\/title>\n<meta name=\"robots\" content=\"index, follow, max-snippet:-1, max-image-preview:large, max-video-preview:-1\" \/>\n<link rel=\"canonical\" href=\"https:\/\/vosgesinfo.fr\/remiremontinfo\/2020\/09\/carnet-blanc-roxane-jordan\/\" \/>\n<meta name=\"twitter:card\" content=\"summary_large_image\" \/>\n<meta name=\"twitter:title\" content=\"Carnet blanc: Roxane et Jordan - Remiremont Info\" \/>\n<meta name=\"twitter:description\" content=\"Ce samedi \u00e0 15h, Jean-Beno\u00eet Tisserand, adjoint et officier d&rsquo;\u00e9tat civil a proc\u00e9d\u00e9 au mariage de Roxane Traut, vendeuse, et [&hellip;]\" \/>\n<meta name=\"twitter:image\" content=\"https:\/\/vosgesinfo.fr\/app\/uploads\/sites\/5\/2024\/09\/202009mariage-190920.jpg\" \/>\n<meta name=\"twitter:creator\" content=\"@VosgesInfo88\" \/>\n<meta name=\"twitter:site\" content=\"@VosgesInfo88\" \/>\n<meta name=\"twitter:label1\" content=\"\u00c9crit par\" \/>\n\t<meta name=\"twitter:data1\" content=\"qs_admin\" \/>\n<script type=\"application\/ld+json\" class=\"yoast-schema-graph\">{\"@context\":\"https:\/\/schema.org\",\"@graph\":[{\"@type\":\"Article\",\"@id\":\"https:\/\/vosgesinfo.fr\/remiremontinfo\/2020\/09\/carnet-blanc-roxane-jordan\/#article\",\"isPartOf\":{\"@id\":\"https:\/\/vosgesinfo.fr\/remiremontinfo\/2020\/09\/carnet-blanc-roxane-jordan\/\"},\"author\":{\"name\":\"qs_admin\",\"@id\":\"https:\/\/vosgesinfo.fr\/remiremontinfo\/#\/schema\/person\/bc5d02d71e6932e81b6dadb7386667b1\"},\"headline\":\"Carnet blanc: Roxane et Jordan\",\"datePublished\":\"2020-09-19T14:16:23+00:00\",\"dateModified\":\"2020-09-19T14:16:23+00:00\",\"mainEntityOfPage\":{\"@id\":\"https:\/\/vosgesinfo.fr\/remiremontinfo\/2020\/09\/carnet-blanc-roxane-jordan\/\"},\"wordCount\":41,\"commentCount\":0,\"publisher\":{\"@id\":\"https:\/\/vosgesinfo.fr\/remiremontinfo\/#organization\"},\"image\":{\"@id\":\"https:\/\/vosgesinfo.fr\/remiremontinfo\/2020\/09\/carnet-blanc-roxane-jordan\/#primaryimage\"},\"thumbnailUrl\":\"https:\/\/vosgesinfo.fr\/app\/uploads\/sites\/5\/2024\/09\/202009mariage-190920.jpg\",\"articleSection\":[\"A la Une\",\"Carnet blanc\",\"La Bresse &amp; son canton\",\"Remiremont\",\"Remiremont &amp; son canton\"],\"inLanguage\":\"fr-FR\",\"potentialAction\":[{\"@type\":\"CommentAction\",\"name\":\"Comment\",\"target\":[\"https:\/\/vosgesinfo.fr\/remiremontinfo\/2020\/09\/carnet-blanc-roxane-jordan\/#respond\"]}]},{\"@type\":\"WebPage\",\"@id\":\"https:\/\/vosgesinfo.fr\/remiremontinfo\/2020\/09\/carnet-blanc-roxane-jordan\/\",\"url\":\"https:\/\/vosgesinfo.fr\/remiremontinfo\/2020\/09\/carnet-blanc-roxane-jordan\/\",\"name\":\"Carnet blanc: Roxane et Jordan - Remiremont Info\",\"isPartOf\":{\"@id\":\"https:\/\/vosgesinfo.fr\/remiremontinfo\/#website\"},\"primaryImageOfPage\":{\"@id\":\"https:\/\/vosgesinfo.fr\/remiremontinfo\/2020\/09\/carnet-blanc-roxane-jordan\/#primaryimage\"},\"image\":{\"@id\":\"https:\/\/vosgesinfo.fr\/remiremontinfo\/2020\/09\/carnet-blanc-roxane-jordan\/#primaryimage\"},\"thumbnailUrl\":\"https:\/\/vosgesinfo.fr\/app\/uploads\/sites\/5\/2024\/09\/202009mariage-190920.jpg\",\"datePublished\":\"2020-09-19T14:16:23+00:00\",\"dateModified\":\"2020-09-19T14:16:23+00:00\",\"breadcrumb\":{\"@id\":\"https:\/\/vosgesinfo.fr\/remiremontinfo\/2020\/09\/carnet-blanc-roxane-jordan\/#breadcrumb\"},\"inLanguage\":\"fr-FR\",\"potentialAction\":[{\"@type\":\"ReadAction\",\"target\":[\"https:\/\/vosgesinfo.fr\/remiremontinfo\/2020\/09\/carnet-blanc-roxane-jordan\/\"]}]},{\"@type\":\"ImageObject\",\"inLanguage\":\"fr-FR\",\"@id\":\"https:\/\/vosgesinfo.fr\/remiremontinfo\/2020\/09\/carnet-blanc-roxane-jordan\/#primaryimage\",\"url\":\"https:\/\/vosgesinfo.fr\/app\/uploads\/sites\/5\/2024\/09\/202009mariage-190920.jpg\",\"contentUrl\":\"https:\/\/vosgesinfo.fr\/app\/uploads\/sites\/5\/2024\/09\/202009mariage-190920.jpg\",\"width\":800,\"height\":718},{\"@type\":\"BreadcrumbList\",\"@id\":\"https:\/\/vosgesinfo.fr\/remiremontinfo\/2020\/09\/carnet-blanc-roxane-jordan\/#breadcrumb\",\"itemListElement\":[{\"@type\":\"ListItem\",\"position\":1,\"name\":\"Home\",\"item\":\"https:\/\/vosgesinfo.fr\/remiremontinfo\/\"},{\"@type\":\"ListItem\",\"position\":2,\"name\":\"Carnet blanc: Roxane et Jordan\"}]},{\"@type\":\"WebSite\",\"@id\":\"https:\/\/vosgesinfo.fr\/remiremontinfo\/#website\",\"url\":\"https:\/\/vosgesinfo.fr\/remiremontinfo\/\",\"name\":\"Remiremont Info\",\"description\":\"Toute l&#039;actualit\u00e9 de Remiremont\",\"publisher\":{\"@id\":\"https:\/\/vosgesinfo.fr\/remiremontinfo\/#organization\"},\"alternateName\":\"Toute l'actualit\u00e9 de Remiremont\",\"potentialAction\":[{\"@type\":\"SearchAction\",\"target\":{\"@type\":\"EntryPoint\",\"urlTemplate\":\"https:\/\/vosgesinfo.fr\/remiremontinfo\/?s={search_term_string}\"},\"query-input\":\"required name=search_term_string\"}],\"inLanguage\":\"fr-FR\"},{\"@type\":\"Organization\",\"@id\":\"https:\/\/vosgesinfo.fr\/remiremontinfo\/#organization\",\"name\":\"Remiremont Info\",\"url\":\"https:\/\/vosgesinfo.fr\/remiremontinfo\/\",\"logo\":{\"@type\":\"ImageObject\",\"inLanguage\":\"fr-FR\",\"@id\":\"https:\/\/vosgesinfo.fr\/remiremontinfo\/#\/schema\/logo\/image\/\",\"url\":\"https:\/\/vosgesinfo.fr\/app\/uploads\/sites\/5\/2023\/08\/favicon-remiremontinfo.png\",\"contentUrl\":\"https:\/\/vosgesinfo.fr\/app\/uploads\/sites\/5\/2023\/08\/favicon-remiremontinfo.png\",\"width\":512,\"height\":512,\"caption\":\"Remiremont Info\"},\"image\":{\"@id\":\"https:\/\/vosgesinfo.fr\/remiremontinfo\/#\/schema\/logo\/image\/\"},\"sameAs\":[\"https:\/\/www.facebook.com\/remiremontinfo\",\"https:\/\/x.com\/VosgesInfo88\",\"https:\/\/www.youtube.com\/@vosgesinfo\"]},{\"@type\":\"Person\",\"@id\":\"https:\/\/vosgesinfo.fr\/remiremontinfo\/#\/schema\/person\/bc5d02d71e6932e81b6dadb7386667b1\",\"name\":\"qs_admin\",\"image\":{\"@type\":\"ImageObject\",\"inLanguage\":\"fr-FR\",\"@id\":\"https:\/\/vosgesinfo.fr\/remiremontinfo\/#\/schema\/person\/image\/\",\"url\":\"https:\/\/secure.gravatar.com\/avatar\/94b18ee0ed79e4a42ea2f2931277b6841a8999fc6fde214600c78057cf1fe1de?s=96&d=mm&r=g\",\"contentUrl\":\"https:\/\/secure.gravatar.com\/avatar\/94b18ee0ed79e4a42ea2f2931277b6841a8999fc6fde214600c78057cf1fe1de?s=96&d=mm&r=g\",\"caption\":\"qs_admin\"},\"sameAs\":[\"https:\/\/vosgesinfo.fr\/wp\"],\"url\":\"https:\/\/vosgesinfo.fr\/remiremontinfo\/author\/qs_admin\/\"}]}<\/script>\n<!-- \/ Yoast SEO plugin. -->","yoast_head_json":{"title":"Carnet blanc: Roxane et Jordan - Remiremont Info","robots":{"index":"index","follow":"follow","max-snippet":"max-snippet:-1","max-image-preview":"max-image-preview:large","max-video-preview":"max-video-preview:-1"},"canonical":"https:\/\/vosgesinfo.fr\/remiremontinfo\/2020\/09\/carnet-blanc-roxane-jordan\/","twitter_card":"summary_large_image","twitter_title":"Carnet blanc: Roxane et Jordan - Remiremont Info","twitter_description":"Ce samedi \u00e0 15h, Jean-Beno\u00eet Tisserand, adjoint et officier d&rsquo;\u00e9tat civil a proc\u00e9d\u00e9 au mariage de Roxane Traut, vendeuse, et [&hellip;]","twitter_image":"https:\/\/vosgesinfo.fr\/app\/uploads\/sites\/5\/2024\/09\/202009mariage-190920.jpg","twitter_creator":"@VosgesInfo88","twitter_site":"@VosgesInfo88","twitter_misc":{"\u00c9crit par":"qs_admin"},"schema":{"@context":"https:\/\/schema.org","@graph":[{"@type":"Article","@id":"https:\/\/vosgesinfo.fr\/remiremontinfo\/2020\/09\/carnet-blanc-roxane-jordan\/#article","isPartOf":{"@id":"https:\/\/vosgesinfo.fr\/remiremontinfo\/2020\/09\/carnet-blanc-roxane-jordan\/"},"author":{"name":"qs_admin","@id":"https:\/\/vosgesinfo.fr\/remiremontinfo\/#\/schema\/person\/bc5d02d71e6932e81b6dadb7386667b1"},"headline":"Carnet blanc: Roxane et Jordan","datePublished":"2020-09-19T14:16:23+00:00","dateModified":"2020-09-19T14:16:23+00:00","mainEntityOfPage":{"@id":"https:\/\/vosgesinfo.fr\/remiremontinfo\/2020\/09\/carnet-blanc-roxane-jordan\/"},"wordCount":41,"commentCount":0,"publisher":{"@id":"https:\/\/vosgesinfo.fr\/remiremontinfo\/#organization"},"image":{"@id":"https:\/\/vosgesinfo.fr\/remiremontinfo\/2020\/09\/carnet-blanc-roxane-jordan\/#primaryimage"},"thumbnailUrl":"https:\/\/vosgesinfo.fr\/app\/uploads\/sites\/5\/2024\/09\/202009mariage-190920.jpg","articleSection":["A la Une","Carnet blanc","La Bresse &amp; son canton","Remiremont","Remiremont &amp; son canton"],"inLanguage":"fr-FR","potentialAction":[{"@type":"CommentAction","name":"Comment","target":["https:\/\/vosgesinfo.fr\/remiremontinfo\/2020\/09\/carnet-blanc-roxane-jordan\/#respond"]}]},{"@type":"WebPage","@id":"https:\/\/vosgesinfo.fr\/remiremontinfo\/2020\/09\/carnet-blanc-roxane-jordan\/","url":"https:\/\/vosgesinfo.fr\/remiremontinfo\/2020\/09\/carnet-blanc-roxane-jordan\/","name":"Carnet blanc: Roxane et Jordan - Remiremont Info","isPartOf":{"@id":"https:\/\/vosgesinfo.fr\/remiremontinfo\/#website"},"primaryImageOfPage":{"@id":"https:\/\/vosgesinfo.fr\/remiremontinfo\/2020\/09\/carnet-blanc-roxane-jordan\/#primaryimage"},"image":{"@id":"https:\/\/vosgesinfo.fr\/remiremontinfo\/2020\/09\/carnet-blanc-roxane-jordan\/#primaryimage"},"thumbnailUrl":"https:\/\/vosgesinfo.fr\/app\/uploads\/sites\/5\/2024\/09\/202009mariage-190920.jpg","datePublished":"2020-09-19T14:16:23+00:00","dateModified":"2020-09-19T14:16:23+00:00","breadcrumb":{"@id":"https:\/\/vosgesinfo.fr\/remiremontinfo\/2020\/09\/carnet-blanc-roxane-jordan\/#breadcrumb"},"inLanguage":"fr-FR","potentialAction":[{"@type":"ReadAction","target":["https:\/\/vosgesinfo.fr\/remiremontinfo\/2020\/09\/carnet-blanc-roxane-jordan\/"]}]},{"@type":"ImageObject","inLanguage":"fr-FR","@id":"https:\/\/vosgesinfo.fr\/remiremontinfo\/2020\/09\/carnet-blanc-roxane-jordan\/#primaryimage","url":"https:\/\/vosgesinfo.fr\/app\/uploads\/sites\/5\/2024\/09\/202009mariage-190920.jpg","contentUrl":"https:\/\/vosgesinfo.fr\/app\/uploads\/sites\/5\/2024\/09\/202009mariage-190920.jpg","width":800,"height":718},{"@type":"BreadcrumbList","@id":"https:\/\/vosgesinfo.fr\/remiremontinfo\/2020\/09\/carnet-blanc-roxane-jordan\/#breadcrumb","itemListElement":[{"@type":"ListItem","position":1,"name":"Home","item":"https:\/\/vosgesinfo.fr\/remiremontinfo\/"},{"@type":"ListItem","position":2,"name":"Carnet blanc: Roxane et Jordan"}]},{"@type":"WebSite","@id":"https:\/\/vosgesinfo.fr\/remiremontinfo\/#website","url":"https:\/\/vosgesinfo.fr\/remiremontinfo\/","name":"Remiremont Info","description":"Toute l&#039;actualit\u00e9 de Remiremont","publisher":{"@id":"https:\/\/vosgesinfo.fr\/remiremontinfo\/#organization"},"alternateName":"Toute l'actualit\u00e9 de Remiremont","potentialAction":[{"@type":"SearchAction","target":{"@type":"EntryPoint","urlTemplate":"https:\/\/vosgesinfo.fr\/remiremontinfo\/?s={search_term_string}"},"query-input":"required name=search_term_string"}],"inLanguage":"fr-FR"},{"@type":"Organization","@id":"https:\/\/vosgesinfo.fr\/remiremontinfo\/#organization","name":"Remiremont Info","url":"https:\/\/vosgesinfo.fr\/remiremontinfo\/","logo":{"@type":"ImageObject","inLanguage":"fr-FR","@id":"https:\/\/vosgesinfo.fr\/remiremontinfo\/#\/schema\/logo\/image\/","url":"https:\/\/vosgesinfo.fr\/app\/uploads\/sites\/5\/2023\/08\/favicon-remiremontinfo.png","contentUrl":"https:\/\/vosgesinfo.fr\/app\/uploads\/sites\/5\/2023\/08\/favicon-remiremontinfo.png","width":512,"height":512,"caption":"Remiremont Info"},"image":{"@id":"https:\/\/vosgesinfo.fr\/remiremontinfo\/#\/schema\/logo\/image\/"},"sameAs":["https:\/\/www.facebook.com\/remiremontinfo","https:\/\/x.com\/VosgesInfo88","https:\/\/www.youtube.com\/@vosgesinfo"]},{"@type":"Person","@id":"https:\/\/vosgesinfo.fr\/remiremontinfo\/#\/schema\/person\/bc5d02d71e6932e81b6dadb7386667b1","name":"qs_admin","image":{"@type":"ImageObject","inLanguage":"fr-FR","@id":"https:\/\/vosgesinfo.fr\/remiremontinfo\/#\/schema\/person\/image\/","url":"https:\/\/secure.gravatar.com\/avatar\/94b18ee0ed79e4a42ea2f2931277b6841a8999fc6fde214600c78057cf1fe1de?s=96&d=mm&r=g","contentUrl":"https:\/\/secure.gravatar.com\/avatar\/94b18ee0ed79e4a42ea2f2931277b6841a8999fc6fde214600c78057cf1fe1de?s=96&d=mm&r=g","caption":"qs_admin"},"sameAs":["https:\/\/vosgesinfo.fr\/wp"],"url":"https:\/\/vosgesinfo.fr\/remiremontinfo\/author\/qs_admin\/"}]}},"_links":{"self":[{"href":"https:\/\/vosgesinfo.fr\/remiremontinfo\/wp-json\/wp\/v2\/posts\/31603","targetHints":{"allow":["GET"]}}],"collection":[{"href":"https:\/\/vosgesinfo.fr\/remiremontinfo\/wp-json\/wp\/v2\/posts"}],"about":[{"href":"https:\/\/vosgesinfo.fr\/remiremontinfo\/wp-json\/wp\/v2\/types\/post"}],"author":[{"embeddable":true,"href":"https:\/\/vosgesinfo.fr\/remiremontinfo\/wp-json\/wp\/v2\/users\/1"}],"replies":[{"embeddable":true,"href":"https:\/\/vosgesinfo.fr\/remiremontinfo\/wp-json\/wp\/v2\/comments?post=31603"}],"version-history":[{"count":0,"href":"https:\/\/vosgesinfo.fr\/remiremontinfo\/wp-json\/wp\/v2\/posts\/31603\/revisions"}],"wp:featuredmedia":[{"embeddable":true,"href":"https:\/\/vosgesinfo.fr\/remiremontinfo\/wp-json\/wp\/v2\/media\/31604"}],"wp:attachment":[{"href":"https:\/\/vosgesinfo.fr\/remiremontinfo\/wp-json\/wp\/v2\/media?parent=31603"}],"wp:term":[{"taxonomy":"category","embeddable":true,"href":"https:\/\/vosgesinfo.fr\/remiremontinfo\/wp-json\/wp\/v2\/categories?post=31603"},{"taxonomy":"post_tag","embeddable":true,"href":"https:\/\/vosgesinfo.fr\/remiremontinfo\/wp-json\/wp\/v2\/tags?post=31603"}],"curies":[{"name":"wp","href":"https:\/\/api.w.org\/{rel}","templated":true}]}}