{"id":3165,"date":"2023-12-08T11:50:18","date_gmt":"2023-12-08T10:50:18","guid":{"rendered":"https:\/\/vosgesinfo.fr\/remiremontinfo\/2023\/12\/tulikivi-le-poele-de-masse-par-excellence\/"},"modified":"2023-12-08T11:50:18","modified_gmt":"2023-12-08T10:50:18","slug":"tulikivi-le-poele-de-masse-par-excellence","status":"publish","type":"post","link":"https:\/\/vosgesinfo.fr\/remiremontinfo\/2023\/12\/tulikivi-le-poele-de-masse-par-excellence\/","title":{"rendered":"Tulikivi, le po\u00eale de masse par excellence !"},"content":{"rendered":"<p><span style=\"font-size: large;\"><a href=\"https:\/\/remiremontinfo.fr\/2023\/12\/tulikivi-poele-de-masse-excellence\/cheminees-gehin-dec-2023-photo-premium\/\" rel=\"attachment wp-att-380528\"><img decoding=\"async\" class=\"aligncenter size-large wp-image-380528\" src=\"https:\/\/vosgesinfo.fr\/app\/uploads\/sites\/5\/2023\/12\/cheminees-gehin-dec-2023-photo-premium.jpg\" alt=\"Chemin\u00e9es G\u00e9hin-d\u00e9c 2023-photo premium\" width=\"960\" height=\"577\" \/><\/a><\/span><\/p>\n<p><strong><span style=\"font-size: small;\">Tulikivi est le plus grand fabricant au monde de po\u00eales de masse en st\u00e9atite. Cette pierre est un mat\u00e9riau naturel extraordinaire. Gr\u00e2ce \u00e0 ses excellentes propri\u00e9t\u00e9s thermiques et \u00e0 sa masse volumique exceptionnelle, elle est capable d&rsquo;absorber la chaleur du feu, de l&#8217;emmagasiner efficacement pour ensuite la diffuser doucement sous forme de rayonnement. <\/span><\/strong><\/p>\n<p><strong><span style=\"font-size: small;\">Les po\u00eales de masse Tulikivi vous permettent de produire de la chaleur en toute autonomie, avec du bois b\u00fbche ou des granul\u00e9s, sans \u00e9lectricit\u00e9.<\/span><\/strong><\/p>\n<p><span style=\"font-size: small;\">C&rsquo;est un choix \u00e9conomique et s\u00fbr pour vous, et respectueux de l&rsquo;environnement.<\/span><\/p>\n<p><span style=\"font-size: small;\">Les po\u00eales de masse Tulikivi diffusent une chaleur douce et agr\u00e9able pendant 12 \u00e0 24 heures avec seulement 2 \u00e0 3 heures de feu !<\/span><\/p>\n<div id=\"attachment_380532\" style=\"width: 410px\" class=\"wp-caption alignright\"><a href=\"https:\/\/remiremontinfo.fr\/2023\/12\/tulikivi-poele-de-masse-excellence\/jero-korpi-14-classic\/\" rel=\"attachment wp-att-380532\"><img decoding=\"async\" aria-describedby=\"caption-attachment-380532\" class=\"size-medium wp-image-380532\" src=\"https:\/\/vosgesinfo.fr\/app\/uploads\/sites\/5\/2023\/12\/jero-korpi-14-classic.jpg\" alt=\"Jero KORPI 14 Classic\" width=\"400\" height=\"225\" \/><\/a><p id=\"caption-attachment-380532\" class=\"wp-caption-text\">Jero KORPI 14 Classic<\/p><\/div>\n<p><strong><span style=\"font-size: small;\">Tulikivi lance une nouvelle gamme, la collection Jero, qui associe la technologie d&rsquo;un po\u00eale de masse \u00e0 la taille compacte et au design moderne d&rsquo;un po\u00eale traditionnel.<\/span><\/strong><\/p>\n<p><span style=\"color: #221e1f;\"><span style=\"font-size: xx-small;\"><span style=\"font-size: small;\">Compact par leur taille, qui rappelle les dimensions des po\u00eales \u00e0 bois habituels, les po\u00eales Jero ont cette particularit\u00e9 d\u2019\u00eatre dot\u00e9 des caract\u00e9ristiques de chauffage et d\u2019accumulation de chaleur propres aux po\u00eales Tulikivi en pierre st\u00e9atite. <\/span><\/span><\/span><\/p>\n<p><span style=\"font-size: small;\">En deux mots, ils s\u2019adaptent \u00e0 tous les int\u00e9rieurs, mais surtout, ils accumulent la chaleur et la restitue doucement par rayonnement pendant plusieurs heures apr\u00e8s extinction du feu.<\/span><\/p>\n<p><span style=\"color: #221e1f;\"><span style=\"font-size: xx-small;\"><span style=\"font-size: small;\">Avec un budget accessible et un proc\u00e9d\u00e9 d\u2019installation simplifi\u00e9e et plus rapide, la nouvelle collection Jero \u00e0 tout pour attirer les futurs usagers.<\/span><\/span><\/span><\/p>\n<div id=\"attachment_380531\" style=\"width: 410px\" class=\"wp-caption alignright\"><a href=\"https:\/\/remiremontinfo.fr\/2023\/12\/tulikivi-poele-de-masse-excellence\/jero-puro-18-classic\/\" rel=\"attachment wp-att-380531\"><img decoding=\"async\" aria-describedby=\"caption-attachment-380531\" class=\"size-medium wp-image-380531\" src=\"https:\/\/vosgesinfo.fr\/app\/uploads\/sites\/5\/2023\/12\/jero-puro-18-classic.jpg\" alt=\"Jero PURO 18 Classic\" width=\"400\" height=\"235\" \/><\/a><p id=\"caption-attachment-380531\" class=\"wp-caption-text\">Jero PURO 18 Classic<\/p><\/div>\n<p><strong><span style=\"color: #221e1f;\"><span style=\"font-size: xx-small;\"><span style=\"font-size: small;\">La collection Jero comprend deux types de po\u00eales\u00a0<\/span><\/span><\/span><\/strong><span style=\"color: #221e1f;\"><span style=\"font-size: xx-small;\"><span style=\"font-size: small;\"><strong>:<\/strong> Korpi, de forme rectangulaire, qui s\u2019affirme par ses lignes verticales et Puro, de forme ronde, qui au contraire, charme par sa rondeur. Leur nom est inspir\u00e9 de la nature finlandaise. Chacun de ces mod\u00e8les est disponible en deux hauteurs et peut s\u2019habiller de diff\u00e9rentes finitions de pierre st\u00e9atite\u00a0: Classic, Grafia, Nobile et Unica pour le mod\u00e8le Korpi et Classic et Nobile pour le Puro.<\/span><\/span><\/span><\/p>\n<p><span style=\"color: #221e1f;\"><span style=\"font-size: xx-small;\"><span style=\"font-size: small;\">Cette collection au design moderne et \u00e9pur\u00e9 unit la fascinante exp\u00e9rience du feu et le charme de la pierre finlandaise.<\/span><\/span><\/span><\/p>\n<div id=\"attachment_380530\" style=\"width: 217px\" class=\"wp-caption alignright\"><a href=\"https:\/\/remiremontinfo.fr\/2023\/12\/tulikivi-poele-de-masse-excellence\/dixneuf-range-buche-oveo\/\" rel=\"attachment wp-att-380530\"><img decoding=\"async\" aria-describedby=\"caption-attachment-380530\" class=\"size-medium wp-image-380530\" src=\"https:\/\/vosgesinfo.fr\/app\/uploads\/sites\/5\/2023\/12\/dixneuf-range-buche-oveo.jpg\" alt=\"Dixneuf-range-buche-OVEO\" width=\"207\" height=\"255\" \/><\/a><p id=\"caption-attachment-380530\" class=\"wp-caption-text\">Dixneuf-range-buche-OVEO<\/p><\/div>\n<p><strong><span style=\"color: #221e1f;\"><span style=\"font-size: xx-small;\"><span style=\"font-size: small;\">Et pour agr\u00e9menter votre coin feu ou pour offrir en cadeau, venez d\u00e9couvrir en magasin les accessoires Dixneuf <\/span><\/span><\/span><\/strong><span style=\"color: #221e1f;\"><span style=\"font-size: xx-small;\"><span style=\"font-size: small;\"><strong>\u2013<\/strong> serviteurs, rangements bois, paniers,\u2026 &#8211; objets pratiques, con\u00e7us pour organiser et garder propre votre espace feu. De plus, ils apporteront une touche esth\u00e9tique et chaleureuse \u00e0 votre espace de vie.<\/span><\/span><\/span><\/p>\n<p><strong><span style=\"color: #221e1f;\"><span style=\"font-size: xx-small;\"><span style=\"font-family: Arial, sans-serif;\"><span style=\"font-size: small;\"><u>Pour plus d&rsquo;informations<\/u><\/span><\/span><\/span><\/span> <span style=\"color: #221e1f;\"><span style=\"font-size: xx-small;\"><span style=\"font-family: Arial, sans-serif;\"><span style=\"font-size: small;\">:<\/span><\/span><\/span><\/span><\/strong><\/p>\n<p><strong><span style=\"font-family: Arial, sans-serif;\"><span style=\"font-size: small;\">Chemin\u00e9es Herv\u00e9 G\u00e9hin, 2 Chemin du Canal-ZA de Choisy \u00e0 Remiremont<\/span><\/span><\/strong><\/p>\n<p><strong><span style=\"font-family: Arial, sans-serif;\"><span style=\"font-size: small;\">T\u00e9l. :\u00a0 03.29.23.90.14<\/span><\/span><\/strong><\/p>\n<p><strong>\u00a0<span style=\"font-family: Arial, sans-serif;\"><span style=\"font-size: small;\"><a href=\"https:\/\/herve-gehin.fr\/actualites\/nouvelle-collection-jero\/\">https:\/\/herve-gehin.fr\/actualites\/nouvelle-collection-jero\/<\/a> <\/span><\/span><\/strong><\/p>\n<p><strong><span style=\"font-size: small;\">https:\/\/www.facebook.com\/cheminees.gehin\/?locale=fr_FR<\/span><\/strong><\/p>\n<div id=\"attachment_380529\" style=\"width: 679px\" class=\"wp-caption aligncenter\"><a href=\"https:\/\/remiremontinfo.fr\/2023\/12\/tulikivi-poele-de-masse-excellence\/dixneuf-serviteur-et-range-buches-nubia\/\" rel=\"attachment wp-att-380529\"><img decoding=\"async\" aria-describedby=\"caption-attachment-380529\" class=\"size-large wp-image-380529\" src=\"https:\/\/vosgesinfo.fr\/app\/uploads\/sites\/5\/2023\/12\/dixneuf-serviteur-et-range-buches-nubia.jpg\" alt=\"DIXNEUF-serviteur-et-range-buches-NUBIA\" width=\"669\" height=\"1024\" \/><\/a><p id=\"caption-attachment-380529\" class=\"wp-caption-text\">DIXNEUF-serviteur-et-range-buches-NUBIA<\/p><\/div>\n","protected":false},"excerpt":{"rendered":"<p>Tulikivi est le plus grand fabricant au monde de po\u00eales de masse en st\u00e9atite. Cette pierre est un mat\u00e9riau naturel [&hellip;]<\/p>\n","protected":false},"author":39,"featured_media":3160,"comment_status":"open","ping_status":"open","sticky":false,"template":"","format":"standard","meta":{"footnotes":""},"categories":[26],"tags":[173,537],"class_list":["post-3165","post","type-post","status-publish","format-standard","has-post-thumbnail","hentry","category-a-la-une","tag-cheminees-gehin","tag-le-monde-chaleureux-de-tulikivi"],"acf":[],"yoast_head":"<!-- This site is optimized with the Yoast SEO plugin v22.5 - https:\/\/yoast.com\/wordpress\/plugins\/seo\/ -->\n<title>Tulikivi, le po\u00eale de masse par excellence ! - Remiremont Info<\/title>\n<meta name=\"robots\" content=\"index, follow, max-snippet:-1, max-image-preview:large, max-video-preview:-1\" \/>\n<link rel=\"canonical\" href=\"https:\/\/vosgesinfo.fr\/remiremontinfo\/2023\/12\/tulikivi-le-poele-de-masse-par-excellence\/\" \/>\n<meta name=\"twitter:card\" content=\"summary_large_image\" \/>\n<meta name=\"twitter:title\" content=\"Tulikivi, le po\u00eale de masse par excellence ! - Remiremont Info\" \/>\n<meta name=\"twitter:description\" content=\"Tulikivi est le plus grand fabricant au monde de po\u00eales de masse en st\u00e9atite. Cette pierre est un mat\u00e9riau naturel [&hellip;]\" \/>\n<meta name=\"twitter:image\" content=\"https:\/\/vosgesinfo.fr\/app\/uploads\/sites\/5\/2023\/12\/cheminees-gehin-dec-2023-photo-premium.jpg\" \/>\n<meta name=\"twitter:creator\" content=\"@VosgesInfo88\" \/>\n<meta name=\"twitter:site\" content=\"@VosgesInfo88\" \/>\n<meta name=\"twitter:label1\" content=\"\u00c9crit par\" \/>\n\t<meta name=\"twitter:data1\" content=\"Phj\" \/>\n\t<meta name=\"twitter:label2\" content=\"Dur\u00e9e de lecture estim\u00e9e\" \/>\n\t<meta name=\"twitter:data2\" content=\"2 minutes\" \/>\n<script type=\"application\/ld+json\" class=\"yoast-schema-graph\">{\"@context\":\"https:\/\/schema.org\",\"@graph\":[{\"@type\":\"Article\",\"@id\":\"https:\/\/vosgesinfo.fr\/remiremontinfo\/2023\/12\/tulikivi-le-poele-de-masse-par-excellence\/#article\",\"isPartOf\":{\"@id\":\"https:\/\/vosgesinfo.fr\/remiremontinfo\/2023\/12\/tulikivi-le-poele-de-masse-par-excellence\/\"},\"author\":{\"name\":\"Phj\",\"@id\":\"https:\/\/vosgesinfo.fr\/remiremontinfo\/#\/schema\/person\/4f57dc393faf2ac8b9f1cab30ad79250\"},\"headline\":\"Tulikivi, le po\u00eale de masse par excellence !\",\"datePublished\":\"2023-12-08T10:50:18+00:00\",\"dateModified\":\"2023-12-08T10:50:18+00:00\",\"mainEntityOfPage\":{\"@id\":\"https:\/\/vosgesinfo.fr\/remiremontinfo\/2023\/12\/tulikivi-le-poele-de-masse-par-excellence\/\"},\"wordCount\":474,\"commentCount\":0,\"publisher\":{\"@id\":\"https:\/\/vosgesinfo.fr\/remiremontinfo\/#organization\"},\"image\":{\"@id\":\"https:\/\/vosgesinfo.fr\/remiremontinfo\/2023\/12\/tulikivi-le-poele-de-masse-par-excellence\/#primaryimage\"},\"thumbnailUrl\":\"https:\/\/vosgesinfo.fr\/app\/uploads\/sites\/5\/2023\/12\/cheminees-gehin-dec-2023-photo-premium.jpg\",\"keywords\":[\"chemin\u00e9es G\u00e9hin\",\"Le monde chaleureux de Tulikivi\"],\"articleSection\":[\"A la Une\"],\"inLanguage\":\"fr-FR\",\"potentialAction\":[{\"@type\":\"CommentAction\",\"name\":\"Comment\",\"target\":[\"https:\/\/vosgesinfo.fr\/remiremontinfo\/2023\/12\/tulikivi-le-poele-de-masse-par-excellence\/#respond\"]}]},{\"@type\":\"WebPage\",\"@id\":\"https:\/\/vosgesinfo.fr\/remiremontinfo\/2023\/12\/tulikivi-le-poele-de-masse-par-excellence\/\",\"url\":\"https:\/\/vosgesinfo.fr\/remiremontinfo\/2023\/12\/tulikivi-le-poele-de-masse-par-excellence\/\",\"name\":\"Tulikivi, le po\u00eale de masse par excellence ! - Remiremont Info\",\"isPartOf\":{\"@id\":\"https:\/\/vosgesinfo.fr\/remiremontinfo\/#website\"},\"primaryImageOfPage\":{\"@id\":\"https:\/\/vosgesinfo.fr\/remiremontinfo\/2023\/12\/tulikivi-le-poele-de-masse-par-excellence\/#primaryimage\"},\"image\":{\"@id\":\"https:\/\/vosgesinfo.fr\/remiremontinfo\/2023\/12\/tulikivi-le-poele-de-masse-par-excellence\/#primaryimage\"},\"thumbnailUrl\":\"https:\/\/vosgesinfo.fr\/app\/uploads\/sites\/5\/2023\/12\/cheminees-gehin-dec-2023-photo-premium.jpg\",\"datePublished\":\"2023-12-08T10:50:18+00:00\",\"dateModified\":\"2023-12-08T10:50:18+00:00\",\"breadcrumb\":{\"@id\":\"https:\/\/vosgesinfo.fr\/remiremontinfo\/2023\/12\/tulikivi-le-poele-de-masse-par-excellence\/#breadcrumb\"},\"inLanguage\":\"fr-FR\",\"potentialAction\":[{\"@type\":\"ReadAction\",\"target\":[\"https:\/\/vosgesinfo.fr\/remiremontinfo\/2023\/12\/tulikivi-le-poele-de-masse-par-excellence\/\"]}]},{\"@type\":\"ImageObject\",\"inLanguage\":\"fr-FR\",\"@id\":\"https:\/\/vosgesinfo.fr\/remiremontinfo\/2023\/12\/tulikivi-le-poele-de-masse-par-excellence\/#primaryimage\",\"url\":\"https:\/\/vosgesinfo.fr\/app\/uploads\/sites\/5\/2023\/12\/cheminees-gehin-dec-2023-photo-premium.jpg\",\"contentUrl\":\"https:\/\/vosgesinfo.fr\/app\/uploads\/sites\/5\/2023\/12\/cheminees-gehin-dec-2023-photo-premium.jpg\",\"width\":1493,\"height\":896},{\"@type\":\"BreadcrumbList\",\"@id\":\"https:\/\/vosgesinfo.fr\/remiremontinfo\/2023\/12\/tulikivi-le-poele-de-masse-par-excellence\/#breadcrumb\",\"itemListElement\":[{\"@type\":\"ListItem\",\"position\":1,\"name\":\"Home\",\"item\":\"https:\/\/vosgesinfo.fr\/remiremontinfo\/\"},{\"@type\":\"ListItem\",\"position\":2,\"name\":\"Tulikivi, le po\u00eale de masse par excellence !\"}]},{\"@type\":\"WebSite\",\"@id\":\"https:\/\/vosgesinfo.fr\/remiremontinfo\/#website\",\"url\":\"https:\/\/vosgesinfo.fr\/remiremontinfo\/\",\"name\":\"Remiremont Info\",\"description\":\"Toute l&#039;actualit\u00e9 de Remiremont\",\"publisher\":{\"@id\":\"https:\/\/vosgesinfo.fr\/remiremontinfo\/#organization\"},\"alternateName\":\"Toute l'actualit\u00e9 de Remiremont\",\"potentialAction\":[{\"@type\":\"SearchAction\",\"target\":{\"@type\":\"EntryPoint\",\"urlTemplate\":\"https:\/\/vosgesinfo.fr\/remiremontinfo\/?s={search_term_string}\"},\"query-input\":\"required name=search_term_string\"}],\"inLanguage\":\"fr-FR\"},{\"@type\":\"Organization\",\"@id\":\"https:\/\/vosgesinfo.fr\/remiremontinfo\/#organization\",\"name\":\"Remiremont Info\",\"url\":\"https:\/\/vosgesinfo.fr\/remiremontinfo\/\",\"logo\":{\"@type\":\"ImageObject\",\"inLanguage\":\"fr-FR\",\"@id\":\"https:\/\/vosgesinfo.fr\/remiremontinfo\/#\/schema\/logo\/image\/\",\"url\":\"https:\/\/vosgesinfo.fr\/app\/uploads\/sites\/5\/2023\/08\/favicon-remiremontinfo.png\",\"contentUrl\":\"https:\/\/vosgesinfo.fr\/app\/uploads\/sites\/5\/2023\/08\/favicon-remiremontinfo.png\",\"width\":512,\"height\":512,\"caption\":\"Remiremont Info\"},\"image\":{\"@id\":\"https:\/\/vosgesinfo.fr\/remiremontinfo\/#\/schema\/logo\/image\/\"},\"sameAs\":[\"https:\/\/www.facebook.com\/remiremontinfo\",\"https:\/\/x.com\/VosgesInfo88\",\"https:\/\/www.youtube.com\/@vosgesinfo\"]},{\"@type\":\"Person\",\"@id\":\"https:\/\/vosgesinfo.fr\/remiremontinfo\/#\/schema\/person\/4f57dc393faf2ac8b9f1cab30ad79250\",\"name\":\"Phj\",\"image\":{\"@type\":\"ImageObject\",\"inLanguage\":\"fr-FR\",\"@id\":\"https:\/\/vosgesinfo.fr\/remiremontinfo\/#\/schema\/person\/image\/\",\"url\":\"https:\/\/secure.gravatar.com\/avatar\/ada60265080fb9a89c9809bf0abb1f448a128cb85db1c08905baa5038fbe3cfe?s=96&d=mm&r=g\",\"contentUrl\":\"https:\/\/secure.gravatar.com\/avatar\/ada60265080fb9a89c9809bf0abb1f448a128cb85db1c08905baa5038fbe3cfe?s=96&d=mm&r=g\",\"caption\":\"Phj\"},\"url\":\"https:\/\/vosgesinfo.fr\/remiremontinfo\/author\/phj\/\"}]}<\/script>\n<!-- \/ Yoast SEO plugin. -->","yoast_head_json":{"title":"Tulikivi, le po\u00eale de masse par excellence ! - Remiremont Info","robots":{"index":"index","follow":"follow","max-snippet":"max-snippet:-1","max-image-preview":"max-image-preview:large","max-video-preview":"max-video-preview:-1"},"canonical":"https:\/\/vosgesinfo.fr\/remiremontinfo\/2023\/12\/tulikivi-le-poele-de-masse-par-excellence\/","twitter_card":"summary_large_image","twitter_title":"Tulikivi, le po\u00eale de masse par excellence ! - Remiremont Info","twitter_description":"Tulikivi est le plus grand fabricant au monde de po\u00eales de masse en st\u00e9atite. Cette pierre est un mat\u00e9riau naturel [&hellip;]","twitter_image":"https:\/\/vosgesinfo.fr\/app\/uploads\/sites\/5\/2023\/12\/cheminees-gehin-dec-2023-photo-premium.jpg","twitter_creator":"@VosgesInfo88","twitter_site":"@VosgesInfo88","twitter_misc":{"\u00c9crit par":"Phj","Dur\u00e9e de lecture estim\u00e9e":"2 minutes"},"schema":{"@context":"https:\/\/schema.org","@graph":[{"@type":"Article","@id":"https:\/\/vosgesinfo.fr\/remiremontinfo\/2023\/12\/tulikivi-le-poele-de-masse-par-excellence\/#article","isPartOf":{"@id":"https:\/\/vosgesinfo.fr\/remiremontinfo\/2023\/12\/tulikivi-le-poele-de-masse-par-excellence\/"},"author":{"name":"Phj","@id":"https:\/\/vosgesinfo.fr\/remiremontinfo\/#\/schema\/person\/4f57dc393faf2ac8b9f1cab30ad79250"},"headline":"Tulikivi, le po\u00eale de masse par excellence !","datePublished":"2023-12-08T10:50:18+00:00","dateModified":"2023-12-08T10:50:18+00:00","mainEntityOfPage":{"@id":"https:\/\/vosgesinfo.fr\/remiremontinfo\/2023\/12\/tulikivi-le-poele-de-masse-par-excellence\/"},"wordCount":474,"commentCount":0,"publisher":{"@id":"https:\/\/vosgesinfo.fr\/remiremontinfo\/#organization"},"image":{"@id":"https:\/\/vosgesinfo.fr\/remiremontinfo\/2023\/12\/tulikivi-le-poele-de-masse-par-excellence\/#primaryimage"},"thumbnailUrl":"https:\/\/vosgesinfo.fr\/app\/uploads\/sites\/5\/2023\/12\/cheminees-gehin-dec-2023-photo-premium.jpg","keywords":["chemin\u00e9es G\u00e9hin","Le monde chaleureux de Tulikivi"],"articleSection":["A la Une"],"inLanguage":"fr-FR","potentialAction":[{"@type":"CommentAction","name":"Comment","target":["https:\/\/vosgesinfo.fr\/remiremontinfo\/2023\/12\/tulikivi-le-poele-de-masse-par-excellence\/#respond"]}]},{"@type":"WebPage","@id":"https:\/\/vosgesinfo.fr\/remiremontinfo\/2023\/12\/tulikivi-le-poele-de-masse-par-excellence\/","url":"https:\/\/vosgesinfo.fr\/remiremontinfo\/2023\/12\/tulikivi-le-poele-de-masse-par-excellence\/","name":"Tulikivi, le po\u00eale de masse par excellence ! - Remiremont Info","isPartOf":{"@id":"https:\/\/vosgesinfo.fr\/remiremontinfo\/#website"},"primaryImageOfPage":{"@id":"https:\/\/vosgesinfo.fr\/remiremontinfo\/2023\/12\/tulikivi-le-poele-de-masse-par-excellence\/#primaryimage"},"image":{"@id":"https:\/\/vosgesinfo.fr\/remiremontinfo\/2023\/12\/tulikivi-le-poele-de-masse-par-excellence\/#primaryimage"},"thumbnailUrl":"https:\/\/vosgesinfo.fr\/app\/uploads\/sites\/5\/2023\/12\/cheminees-gehin-dec-2023-photo-premium.jpg","datePublished":"2023-12-08T10:50:18+00:00","dateModified":"2023-12-08T10:50:18+00:00","breadcrumb":{"@id":"https:\/\/vosgesinfo.fr\/remiremontinfo\/2023\/12\/tulikivi-le-poele-de-masse-par-excellence\/#breadcrumb"},"inLanguage":"fr-FR","potentialAction":[{"@type":"ReadAction","target":["https:\/\/vosgesinfo.fr\/remiremontinfo\/2023\/12\/tulikivi-le-poele-de-masse-par-excellence\/"]}]},{"@type":"ImageObject","inLanguage":"fr-FR","@id":"https:\/\/vosgesinfo.fr\/remiremontinfo\/2023\/12\/tulikivi-le-poele-de-masse-par-excellence\/#primaryimage","url":"https:\/\/vosgesinfo.fr\/app\/uploads\/sites\/5\/2023\/12\/cheminees-gehin-dec-2023-photo-premium.jpg","contentUrl":"https:\/\/vosgesinfo.fr\/app\/uploads\/sites\/5\/2023\/12\/cheminees-gehin-dec-2023-photo-premium.jpg","width":1493,"height":896},{"@type":"BreadcrumbList","@id":"https:\/\/vosgesinfo.fr\/remiremontinfo\/2023\/12\/tulikivi-le-poele-de-masse-par-excellence\/#breadcrumb","itemListElement":[{"@type":"ListItem","position":1,"name":"Home","item":"https:\/\/vosgesinfo.fr\/remiremontinfo\/"},{"@type":"ListItem","position":2,"name":"Tulikivi, le po\u00eale de masse par excellence !"}]},{"@type":"WebSite","@id":"https:\/\/vosgesinfo.fr\/remiremontinfo\/#website","url":"https:\/\/vosgesinfo.fr\/remiremontinfo\/","name":"Remiremont Info","description":"Toute l&#039;actualit\u00e9 de Remiremont","publisher":{"@id":"https:\/\/vosgesinfo.fr\/remiremontinfo\/#organization"},"alternateName":"Toute l'actualit\u00e9 de Remiremont","potentialAction":[{"@type":"SearchAction","target":{"@type":"EntryPoint","urlTemplate":"https:\/\/vosgesinfo.fr\/remiremontinfo\/?s={search_term_string}"},"query-input":"required name=search_term_string"}],"inLanguage":"fr-FR"},{"@type":"Organization","@id":"https:\/\/vosgesinfo.fr\/remiremontinfo\/#organization","name":"Remiremont Info","url":"https:\/\/vosgesinfo.fr\/remiremontinfo\/","logo":{"@type":"ImageObject","inLanguage":"fr-FR","@id":"https:\/\/vosgesinfo.fr\/remiremontinfo\/#\/schema\/logo\/image\/","url":"https:\/\/vosgesinfo.fr\/app\/uploads\/sites\/5\/2023\/08\/favicon-remiremontinfo.png","contentUrl":"https:\/\/vosgesinfo.fr\/app\/uploads\/sites\/5\/2023\/08\/favicon-remiremontinfo.png","width":512,"height":512,"caption":"Remiremont Info"},"image":{"@id":"https:\/\/vosgesinfo.fr\/remiremontinfo\/#\/schema\/logo\/image\/"},"sameAs":["https:\/\/www.facebook.com\/remiremontinfo","https:\/\/x.com\/VosgesInfo88","https:\/\/www.youtube.com\/@vosgesinfo"]},{"@type":"Person","@id":"https:\/\/vosgesinfo.fr\/remiremontinfo\/#\/schema\/person\/4f57dc393faf2ac8b9f1cab30ad79250","name":"Phj","image":{"@type":"ImageObject","inLanguage":"fr-FR","@id":"https:\/\/vosgesinfo.fr\/remiremontinfo\/#\/schema\/person\/image\/","url":"https:\/\/secure.gravatar.com\/avatar\/ada60265080fb9a89c9809bf0abb1f448a128cb85db1c08905baa5038fbe3cfe?s=96&d=mm&r=g","contentUrl":"https:\/\/secure.gravatar.com\/avatar\/ada60265080fb9a89c9809bf0abb1f448a128cb85db1c08905baa5038fbe3cfe?s=96&d=mm&r=g","caption":"Phj"},"url":"https:\/\/vosgesinfo.fr\/remiremontinfo\/author\/phj\/"}]}},"_links":{"self":[{"href":"https:\/\/vosgesinfo.fr\/remiremontinfo\/wp-json\/wp\/v2\/posts\/3165","targetHints":{"allow":["GET"]}}],"collection":[{"href":"https:\/\/vosgesinfo.fr\/remiremontinfo\/wp-json\/wp\/v2\/posts"}],"about":[{"href":"https:\/\/vosgesinfo.fr\/remiremontinfo\/wp-json\/wp\/v2\/types\/post"}],"author":[{"embeddable":true,"href":"https:\/\/vosgesinfo.fr\/remiremontinfo\/wp-json\/wp\/v2\/users\/39"}],"replies":[{"embeddable":true,"href":"https:\/\/vosgesinfo.fr\/remiremontinfo\/wp-json\/wp\/v2\/comments?post=3165"}],"version-history":[{"count":0,"href":"https:\/\/vosgesinfo.fr\/remiremontinfo\/wp-json\/wp\/v2\/posts\/3165\/revisions"}],"wp:featuredmedia":[{"embeddable":true,"href":"https:\/\/vosgesinfo.fr\/remiremontinfo\/wp-json\/wp\/v2\/media\/3160"}],"wp:attachment":[{"href":"https:\/\/vosgesinfo.fr\/remiremontinfo\/wp-json\/wp\/v2\/media?parent=3165"}],"wp:term":[{"taxonomy":"category","embeddable":true,"href":"https:\/\/vosgesinfo.fr\/remiremontinfo\/wp-json\/wp\/v2\/categories?post=3165"},{"taxonomy":"post_tag","embeddable":true,"href":"https:\/\/vosgesinfo.fr\/remiremontinfo\/wp-json\/wp\/v2\/tags?post=3165"}],"curies":[{"name":"wp","href":"https:\/\/api.w.org\/{rel}","templated":true}]}}