{"id":31761,"date":"2020-09-22T06:07:28","date_gmt":"2020-09-22T04:07:28","guid":{"rendered":"https:\/\/vosgesinfo.fr\/remiremontinfo\/2020\/09\/sangliers-ecrases-champ-mouvement-de-ruralite-lance-appel-calme\/"},"modified":"2020-09-22T06:07:28","modified_gmt":"2020-09-22T04:07:28","slug":"sangliers-ecrases-champ-mouvement-de-ruralite-lance-appel-calme","status":"publish","type":"post","link":"https:\/\/vosgesinfo.fr\/remiremontinfo\/2020\/09\/sangliers-ecrases-champ-mouvement-de-ruralite-lance-appel-calme\/","title":{"rendered":"Sangliers \u00e9cras\u00e9s dans un champ : Le Mouvement de la Ruralit\u00e9 lance un appel au calme"},"content":{"rendered":"<h2 style=\"text-align: center;\"><a href=\"\/2020\/09\/sanglier2.jpg\"><img decoding=\"async\" class=\"alignnone size-full wp-image-296508\" src=\"\/2020\/09\/sanglier2.jpg\" alt=\"sanglier2\" width=\"800\" height=\"548\" \/><\/a><\/h2>\n<h2><span style=\"font-size: 12pt;\">C\u2019est dans un contexte particuli\u00e8rement tendu que la saison de chasse s\u2019est ouverte cette ann\u00e9e. Pour le Mouvement de la Ruralit\u00e9, il est n\u00e9cessaire d\u2019apaiser les tensions et d\u2019ouvrir un dialogue sans langue de bois autour de la probl\u00e9matique de la prolif\u00e9ration et des d\u00e9g\u00e2ts de sanglier.<\/span><\/h2>\n<p><a href=\"https:\/\/epinalinfos.fr\/wp-content\/uploads\/2020\/09\/kevin-grenot.jpg\" data-featherlight=\"image\"><img decoding=\"async\" class=\"size-medium wp-image-179705\" src=\"https:\/\/epinalinfos.fr\/wp-content\/uploads\/2020\/09\/kevin-grenot-297x255.jpg\" alt=\"K\u00e9vin GRENOT Responsable LMR \" width=\"297\" height=\"255\" \/><\/a><\/p>\n<p><span style=\"font-size: 12pt;\"><em>\u00ab\u00a0Le monde agricole souffre en silence. S\u00e9cheresses, prix du lait, et d\u00e9g\u00e2t de sanglier et grands ongul\u00e9s dans les cultures. LMR apporte \u00e9videmment tout son soutien \u00e0 cette France de tous les jours qui nourrit le pays. Le fruit du travail des agriculteurs doit \u00eatre respect\u00e9 et valoris\u00e9. Il n\u2019est pas concevable d\u2019avoir \u00e0 semer jusqu\u2019\u00e0 5 fois de suite du ma\u00efs, ou de s\u2019endetter pour acheter des aliments pour nourrir ses b\u00eates fautes de prairie enherb\u00e9es. Le monde de la chasse subit des attaques de toutes parts.<\/em><\/span><\/p>\n<p><span style=\"font-size: 12pt;\"><em>V\u00e9ritable mode de vie, au-del\u00e0 d\u2019une passion, cette pratique r\u00e9unit et f\u00e9d\u00e8re naturellement beaucoup d\u2019acteurs du monde rural. Mais la chasse doit savoir prendre ses responsabilit\u00e9s et ne pourra pas assumer les exc\u00e8s de quelques soci\u00e9t\u00e9s de chasse qui ne veulent pas exercer une pression suffisante sur les sangliers. Il n\u2019est n\u00e9anmoins pas concevable de tuer des animaux de la sorte. Cet acte est profond\u00e9ment inhumain et ne peut en aucun cas \u00eatre cautionn\u00e9. Voyant les tensions monter entre chasseurs et paysans, LMR en appelle \u00e0 la responsabilit\u00e9 de chacun et appel au calme. LMR s\u2019engage \u00e0 dialoguer avec tous les acteurs du monde agricole ainsi que du monde de la chasse pour proposer de mani\u00e8re consensuelle une alternative \u00e0 ces exc\u00e8s. Le monde rural devra s\u2019unir, ou mourir, mais si chasseurs et agriculteurs se tirent dessus \u00e0 boulet rouge c\u2019est tout un pan de la France qui s\u2019effondrera.\u00a0\u00bb<\/em><\/span><\/p>\n<p><span style=\"font-size: 12pt;\"><strong>K\u00e9vin GRENOT Responsable LMR<\/strong><\/span><\/p>\n","protected":false},"excerpt":{"rendered":"<p>C\u2019est dans un contexte particuli\u00e8rement tendu que la saison de chasse s\u2019est ouverte cette ann\u00e9e. Pour le Mouvement de la [&hellip;]<\/p>\n","protected":false},"author":407,"featured_media":31762,"comment_status":"open","ping_status":"open","sticky":false,"template":"","format":"standard","meta":{"footnotes":""},"categories":[26,18],"tags":[],"class_list":["post-31761","post","type-post","status-publish","format-standard","has-post-thumbnail","hentry","category-a-la-une","category-vosges"],"acf":[],"yoast_head":"<!-- This site is optimized with the Yoast SEO plugin v22.5 - https:\/\/yoast.com\/wordpress\/plugins\/seo\/ -->\n<title>Sangliers \u00e9cras\u00e9s dans un champ : Le Mouvement de la Ruralit\u00e9 lance un appel au calme - Remiremont Info<\/title>\n<meta name=\"robots\" content=\"index, follow, max-snippet:-1, max-image-preview:large, max-video-preview:-1\" \/>\n<link rel=\"canonical\" href=\"https:\/\/vosgesinfo.fr\/remiremontinfo\/2020\/09\/sangliers-ecrases-champ-mouvement-de-ruralite-lance-appel-calme\/\" \/>\n<meta name=\"twitter:card\" content=\"summary_large_image\" \/>\n<meta name=\"twitter:title\" content=\"Sangliers \u00e9cras\u00e9s dans un champ : Le Mouvement de la Ruralit\u00e9 lance un appel au calme - Remiremont Info\" \/>\n<meta name=\"twitter:description\" content=\"C\u2019est dans un contexte particuli\u00e8rement tendu que la saison de chasse s\u2019est ouverte cette ann\u00e9e. Pour le Mouvement de la [&hellip;]\" \/>\n<meta name=\"twitter:image\" content=\"https:\/\/vosgesinfo.fr\/app\/uploads\/sites\/5\/2024\/09\/202009sanglier2.jpg\" \/>\n<meta name=\"twitter:creator\" content=\"@VosgesInfo88\" \/>\n<meta name=\"twitter:site\" content=\"@VosgesInfo88\" \/>\n<meta name=\"twitter:label1\" content=\"\u00c9crit par\" \/>\n\t<meta name=\"twitter:data1\" content=\"C D\" \/>\n\t<meta name=\"twitter:label2\" content=\"Dur\u00e9e de lecture estim\u00e9e\" \/>\n\t<meta name=\"twitter:data2\" content=\"2 minutes\" \/>\n<script type=\"application\/ld+json\" class=\"yoast-schema-graph\">{\"@context\":\"https:\/\/schema.org\",\"@graph\":[{\"@type\":\"Article\",\"@id\":\"https:\/\/vosgesinfo.fr\/remiremontinfo\/2020\/09\/sangliers-ecrases-champ-mouvement-de-ruralite-lance-appel-calme\/#article\",\"isPartOf\":{\"@id\":\"https:\/\/vosgesinfo.fr\/remiremontinfo\/2020\/09\/sangliers-ecrases-champ-mouvement-de-ruralite-lance-appel-calme\/\"},\"author\":{\"name\":\"C D\",\"@id\":\"https:\/\/vosgesinfo.fr\/remiremontinfo\/#\/schema\/person\/3bfd164d5218a185b1db68655a265316\"},\"headline\":\"Sangliers \u00e9cras\u00e9s dans un champ : Le Mouvement de la Ruralit\u00e9 lance un appel au calme\",\"datePublished\":\"2020-09-22T04:07:28+00:00\",\"dateModified\":\"2020-09-22T04:07:28+00:00\",\"mainEntityOfPage\":{\"@id\":\"https:\/\/vosgesinfo.fr\/remiremontinfo\/2020\/09\/sangliers-ecrases-champ-mouvement-de-ruralite-lance-appel-calme\/\"},\"wordCount\":338,\"commentCount\":0,\"publisher\":{\"@id\":\"https:\/\/vosgesinfo.fr\/remiremontinfo\/#organization\"},\"image\":{\"@id\":\"https:\/\/vosgesinfo.fr\/remiremontinfo\/2020\/09\/sangliers-ecrases-champ-mouvement-de-ruralite-lance-appel-calme\/#primaryimage\"},\"thumbnailUrl\":\"https:\/\/vosgesinfo.fr\/app\/uploads\/sites\/5\/2024\/09\/202009sanglier2.jpg\",\"articleSection\":[\"A la Une\",\"Vosges\"],\"inLanguage\":\"fr-FR\",\"potentialAction\":[{\"@type\":\"CommentAction\",\"name\":\"Comment\",\"target\":[\"https:\/\/vosgesinfo.fr\/remiremontinfo\/2020\/09\/sangliers-ecrases-champ-mouvement-de-ruralite-lance-appel-calme\/#respond\"]}]},{\"@type\":\"WebPage\",\"@id\":\"https:\/\/vosgesinfo.fr\/remiremontinfo\/2020\/09\/sangliers-ecrases-champ-mouvement-de-ruralite-lance-appel-calme\/\",\"url\":\"https:\/\/vosgesinfo.fr\/remiremontinfo\/2020\/09\/sangliers-ecrases-champ-mouvement-de-ruralite-lance-appel-calme\/\",\"name\":\"Sangliers \u00e9cras\u00e9s dans un champ : Le Mouvement de la Ruralit\u00e9 lance un appel au calme - Remiremont Info\",\"isPartOf\":{\"@id\":\"https:\/\/vosgesinfo.fr\/remiremontinfo\/#website\"},\"primaryImageOfPage\":{\"@id\":\"https:\/\/vosgesinfo.fr\/remiremontinfo\/2020\/09\/sangliers-ecrases-champ-mouvement-de-ruralite-lance-appel-calme\/#primaryimage\"},\"image\":{\"@id\":\"https:\/\/vosgesinfo.fr\/remiremontinfo\/2020\/09\/sangliers-ecrases-champ-mouvement-de-ruralite-lance-appel-calme\/#primaryimage\"},\"thumbnailUrl\":\"https:\/\/vosgesinfo.fr\/app\/uploads\/sites\/5\/2024\/09\/202009sanglier2.jpg\",\"datePublished\":\"2020-09-22T04:07:28+00:00\",\"dateModified\":\"2020-09-22T04:07:28+00:00\",\"breadcrumb\":{\"@id\":\"https:\/\/vosgesinfo.fr\/remiremontinfo\/2020\/09\/sangliers-ecrases-champ-mouvement-de-ruralite-lance-appel-calme\/#breadcrumb\"},\"inLanguage\":\"fr-FR\",\"potentialAction\":[{\"@type\":\"ReadAction\",\"target\":[\"https:\/\/vosgesinfo.fr\/remiremontinfo\/2020\/09\/sangliers-ecrases-champ-mouvement-de-ruralite-lance-appel-calme\/\"]}]},{\"@type\":\"ImageObject\",\"inLanguage\":\"fr-FR\",\"@id\":\"https:\/\/vosgesinfo.fr\/remiremontinfo\/2020\/09\/sangliers-ecrases-champ-mouvement-de-ruralite-lance-appel-calme\/#primaryimage\",\"url\":\"https:\/\/vosgesinfo.fr\/app\/uploads\/sites\/5\/2024\/09\/202009sanglier2.jpg\",\"contentUrl\":\"https:\/\/vosgesinfo.fr\/app\/uploads\/sites\/5\/2024\/09\/202009sanglier2.jpg\",\"width\":800,\"height\":548},{\"@type\":\"BreadcrumbList\",\"@id\":\"https:\/\/vosgesinfo.fr\/remiremontinfo\/2020\/09\/sangliers-ecrases-champ-mouvement-de-ruralite-lance-appel-calme\/#breadcrumb\",\"itemListElement\":[{\"@type\":\"ListItem\",\"position\":1,\"name\":\"Home\",\"item\":\"https:\/\/vosgesinfo.fr\/remiremontinfo\/\"},{\"@type\":\"ListItem\",\"position\":2,\"name\":\"Sangliers \u00e9cras\u00e9s dans un champ : Le Mouvement de la Ruralit\u00e9 lance un appel au calme\"}]},{\"@type\":\"WebSite\",\"@id\":\"https:\/\/vosgesinfo.fr\/remiremontinfo\/#website\",\"url\":\"https:\/\/vosgesinfo.fr\/remiremontinfo\/\",\"name\":\"Remiremont Info\",\"description\":\"Toute l&#039;actualit\u00e9 de Remiremont\",\"publisher\":{\"@id\":\"https:\/\/vosgesinfo.fr\/remiremontinfo\/#organization\"},\"alternateName\":\"Toute l'actualit\u00e9 de Remiremont\",\"potentialAction\":[{\"@type\":\"SearchAction\",\"target\":{\"@type\":\"EntryPoint\",\"urlTemplate\":\"https:\/\/vosgesinfo.fr\/remiremontinfo\/?s={search_term_string}\"},\"query-input\":\"required name=search_term_string\"}],\"inLanguage\":\"fr-FR\"},{\"@type\":\"Organization\",\"@id\":\"https:\/\/vosgesinfo.fr\/remiremontinfo\/#organization\",\"name\":\"Remiremont Info\",\"url\":\"https:\/\/vosgesinfo.fr\/remiremontinfo\/\",\"logo\":{\"@type\":\"ImageObject\",\"inLanguage\":\"fr-FR\",\"@id\":\"https:\/\/vosgesinfo.fr\/remiremontinfo\/#\/schema\/logo\/image\/\",\"url\":\"https:\/\/vosgesinfo.fr\/app\/uploads\/sites\/5\/2023\/08\/favicon-remiremontinfo.png\",\"contentUrl\":\"https:\/\/vosgesinfo.fr\/app\/uploads\/sites\/5\/2023\/08\/favicon-remiremontinfo.png\",\"width\":512,\"height\":512,\"caption\":\"Remiremont Info\"},\"image\":{\"@id\":\"https:\/\/vosgesinfo.fr\/remiremontinfo\/#\/schema\/logo\/image\/\"},\"sameAs\":[\"https:\/\/www.facebook.com\/remiremontinfo\",\"https:\/\/x.com\/VosgesInfo88\",\"https:\/\/www.youtube.com\/@vosgesinfo\"]},{\"@type\":\"Person\",\"@id\":\"https:\/\/vosgesinfo.fr\/remiremontinfo\/#\/schema\/person\/3bfd164d5218a185b1db68655a265316\",\"name\":\"C D\",\"image\":{\"@type\":\"ImageObject\",\"inLanguage\":\"fr-FR\",\"@id\":\"https:\/\/vosgesinfo.fr\/remiremontinfo\/#\/schema\/person\/image\/\",\"url\":\"https:\/\/secure.gravatar.com\/avatar\/1f9a70007336511a47468b8f1c66f922b8b7cf617b02a31149ada43893a5d48f?s=96&d=mm&r=g\",\"contentUrl\":\"https:\/\/secure.gravatar.com\/avatar\/1f9a70007336511a47468b8f1c66f922b8b7cf617b02a31149ada43893a5d48f?s=96&d=mm&r=g\",\"caption\":\"C D\"},\"url\":\"https:\/\/vosgesinfo.fr\/remiremontinfo\/author\/cedric-drevet\/\"}]}<\/script>\n<!-- \/ Yoast SEO plugin. -->","yoast_head_json":{"title":"Sangliers \u00e9cras\u00e9s dans un champ : Le Mouvement de la Ruralit\u00e9 lance un appel au calme - Remiremont Info","robots":{"index":"index","follow":"follow","max-snippet":"max-snippet:-1","max-image-preview":"max-image-preview:large","max-video-preview":"max-video-preview:-1"},"canonical":"https:\/\/vosgesinfo.fr\/remiremontinfo\/2020\/09\/sangliers-ecrases-champ-mouvement-de-ruralite-lance-appel-calme\/","twitter_card":"summary_large_image","twitter_title":"Sangliers \u00e9cras\u00e9s dans un champ : Le Mouvement de la Ruralit\u00e9 lance un appel au calme - Remiremont Info","twitter_description":"C\u2019est dans un contexte particuli\u00e8rement tendu que la saison de chasse s\u2019est ouverte cette ann\u00e9e. Pour le Mouvement de la [&hellip;]","twitter_image":"https:\/\/vosgesinfo.fr\/app\/uploads\/sites\/5\/2024\/09\/202009sanglier2.jpg","twitter_creator":"@VosgesInfo88","twitter_site":"@VosgesInfo88","twitter_misc":{"\u00c9crit par":"C D","Dur\u00e9e de lecture estim\u00e9e":"2 minutes"},"schema":{"@context":"https:\/\/schema.org","@graph":[{"@type":"Article","@id":"https:\/\/vosgesinfo.fr\/remiremontinfo\/2020\/09\/sangliers-ecrases-champ-mouvement-de-ruralite-lance-appel-calme\/#article","isPartOf":{"@id":"https:\/\/vosgesinfo.fr\/remiremontinfo\/2020\/09\/sangliers-ecrases-champ-mouvement-de-ruralite-lance-appel-calme\/"},"author":{"name":"C D","@id":"https:\/\/vosgesinfo.fr\/remiremontinfo\/#\/schema\/person\/3bfd164d5218a185b1db68655a265316"},"headline":"Sangliers \u00e9cras\u00e9s dans un champ : Le Mouvement de la Ruralit\u00e9 lance un appel au calme","datePublished":"2020-09-22T04:07:28+00:00","dateModified":"2020-09-22T04:07:28+00:00","mainEntityOfPage":{"@id":"https:\/\/vosgesinfo.fr\/remiremontinfo\/2020\/09\/sangliers-ecrases-champ-mouvement-de-ruralite-lance-appel-calme\/"},"wordCount":338,"commentCount":0,"publisher":{"@id":"https:\/\/vosgesinfo.fr\/remiremontinfo\/#organization"},"image":{"@id":"https:\/\/vosgesinfo.fr\/remiremontinfo\/2020\/09\/sangliers-ecrases-champ-mouvement-de-ruralite-lance-appel-calme\/#primaryimage"},"thumbnailUrl":"https:\/\/vosgesinfo.fr\/app\/uploads\/sites\/5\/2024\/09\/202009sanglier2.jpg","articleSection":["A la Une","Vosges"],"inLanguage":"fr-FR","potentialAction":[{"@type":"CommentAction","name":"Comment","target":["https:\/\/vosgesinfo.fr\/remiremontinfo\/2020\/09\/sangliers-ecrases-champ-mouvement-de-ruralite-lance-appel-calme\/#respond"]}]},{"@type":"WebPage","@id":"https:\/\/vosgesinfo.fr\/remiremontinfo\/2020\/09\/sangliers-ecrases-champ-mouvement-de-ruralite-lance-appel-calme\/","url":"https:\/\/vosgesinfo.fr\/remiremontinfo\/2020\/09\/sangliers-ecrases-champ-mouvement-de-ruralite-lance-appel-calme\/","name":"Sangliers \u00e9cras\u00e9s dans un champ : Le Mouvement de la Ruralit\u00e9 lance un appel au calme - Remiremont Info","isPartOf":{"@id":"https:\/\/vosgesinfo.fr\/remiremontinfo\/#website"},"primaryImageOfPage":{"@id":"https:\/\/vosgesinfo.fr\/remiremontinfo\/2020\/09\/sangliers-ecrases-champ-mouvement-de-ruralite-lance-appel-calme\/#primaryimage"},"image":{"@id":"https:\/\/vosgesinfo.fr\/remiremontinfo\/2020\/09\/sangliers-ecrases-champ-mouvement-de-ruralite-lance-appel-calme\/#primaryimage"},"thumbnailUrl":"https:\/\/vosgesinfo.fr\/app\/uploads\/sites\/5\/2024\/09\/202009sanglier2.jpg","datePublished":"2020-09-22T04:07:28+00:00","dateModified":"2020-09-22T04:07:28+00:00","breadcrumb":{"@id":"https:\/\/vosgesinfo.fr\/remiremontinfo\/2020\/09\/sangliers-ecrases-champ-mouvement-de-ruralite-lance-appel-calme\/#breadcrumb"},"inLanguage":"fr-FR","potentialAction":[{"@type":"ReadAction","target":["https:\/\/vosgesinfo.fr\/remiremontinfo\/2020\/09\/sangliers-ecrases-champ-mouvement-de-ruralite-lance-appel-calme\/"]}]},{"@type":"ImageObject","inLanguage":"fr-FR","@id":"https:\/\/vosgesinfo.fr\/remiremontinfo\/2020\/09\/sangliers-ecrases-champ-mouvement-de-ruralite-lance-appel-calme\/#primaryimage","url":"https:\/\/vosgesinfo.fr\/app\/uploads\/sites\/5\/2024\/09\/202009sanglier2.jpg","contentUrl":"https:\/\/vosgesinfo.fr\/app\/uploads\/sites\/5\/2024\/09\/202009sanglier2.jpg","width":800,"height":548},{"@type":"BreadcrumbList","@id":"https:\/\/vosgesinfo.fr\/remiremontinfo\/2020\/09\/sangliers-ecrases-champ-mouvement-de-ruralite-lance-appel-calme\/#breadcrumb","itemListElement":[{"@type":"ListItem","position":1,"name":"Home","item":"https:\/\/vosgesinfo.fr\/remiremontinfo\/"},{"@type":"ListItem","position":2,"name":"Sangliers \u00e9cras\u00e9s dans un champ : Le Mouvement de la Ruralit\u00e9 lance un appel au calme"}]},{"@type":"WebSite","@id":"https:\/\/vosgesinfo.fr\/remiremontinfo\/#website","url":"https:\/\/vosgesinfo.fr\/remiremontinfo\/","name":"Remiremont Info","description":"Toute l&#039;actualit\u00e9 de Remiremont","publisher":{"@id":"https:\/\/vosgesinfo.fr\/remiremontinfo\/#organization"},"alternateName":"Toute l'actualit\u00e9 de Remiremont","potentialAction":[{"@type":"SearchAction","target":{"@type":"EntryPoint","urlTemplate":"https:\/\/vosgesinfo.fr\/remiremontinfo\/?s={search_term_string}"},"query-input":"required name=search_term_string"}],"inLanguage":"fr-FR"},{"@type":"Organization","@id":"https:\/\/vosgesinfo.fr\/remiremontinfo\/#organization","name":"Remiremont Info","url":"https:\/\/vosgesinfo.fr\/remiremontinfo\/","logo":{"@type":"ImageObject","inLanguage":"fr-FR","@id":"https:\/\/vosgesinfo.fr\/remiremontinfo\/#\/schema\/logo\/image\/","url":"https:\/\/vosgesinfo.fr\/app\/uploads\/sites\/5\/2023\/08\/favicon-remiremontinfo.png","contentUrl":"https:\/\/vosgesinfo.fr\/app\/uploads\/sites\/5\/2023\/08\/favicon-remiremontinfo.png","width":512,"height":512,"caption":"Remiremont Info"},"image":{"@id":"https:\/\/vosgesinfo.fr\/remiremontinfo\/#\/schema\/logo\/image\/"},"sameAs":["https:\/\/www.facebook.com\/remiremontinfo","https:\/\/x.com\/VosgesInfo88","https:\/\/www.youtube.com\/@vosgesinfo"]},{"@type":"Person","@id":"https:\/\/vosgesinfo.fr\/remiremontinfo\/#\/schema\/person\/3bfd164d5218a185b1db68655a265316","name":"C D","image":{"@type":"ImageObject","inLanguage":"fr-FR","@id":"https:\/\/vosgesinfo.fr\/remiremontinfo\/#\/schema\/person\/image\/","url":"https:\/\/secure.gravatar.com\/avatar\/1f9a70007336511a47468b8f1c66f922b8b7cf617b02a31149ada43893a5d48f?s=96&d=mm&r=g","contentUrl":"https:\/\/secure.gravatar.com\/avatar\/1f9a70007336511a47468b8f1c66f922b8b7cf617b02a31149ada43893a5d48f?s=96&d=mm&r=g","caption":"C D"},"url":"https:\/\/vosgesinfo.fr\/remiremontinfo\/author\/cedric-drevet\/"}]}},"_links":{"self":[{"href":"https:\/\/vosgesinfo.fr\/remiremontinfo\/wp-json\/wp\/v2\/posts\/31761","targetHints":{"allow":["GET"]}}],"collection":[{"href":"https:\/\/vosgesinfo.fr\/remiremontinfo\/wp-json\/wp\/v2\/posts"}],"about":[{"href":"https:\/\/vosgesinfo.fr\/remiremontinfo\/wp-json\/wp\/v2\/types\/post"}],"author":[{"embeddable":true,"href":"https:\/\/vosgesinfo.fr\/remiremontinfo\/wp-json\/wp\/v2\/users\/407"}],"replies":[{"embeddable":true,"href":"https:\/\/vosgesinfo.fr\/remiremontinfo\/wp-json\/wp\/v2\/comments?post=31761"}],"version-history":[{"count":0,"href":"https:\/\/vosgesinfo.fr\/remiremontinfo\/wp-json\/wp\/v2\/posts\/31761\/revisions"}],"wp:featuredmedia":[{"embeddable":true,"href":"https:\/\/vosgesinfo.fr\/remiremontinfo\/wp-json\/wp\/v2\/media\/31762"}],"wp:attachment":[{"href":"https:\/\/vosgesinfo.fr\/remiremontinfo\/wp-json\/wp\/v2\/media?parent=31761"}],"wp:term":[{"taxonomy":"category","embeddable":true,"href":"https:\/\/vosgesinfo.fr\/remiremontinfo\/wp-json\/wp\/v2\/categories?post=31761"},{"taxonomy":"post_tag","embeddable":true,"href":"https:\/\/vosgesinfo.fr\/remiremontinfo\/wp-json\/wp\/v2\/tags?post=31761"}],"curies":[{"name":"wp","href":"https:\/\/api.w.org\/{rel}","templated":true}]}}