{"id":3184,"date":"2023-12-11T15:46:58","date_gmt":"2023-12-11T14:46:58","guid":{"rendered":"https:\/\/vosgesinfo.fr\/remiremontinfo\/2023\/12\/remiremont-les-residents-de-lehpad-le-chalelet-enfilent-leurs-plus-belles-chaussettes-de-noel\/"},"modified":"2023-12-11T15:46:58","modified_gmt":"2023-12-11T14:46:58","slug":"remiremont-les-residents-de-lehpad-le-chalelet-enfilent-leurs-plus-belles-chaussettes-de-noel","status":"publish","type":"post","link":"https:\/\/vosgesinfo.fr\/remiremontinfo\/2023\/12\/remiremont-les-residents-de-lehpad-le-chalelet-enfilent-leurs-plus-belles-chaussettes-de-noel\/","title":{"rendered":"Remiremont &#8211; Les r\u00e9sidents de l&rsquo;Ehpad \u00ab\u00a0Le Ch\u00e2lelet\u00a0\u00bb enfilent leurs plus belles chaussettes de No\u00ebl !"},"content":{"rendered":"<div id=\"attachment_380584\" style=\"width: 609px\" class=\"wp-caption aligncenter\"><a href=\"https:\/\/vosgesinfo.fr\/app\/uploads\/sites\/5\/2023\/11\/3-rotated.jpg\"><img decoding=\"async\" aria-describedby=\"caption-attachment-380584\" class=\"wp-image-380584 size-full\" src=\"https:\/\/vosgesinfo.fr\/app\/uploads\/sites\/5\/2023\/11\/3-rotated.jpg\" alt=\"3\" width=\"599\" height=\"799\" \/><\/a><p id=\"caption-attachment-380584\" class=\"wp-caption-text\">Photo Ehpad \u00ab\u00a0Le Ch\u00e2telet\u00a0\u00bb<\/p><\/div>\n<p>Pour la troisi\u00e8me ann\u00e9e cons\u00e9cutive, les r\u00e9sidents de l\u2019Ehpad Le Ch\u00e2telet de Remiremont ont particip\u00e9 au d\u00e9fil\u00e9 de No\u00ebl organis\u00e9 par les animatrices, Alicia et Marie-Charlotte, mercredi 6 d\u00e9cembre. Cette ann\u00e9e le th\u00e8me \u00e9tait l&rsquo;\u00e9lection des chaussettes de No\u00ebl : dr\u00f4les, moches et originales\u00a0!<\/p>\n<p>Chaque ann\u00e9e, les participants au d\u00e9fil\u00e9 sont de plus en plus nombreux. Cette apr\u00e8s-midi festive permet aux r\u00e9sidents de\u00a0 se retrouver en famille et avec le personnel de l\u2019Ehpad, tous invit\u00e9s \u00e0 d\u00e9filer \u00e9galement.<\/p>\n<p>Le jury \u00e9tait compos\u00e9 de trois b\u00e9n\u00e9voles de l\u2019association \u00ab\u00a0Les Amis du Ch\u00e2telet\u00a0\u00bb qui r\u00e9pondent toujours pr\u00e9sents pour les r\u00e9sidents. C\u2019est en toute impartialit\u00e9 qu\u2019ils ont pu \u00e9lire les gagnants et remettre ainsi les prix \u00e0 chacun. Les trois meilleurs \u00e9taient r\u00e9compens\u00e9s dans chaque cat\u00e9gorie. Chacun y est all\u00e9 de son id\u00e9e, lumineuse pour certain\u00a0!<\/p>\n<p>L\u2019apr\u00e8s-midi s\u2019est cl\u00f4tur\u00e9e avec un go\u00fbter de No\u00ebl r\u00e9alis\u00e9 par les r\u00e9sidents et animatrices ainsi que par un stand du march\u00e9 de No\u00ebl o\u00f9 couronnes et centres de table en tous genres se volaient la vedette. Le march\u00e9 de No\u00ebl sera d\u2019ailleurs encore pr\u00e9sent le 14 et 15 d\u00e9cembre \u00e0 l\u2019occasion de deux autres animations tr\u00e8s festives en cette occasion de f\u00eates de fin d\u2019ann\u00e9e.<\/p>\n\n","protected":false},"excerpt":{"rendered":"<p>Pour la troisi\u00e8me ann\u00e9e cons\u00e9cutive, les r\u00e9sidents de l\u2019Ehpad Le Ch\u00e2telet de Remiremont ont particip\u00e9 au d\u00e9fil\u00e9 de No\u00ebl organis\u00e9 [&hellip;]<\/p>\n","protected":false},"author":414,"featured_media":2652,"comment_status":"open","ping_status":"open","sticky":false,"template":"","format":"standard","meta":{"footnotes":""},"categories":[26,124,43,35],"tags":[543,365,544,545,345,44],"class_list":["post-3184","post","type-post","status-publish","format-standard","has-post-thumbnail","hentry","category-a-la-une","category-fetes","category-remiremont-remiremont-son-canton","category-remiremont-son-canton","tag-chaussette","tag-defile","tag-ehpad","tag-le-chatelet","tag-noel","tag-remiremont"],"acf":[],"yoast_head":"<!-- This site is optimized with the Yoast SEO plugin v22.5 - https:\/\/yoast.com\/wordpress\/plugins\/seo\/ -->\n<title>Remiremont - Les r\u00e9sidents de l&#039;Ehpad &quot;Le Ch\u00e2lelet&quot; enfilent leurs plus belles chaussettes de No\u00ebl ! - Remiremont Info<\/title>\n<meta name=\"robots\" content=\"index, follow, max-snippet:-1, max-image-preview:large, max-video-preview:-1\" \/>\n<link rel=\"canonical\" href=\"https:\/\/vosgesinfo.fr\/remiremontinfo\/2023\/12\/remiremont-les-residents-de-lehpad-le-chalelet-enfilent-leurs-plus-belles-chaussettes-de-noel\/\" \/>\n<meta name=\"twitter:card\" content=\"summary_large_image\" \/>\n<meta name=\"twitter:title\" content=\"Remiremont - Les r\u00e9sidents de l&#039;Ehpad &quot;Le Ch\u00e2lelet&quot; enfilent leurs plus belles chaussettes de No\u00ebl ! - Remiremont Info\" \/>\n<meta name=\"twitter:description\" content=\"Pour la troisi\u00e8me ann\u00e9e cons\u00e9cutive, les r\u00e9sidents de l\u2019Ehpad Le Ch\u00e2telet de Remiremont ont particip\u00e9 au d\u00e9fil\u00e9 de No\u00ebl organis\u00e9 [&hellip;]\" \/>\n<meta name=\"twitter:image\" content=\"https:\/\/vosgesinfo.fr\/app\/uploads\/sites\/5\/2023\/11\/3-rotated.jpg\" \/>\n<meta name=\"twitter:creator\" content=\"@VosgesInfo88\" \/>\n<meta name=\"twitter:site\" content=\"@VosgesInfo88\" \/>\n<meta name=\"twitter:label1\" content=\"\u00c9crit par\" \/>\n\t<meta name=\"twitter:data1\" content=\"Julien Chassard\" \/>\n\t<meta name=\"twitter:label2\" content=\"Dur\u00e9e de lecture estim\u00e9e\" \/>\n\t<meta name=\"twitter:data2\" content=\"1 minute\" \/>\n<script type=\"application\/ld+json\" class=\"yoast-schema-graph\">{\"@context\":\"https:\/\/schema.org\",\"@graph\":[{\"@type\":\"Article\",\"@id\":\"https:\/\/vosgesinfo.fr\/remiremontinfo\/2023\/12\/remiremont-les-residents-de-lehpad-le-chalelet-enfilent-leurs-plus-belles-chaussettes-de-noel\/#article\",\"isPartOf\":{\"@id\":\"https:\/\/vosgesinfo.fr\/remiremontinfo\/2023\/12\/remiremont-les-residents-de-lehpad-le-chalelet-enfilent-leurs-plus-belles-chaussettes-de-noel\/\"},\"author\":{\"name\":\"Julien Chassard\",\"@id\":\"https:\/\/vosgesinfo.fr\/remiremontinfo\/#\/schema\/person\/9f7d5afbed21dfe30e21502db85507c8\"},\"headline\":\"Remiremont &#8211; Les r\u00e9sidents de l&rsquo;Ehpad \u00ab\u00a0Le Ch\u00e2lelet\u00a0\u00bb enfilent leurs plus belles chaussettes de No\u00ebl !\",\"datePublished\":\"2023-12-11T14:46:58+00:00\",\"dateModified\":\"2023-12-11T14:46:58+00:00\",\"mainEntityOfPage\":{\"@id\":\"https:\/\/vosgesinfo.fr\/remiremontinfo\/2023\/12\/remiremont-les-residents-de-lehpad-le-chalelet-enfilent-leurs-plus-belles-chaussettes-de-noel\/\"},\"wordCount\":281,\"commentCount\":0,\"publisher\":{\"@id\":\"https:\/\/vosgesinfo.fr\/remiremontinfo\/#organization\"},\"image\":{\"@id\":\"https:\/\/vosgesinfo.fr\/remiremontinfo\/2023\/12\/remiremont-les-residents-de-lehpad-le-chalelet-enfilent-leurs-plus-belles-chaussettes-de-noel\/#primaryimage\"},\"thumbnailUrl\":\"https:\/\/vosgesinfo.fr\/app\/uploads\/sites\/5\/2023\/11\/3-rotated.jpg\",\"keywords\":[\"chaussette\",\"D\u00e9fil\u00e9\",\"EHPAD\",\"le chatelet\",\"No\u00ebl\",\"remiremont\"],\"articleSection\":[\"A la Une\",\"F\u00eates\",\"Remiremont\",\"Remiremont &amp; son canton\"],\"inLanguage\":\"fr-FR\",\"potentialAction\":[{\"@type\":\"CommentAction\",\"name\":\"Comment\",\"target\":[\"https:\/\/vosgesinfo.fr\/remiremontinfo\/2023\/12\/remiremont-les-residents-de-lehpad-le-chalelet-enfilent-leurs-plus-belles-chaussettes-de-noel\/#respond\"]}]},{\"@type\":\"WebPage\",\"@id\":\"https:\/\/vosgesinfo.fr\/remiremontinfo\/2023\/12\/remiremont-les-residents-de-lehpad-le-chalelet-enfilent-leurs-plus-belles-chaussettes-de-noel\/\",\"url\":\"https:\/\/vosgesinfo.fr\/remiremontinfo\/2023\/12\/remiremont-les-residents-de-lehpad-le-chalelet-enfilent-leurs-plus-belles-chaussettes-de-noel\/\",\"name\":\"Remiremont - Les r\u00e9sidents de l'Ehpad \\\"Le Ch\u00e2lelet\\\" enfilent leurs plus belles chaussettes de No\u00ebl ! - Remiremont Info\",\"isPartOf\":{\"@id\":\"https:\/\/vosgesinfo.fr\/remiremontinfo\/#website\"},\"primaryImageOfPage\":{\"@id\":\"https:\/\/vosgesinfo.fr\/remiremontinfo\/2023\/12\/remiremont-les-residents-de-lehpad-le-chalelet-enfilent-leurs-plus-belles-chaussettes-de-noel\/#primaryimage\"},\"image\":{\"@id\":\"https:\/\/vosgesinfo.fr\/remiremontinfo\/2023\/12\/remiremont-les-residents-de-lehpad-le-chalelet-enfilent-leurs-plus-belles-chaussettes-de-noel\/#primaryimage\"},\"thumbnailUrl\":\"https:\/\/vosgesinfo.fr\/app\/uploads\/sites\/5\/2023\/11\/3-rotated.jpg\",\"datePublished\":\"2023-12-11T14:46:58+00:00\",\"dateModified\":\"2023-12-11T14:46:58+00:00\",\"breadcrumb\":{\"@id\":\"https:\/\/vosgesinfo.fr\/remiremontinfo\/2023\/12\/remiremont-les-residents-de-lehpad-le-chalelet-enfilent-leurs-plus-belles-chaussettes-de-noel\/#breadcrumb\"},\"inLanguage\":\"fr-FR\",\"potentialAction\":[{\"@type\":\"ReadAction\",\"target\":[\"https:\/\/vosgesinfo.fr\/remiremontinfo\/2023\/12\/remiremont-les-residents-de-lehpad-le-chalelet-enfilent-leurs-plus-belles-chaussettes-de-noel\/\"]}]},{\"@type\":\"ImageObject\",\"inLanguage\":\"fr-FR\",\"@id\":\"https:\/\/vosgesinfo.fr\/remiremontinfo\/2023\/12\/remiremont-les-residents-de-lehpad-le-chalelet-enfilent-leurs-plus-belles-chaussettes-de-noel\/#primaryimage\",\"url\":\"https:\/\/vosgesinfo.fr\/app\/uploads\/sites\/5\/2023\/11\/3-rotated.jpg\",\"contentUrl\":\"https:\/\/vosgesinfo.fr\/app\/uploads\/sites\/5\/2023\/11\/3-rotated.jpg\",\"width\":720,\"height\":1280},{\"@type\":\"BreadcrumbList\",\"@id\":\"https:\/\/vosgesinfo.fr\/remiremontinfo\/2023\/12\/remiremont-les-residents-de-lehpad-le-chalelet-enfilent-leurs-plus-belles-chaussettes-de-noel\/#breadcrumb\",\"itemListElement\":[{\"@type\":\"ListItem\",\"position\":1,\"name\":\"Home\",\"item\":\"https:\/\/vosgesinfo.fr\/remiremontinfo\/\"},{\"@type\":\"ListItem\",\"position\":2,\"name\":\"Remiremont &#8211; Les r\u00e9sidents de l&rsquo;Ehpad \u00ab\u00a0Le Ch\u00e2lelet\u00a0\u00bb enfilent leurs plus belles chaussettes de No\u00ebl !\"}]},{\"@type\":\"WebSite\",\"@id\":\"https:\/\/vosgesinfo.fr\/remiremontinfo\/#website\",\"url\":\"https:\/\/vosgesinfo.fr\/remiremontinfo\/\",\"name\":\"Remiremont Info\",\"description\":\"Toute l&#039;actualit\u00e9 de Remiremont\",\"publisher\":{\"@id\":\"https:\/\/vosgesinfo.fr\/remiremontinfo\/#organization\"},\"alternateName\":\"Toute l'actualit\u00e9 de Remiremont\",\"potentialAction\":[{\"@type\":\"SearchAction\",\"target\":{\"@type\":\"EntryPoint\",\"urlTemplate\":\"https:\/\/vosgesinfo.fr\/remiremontinfo\/?s={search_term_string}\"},\"query-input\":\"required name=search_term_string\"}],\"inLanguage\":\"fr-FR\"},{\"@type\":\"Organization\",\"@id\":\"https:\/\/vosgesinfo.fr\/remiremontinfo\/#organization\",\"name\":\"Remiremont Info\",\"url\":\"https:\/\/vosgesinfo.fr\/remiremontinfo\/\",\"logo\":{\"@type\":\"ImageObject\",\"inLanguage\":\"fr-FR\",\"@id\":\"https:\/\/vosgesinfo.fr\/remiremontinfo\/#\/schema\/logo\/image\/\",\"url\":\"https:\/\/vosgesinfo.fr\/app\/uploads\/sites\/5\/2023\/08\/favicon-remiremontinfo.png\",\"contentUrl\":\"https:\/\/vosgesinfo.fr\/app\/uploads\/sites\/5\/2023\/08\/favicon-remiremontinfo.png\",\"width\":512,\"height\":512,\"caption\":\"Remiremont Info\"},\"image\":{\"@id\":\"https:\/\/vosgesinfo.fr\/remiremontinfo\/#\/schema\/logo\/image\/\"},\"sameAs\":[\"https:\/\/www.facebook.com\/remiremontinfo\",\"https:\/\/x.com\/VosgesInfo88\",\"https:\/\/www.youtube.com\/@vosgesinfo\"]},{\"@type\":\"Person\",\"@id\":\"https:\/\/vosgesinfo.fr\/remiremontinfo\/#\/schema\/person\/9f7d5afbed21dfe30e21502db85507c8\",\"name\":\"Julien Chassard\",\"image\":{\"@type\":\"ImageObject\",\"inLanguage\":\"fr-FR\",\"@id\":\"https:\/\/vosgesinfo.fr\/remiremontinfo\/#\/schema\/person\/image\/\",\"url\":\"https:\/\/secure.gravatar.com\/avatar\/b1edc920568095a5269cc92a13830411052ebb396f029db539972c12276b9ba9?s=96&d=mm&r=g\",\"contentUrl\":\"https:\/\/secure.gravatar.com\/avatar\/b1edc920568095a5269cc92a13830411052ebb396f029db539972c12276b9ba9?s=96&d=mm&r=g\",\"caption\":\"Julien Chassard\"},\"url\":\"https:\/\/vosgesinfo.fr\/remiremontinfo\/author\/j-chassard882\/\"}]}<\/script>\n<!-- \/ Yoast SEO plugin. -->","yoast_head_json":{"title":"Remiremont - Les r\u00e9sidents de l'Ehpad \"Le Ch\u00e2lelet\" enfilent leurs plus belles chaussettes de No\u00ebl ! - Remiremont Info","robots":{"index":"index","follow":"follow","max-snippet":"max-snippet:-1","max-image-preview":"max-image-preview:large","max-video-preview":"max-video-preview:-1"},"canonical":"https:\/\/vosgesinfo.fr\/remiremontinfo\/2023\/12\/remiremont-les-residents-de-lehpad-le-chalelet-enfilent-leurs-plus-belles-chaussettes-de-noel\/","twitter_card":"summary_large_image","twitter_title":"Remiremont - Les r\u00e9sidents de l'Ehpad \"Le Ch\u00e2lelet\" enfilent leurs plus belles chaussettes de No\u00ebl ! - Remiremont Info","twitter_description":"Pour la troisi\u00e8me ann\u00e9e cons\u00e9cutive, les r\u00e9sidents de l\u2019Ehpad Le Ch\u00e2telet de Remiremont ont particip\u00e9 au d\u00e9fil\u00e9 de No\u00ebl organis\u00e9 [&hellip;]","twitter_image":"https:\/\/vosgesinfo.fr\/app\/uploads\/sites\/5\/2023\/11\/3-rotated.jpg","twitter_creator":"@VosgesInfo88","twitter_site":"@VosgesInfo88","twitter_misc":{"\u00c9crit par":"Julien Chassard","Dur\u00e9e de lecture estim\u00e9e":"1 minute"},"schema":{"@context":"https:\/\/schema.org","@graph":[{"@type":"Article","@id":"https:\/\/vosgesinfo.fr\/remiremontinfo\/2023\/12\/remiremont-les-residents-de-lehpad-le-chalelet-enfilent-leurs-plus-belles-chaussettes-de-noel\/#article","isPartOf":{"@id":"https:\/\/vosgesinfo.fr\/remiremontinfo\/2023\/12\/remiremont-les-residents-de-lehpad-le-chalelet-enfilent-leurs-plus-belles-chaussettes-de-noel\/"},"author":{"name":"Julien Chassard","@id":"https:\/\/vosgesinfo.fr\/remiremontinfo\/#\/schema\/person\/9f7d5afbed21dfe30e21502db85507c8"},"headline":"Remiremont &#8211; Les r\u00e9sidents de l&rsquo;Ehpad \u00ab\u00a0Le Ch\u00e2lelet\u00a0\u00bb enfilent leurs plus belles chaussettes de No\u00ebl !","datePublished":"2023-12-11T14:46:58+00:00","dateModified":"2023-12-11T14:46:58+00:00","mainEntityOfPage":{"@id":"https:\/\/vosgesinfo.fr\/remiremontinfo\/2023\/12\/remiremont-les-residents-de-lehpad-le-chalelet-enfilent-leurs-plus-belles-chaussettes-de-noel\/"},"wordCount":281,"commentCount":0,"publisher":{"@id":"https:\/\/vosgesinfo.fr\/remiremontinfo\/#organization"},"image":{"@id":"https:\/\/vosgesinfo.fr\/remiremontinfo\/2023\/12\/remiremont-les-residents-de-lehpad-le-chalelet-enfilent-leurs-plus-belles-chaussettes-de-noel\/#primaryimage"},"thumbnailUrl":"https:\/\/vosgesinfo.fr\/app\/uploads\/sites\/5\/2023\/11\/3-rotated.jpg","keywords":["chaussette","D\u00e9fil\u00e9","EHPAD","le chatelet","No\u00ebl","remiremont"],"articleSection":["A la Une","F\u00eates","Remiremont","Remiremont &amp; son canton"],"inLanguage":"fr-FR","potentialAction":[{"@type":"CommentAction","name":"Comment","target":["https:\/\/vosgesinfo.fr\/remiremontinfo\/2023\/12\/remiremont-les-residents-de-lehpad-le-chalelet-enfilent-leurs-plus-belles-chaussettes-de-noel\/#respond"]}]},{"@type":"WebPage","@id":"https:\/\/vosgesinfo.fr\/remiremontinfo\/2023\/12\/remiremont-les-residents-de-lehpad-le-chalelet-enfilent-leurs-plus-belles-chaussettes-de-noel\/","url":"https:\/\/vosgesinfo.fr\/remiremontinfo\/2023\/12\/remiremont-les-residents-de-lehpad-le-chalelet-enfilent-leurs-plus-belles-chaussettes-de-noel\/","name":"Remiremont - Les r\u00e9sidents de l'Ehpad \"Le Ch\u00e2lelet\" enfilent leurs plus belles chaussettes de No\u00ebl ! - Remiremont Info","isPartOf":{"@id":"https:\/\/vosgesinfo.fr\/remiremontinfo\/#website"},"primaryImageOfPage":{"@id":"https:\/\/vosgesinfo.fr\/remiremontinfo\/2023\/12\/remiremont-les-residents-de-lehpad-le-chalelet-enfilent-leurs-plus-belles-chaussettes-de-noel\/#primaryimage"},"image":{"@id":"https:\/\/vosgesinfo.fr\/remiremontinfo\/2023\/12\/remiremont-les-residents-de-lehpad-le-chalelet-enfilent-leurs-plus-belles-chaussettes-de-noel\/#primaryimage"},"thumbnailUrl":"https:\/\/vosgesinfo.fr\/app\/uploads\/sites\/5\/2023\/11\/3-rotated.jpg","datePublished":"2023-12-11T14:46:58+00:00","dateModified":"2023-12-11T14:46:58+00:00","breadcrumb":{"@id":"https:\/\/vosgesinfo.fr\/remiremontinfo\/2023\/12\/remiremont-les-residents-de-lehpad-le-chalelet-enfilent-leurs-plus-belles-chaussettes-de-noel\/#breadcrumb"},"inLanguage":"fr-FR","potentialAction":[{"@type":"ReadAction","target":["https:\/\/vosgesinfo.fr\/remiremontinfo\/2023\/12\/remiremont-les-residents-de-lehpad-le-chalelet-enfilent-leurs-plus-belles-chaussettes-de-noel\/"]}]},{"@type":"ImageObject","inLanguage":"fr-FR","@id":"https:\/\/vosgesinfo.fr\/remiremontinfo\/2023\/12\/remiremont-les-residents-de-lehpad-le-chalelet-enfilent-leurs-plus-belles-chaussettes-de-noel\/#primaryimage","url":"https:\/\/vosgesinfo.fr\/app\/uploads\/sites\/5\/2023\/11\/3-rotated.jpg","contentUrl":"https:\/\/vosgesinfo.fr\/app\/uploads\/sites\/5\/2023\/11\/3-rotated.jpg","width":720,"height":1280},{"@type":"BreadcrumbList","@id":"https:\/\/vosgesinfo.fr\/remiremontinfo\/2023\/12\/remiremont-les-residents-de-lehpad-le-chalelet-enfilent-leurs-plus-belles-chaussettes-de-noel\/#breadcrumb","itemListElement":[{"@type":"ListItem","position":1,"name":"Home","item":"https:\/\/vosgesinfo.fr\/remiremontinfo\/"},{"@type":"ListItem","position":2,"name":"Remiremont &#8211; Les r\u00e9sidents de l&rsquo;Ehpad \u00ab\u00a0Le Ch\u00e2lelet\u00a0\u00bb enfilent leurs plus belles chaussettes de No\u00ebl !"}]},{"@type":"WebSite","@id":"https:\/\/vosgesinfo.fr\/remiremontinfo\/#website","url":"https:\/\/vosgesinfo.fr\/remiremontinfo\/","name":"Remiremont Info","description":"Toute l&#039;actualit\u00e9 de Remiremont","publisher":{"@id":"https:\/\/vosgesinfo.fr\/remiremontinfo\/#organization"},"alternateName":"Toute l'actualit\u00e9 de Remiremont","potentialAction":[{"@type":"SearchAction","target":{"@type":"EntryPoint","urlTemplate":"https:\/\/vosgesinfo.fr\/remiremontinfo\/?s={search_term_string}"},"query-input":"required name=search_term_string"}],"inLanguage":"fr-FR"},{"@type":"Organization","@id":"https:\/\/vosgesinfo.fr\/remiremontinfo\/#organization","name":"Remiremont Info","url":"https:\/\/vosgesinfo.fr\/remiremontinfo\/","logo":{"@type":"ImageObject","inLanguage":"fr-FR","@id":"https:\/\/vosgesinfo.fr\/remiremontinfo\/#\/schema\/logo\/image\/","url":"https:\/\/vosgesinfo.fr\/app\/uploads\/sites\/5\/2023\/08\/favicon-remiremontinfo.png","contentUrl":"https:\/\/vosgesinfo.fr\/app\/uploads\/sites\/5\/2023\/08\/favicon-remiremontinfo.png","width":512,"height":512,"caption":"Remiremont Info"},"image":{"@id":"https:\/\/vosgesinfo.fr\/remiremontinfo\/#\/schema\/logo\/image\/"},"sameAs":["https:\/\/www.facebook.com\/remiremontinfo","https:\/\/x.com\/VosgesInfo88","https:\/\/www.youtube.com\/@vosgesinfo"]},{"@type":"Person","@id":"https:\/\/vosgesinfo.fr\/remiremontinfo\/#\/schema\/person\/9f7d5afbed21dfe30e21502db85507c8","name":"Julien Chassard","image":{"@type":"ImageObject","inLanguage":"fr-FR","@id":"https:\/\/vosgesinfo.fr\/remiremontinfo\/#\/schema\/person\/image\/","url":"https:\/\/secure.gravatar.com\/avatar\/b1edc920568095a5269cc92a13830411052ebb396f029db539972c12276b9ba9?s=96&d=mm&r=g","contentUrl":"https:\/\/secure.gravatar.com\/avatar\/b1edc920568095a5269cc92a13830411052ebb396f029db539972c12276b9ba9?s=96&d=mm&r=g","caption":"Julien Chassard"},"url":"https:\/\/vosgesinfo.fr\/remiremontinfo\/author\/j-chassard882\/"}]}},"_links":{"self":[{"href":"https:\/\/vosgesinfo.fr\/remiremontinfo\/wp-json\/wp\/v2\/posts\/3184","targetHints":{"allow":["GET"]}}],"collection":[{"href":"https:\/\/vosgesinfo.fr\/remiremontinfo\/wp-json\/wp\/v2\/posts"}],"about":[{"href":"https:\/\/vosgesinfo.fr\/remiremontinfo\/wp-json\/wp\/v2\/types\/post"}],"author":[{"embeddable":true,"href":"https:\/\/vosgesinfo.fr\/remiremontinfo\/wp-json\/wp\/v2\/users\/414"}],"replies":[{"embeddable":true,"href":"https:\/\/vosgesinfo.fr\/remiremontinfo\/wp-json\/wp\/v2\/comments?post=3184"}],"version-history":[{"count":0,"href":"https:\/\/vosgesinfo.fr\/remiremontinfo\/wp-json\/wp\/v2\/posts\/3184\/revisions"}],"wp:featuredmedia":[{"embeddable":true,"href":"https:\/\/vosgesinfo.fr\/remiremontinfo\/wp-json\/wp\/v2\/media\/2652"}],"wp:attachment":[{"href":"https:\/\/vosgesinfo.fr\/remiremontinfo\/wp-json\/wp\/v2\/media?parent=3184"}],"wp:term":[{"taxonomy":"category","embeddable":true,"href":"https:\/\/vosgesinfo.fr\/remiremontinfo\/wp-json\/wp\/v2\/categories?post=3184"},{"taxonomy":"post_tag","embeddable":true,"href":"https:\/\/vosgesinfo.fr\/remiremontinfo\/wp-json\/wp\/v2\/tags?post=3184"}],"curies":[{"name":"wp","href":"https:\/\/api.w.org\/{rel}","templated":true}]}}