{"id":31885,"date":"2020-09-25T07:53:17","date_gmt":"2020-09-25T05:53:17","guid":{"rendered":"https:\/\/vosgesinfo.fr\/remiremontinfo\/2020\/09\/maire-de-cleurie-patrick-lagarde-nouveau-president-devodia\/"},"modified":"2020-09-25T07:53:17","modified_gmt":"2020-09-25T05:53:17","slug":"maire-de-cleurie-patrick-lagarde-nouveau-president-devodia","status":"publish","type":"post","link":"https:\/\/vosgesinfo.fr\/remiremontinfo\/2020\/09\/maire-de-cleurie-patrick-lagarde-nouveau-president-devodia\/","title":{"rendered":"Le maire de Cleurie, Patrick Lagarde, nouveau pr\u00e9sident d\u2019Evodia"},"content":{"rendered":"<p><a href=\"\/2020\/09\/P1580739.jpg\"><img decoding=\"async\" class=\"alignnone size-full wp-image-296828 aligncenter\" src=\"\/2020\/09\/P1580739.jpg\" alt=\"P1580739\" width=\"800\" height=\"600\" \/><\/a><\/p>\n<h2><span style=\"font-size: 12pt;\">Ce jeudi soir, le maire de Cleurie, Patrick Lagarde a \u00e9t\u00e9 \u00e9lu \u00e0 la t\u00eate d\u2019Evodia, le syndicat de gestion des d\u00e9chets dans les Vosges. Il \u00e9tait le seul candidat \u00e0 la succession de Beno\u00eet Jourdain qui ne pouvait pas se pr\u00e9senter pour le poste.\u00a0<\/span><\/h2>\n<p><span style=\"font-size: 12pt;\"><a href=\"https:\/\/epinalinfos.fr\/wp-content\/uploads\/2020\/09\/P1580719.jpg\" data-featherlight=\"image\"><img decoding=\"async\" class=\"alignright size-medium wp-image-179838\" src=\"https:\/\/epinalinfos.fr\/wp-content\/uploads\/2020\/09\/P1580719-340x255.jpg\" alt=\"P1580719\" width=\"340\" height=\"255\" \/><\/a>Patrick Lagarde conna\u00eet bien les d\u00e9chets. Apr\u00e8s quatre mandats au sein du syndicat de traitement des d\u00e9chets vosgiens comme vice-pr\u00e9sident, il a souhait\u00e9 prendre la succession de Beno\u00eet Jourdain comme pr\u00e9sident d\u2019Evodia. Il \u00e9tait le seul candidat en lice parmi les\u00a0d\u00e9l\u00e9gu\u00e9s,\u00a0 issus des 9 structures adh\u00e9rentes au syndicat de gestion des d\u00e9chets. Dans son discours, Patrick Lagarde a\u00a0remerci\u00e9 Beno\u00eet Jourdain pour son engagement.<\/span><\/p>\n<p><span style=\"font-size: 12pt;\">N\u00e9 en 1992 de la volont\u00e9 de\u00a0G\u00e9rard Braun de simplifier et mutualiser la gestion des ordures m\u00e9nag\u00e8res sur le territoire, Evodia, f\u00e9d\u00e8re toutes les collectivit\u00e9s vosgiennes pour assurer le traitement de leurs d\u00e9chets sur la base d\u2019un co\u00fbt unique et d\u2019une organisation optimis\u00e9e.<\/span><\/p>\n<p><span style=\"font-size: 12pt;\"><em>\u00ab\u00a0L\u2019\u00e9quilibre territorial est primordial, n\u00e9cessaire entre nous et pour nous projeter vers l\u2019avenir, dans le respect des \u00e9quilibres territoriaux, nos missions, nos comp\u00e9tences, nos sp\u00e9cificit\u00e9s. La communication transversale devra \u00eatre am\u00e9lior\u00e9e, fluidifi\u00e9e entre nous, nos structures, entre \u00e9lus et techniciens, de haut en bas pour une efficacit\u00e9 augment\u00e9e et un portage politique de nos projets au sein de chaque collectivit\u00e9\u00a0\u00bb<\/em>\u00a0explique Patrick Lagarde, maire de Cleurie et nouveau pr\u00e9sident d\u2019Evodia.<\/span><\/p>\n<p>Lire la suite ici :\u00a0<a href=\"https:\/\/epinalinfos.fr\/2020\/09\/maire-de-cleurie-patrick-lagarde-nouveau-president-devodia\/\">https:\/\/epinalinfos.fr\/2020\/09\/maire-de-cleurie-patrick-lagarde-nouveau-president-devodia\/<\/a><\/p>\n","protected":false},"excerpt":{"rendered":"<p>Ce jeudi soir, le maire de Cleurie, Patrick Lagarde a \u00e9t\u00e9 \u00e9lu \u00e0 la t\u00eate d\u2019Evodia, le syndicat de gestion [&hellip;]<\/p>\n","protected":false},"author":407,"featured_media":31886,"comment_status":"open","ping_status":"open","sticky":false,"template":"","format":"standard","meta":{"footnotes":""},"categories":[26,7,18],"tags":[],"class_list":["post-31885","post","type-post","status-publish","format-standard","has-post-thumbnail","hentry","category-a-la-une","category-environnement","category-vosges"],"acf":[],"yoast_head":"<!-- This site is optimized with the Yoast SEO plugin v22.5 - https:\/\/yoast.com\/wordpress\/plugins\/seo\/ -->\n<title>Le maire de Cleurie, Patrick Lagarde, nouveau pr\u00e9sident d\u2019Evodia - Remiremont Info<\/title>\n<meta name=\"robots\" content=\"index, follow, max-snippet:-1, max-image-preview:large, max-video-preview:-1\" \/>\n<link rel=\"canonical\" href=\"https:\/\/vosgesinfo.fr\/remiremontinfo\/2020\/09\/maire-de-cleurie-patrick-lagarde-nouveau-president-devodia\/\" \/>\n<meta name=\"twitter:card\" content=\"summary_large_image\" \/>\n<meta name=\"twitter:title\" content=\"Le maire de Cleurie, Patrick Lagarde, nouveau pr\u00e9sident d\u2019Evodia - Remiremont Info\" \/>\n<meta name=\"twitter:description\" content=\"Ce jeudi soir, le maire de Cleurie, Patrick Lagarde a \u00e9t\u00e9 \u00e9lu \u00e0 la t\u00eate d\u2019Evodia, le syndicat de gestion [&hellip;]\" \/>\n<meta name=\"twitter:image\" content=\"https:\/\/vosgesinfo.fr\/app\/uploads\/sites\/5\/2024\/09\/202009p1580739.jpg\" \/>\n<meta name=\"twitter:creator\" content=\"@VosgesInfo88\" \/>\n<meta name=\"twitter:site\" content=\"@VosgesInfo88\" \/>\n<meta name=\"twitter:label1\" content=\"\u00c9crit par\" \/>\n\t<meta name=\"twitter:data1\" content=\"C D\" \/>\n\t<meta name=\"twitter:label2\" content=\"Dur\u00e9e de lecture estim\u00e9e\" \/>\n\t<meta name=\"twitter:data2\" content=\"1 minute\" \/>\n<script type=\"application\/ld+json\" class=\"yoast-schema-graph\">{\"@context\":\"https:\/\/schema.org\",\"@graph\":[{\"@type\":\"Article\",\"@id\":\"https:\/\/vosgesinfo.fr\/remiremontinfo\/2020\/09\/maire-de-cleurie-patrick-lagarde-nouveau-president-devodia\/#article\",\"isPartOf\":{\"@id\":\"https:\/\/vosgesinfo.fr\/remiremontinfo\/2020\/09\/maire-de-cleurie-patrick-lagarde-nouveau-president-devodia\/\"},\"author\":{\"name\":\"C D\",\"@id\":\"https:\/\/vosgesinfo.fr\/remiremontinfo\/#\/schema\/person\/3bfd164d5218a185b1db68655a265316\"},\"headline\":\"Le maire de Cleurie, Patrick Lagarde, nouveau pr\u00e9sident d\u2019Evodia\",\"datePublished\":\"2020-09-25T05:53:17+00:00\",\"dateModified\":\"2020-09-25T05:53:17+00:00\",\"mainEntityOfPage\":{\"@id\":\"https:\/\/vosgesinfo.fr\/remiremontinfo\/2020\/09\/maire-de-cleurie-patrick-lagarde-nouveau-president-devodia\/\"},\"wordCount\":281,\"commentCount\":0,\"publisher\":{\"@id\":\"https:\/\/vosgesinfo.fr\/remiremontinfo\/#organization\"},\"image\":{\"@id\":\"https:\/\/vosgesinfo.fr\/remiremontinfo\/2020\/09\/maire-de-cleurie-patrick-lagarde-nouveau-president-devodia\/#primaryimage\"},\"thumbnailUrl\":\"https:\/\/vosgesinfo.fr\/app\/uploads\/sites\/5\/2024\/09\/202009p1580739.jpg\",\"articleSection\":[\"A la Une\",\"Environnement\",\"Vosges\"],\"inLanguage\":\"fr-FR\",\"potentialAction\":[{\"@type\":\"CommentAction\",\"name\":\"Comment\",\"target\":[\"https:\/\/vosgesinfo.fr\/remiremontinfo\/2020\/09\/maire-de-cleurie-patrick-lagarde-nouveau-president-devodia\/#respond\"]}]},{\"@type\":\"WebPage\",\"@id\":\"https:\/\/vosgesinfo.fr\/remiremontinfo\/2020\/09\/maire-de-cleurie-patrick-lagarde-nouveau-president-devodia\/\",\"url\":\"https:\/\/vosgesinfo.fr\/remiremontinfo\/2020\/09\/maire-de-cleurie-patrick-lagarde-nouveau-president-devodia\/\",\"name\":\"Le maire de Cleurie, Patrick Lagarde, nouveau pr\u00e9sident d\u2019Evodia - Remiremont Info\",\"isPartOf\":{\"@id\":\"https:\/\/vosgesinfo.fr\/remiremontinfo\/#website\"},\"primaryImageOfPage\":{\"@id\":\"https:\/\/vosgesinfo.fr\/remiremontinfo\/2020\/09\/maire-de-cleurie-patrick-lagarde-nouveau-president-devodia\/#primaryimage\"},\"image\":{\"@id\":\"https:\/\/vosgesinfo.fr\/remiremontinfo\/2020\/09\/maire-de-cleurie-patrick-lagarde-nouveau-president-devodia\/#primaryimage\"},\"thumbnailUrl\":\"https:\/\/vosgesinfo.fr\/app\/uploads\/sites\/5\/2024\/09\/202009p1580739.jpg\",\"datePublished\":\"2020-09-25T05:53:17+00:00\",\"dateModified\":\"2020-09-25T05:53:17+00:00\",\"breadcrumb\":{\"@id\":\"https:\/\/vosgesinfo.fr\/remiremontinfo\/2020\/09\/maire-de-cleurie-patrick-lagarde-nouveau-president-devodia\/#breadcrumb\"},\"inLanguage\":\"fr-FR\",\"potentialAction\":[{\"@type\":\"ReadAction\",\"target\":[\"https:\/\/vosgesinfo.fr\/remiremontinfo\/2020\/09\/maire-de-cleurie-patrick-lagarde-nouveau-president-devodia\/\"]}]},{\"@type\":\"ImageObject\",\"inLanguage\":\"fr-FR\",\"@id\":\"https:\/\/vosgesinfo.fr\/remiremontinfo\/2020\/09\/maire-de-cleurie-patrick-lagarde-nouveau-president-devodia\/#primaryimage\",\"url\":\"https:\/\/vosgesinfo.fr\/app\/uploads\/sites\/5\/2024\/09\/202009p1580739.jpg\",\"contentUrl\":\"https:\/\/vosgesinfo.fr\/app\/uploads\/sites\/5\/2024\/09\/202009p1580739.jpg\",\"width\":800,\"height\":600},{\"@type\":\"BreadcrumbList\",\"@id\":\"https:\/\/vosgesinfo.fr\/remiremontinfo\/2020\/09\/maire-de-cleurie-patrick-lagarde-nouveau-president-devodia\/#breadcrumb\",\"itemListElement\":[{\"@type\":\"ListItem\",\"position\":1,\"name\":\"Home\",\"item\":\"https:\/\/vosgesinfo.fr\/remiremontinfo\/\"},{\"@type\":\"ListItem\",\"position\":2,\"name\":\"Le maire de Cleurie, Patrick Lagarde, nouveau pr\u00e9sident d\u2019Evodia\"}]},{\"@type\":\"WebSite\",\"@id\":\"https:\/\/vosgesinfo.fr\/remiremontinfo\/#website\",\"url\":\"https:\/\/vosgesinfo.fr\/remiremontinfo\/\",\"name\":\"Remiremont Info\",\"description\":\"Toute l&#039;actualit\u00e9 de Remiremont\",\"publisher\":{\"@id\":\"https:\/\/vosgesinfo.fr\/remiremontinfo\/#organization\"},\"alternateName\":\"Toute l'actualit\u00e9 de Remiremont\",\"potentialAction\":[{\"@type\":\"SearchAction\",\"target\":{\"@type\":\"EntryPoint\",\"urlTemplate\":\"https:\/\/vosgesinfo.fr\/remiremontinfo\/?s={search_term_string}\"},\"query-input\":\"required name=search_term_string\"}],\"inLanguage\":\"fr-FR\"},{\"@type\":\"Organization\",\"@id\":\"https:\/\/vosgesinfo.fr\/remiremontinfo\/#organization\",\"name\":\"Remiremont Info\",\"url\":\"https:\/\/vosgesinfo.fr\/remiremontinfo\/\",\"logo\":{\"@type\":\"ImageObject\",\"inLanguage\":\"fr-FR\",\"@id\":\"https:\/\/vosgesinfo.fr\/remiremontinfo\/#\/schema\/logo\/image\/\",\"url\":\"https:\/\/vosgesinfo.fr\/app\/uploads\/sites\/5\/2023\/08\/favicon-remiremontinfo.png\",\"contentUrl\":\"https:\/\/vosgesinfo.fr\/app\/uploads\/sites\/5\/2023\/08\/favicon-remiremontinfo.png\",\"width\":512,\"height\":512,\"caption\":\"Remiremont Info\"},\"image\":{\"@id\":\"https:\/\/vosgesinfo.fr\/remiremontinfo\/#\/schema\/logo\/image\/\"},\"sameAs\":[\"https:\/\/www.facebook.com\/remiremontinfo\",\"https:\/\/x.com\/VosgesInfo88\",\"https:\/\/www.youtube.com\/@vosgesinfo\"]},{\"@type\":\"Person\",\"@id\":\"https:\/\/vosgesinfo.fr\/remiremontinfo\/#\/schema\/person\/3bfd164d5218a185b1db68655a265316\",\"name\":\"C D\",\"image\":{\"@type\":\"ImageObject\",\"inLanguage\":\"fr-FR\",\"@id\":\"https:\/\/vosgesinfo.fr\/remiremontinfo\/#\/schema\/person\/image\/\",\"url\":\"https:\/\/secure.gravatar.com\/avatar\/1f9a70007336511a47468b8f1c66f922b8b7cf617b02a31149ada43893a5d48f?s=96&d=mm&r=g\",\"contentUrl\":\"https:\/\/secure.gravatar.com\/avatar\/1f9a70007336511a47468b8f1c66f922b8b7cf617b02a31149ada43893a5d48f?s=96&d=mm&r=g\",\"caption\":\"C D\"},\"url\":\"https:\/\/vosgesinfo.fr\/remiremontinfo\/author\/cedric-drevet\/\"}]}<\/script>\n<!-- \/ Yoast SEO plugin. -->","yoast_head_json":{"title":"Le maire de Cleurie, Patrick Lagarde, nouveau pr\u00e9sident d\u2019Evodia - Remiremont Info","robots":{"index":"index","follow":"follow","max-snippet":"max-snippet:-1","max-image-preview":"max-image-preview:large","max-video-preview":"max-video-preview:-1"},"canonical":"https:\/\/vosgesinfo.fr\/remiremontinfo\/2020\/09\/maire-de-cleurie-patrick-lagarde-nouveau-president-devodia\/","twitter_card":"summary_large_image","twitter_title":"Le maire de Cleurie, Patrick Lagarde, nouveau pr\u00e9sident d\u2019Evodia - Remiremont Info","twitter_description":"Ce jeudi soir, le maire de Cleurie, Patrick Lagarde a \u00e9t\u00e9 \u00e9lu \u00e0 la t\u00eate d\u2019Evodia, le syndicat de gestion [&hellip;]","twitter_image":"https:\/\/vosgesinfo.fr\/app\/uploads\/sites\/5\/2024\/09\/202009p1580739.jpg","twitter_creator":"@VosgesInfo88","twitter_site":"@VosgesInfo88","twitter_misc":{"\u00c9crit par":"C D","Dur\u00e9e de lecture estim\u00e9e":"1 minute"},"schema":{"@context":"https:\/\/schema.org","@graph":[{"@type":"Article","@id":"https:\/\/vosgesinfo.fr\/remiremontinfo\/2020\/09\/maire-de-cleurie-patrick-lagarde-nouveau-president-devodia\/#article","isPartOf":{"@id":"https:\/\/vosgesinfo.fr\/remiremontinfo\/2020\/09\/maire-de-cleurie-patrick-lagarde-nouveau-president-devodia\/"},"author":{"name":"C D","@id":"https:\/\/vosgesinfo.fr\/remiremontinfo\/#\/schema\/person\/3bfd164d5218a185b1db68655a265316"},"headline":"Le maire de Cleurie, Patrick Lagarde, nouveau pr\u00e9sident d\u2019Evodia","datePublished":"2020-09-25T05:53:17+00:00","dateModified":"2020-09-25T05:53:17+00:00","mainEntityOfPage":{"@id":"https:\/\/vosgesinfo.fr\/remiremontinfo\/2020\/09\/maire-de-cleurie-patrick-lagarde-nouveau-president-devodia\/"},"wordCount":281,"commentCount":0,"publisher":{"@id":"https:\/\/vosgesinfo.fr\/remiremontinfo\/#organization"},"image":{"@id":"https:\/\/vosgesinfo.fr\/remiremontinfo\/2020\/09\/maire-de-cleurie-patrick-lagarde-nouveau-president-devodia\/#primaryimage"},"thumbnailUrl":"https:\/\/vosgesinfo.fr\/app\/uploads\/sites\/5\/2024\/09\/202009p1580739.jpg","articleSection":["A la Une","Environnement","Vosges"],"inLanguage":"fr-FR","potentialAction":[{"@type":"CommentAction","name":"Comment","target":["https:\/\/vosgesinfo.fr\/remiremontinfo\/2020\/09\/maire-de-cleurie-patrick-lagarde-nouveau-president-devodia\/#respond"]}]},{"@type":"WebPage","@id":"https:\/\/vosgesinfo.fr\/remiremontinfo\/2020\/09\/maire-de-cleurie-patrick-lagarde-nouveau-president-devodia\/","url":"https:\/\/vosgesinfo.fr\/remiremontinfo\/2020\/09\/maire-de-cleurie-patrick-lagarde-nouveau-president-devodia\/","name":"Le maire de Cleurie, Patrick Lagarde, nouveau pr\u00e9sident d\u2019Evodia - Remiremont Info","isPartOf":{"@id":"https:\/\/vosgesinfo.fr\/remiremontinfo\/#website"},"primaryImageOfPage":{"@id":"https:\/\/vosgesinfo.fr\/remiremontinfo\/2020\/09\/maire-de-cleurie-patrick-lagarde-nouveau-president-devodia\/#primaryimage"},"image":{"@id":"https:\/\/vosgesinfo.fr\/remiremontinfo\/2020\/09\/maire-de-cleurie-patrick-lagarde-nouveau-president-devodia\/#primaryimage"},"thumbnailUrl":"https:\/\/vosgesinfo.fr\/app\/uploads\/sites\/5\/2024\/09\/202009p1580739.jpg","datePublished":"2020-09-25T05:53:17+00:00","dateModified":"2020-09-25T05:53:17+00:00","breadcrumb":{"@id":"https:\/\/vosgesinfo.fr\/remiremontinfo\/2020\/09\/maire-de-cleurie-patrick-lagarde-nouveau-president-devodia\/#breadcrumb"},"inLanguage":"fr-FR","potentialAction":[{"@type":"ReadAction","target":["https:\/\/vosgesinfo.fr\/remiremontinfo\/2020\/09\/maire-de-cleurie-patrick-lagarde-nouveau-president-devodia\/"]}]},{"@type":"ImageObject","inLanguage":"fr-FR","@id":"https:\/\/vosgesinfo.fr\/remiremontinfo\/2020\/09\/maire-de-cleurie-patrick-lagarde-nouveau-president-devodia\/#primaryimage","url":"https:\/\/vosgesinfo.fr\/app\/uploads\/sites\/5\/2024\/09\/202009p1580739.jpg","contentUrl":"https:\/\/vosgesinfo.fr\/app\/uploads\/sites\/5\/2024\/09\/202009p1580739.jpg","width":800,"height":600},{"@type":"BreadcrumbList","@id":"https:\/\/vosgesinfo.fr\/remiremontinfo\/2020\/09\/maire-de-cleurie-patrick-lagarde-nouveau-president-devodia\/#breadcrumb","itemListElement":[{"@type":"ListItem","position":1,"name":"Home","item":"https:\/\/vosgesinfo.fr\/remiremontinfo\/"},{"@type":"ListItem","position":2,"name":"Le maire de Cleurie, Patrick Lagarde, nouveau pr\u00e9sident d\u2019Evodia"}]},{"@type":"WebSite","@id":"https:\/\/vosgesinfo.fr\/remiremontinfo\/#website","url":"https:\/\/vosgesinfo.fr\/remiremontinfo\/","name":"Remiremont Info","description":"Toute l&#039;actualit\u00e9 de Remiremont","publisher":{"@id":"https:\/\/vosgesinfo.fr\/remiremontinfo\/#organization"},"alternateName":"Toute l'actualit\u00e9 de Remiremont","potentialAction":[{"@type":"SearchAction","target":{"@type":"EntryPoint","urlTemplate":"https:\/\/vosgesinfo.fr\/remiremontinfo\/?s={search_term_string}"},"query-input":"required name=search_term_string"}],"inLanguage":"fr-FR"},{"@type":"Organization","@id":"https:\/\/vosgesinfo.fr\/remiremontinfo\/#organization","name":"Remiremont Info","url":"https:\/\/vosgesinfo.fr\/remiremontinfo\/","logo":{"@type":"ImageObject","inLanguage":"fr-FR","@id":"https:\/\/vosgesinfo.fr\/remiremontinfo\/#\/schema\/logo\/image\/","url":"https:\/\/vosgesinfo.fr\/app\/uploads\/sites\/5\/2023\/08\/favicon-remiremontinfo.png","contentUrl":"https:\/\/vosgesinfo.fr\/app\/uploads\/sites\/5\/2023\/08\/favicon-remiremontinfo.png","width":512,"height":512,"caption":"Remiremont Info"},"image":{"@id":"https:\/\/vosgesinfo.fr\/remiremontinfo\/#\/schema\/logo\/image\/"},"sameAs":["https:\/\/www.facebook.com\/remiremontinfo","https:\/\/x.com\/VosgesInfo88","https:\/\/www.youtube.com\/@vosgesinfo"]},{"@type":"Person","@id":"https:\/\/vosgesinfo.fr\/remiremontinfo\/#\/schema\/person\/3bfd164d5218a185b1db68655a265316","name":"C D","image":{"@type":"ImageObject","inLanguage":"fr-FR","@id":"https:\/\/vosgesinfo.fr\/remiremontinfo\/#\/schema\/person\/image\/","url":"https:\/\/secure.gravatar.com\/avatar\/1f9a70007336511a47468b8f1c66f922b8b7cf617b02a31149ada43893a5d48f?s=96&d=mm&r=g","contentUrl":"https:\/\/secure.gravatar.com\/avatar\/1f9a70007336511a47468b8f1c66f922b8b7cf617b02a31149ada43893a5d48f?s=96&d=mm&r=g","caption":"C D"},"url":"https:\/\/vosgesinfo.fr\/remiremontinfo\/author\/cedric-drevet\/"}]}},"_links":{"self":[{"href":"https:\/\/vosgesinfo.fr\/remiremontinfo\/wp-json\/wp\/v2\/posts\/31885","targetHints":{"allow":["GET"]}}],"collection":[{"href":"https:\/\/vosgesinfo.fr\/remiremontinfo\/wp-json\/wp\/v2\/posts"}],"about":[{"href":"https:\/\/vosgesinfo.fr\/remiremontinfo\/wp-json\/wp\/v2\/types\/post"}],"author":[{"embeddable":true,"href":"https:\/\/vosgesinfo.fr\/remiremontinfo\/wp-json\/wp\/v2\/users\/407"}],"replies":[{"embeddable":true,"href":"https:\/\/vosgesinfo.fr\/remiremontinfo\/wp-json\/wp\/v2\/comments?post=31885"}],"version-history":[{"count":0,"href":"https:\/\/vosgesinfo.fr\/remiremontinfo\/wp-json\/wp\/v2\/posts\/31885\/revisions"}],"wp:featuredmedia":[{"embeddable":true,"href":"https:\/\/vosgesinfo.fr\/remiremontinfo\/wp-json\/wp\/v2\/media\/31886"}],"wp:attachment":[{"href":"https:\/\/vosgesinfo.fr\/remiremontinfo\/wp-json\/wp\/v2\/media?parent=31885"}],"wp:term":[{"taxonomy":"category","embeddable":true,"href":"https:\/\/vosgesinfo.fr\/remiremontinfo\/wp-json\/wp\/v2\/categories?post=31885"},{"taxonomy":"post_tag","embeddable":true,"href":"https:\/\/vosgesinfo.fr\/remiremontinfo\/wp-json\/wp\/v2\/tags?post=31885"}],"curies":[{"name":"wp","href":"https:\/\/api.w.org\/{rel}","templated":true}]}}