{"id":31909,"date":"2020-09-25T06:15:20","date_gmt":"2020-09-25T04:15:20","guid":{"rendered":"https:\/\/vosgesinfo.fr\/remiremontinfo\/2020\/09\/remiremont-champion-deurope-pascal-martinot-lagarde-rencontre-ecoliers\/"},"modified":"2020-09-25T06:15:20","modified_gmt":"2020-09-25T04:15:20","slug":"remiremont-champion-deurope-pascal-martinot-lagarde-rencontre-ecoliers","status":"publish","type":"post","link":"https:\/\/vosgesinfo.fr\/remiremontinfo\/2020\/09\/remiremont-champion-deurope-pascal-martinot-lagarde-rencontre-ecoliers\/","title":{"rendered":"Remiremont\u00a0: le champion d\u2019Europe Pascal Martinot-Lagarde rencontre les \u00e9coliers"},"content":{"rendered":"<h2><span style=\"font-size: 12pt;\"><strong><span style=\"font-family: 'Times New Roman', serif;\">Ce vendredi soir, \u00e0 partir de 18h, aura lieu l\u2019inauguration du stade de B\u00e9champ enti\u00e8rement r\u00e9nov\u00e9, en pr\u00e9sence de Pascal Martinot-Lagarde, champion d\u2019Europe et recordman de France du 110 m haies.<\/span><\/strong><\/span><\/h2>\n<p><span style=\"font-family: 'Times New Roman', serif;\">En attendant, l\u2019athl\u00e8te est all\u00e9 \u00e0 la rencontre d\u2019\u00e9coliers romarimontains. <\/span><span style=\"font-family: 'Times New Roman', serif;\">8 classes de primaire ont la chance d\u2019<\/span><span style=\"font-family: 'Times New Roman', serif;\">\u00e9changer avec lui. Au programme\u00a0: i<\/span><span style=\"font-family: 'Times New Roman', serif;\">nitiation aux haies, puis s\u00e9ance de questions-r\u00e9ponses et remise de m\u00e9dailles aux plus rapides. En fin d&rsquo;apr\u00e8s-midi, les sections sportives du lyc\u00e9e Malraux et les athl\u00e8tes du club auront aussi droit <\/span><span style=\"font-family: 'Times New Roman', serif;\">aux conseils du sportif<\/span><span style=\"font-family: 'Times New Roman', serif;\">. Et \u00e0 partir de 18h30, <\/span><span style=\"font-family: 'Times New Roman', serif;\">si vous le souhaitez, vous<\/span><span style=\"font-family: 'Times New Roman', serif;\"> pouvez venir vous tester sur 50, 80 ou 100 m<\/span><span style=\"font-family: 'Times New Roman', serif;\">\u00e8tres. Le c<\/span><span style=\"font-family: 'Times New Roman', serif;\">hronom\u00e9trage sera effectu\u00e9 par cellule \u00e9lectroniqu<\/span><span style=\"font-family: 'Times New Roman', serif;\">e. <\/span><\/p>\n<p><em><span style=\"font-family: 'Times New Roman', serif; font-size: 10pt;\">Photos de la page Facebook \u00ab\u00a0Ville de Remiremont\u00a0\u00bb<\/span><\/em><\/p>\n\n","protected":false},"excerpt":{"rendered":"<p>Ce vendredi soir, \u00e0 partir de 18h, aura lieu l\u2019inauguration du stade de B\u00e9champ enti\u00e8rement r\u00e9nov\u00e9, en pr\u00e9sence de Pascal [&hellip;]<\/p>\n","protected":false},"author":407,"featured_media":31910,"comment_status":"open","ping_status":"open","sticky":false,"template":"","format":"standard","meta":{"footnotes":""},"categories":[26,1556,35,14],"tags":[],"class_list":["post-31909","post","type-post","status-publish","format-standard","has-post-thumbnail","hentry","category-a-la-une","category-remiremont-remiremont-son-canton-2","category-remiremont-son-canton","category-sport"],"acf":[],"yoast_head":"<!-- This site is optimized with the Yoast SEO plugin v22.5 - https:\/\/yoast.com\/wordpress\/plugins\/seo\/ -->\n<title>Remiremont\u00a0: le champion d\u2019Europe Pascal Martinot-Lagarde rencontre les \u00e9coliers - Remiremont Info<\/title>\n<meta name=\"robots\" content=\"index, follow, max-snippet:-1, max-image-preview:large, max-video-preview:-1\" \/>\n<link rel=\"canonical\" href=\"https:\/\/vosgesinfo.fr\/remiremontinfo\/2020\/09\/remiremont-champion-deurope-pascal-martinot-lagarde-rencontre-ecoliers\/\" \/>\n<meta name=\"twitter:card\" content=\"summary_large_image\" \/>\n<meta name=\"twitter:title\" content=\"Remiremont\u00a0: le champion d\u2019Europe Pascal Martinot-Lagarde rencontre les \u00e9coliers - Remiremont Info\" \/>\n<meta name=\"twitter:description\" content=\"Ce vendredi soir, \u00e0 partir de 18h, aura lieu l\u2019inauguration du stade de B\u00e9champ enti\u00e8rement r\u00e9nov\u00e9, en pr\u00e9sence de Pascal [&hellip;]\" \/>\n<meta name=\"twitter:image\" content=\"https:\/\/vosgesinfo.fr\/app\/uploads\/sites\/5\/2024\/09\/202009120191066-2756165614660255-8355892412163214364-o.jpg\" \/>\n<meta name=\"twitter:creator\" content=\"@VosgesInfo88\" \/>\n<meta name=\"twitter:site\" content=\"@VosgesInfo88\" \/>\n<meta name=\"twitter:label1\" content=\"\u00c9crit par\" \/>\n\t<meta name=\"twitter:data1\" content=\"C D\" \/>\n\t<meta name=\"twitter:label2\" content=\"Dur\u00e9e de lecture estim\u00e9e\" \/>\n\t<meta name=\"twitter:data2\" content=\"1 minute\" \/>\n<script type=\"application\/ld+json\" class=\"yoast-schema-graph\">{\"@context\":\"https:\/\/schema.org\",\"@graph\":[{\"@type\":\"Article\",\"@id\":\"https:\/\/vosgesinfo.fr\/remiremontinfo\/2020\/09\/remiremont-champion-deurope-pascal-martinot-lagarde-rencontre-ecoliers\/#article\",\"isPartOf\":{\"@id\":\"https:\/\/vosgesinfo.fr\/remiremontinfo\/2020\/09\/remiremont-champion-deurope-pascal-martinot-lagarde-rencontre-ecoliers\/\"},\"author\":{\"name\":\"C D\",\"@id\":\"https:\/\/vosgesinfo.fr\/remiremontinfo\/#\/schema\/person\/3bfd164d5218a185b1db68655a265316\"},\"headline\":\"Remiremont\u00a0: le champion d\u2019Europe Pascal Martinot-Lagarde rencontre les \u00e9coliers\",\"datePublished\":\"2020-09-25T04:15:20+00:00\",\"dateModified\":\"2020-09-25T04:15:20+00:00\",\"mainEntityOfPage\":{\"@id\":\"https:\/\/vosgesinfo.fr\/remiremontinfo\/2020\/09\/remiremont-champion-deurope-pascal-martinot-lagarde-rencontre-ecoliers\/\"},\"wordCount\":155,\"commentCount\":0,\"publisher\":{\"@id\":\"https:\/\/vosgesinfo.fr\/remiremontinfo\/#organization\"},\"image\":{\"@id\":\"https:\/\/vosgesinfo.fr\/remiremontinfo\/2020\/09\/remiremont-champion-deurope-pascal-martinot-lagarde-rencontre-ecoliers\/#primaryimage\"},\"thumbnailUrl\":\"https:\/\/vosgesinfo.fr\/app\/uploads\/sites\/5\/2024\/09\/202009120191066-2756165614660255-8355892412163214364-o.jpg\",\"articleSection\":[\"A la Une\",\"Remiremont\",\"Remiremont &amp; son canton\",\"Sport\"],\"inLanguage\":\"fr-FR\",\"potentialAction\":[{\"@type\":\"CommentAction\",\"name\":\"Comment\",\"target\":[\"https:\/\/vosgesinfo.fr\/remiremontinfo\/2020\/09\/remiremont-champion-deurope-pascal-martinot-lagarde-rencontre-ecoliers\/#respond\"]}]},{\"@type\":\"WebPage\",\"@id\":\"https:\/\/vosgesinfo.fr\/remiremontinfo\/2020\/09\/remiremont-champion-deurope-pascal-martinot-lagarde-rencontre-ecoliers\/\",\"url\":\"https:\/\/vosgesinfo.fr\/remiremontinfo\/2020\/09\/remiremont-champion-deurope-pascal-martinot-lagarde-rencontre-ecoliers\/\",\"name\":\"Remiremont\u00a0: le champion d\u2019Europe Pascal Martinot-Lagarde rencontre les \u00e9coliers - Remiremont Info\",\"isPartOf\":{\"@id\":\"https:\/\/vosgesinfo.fr\/remiremontinfo\/#website\"},\"primaryImageOfPage\":{\"@id\":\"https:\/\/vosgesinfo.fr\/remiremontinfo\/2020\/09\/remiremont-champion-deurope-pascal-martinot-lagarde-rencontre-ecoliers\/#primaryimage\"},\"image\":{\"@id\":\"https:\/\/vosgesinfo.fr\/remiremontinfo\/2020\/09\/remiremont-champion-deurope-pascal-martinot-lagarde-rencontre-ecoliers\/#primaryimage\"},\"thumbnailUrl\":\"https:\/\/vosgesinfo.fr\/app\/uploads\/sites\/5\/2024\/09\/202009120191066-2756165614660255-8355892412163214364-o.jpg\",\"datePublished\":\"2020-09-25T04:15:20+00:00\",\"dateModified\":\"2020-09-25T04:15:20+00:00\",\"breadcrumb\":{\"@id\":\"https:\/\/vosgesinfo.fr\/remiremontinfo\/2020\/09\/remiremont-champion-deurope-pascal-martinot-lagarde-rencontre-ecoliers\/#breadcrumb\"},\"inLanguage\":\"fr-FR\",\"potentialAction\":[{\"@type\":\"ReadAction\",\"target\":[\"https:\/\/vosgesinfo.fr\/remiremontinfo\/2020\/09\/remiremont-champion-deurope-pascal-martinot-lagarde-rencontre-ecoliers\/\"]}]},{\"@type\":\"ImageObject\",\"inLanguage\":\"fr-FR\",\"@id\":\"https:\/\/vosgesinfo.fr\/remiremontinfo\/2020\/09\/remiremont-champion-deurope-pascal-martinot-lagarde-rencontre-ecoliers\/#primaryimage\",\"url\":\"https:\/\/vosgesinfo.fr\/app\/uploads\/sites\/5\/2024\/09\/202009120191066-2756165614660255-8355892412163214364-o.jpg\",\"contentUrl\":\"https:\/\/vosgesinfo.fr\/app\/uploads\/sites\/5\/2024\/09\/202009120191066-2756165614660255-8355892412163214364-o.jpg\",\"width\":800,\"height\":619},{\"@type\":\"BreadcrumbList\",\"@id\":\"https:\/\/vosgesinfo.fr\/remiremontinfo\/2020\/09\/remiremont-champion-deurope-pascal-martinot-lagarde-rencontre-ecoliers\/#breadcrumb\",\"itemListElement\":[{\"@type\":\"ListItem\",\"position\":1,\"name\":\"Home\",\"item\":\"https:\/\/vosgesinfo.fr\/remiremontinfo\/\"},{\"@type\":\"ListItem\",\"position\":2,\"name\":\"Remiremont\u00a0: le champion d\u2019Europe Pascal Martinot-Lagarde rencontre les \u00e9coliers\"}]},{\"@type\":\"WebSite\",\"@id\":\"https:\/\/vosgesinfo.fr\/remiremontinfo\/#website\",\"url\":\"https:\/\/vosgesinfo.fr\/remiremontinfo\/\",\"name\":\"Remiremont Info\",\"description\":\"Toute l&#039;actualit\u00e9 de Remiremont\",\"publisher\":{\"@id\":\"https:\/\/vosgesinfo.fr\/remiremontinfo\/#organization\"},\"alternateName\":\"Toute l'actualit\u00e9 de Remiremont\",\"potentialAction\":[{\"@type\":\"SearchAction\",\"target\":{\"@type\":\"EntryPoint\",\"urlTemplate\":\"https:\/\/vosgesinfo.fr\/remiremontinfo\/?s={search_term_string}\"},\"query-input\":\"required name=search_term_string\"}],\"inLanguage\":\"fr-FR\"},{\"@type\":\"Organization\",\"@id\":\"https:\/\/vosgesinfo.fr\/remiremontinfo\/#organization\",\"name\":\"Remiremont Info\",\"url\":\"https:\/\/vosgesinfo.fr\/remiremontinfo\/\",\"logo\":{\"@type\":\"ImageObject\",\"inLanguage\":\"fr-FR\",\"@id\":\"https:\/\/vosgesinfo.fr\/remiremontinfo\/#\/schema\/logo\/image\/\",\"url\":\"https:\/\/vosgesinfo.fr\/app\/uploads\/sites\/5\/2023\/08\/favicon-remiremontinfo.png\",\"contentUrl\":\"https:\/\/vosgesinfo.fr\/app\/uploads\/sites\/5\/2023\/08\/favicon-remiremontinfo.png\",\"width\":512,\"height\":512,\"caption\":\"Remiremont Info\"},\"image\":{\"@id\":\"https:\/\/vosgesinfo.fr\/remiremontinfo\/#\/schema\/logo\/image\/\"},\"sameAs\":[\"https:\/\/www.facebook.com\/remiremontinfo\",\"https:\/\/x.com\/VosgesInfo88\",\"https:\/\/www.youtube.com\/@vosgesinfo\"]},{\"@type\":\"Person\",\"@id\":\"https:\/\/vosgesinfo.fr\/remiremontinfo\/#\/schema\/person\/3bfd164d5218a185b1db68655a265316\",\"name\":\"C D\",\"image\":{\"@type\":\"ImageObject\",\"inLanguage\":\"fr-FR\",\"@id\":\"https:\/\/vosgesinfo.fr\/remiremontinfo\/#\/schema\/person\/image\/\",\"url\":\"https:\/\/secure.gravatar.com\/avatar\/1f9a70007336511a47468b8f1c66f922b8b7cf617b02a31149ada43893a5d48f?s=96&d=mm&r=g\",\"contentUrl\":\"https:\/\/secure.gravatar.com\/avatar\/1f9a70007336511a47468b8f1c66f922b8b7cf617b02a31149ada43893a5d48f?s=96&d=mm&r=g\",\"caption\":\"C D\"},\"url\":\"https:\/\/vosgesinfo.fr\/remiremontinfo\/author\/cedric-drevet\/\"}]}<\/script>\n<!-- \/ Yoast SEO plugin. -->","yoast_head_json":{"title":"Remiremont\u00a0: le champion d\u2019Europe Pascal Martinot-Lagarde rencontre les \u00e9coliers - Remiremont Info","robots":{"index":"index","follow":"follow","max-snippet":"max-snippet:-1","max-image-preview":"max-image-preview:large","max-video-preview":"max-video-preview:-1"},"canonical":"https:\/\/vosgesinfo.fr\/remiremontinfo\/2020\/09\/remiremont-champion-deurope-pascal-martinot-lagarde-rencontre-ecoliers\/","twitter_card":"summary_large_image","twitter_title":"Remiremont\u00a0: le champion d\u2019Europe Pascal Martinot-Lagarde rencontre les \u00e9coliers - Remiremont Info","twitter_description":"Ce vendredi soir, \u00e0 partir de 18h, aura lieu l\u2019inauguration du stade de B\u00e9champ enti\u00e8rement r\u00e9nov\u00e9, en pr\u00e9sence de Pascal [&hellip;]","twitter_image":"https:\/\/vosgesinfo.fr\/app\/uploads\/sites\/5\/2024\/09\/202009120191066-2756165614660255-8355892412163214364-o.jpg","twitter_creator":"@VosgesInfo88","twitter_site":"@VosgesInfo88","twitter_misc":{"\u00c9crit par":"C D","Dur\u00e9e de lecture estim\u00e9e":"1 minute"},"schema":{"@context":"https:\/\/schema.org","@graph":[{"@type":"Article","@id":"https:\/\/vosgesinfo.fr\/remiremontinfo\/2020\/09\/remiremont-champion-deurope-pascal-martinot-lagarde-rencontre-ecoliers\/#article","isPartOf":{"@id":"https:\/\/vosgesinfo.fr\/remiremontinfo\/2020\/09\/remiremont-champion-deurope-pascal-martinot-lagarde-rencontre-ecoliers\/"},"author":{"name":"C D","@id":"https:\/\/vosgesinfo.fr\/remiremontinfo\/#\/schema\/person\/3bfd164d5218a185b1db68655a265316"},"headline":"Remiremont\u00a0: le champion d\u2019Europe Pascal Martinot-Lagarde rencontre les \u00e9coliers","datePublished":"2020-09-25T04:15:20+00:00","dateModified":"2020-09-25T04:15:20+00:00","mainEntityOfPage":{"@id":"https:\/\/vosgesinfo.fr\/remiremontinfo\/2020\/09\/remiremont-champion-deurope-pascal-martinot-lagarde-rencontre-ecoliers\/"},"wordCount":155,"commentCount":0,"publisher":{"@id":"https:\/\/vosgesinfo.fr\/remiremontinfo\/#organization"},"image":{"@id":"https:\/\/vosgesinfo.fr\/remiremontinfo\/2020\/09\/remiremont-champion-deurope-pascal-martinot-lagarde-rencontre-ecoliers\/#primaryimage"},"thumbnailUrl":"https:\/\/vosgesinfo.fr\/app\/uploads\/sites\/5\/2024\/09\/202009120191066-2756165614660255-8355892412163214364-o.jpg","articleSection":["A la Une","Remiremont","Remiremont &amp; son canton","Sport"],"inLanguage":"fr-FR","potentialAction":[{"@type":"CommentAction","name":"Comment","target":["https:\/\/vosgesinfo.fr\/remiremontinfo\/2020\/09\/remiremont-champion-deurope-pascal-martinot-lagarde-rencontre-ecoliers\/#respond"]}]},{"@type":"WebPage","@id":"https:\/\/vosgesinfo.fr\/remiremontinfo\/2020\/09\/remiremont-champion-deurope-pascal-martinot-lagarde-rencontre-ecoliers\/","url":"https:\/\/vosgesinfo.fr\/remiremontinfo\/2020\/09\/remiremont-champion-deurope-pascal-martinot-lagarde-rencontre-ecoliers\/","name":"Remiremont\u00a0: le champion d\u2019Europe Pascal Martinot-Lagarde rencontre les \u00e9coliers - Remiremont Info","isPartOf":{"@id":"https:\/\/vosgesinfo.fr\/remiremontinfo\/#website"},"primaryImageOfPage":{"@id":"https:\/\/vosgesinfo.fr\/remiremontinfo\/2020\/09\/remiremont-champion-deurope-pascal-martinot-lagarde-rencontre-ecoliers\/#primaryimage"},"image":{"@id":"https:\/\/vosgesinfo.fr\/remiremontinfo\/2020\/09\/remiremont-champion-deurope-pascal-martinot-lagarde-rencontre-ecoliers\/#primaryimage"},"thumbnailUrl":"https:\/\/vosgesinfo.fr\/app\/uploads\/sites\/5\/2024\/09\/202009120191066-2756165614660255-8355892412163214364-o.jpg","datePublished":"2020-09-25T04:15:20+00:00","dateModified":"2020-09-25T04:15:20+00:00","breadcrumb":{"@id":"https:\/\/vosgesinfo.fr\/remiremontinfo\/2020\/09\/remiremont-champion-deurope-pascal-martinot-lagarde-rencontre-ecoliers\/#breadcrumb"},"inLanguage":"fr-FR","potentialAction":[{"@type":"ReadAction","target":["https:\/\/vosgesinfo.fr\/remiremontinfo\/2020\/09\/remiremont-champion-deurope-pascal-martinot-lagarde-rencontre-ecoliers\/"]}]},{"@type":"ImageObject","inLanguage":"fr-FR","@id":"https:\/\/vosgesinfo.fr\/remiremontinfo\/2020\/09\/remiremont-champion-deurope-pascal-martinot-lagarde-rencontre-ecoliers\/#primaryimage","url":"https:\/\/vosgesinfo.fr\/app\/uploads\/sites\/5\/2024\/09\/202009120191066-2756165614660255-8355892412163214364-o.jpg","contentUrl":"https:\/\/vosgesinfo.fr\/app\/uploads\/sites\/5\/2024\/09\/202009120191066-2756165614660255-8355892412163214364-o.jpg","width":800,"height":619},{"@type":"BreadcrumbList","@id":"https:\/\/vosgesinfo.fr\/remiremontinfo\/2020\/09\/remiremont-champion-deurope-pascal-martinot-lagarde-rencontre-ecoliers\/#breadcrumb","itemListElement":[{"@type":"ListItem","position":1,"name":"Home","item":"https:\/\/vosgesinfo.fr\/remiremontinfo\/"},{"@type":"ListItem","position":2,"name":"Remiremont\u00a0: le champion d\u2019Europe Pascal Martinot-Lagarde rencontre les \u00e9coliers"}]},{"@type":"WebSite","@id":"https:\/\/vosgesinfo.fr\/remiremontinfo\/#website","url":"https:\/\/vosgesinfo.fr\/remiremontinfo\/","name":"Remiremont Info","description":"Toute l&#039;actualit\u00e9 de Remiremont","publisher":{"@id":"https:\/\/vosgesinfo.fr\/remiremontinfo\/#organization"},"alternateName":"Toute l'actualit\u00e9 de Remiremont","potentialAction":[{"@type":"SearchAction","target":{"@type":"EntryPoint","urlTemplate":"https:\/\/vosgesinfo.fr\/remiremontinfo\/?s={search_term_string}"},"query-input":"required name=search_term_string"}],"inLanguage":"fr-FR"},{"@type":"Organization","@id":"https:\/\/vosgesinfo.fr\/remiremontinfo\/#organization","name":"Remiremont Info","url":"https:\/\/vosgesinfo.fr\/remiremontinfo\/","logo":{"@type":"ImageObject","inLanguage":"fr-FR","@id":"https:\/\/vosgesinfo.fr\/remiremontinfo\/#\/schema\/logo\/image\/","url":"https:\/\/vosgesinfo.fr\/app\/uploads\/sites\/5\/2023\/08\/favicon-remiremontinfo.png","contentUrl":"https:\/\/vosgesinfo.fr\/app\/uploads\/sites\/5\/2023\/08\/favicon-remiremontinfo.png","width":512,"height":512,"caption":"Remiremont Info"},"image":{"@id":"https:\/\/vosgesinfo.fr\/remiremontinfo\/#\/schema\/logo\/image\/"},"sameAs":["https:\/\/www.facebook.com\/remiremontinfo","https:\/\/x.com\/VosgesInfo88","https:\/\/www.youtube.com\/@vosgesinfo"]},{"@type":"Person","@id":"https:\/\/vosgesinfo.fr\/remiremontinfo\/#\/schema\/person\/3bfd164d5218a185b1db68655a265316","name":"C D","image":{"@type":"ImageObject","inLanguage":"fr-FR","@id":"https:\/\/vosgesinfo.fr\/remiremontinfo\/#\/schema\/person\/image\/","url":"https:\/\/secure.gravatar.com\/avatar\/1f9a70007336511a47468b8f1c66f922b8b7cf617b02a31149ada43893a5d48f?s=96&d=mm&r=g","contentUrl":"https:\/\/secure.gravatar.com\/avatar\/1f9a70007336511a47468b8f1c66f922b8b7cf617b02a31149ada43893a5d48f?s=96&d=mm&r=g","caption":"C D"},"url":"https:\/\/vosgesinfo.fr\/remiremontinfo\/author\/cedric-drevet\/"}]}},"_links":{"self":[{"href":"https:\/\/vosgesinfo.fr\/remiremontinfo\/wp-json\/wp\/v2\/posts\/31909","targetHints":{"allow":["GET"]}}],"collection":[{"href":"https:\/\/vosgesinfo.fr\/remiremontinfo\/wp-json\/wp\/v2\/posts"}],"about":[{"href":"https:\/\/vosgesinfo.fr\/remiremontinfo\/wp-json\/wp\/v2\/types\/post"}],"author":[{"embeddable":true,"href":"https:\/\/vosgesinfo.fr\/remiremontinfo\/wp-json\/wp\/v2\/users\/407"}],"replies":[{"embeddable":true,"href":"https:\/\/vosgesinfo.fr\/remiremontinfo\/wp-json\/wp\/v2\/comments?post=31909"}],"version-history":[{"count":0,"href":"https:\/\/vosgesinfo.fr\/remiremontinfo\/wp-json\/wp\/v2\/posts\/31909\/revisions"}],"wp:featuredmedia":[{"embeddable":true,"href":"https:\/\/vosgesinfo.fr\/remiremontinfo\/wp-json\/wp\/v2\/media\/31910"}],"wp:attachment":[{"href":"https:\/\/vosgesinfo.fr\/remiremontinfo\/wp-json\/wp\/v2\/media?parent=31909"}],"wp:term":[{"taxonomy":"category","embeddable":true,"href":"https:\/\/vosgesinfo.fr\/remiremontinfo\/wp-json\/wp\/v2\/categories?post=31909"},{"taxonomy":"post_tag","embeddable":true,"href":"https:\/\/vosgesinfo.fr\/remiremontinfo\/wp-json\/wp\/v2\/tags?post=31909"}],"curies":[{"name":"wp","href":"https:\/\/api.w.org\/{rel}","templated":true}]}}