{"id":31923,"date":"2020-09-26T06:00:09","date_gmt":"2020-09-26T04:00:09","guid":{"rendered":"https:\/\/vosgesinfo.fr\/remiremontinfo\/2020\/09\/stade-de-bechamp-entierement-renove-a-ete-inaugure-presence-de-pascal-martinot-lagarde\/"},"modified":"2020-09-26T06:00:09","modified_gmt":"2020-09-26T04:00:09","slug":"stade-de-bechamp-entierement-renove-a-ete-inaugure-presence-de-pascal-martinot-lagarde","status":"publish","type":"post","link":"https:\/\/vosgesinfo.fr\/remiremontinfo\/2020\/09\/stade-de-bechamp-entierement-renove-a-ete-inaugure-presence-de-pascal-martinot-lagarde\/","title":{"rendered":"Le stade de B\u00e9champ, enti\u00e8rement r\u00e9nov\u00e9, a \u00e9t\u00e9 inaugur\u00e9 en pr\u00e9sence de Pascal Martinot-Lagarde"},"content":{"rendered":"<h2 style=\"text-align: center;\"><a href=\"\/2020\/09\/DSC_0308.jpg\"><img decoding=\"async\" class=\"alignnone size-full wp-image-296923\" src=\"\/2020\/09\/DSC_0308.jpg\" alt=\"DSC_0308\" width=\"800\" height=\"532\" \/><\/a><\/h2>\n<h2><span style=\"font-size: 12pt;\"><strong><span style=\"font-family: 'Times New Roman', serif;\">Ce vendredi soir a eu lieu l&rsquo;inauguration du stade de B\u00e9champ enti\u00e8rement r\u00e9nov\u00e9, en pr\u00e9sence notamment de Pascal Martinot-Lagarde, champion d&rsquo;Europe et recordman de France du 110 m\u00e8tres haies, <\/span><span style=\"font-family: 'Times New Roman', serif;\">et de Pierre B\u00e9retta, pr\u00e9sident de l\u2019Athl\u00e9 Vosges Pays de Remiremont (AVPR).<\/span><\/strong><\/span><\/h2>\n<p><span style=\"font-family: 'Times New Roman', serif;\"><em>\u00ab\u00a0Inauguration pluvieuse, inauguration heureuse\u00a0\u00bb.<\/em> Les toutes nouvelles pistes d\u2019athl\u00e9tisme ont \u00e9t\u00e9 bri\u00e8vement pr\u00e9sent\u00e9es pendant que de jeunes sportifs romarimontains s\u2019entra\u00eenait d\u00e9j\u00e0 sous un l\u00e9g\u00e8re pluie. Ce nouvel \u00e9quipement est <em>\u00ab\u00a0Un bel outil au service de notre territoire\u00a0\u00bb<\/em>, affirme Jean Hingray, maire de la commune. Un constat partag\u00e9 par Pascal Martinot-Lagarde. Des structures, <em>\u00ab\u00a0on en a besoin, et aujourd\u2019hui on en a une\u00a0\u00bb.<\/em> Le champion d\u2019Europe s\u2019adresse en particulier aux jeunes, les encourage \u00e0 utiliser les infrastructures, et \u00e0 pratiquer une activit\u00e9 sportive. Pour Christophe Naegelen, d\u00e9put\u00e9 de la 3\u00e8me circonscription des Vosges, c\u2019est <em>\u00ab\u00a0un investissement qui est cons\u00e9quent\u00a0\u00bb<\/em>, et un espace qui devrait \u00e0 l\u2019avenir accueillir des comp\u00e9titions.<\/span><\/p>\n\n","protected":false},"excerpt":{"rendered":"<p>Ce vendredi soir a eu lieu l&rsquo;inauguration du stade de B\u00e9champ enti\u00e8rement r\u00e9nov\u00e9, en pr\u00e9sence notamment de Pascal Martinot-Lagarde, champion [&hellip;]<\/p>\n","protected":false},"author":407,"featured_media":31924,"comment_status":"open","ping_status":"open","sticky":false,"template":"","format":"standard","meta":{"footnotes":""},"categories":[26,1556,35,14],"tags":[],"class_list":["post-31923","post","type-post","status-publish","format-standard","has-post-thumbnail","hentry","category-a-la-une","category-remiremont-remiremont-son-canton-2","category-remiremont-son-canton","category-sport"],"acf":[],"yoast_head":"<!-- This site is optimized with the Yoast SEO plugin v22.5 - https:\/\/yoast.com\/wordpress\/plugins\/seo\/ -->\n<title>Le stade de B\u00e9champ, enti\u00e8rement r\u00e9nov\u00e9, a \u00e9t\u00e9 inaugur\u00e9 en pr\u00e9sence de Pascal Martinot-Lagarde - Remiremont Info<\/title>\n<meta name=\"robots\" content=\"index, follow, max-snippet:-1, max-image-preview:large, max-video-preview:-1\" \/>\n<link rel=\"canonical\" href=\"https:\/\/vosgesinfo.fr\/remiremontinfo\/2020\/09\/stade-de-bechamp-entierement-renove-a-ete-inaugure-presence-de-pascal-martinot-lagarde\/\" \/>\n<meta name=\"twitter:card\" content=\"summary_large_image\" \/>\n<meta name=\"twitter:title\" content=\"Le stade de B\u00e9champ, enti\u00e8rement r\u00e9nov\u00e9, a \u00e9t\u00e9 inaugur\u00e9 en pr\u00e9sence de Pascal Martinot-Lagarde - Remiremont Info\" \/>\n<meta name=\"twitter:description\" content=\"Ce vendredi soir a eu lieu l&rsquo;inauguration du stade de B\u00e9champ enti\u00e8rement r\u00e9nov\u00e9, en pr\u00e9sence notamment de Pascal Martinot-Lagarde, champion [&hellip;]\" \/>\n<meta name=\"twitter:image\" content=\"https:\/\/vosgesinfo.fr\/app\/uploads\/sites\/5\/2024\/09\/202009dsc-02871.jpg\" \/>\n<meta name=\"twitter:creator\" content=\"@VosgesInfo88\" \/>\n<meta name=\"twitter:site\" content=\"@VosgesInfo88\" \/>\n<meta name=\"twitter:label1\" content=\"\u00c9crit par\" \/>\n\t<meta name=\"twitter:data1\" content=\"C D\" \/>\n\t<meta name=\"twitter:label2\" content=\"Dur\u00e9e de lecture estim\u00e9e\" \/>\n\t<meta name=\"twitter:data2\" content=\"1 minute\" \/>\n<script type=\"application\/ld+json\" class=\"yoast-schema-graph\">{\"@context\":\"https:\/\/schema.org\",\"@graph\":[{\"@type\":\"Article\",\"@id\":\"https:\/\/vosgesinfo.fr\/remiremontinfo\/2020\/09\/stade-de-bechamp-entierement-renove-a-ete-inaugure-presence-de-pascal-martinot-lagarde\/#article\",\"isPartOf\":{\"@id\":\"https:\/\/vosgesinfo.fr\/remiremontinfo\/2020\/09\/stade-de-bechamp-entierement-renove-a-ete-inaugure-presence-de-pascal-martinot-lagarde\/\"},\"author\":{\"name\":\"C D\",\"@id\":\"https:\/\/vosgesinfo.fr\/remiremontinfo\/#\/schema\/person\/3bfd164d5218a185b1db68655a265316\"},\"headline\":\"Le stade de B\u00e9champ, enti\u00e8rement r\u00e9nov\u00e9, a \u00e9t\u00e9 inaugur\u00e9 en pr\u00e9sence de Pascal Martinot-Lagarde\",\"datePublished\":\"2020-09-26T04:00:09+00:00\",\"dateModified\":\"2020-09-26T04:00:09+00:00\",\"mainEntityOfPage\":{\"@id\":\"https:\/\/vosgesinfo.fr\/remiremontinfo\/2020\/09\/stade-de-bechamp-entierement-renove-a-ete-inaugure-presence-de-pascal-martinot-lagarde\/\"},\"wordCount\":199,\"commentCount\":0,\"publisher\":{\"@id\":\"https:\/\/vosgesinfo.fr\/remiremontinfo\/#organization\"},\"image\":{\"@id\":\"https:\/\/vosgesinfo.fr\/remiremontinfo\/2020\/09\/stade-de-bechamp-entierement-renove-a-ete-inaugure-presence-de-pascal-martinot-lagarde\/#primaryimage\"},\"thumbnailUrl\":\"https:\/\/vosgesinfo.fr\/app\/uploads\/sites\/5\/2024\/09\/202009dsc-02871.jpg\",\"articleSection\":[\"A la Une\",\"Remiremont\",\"Remiremont &amp; son canton\",\"Sport\"],\"inLanguage\":\"fr-FR\",\"potentialAction\":[{\"@type\":\"CommentAction\",\"name\":\"Comment\",\"target\":[\"https:\/\/vosgesinfo.fr\/remiremontinfo\/2020\/09\/stade-de-bechamp-entierement-renove-a-ete-inaugure-presence-de-pascal-martinot-lagarde\/#respond\"]}]},{\"@type\":\"WebPage\",\"@id\":\"https:\/\/vosgesinfo.fr\/remiremontinfo\/2020\/09\/stade-de-bechamp-entierement-renove-a-ete-inaugure-presence-de-pascal-martinot-lagarde\/\",\"url\":\"https:\/\/vosgesinfo.fr\/remiremontinfo\/2020\/09\/stade-de-bechamp-entierement-renove-a-ete-inaugure-presence-de-pascal-martinot-lagarde\/\",\"name\":\"Le stade de B\u00e9champ, enti\u00e8rement r\u00e9nov\u00e9, a \u00e9t\u00e9 inaugur\u00e9 en pr\u00e9sence de Pascal Martinot-Lagarde - Remiremont Info\",\"isPartOf\":{\"@id\":\"https:\/\/vosgesinfo.fr\/remiremontinfo\/#website\"},\"primaryImageOfPage\":{\"@id\":\"https:\/\/vosgesinfo.fr\/remiremontinfo\/2020\/09\/stade-de-bechamp-entierement-renove-a-ete-inaugure-presence-de-pascal-martinot-lagarde\/#primaryimage\"},\"image\":{\"@id\":\"https:\/\/vosgesinfo.fr\/remiremontinfo\/2020\/09\/stade-de-bechamp-entierement-renove-a-ete-inaugure-presence-de-pascal-martinot-lagarde\/#primaryimage\"},\"thumbnailUrl\":\"https:\/\/vosgesinfo.fr\/app\/uploads\/sites\/5\/2024\/09\/202009dsc-02871.jpg\",\"datePublished\":\"2020-09-26T04:00:09+00:00\",\"dateModified\":\"2020-09-26T04:00:09+00:00\",\"breadcrumb\":{\"@id\":\"https:\/\/vosgesinfo.fr\/remiremontinfo\/2020\/09\/stade-de-bechamp-entierement-renove-a-ete-inaugure-presence-de-pascal-martinot-lagarde\/#breadcrumb\"},\"inLanguage\":\"fr-FR\",\"potentialAction\":[{\"@type\":\"ReadAction\",\"target\":[\"https:\/\/vosgesinfo.fr\/remiremontinfo\/2020\/09\/stade-de-bechamp-entierement-renove-a-ete-inaugure-presence-de-pascal-martinot-lagarde\/\"]}]},{\"@type\":\"ImageObject\",\"inLanguage\":\"fr-FR\",\"@id\":\"https:\/\/vosgesinfo.fr\/remiremontinfo\/2020\/09\/stade-de-bechamp-entierement-renove-a-ete-inaugure-presence-de-pascal-martinot-lagarde\/#primaryimage\",\"url\":\"https:\/\/vosgesinfo.fr\/app\/uploads\/sites\/5\/2024\/09\/202009dsc-02871.jpg\",\"contentUrl\":\"https:\/\/vosgesinfo.fr\/app\/uploads\/sites\/5\/2024\/09\/202009dsc-02871.jpg\",\"width\":800,\"height\":532},{\"@type\":\"BreadcrumbList\",\"@id\":\"https:\/\/vosgesinfo.fr\/remiremontinfo\/2020\/09\/stade-de-bechamp-entierement-renove-a-ete-inaugure-presence-de-pascal-martinot-lagarde\/#breadcrumb\",\"itemListElement\":[{\"@type\":\"ListItem\",\"position\":1,\"name\":\"Home\",\"item\":\"https:\/\/vosgesinfo.fr\/remiremontinfo\/\"},{\"@type\":\"ListItem\",\"position\":2,\"name\":\"Le stade de B\u00e9champ, enti\u00e8rement r\u00e9nov\u00e9, a \u00e9t\u00e9 inaugur\u00e9 en pr\u00e9sence de Pascal Martinot-Lagarde\"}]},{\"@type\":\"WebSite\",\"@id\":\"https:\/\/vosgesinfo.fr\/remiremontinfo\/#website\",\"url\":\"https:\/\/vosgesinfo.fr\/remiremontinfo\/\",\"name\":\"Remiremont Info\",\"description\":\"Toute l&#039;actualit\u00e9 de Remiremont\",\"publisher\":{\"@id\":\"https:\/\/vosgesinfo.fr\/remiremontinfo\/#organization\"},\"alternateName\":\"Toute l'actualit\u00e9 de Remiremont\",\"potentialAction\":[{\"@type\":\"SearchAction\",\"target\":{\"@type\":\"EntryPoint\",\"urlTemplate\":\"https:\/\/vosgesinfo.fr\/remiremontinfo\/?s={search_term_string}\"},\"query-input\":\"required name=search_term_string\"}],\"inLanguage\":\"fr-FR\"},{\"@type\":\"Organization\",\"@id\":\"https:\/\/vosgesinfo.fr\/remiremontinfo\/#organization\",\"name\":\"Remiremont Info\",\"url\":\"https:\/\/vosgesinfo.fr\/remiremontinfo\/\",\"logo\":{\"@type\":\"ImageObject\",\"inLanguage\":\"fr-FR\",\"@id\":\"https:\/\/vosgesinfo.fr\/remiremontinfo\/#\/schema\/logo\/image\/\",\"url\":\"https:\/\/vosgesinfo.fr\/app\/uploads\/sites\/5\/2023\/08\/favicon-remiremontinfo.png\",\"contentUrl\":\"https:\/\/vosgesinfo.fr\/app\/uploads\/sites\/5\/2023\/08\/favicon-remiremontinfo.png\",\"width\":512,\"height\":512,\"caption\":\"Remiremont Info\"},\"image\":{\"@id\":\"https:\/\/vosgesinfo.fr\/remiremontinfo\/#\/schema\/logo\/image\/\"},\"sameAs\":[\"https:\/\/www.facebook.com\/remiremontinfo\",\"https:\/\/x.com\/VosgesInfo88\",\"https:\/\/www.youtube.com\/@vosgesinfo\"]},{\"@type\":\"Person\",\"@id\":\"https:\/\/vosgesinfo.fr\/remiremontinfo\/#\/schema\/person\/3bfd164d5218a185b1db68655a265316\",\"name\":\"C D\",\"image\":{\"@type\":\"ImageObject\",\"inLanguage\":\"fr-FR\",\"@id\":\"https:\/\/vosgesinfo.fr\/remiremontinfo\/#\/schema\/person\/image\/\",\"url\":\"https:\/\/secure.gravatar.com\/avatar\/1f9a70007336511a47468b8f1c66f922b8b7cf617b02a31149ada43893a5d48f?s=96&d=mm&r=g\",\"contentUrl\":\"https:\/\/secure.gravatar.com\/avatar\/1f9a70007336511a47468b8f1c66f922b8b7cf617b02a31149ada43893a5d48f?s=96&d=mm&r=g\",\"caption\":\"C D\"},\"url\":\"https:\/\/vosgesinfo.fr\/remiremontinfo\/author\/cedric-drevet\/\"}]}<\/script>\n<!-- \/ Yoast SEO plugin. -->","yoast_head_json":{"title":"Le stade de B\u00e9champ, enti\u00e8rement r\u00e9nov\u00e9, a \u00e9t\u00e9 inaugur\u00e9 en pr\u00e9sence de Pascal Martinot-Lagarde - Remiremont Info","robots":{"index":"index","follow":"follow","max-snippet":"max-snippet:-1","max-image-preview":"max-image-preview:large","max-video-preview":"max-video-preview:-1"},"canonical":"https:\/\/vosgesinfo.fr\/remiremontinfo\/2020\/09\/stade-de-bechamp-entierement-renove-a-ete-inaugure-presence-de-pascal-martinot-lagarde\/","twitter_card":"summary_large_image","twitter_title":"Le stade de B\u00e9champ, enti\u00e8rement r\u00e9nov\u00e9, a \u00e9t\u00e9 inaugur\u00e9 en pr\u00e9sence de Pascal Martinot-Lagarde - Remiremont Info","twitter_description":"Ce vendredi soir a eu lieu l&rsquo;inauguration du stade de B\u00e9champ enti\u00e8rement r\u00e9nov\u00e9, en pr\u00e9sence notamment de Pascal Martinot-Lagarde, champion [&hellip;]","twitter_image":"https:\/\/vosgesinfo.fr\/app\/uploads\/sites\/5\/2024\/09\/202009dsc-02871.jpg","twitter_creator":"@VosgesInfo88","twitter_site":"@VosgesInfo88","twitter_misc":{"\u00c9crit par":"C D","Dur\u00e9e de lecture estim\u00e9e":"1 minute"},"schema":{"@context":"https:\/\/schema.org","@graph":[{"@type":"Article","@id":"https:\/\/vosgesinfo.fr\/remiremontinfo\/2020\/09\/stade-de-bechamp-entierement-renove-a-ete-inaugure-presence-de-pascal-martinot-lagarde\/#article","isPartOf":{"@id":"https:\/\/vosgesinfo.fr\/remiremontinfo\/2020\/09\/stade-de-bechamp-entierement-renove-a-ete-inaugure-presence-de-pascal-martinot-lagarde\/"},"author":{"name":"C D","@id":"https:\/\/vosgesinfo.fr\/remiremontinfo\/#\/schema\/person\/3bfd164d5218a185b1db68655a265316"},"headline":"Le stade de B\u00e9champ, enti\u00e8rement r\u00e9nov\u00e9, a \u00e9t\u00e9 inaugur\u00e9 en pr\u00e9sence de Pascal Martinot-Lagarde","datePublished":"2020-09-26T04:00:09+00:00","dateModified":"2020-09-26T04:00:09+00:00","mainEntityOfPage":{"@id":"https:\/\/vosgesinfo.fr\/remiremontinfo\/2020\/09\/stade-de-bechamp-entierement-renove-a-ete-inaugure-presence-de-pascal-martinot-lagarde\/"},"wordCount":199,"commentCount":0,"publisher":{"@id":"https:\/\/vosgesinfo.fr\/remiremontinfo\/#organization"},"image":{"@id":"https:\/\/vosgesinfo.fr\/remiremontinfo\/2020\/09\/stade-de-bechamp-entierement-renove-a-ete-inaugure-presence-de-pascal-martinot-lagarde\/#primaryimage"},"thumbnailUrl":"https:\/\/vosgesinfo.fr\/app\/uploads\/sites\/5\/2024\/09\/202009dsc-02871.jpg","articleSection":["A la Une","Remiremont","Remiremont &amp; son canton","Sport"],"inLanguage":"fr-FR","potentialAction":[{"@type":"CommentAction","name":"Comment","target":["https:\/\/vosgesinfo.fr\/remiremontinfo\/2020\/09\/stade-de-bechamp-entierement-renove-a-ete-inaugure-presence-de-pascal-martinot-lagarde\/#respond"]}]},{"@type":"WebPage","@id":"https:\/\/vosgesinfo.fr\/remiremontinfo\/2020\/09\/stade-de-bechamp-entierement-renove-a-ete-inaugure-presence-de-pascal-martinot-lagarde\/","url":"https:\/\/vosgesinfo.fr\/remiremontinfo\/2020\/09\/stade-de-bechamp-entierement-renove-a-ete-inaugure-presence-de-pascal-martinot-lagarde\/","name":"Le stade de B\u00e9champ, enti\u00e8rement r\u00e9nov\u00e9, a \u00e9t\u00e9 inaugur\u00e9 en pr\u00e9sence de Pascal Martinot-Lagarde - Remiremont Info","isPartOf":{"@id":"https:\/\/vosgesinfo.fr\/remiremontinfo\/#website"},"primaryImageOfPage":{"@id":"https:\/\/vosgesinfo.fr\/remiremontinfo\/2020\/09\/stade-de-bechamp-entierement-renove-a-ete-inaugure-presence-de-pascal-martinot-lagarde\/#primaryimage"},"image":{"@id":"https:\/\/vosgesinfo.fr\/remiremontinfo\/2020\/09\/stade-de-bechamp-entierement-renove-a-ete-inaugure-presence-de-pascal-martinot-lagarde\/#primaryimage"},"thumbnailUrl":"https:\/\/vosgesinfo.fr\/app\/uploads\/sites\/5\/2024\/09\/202009dsc-02871.jpg","datePublished":"2020-09-26T04:00:09+00:00","dateModified":"2020-09-26T04:00:09+00:00","breadcrumb":{"@id":"https:\/\/vosgesinfo.fr\/remiremontinfo\/2020\/09\/stade-de-bechamp-entierement-renove-a-ete-inaugure-presence-de-pascal-martinot-lagarde\/#breadcrumb"},"inLanguage":"fr-FR","potentialAction":[{"@type":"ReadAction","target":["https:\/\/vosgesinfo.fr\/remiremontinfo\/2020\/09\/stade-de-bechamp-entierement-renove-a-ete-inaugure-presence-de-pascal-martinot-lagarde\/"]}]},{"@type":"ImageObject","inLanguage":"fr-FR","@id":"https:\/\/vosgesinfo.fr\/remiremontinfo\/2020\/09\/stade-de-bechamp-entierement-renove-a-ete-inaugure-presence-de-pascal-martinot-lagarde\/#primaryimage","url":"https:\/\/vosgesinfo.fr\/app\/uploads\/sites\/5\/2024\/09\/202009dsc-02871.jpg","contentUrl":"https:\/\/vosgesinfo.fr\/app\/uploads\/sites\/5\/2024\/09\/202009dsc-02871.jpg","width":800,"height":532},{"@type":"BreadcrumbList","@id":"https:\/\/vosgesinfo.fr\/remiremontinfo\/2020\/09\/stade-de-bechamp-entierement-renove-a-ete-inaugure-presence-de-pascal-martinot-lagarde\/#breadcrumb","itemListElement":[{"@type":"ListItem","position":1,"name":"Home","item":"https:\/\/vosgesinfo.fr\/remiremontinfo\/"},{"@type":"ListItem","position":2,"name":"Le stade de B\u00e9champ, enti\u00e8rement r\u00e9nov\u00e9, a \u00e9t\u00e9 inaugur\u00e9 en pr\u00e9sence de Pascal Martinot-Lagarde"}]},{"@type":"WebSite","@id":"https:\/\/vosgesinfo.fr\/remiremontinfo\/#website","url":"https:\/\/vosgesinfo.fr\/remiremontinfo\/","name":"Remiremont Info","description":"Toute l&#039;actualit\u00e9 de Remiremont","publisher":{"@id":"https:\/\/vosgesinfo.fr\/remiremontinfo\/#organization"},"alternateName":"Toute l'actualit\u00e9 de Remiremont","potentialAction":[{"@type":"SearchAction","target":{"@type":"EntryPoint","urlTemplate":"https:\/\/vosgesinfo.fr\/remiremontinfo\/?s={search_term_string}"},"query-input":"required name=search_term_string"}],"inLanguage":"fr-FR"},{"@type":"Organization","@id":"https:\/\/vosgesinfo.fr\/remiremontinfo\/#organization","name":"Remiremont Info","url":"https:\/\/vosgesinfo.fr\/remiremontinfo\/","logo":{"@type":"ImageObject","inLanguage":"fr-FR","@id":"https:\/\/vosgesinfo.fr\/remiremontinfo\/#\/schema\/logo\/image\/","url":"https:\/\/vosgesinfo.fr\/app\/uploads\/sites\/5\/2023\/08\/favicon-remiremontinfo.png","contentUrl":"https:\/\/vosgesinfo.fr\/app\/uploads\/sites\/5\/2023\/08\/favicon-remiremontinfo.png","width":512,"height":512,"caption":"Remiremont Info"},"image":{"@id":"https:\/\/vosgesinfo.fr\/remiremontinfo\/#\/schema\/logo\/image\/"},"sameAs":["https:\/\/www.facebook.com\/remiremontinfo","https:\/\/x.com\/VosgesInfo88","https:\/\/www.youtube.com\/@vosgesinfo"]},{"@type":"Person","@id":"https:\/\/vosgesinfo.fr\/remiremontinfo\/#\/schema\/person\/3bfd164d5218a185b1db68655a265316","name":"C D","image":{"@type":"ImageObject","inLanguage":"fr-FR","@id":"https:\/\/vosgesinfo.fr\/remiremontinfo\/#\/schema\/person\/image\/","url":"https:\/\/secure.gravatar.com\/avatar\/1f9a70007336511a47468b8f1c66f922b8b7cf617b02a31149ada43893a5d48f?s=96&d=mm&r=g","contentUrl":"https:\/\/secure.gravatar.com\/avatar\/1f9a70007336511a47468b8f1c66f922b8b7cf617b02a31149ada43893a5d48f?s=96&d=mm&r=g","caption":"C D"},"url":"https:\/\/vosgesinfo.fr\/remiremontinfo\/author\/cedric-drevet\/"}]}},"_links":{"self":[{"href":"https:\/\/vosgesinfo.fr\/remiremontinfo\/wp-json\/wp\/v2\/posts\/31923","targetHints":{"allow":["GET"]}}],"collection":[{"href":"https:\/\/vosgesinfo.fr\/remiremontinfo\/wp-json\/wp\/v2\/posts"}],"about":[{"href":"https:\/\/vosgesinfo.fr\/remiremontinfo\/wp-json\/wp\/v2\/types\/post"}],"author":[{"embeddable":true,"href":"https:\/\/vosgesinfo.fr\/remiremontinfo\/wp-json\/wp\/v2\/users\/407"}],"replies":[{"embeddable":true,"href":"https:\/\/vosgesinfo.fr\/remiremontinfo\/wp-json\/wp\/v2\/comments?post=31923"}],"version-history":[{"count":0,"href":"https:\/\/vosgesinfo.fr\/remiremontinfo\/wp-json\/wp\/v2\/posts\/31923\/revisions"}],"wp:featuredmedia":[{"embeddable":true,"href":"https:\/\/vosgesinfo.fr\/remiremontinfo\/wp-json\/wp\/v2\/media\/31924"}],"wp:attachment":[{"href":"https:\/\/vosgesinfo.fr\/remiremontinfo\/wp-json\/wp\/v2\/media?parent=31923"}],"wp:term":[{"taxonomy":"category","embeddable":true,"href":"https:\/\/vosgesinfo.fr\/remiremontinfo\/wp-json\/wp\/v2\/categories?post=31923"},{"taxonomy":"post_tag","embeddable":true,"href":"https:\/\/vosgesinfo.fr\/remiremontinfo\/wp-json\/wp\/v2\/tags?post=31923"}],"curies":[{"name":"wp","href":"https:\/\/api.w.org\/{rel}","templated":true}]}}