{"id":31939,"date":"2020-09-26T05:45:02","date_gmt":"2020-09-26T03:45:02","guid":{"rendered":"https:\/\/vosgesinfo.fr\/remiremontinfo\/2020\/09\/remiremont-seul-mars-capitaine-nexus-vi\/"},"modified":"2020-09-26T05:45:02","modified_gmt":"2020-09-26T03:45:02","slug":"remiremont-seul-mars-capitaine-nexus-vi","status":"publish","type":"post","link":"https:\/\/vosgesinfo.fr\/remiremontinfo\/2020\/09\/remiremont-seul-mars-capitaine-nexus-vi\/","title":{"rendered":"Remiremont : \u00ab Seul sur Mars \u00bb  avec le capitaine du Nexus VI"},"content":{"rendered":"<h2 style=\"text-align: center;\"><a href=\"\/2020\/09\/216.jpg\"><img decoding=\"async\" class=\"alignnone size-full wp-image-296935\" src=\"\/2020\/09\/216.jpg\" alt=\"2\" width=\"800\" height=\"567\" \/><\/a><\/h2>\n<h2><span style=\"font-size: 12pt;\"><strong><span style=\"font-family: 'Times New Roman', serif;\">Jusqu\u2019<\/span><span style=\"font-family: 'Times New Roman', serif;\">au 7 octobre, le cin\u00e9ma de Science-Fiction <\/span><span style=\"font-family: 'Times New Roman', serif;\">est<\/span><span style=\"font-family: 'Times New Roman', serif;\"> \u00e0 l\u2019honneur \u00e0 la M\u00e9diath\u00e8que. Les cin\u00e9philes sont invit\u00e9s \u00e0 d\u00e9couvrir le quatri\u00e8me et dernier film du Cycle de Cin\u00e9ma SF projet\u00e9 au cin\u00e9ma \u00ab Le France \u00bb de Remiremont, <\/span><span style=\"font-family: 'Times New Roman', serif;\">ce<\/span><span style=\"font-family: 'Times New Roman', serif;\"> dimanche 27 septembre \u00e0 18h.<\/span><\/strong><\/span><\/h2>\n<p><span style=\"font-family: 'Times New Roman', serif;\"><i>\u00ab\u00a0Suivez-nous pour un voyage \u00e0 225 millions de kilom\u00e8tres d&rsquo;ici avec le film \u00ab\u00a0Seul sur Mars\u00a0\u00bb\u00a0\u00bb. <\/i><\/span><span style=\"font-family: 'Times New Roman', serif;\">Dans les r\u00f4les principaux\u00a0: <\/span><span style=\"font-family: 'Times New Roman', serif;\">Matt Damon et Jessica Chastain. \u00ab Lors d\u2019une exp\u00e9dition sur Mars, l\u2019astronaute Mark Watney est laiss\u00e9 pour mort par ses co\u00e9quipiers, une temp\u00eate les ayant oblig\u00e9s \u00e0 d\u00e9coller en urgence. Mais Mark a surv\u00e9cu et il est d\u00e9sormais seul, sans moyen de repartir, sur une plan\u00e8te hostile \u00bb. Avec ce \u00ab Robinson Cruso\u00e9 martien \u00bb, Ridley Scott (r\u00e9alisateur d&rsquo; \u00bbAlien \u00bb et \u00ab Blade Runner \u00bb) nous emm\u00e8ne sur la plan\u00e8te rouge.<\/span><\/p>\n<p><span style=\"font-family: 'Times New Roman', serif;\"><i>\u00ab\u00a0Une aventure martienne \u00ab\u00a0feel-good\u00a0\u00bb qui sera anim\u00e9e par l&rsquo;\u00e9nergique Capitaine du Nexus VI, vid\u00e9aste internet, \u00e0 la passion science-fictionnelle communicative\u00a0\u00bb. <\/i><\/span><span style=\"font-family: 'Times New Roman', serif;\">Cette s\u00e9ance <\/span><span style=\"font-family: 'Times New Roman', serif;\">sera en effet l\u2019occasion de d\u00e9couvrir ce<\/span><span style=\"font-family: 'Times New Roman', serif;\"> vid\u00e9aste internet mosellan, qui pr\u00e9sentera <\/span><span style=\"font-family: 'Times New Roman', serif;\">le film<\/span><span style=\"font-family: 'Times New Roman', serif;\"> et parlera de Ridley Scott, de colonisation martienne et du cin\u00e9ma sur internet. La cha\u00eene \u00ab Nexus VI \u00bb, qui cumule 11 millions de vues sur Youtube, propose des vid\u00e9os sp\u00e9cialis\u00e9es dans la SF sous toutes ses formes (cin\u00e9ma, litt\u00e9rature, jeux vid\u00e9o) et se d\u00e9marque par ses moyens ambitieux (d\u00e9cors de vaisseaux, effets sp\u00e9ciaux num\u00e9riques, figurants, \u2026). Le Capitaine est pr\u00e9sent \u00e0 la t\u00e9l\u00e9vision sur \u00ab Paramount Channel \u00bb et travail sur l\u2018\u00e9criture d\u2019un roman de SF. Bref du Space Opera made in Grand Est !<\/span><\/p>\n<p><span style=\"font-family: 'Times New Roman', serif;\">Rendez-vous <\/span><span style=\"font-family: 'Times New Roman', serif;\">est donn\u00e9<\/span><span style=\"font-family: 'Times New Roman', serif;\"> au cin\u00e9ma \u00ab Le France \u00bb de Remiremont (5\u20ac la s\u00e9ance). Toutes les animations se feront dans le respect des r\u00e8gles sanitaires.<\/span><\/p>\n<p style=\"text-align: center;\"><a href=\"\/2020\/09\/unnamed.png\"><img decoding=\"async\" class=\"alignnone size-full wp-image-296936\" src=\"\/2020\/09\/unnamed.png\" alt=\"unnamed\" width=\"800\" height=\"401\" \/><\/a><\/p>\n","protected":false},"excerpt":{"rendered":"<p>Jusqu\u2019au 7 octobre, le cin\u00e9ma de Science-Fiction est \u00e0 l\u2019honneur \u00e0 la M\u00e9diath\u00e8que. Les cin\u00e9philes sont invit\u00e9s \u00e0 d\u00e9couvrir le [&hellip;]<\/p>\n","protected":false},"author":407,"featured_media":31940,"comment_status":"open","ping_status":"open","sticky":false,"template":"","format":"standard","meta":{"footnotes":""},"categories":[26,4,1556,35],"tags":[],"class_list":["post-31939","post","type-post","status-publish","format-standard","has-post-thumbnail","hentry","category-a-la-une","category-culture","category-remiremont-remiremont-son-canton-2","category-remiremont-son-canton"],"acf":[],"yoast_head":"<!-- This site is optimized with the Yoast SEO plugin v22.5 - https:\/\/yoast.com\/wordpress\/plugins\/seo\/ -->\n<title>Remiremont : \u00ab Seul sur Mars \u00bb avec le capitaine du Nexus VI - Remiremont Info<\/title>\n<meta name=\"robots\" content=\"index, follow, max-snippet:-1, max-image-preview:large, max-video-preview:-1\" \/>\n<link rel=\"canonical\" href=\"https:\/\/vosgesinfo.fr\/remiremontinfo\/2020\/09\/remiremont-seul-mars-capitaine-nexus-vi\/\" \/>\n<meta name=\"twitter:card\" content=\"summary_large_image\" \/>\n<meta name=\"twitter:title\" content=\"Remiremont : \u00ab Seul sur Mars \u00bb avec le capitaine du Nexus VI - Remiremont Info\" \/>\n<meta name=\"twitter:description\" content=\"Jusqu\u2019au 7 octobre, le cin\u00e9ma de Science-Fiction est \u00e0 l\u2019honneur \u00e0 la M\u00e9diath\u00e8que. Les cin\u00e9philes sont invit\u00e9s \u00e0 d\u00e9couvrir le [&hellip;]\" \/>\n<meta name=\"twitter:image\" content=\"https:\/\/vosgesinfo.fr\/app\/uploads\/sites\/5\/2024\/09\/2020092161.jpg\" \/>\n<meta name=\"twitter:creator\" content=\"@VosgesInfo88\" \/>\n<meta name=\"twitter:site\" content=\"@VosgesInfo88\" \/>\n<meta name=\"twitter:label1\" content=\"\u00c9crit par\" \/>\n\t<meta name=\"twitter:data1\" content=\"C D\" \/>\n\t<meta name=\"twitter:label2\" content=\"Dur\u00e9e de lecture estim\u00e9e\" \/>\n\t<meta name=\"twitter:data2\" content=\"2 minutes\" \/>\n<script type=\"application\/ld+json\" class=\"yoast-schema-graph\">{\"@context\":\"https:\/\/schema.org\",\"@graph\":[{\"@type\":\"Article\",\"@id\":\"https:\/\/vosgesinfo.fr\/remiremontinfo\/2020\/09\/remiremont-seul-mars-capitaine-nexus-vi\/#article\",\"isPartOf\":{\"@id\":\"https:\/\/vosgesinfo.fr\/remiremontinfo\/2020\/09\/remiremont-seul-mars-capitaine-nexus-vi\/\"},\"author\":{\"name\":\"C D\",\"@id\":\"https:\/\/vosgesinfo.fr\/remiremontinfo\/#\/schema\/person\/3bfd164d5218a185b1db68655a265316\"},\"headline\":\"Remiremont : \u00ab Seul sur Mars \u00bb avec le capitaine du Nexus VI\",\"datePublished\":\"2020-09-26T03:45:02+00:00\",\"dateModified\":\"2020-09-26T03:45:02+00:00\",\"mainEntityOfPage\":{\"@id\":\"https:\/\/vosgesinfo.fr\/remiremontinfo\/2020\/09\/remiremont-seul-mars-capitaine-nexus-vi\/\"},\"wordCount\":318,\"commentCount\":0,\"publisher\":{\"@id\":\"https:\/\/vosgesinfo.fr\/remiremontinfo\/#organization\"},\"image\":{\"@id\":\"https:\/\/vosgesinfo.fr\/remiremontinfo\/2020\/09\/remiremont-seul-mars-capitaine-nexus-vi\/#primaryimage\"},\"thumbnailUrl\":\"https:\/\/vosgesinfo.fr\/app\/uploads\/sites\/5\/2024\/09\/2020092161.jpg\",\"articleSection\":[\"A la Une\",\"Culture\",\"Remiremont\",\"Remiremont &amp; son canton\"],\"inLanguage\":\"fr-FR\",\"potentialAction\":[{\"@type\":\"CommentAction\",\"name\":\"Comment\",\"target\":[\"https:\/\/vosgesinfo.fr\/remiremontinfo\/2020\/09\/remiremont-seul-mars-capitaine-nexus-vi\/#respond\"]}]},{\"@type\":\"WebPage\",\"@id\":\"https:\/\/vosgesinfo.fr\/remiremontinfo\/2020\/09\/remiremont-seul-mars-capitaine-nexus-vi\/\",\"url\":\"https:\/\/vosgesinfo.fr\/remiremontinfo\/2020\/09\/remiremont-seul-mars-capitaine-nexus-vi\/\",\"name\":\"Remiremont : \u00ab Seul sur Mars \u00bb avec le capitaine du Nexus VI - Remiremont Info\",\"isPartOf\":{\"@id\":\"https:\/\/vosgesinfo.fr\/remiremontinfo\/#website\"},\"primaryImageOfPage\":{\"@id\":\"https:\/\/vosgesinfo.fr\/remiremontinfo\/2020\/09\/remiremont-seul-mars-capitaine-nexus-vi\/#primaryimage\"},\"image\":{\"@id\":\"https:\/\/vosgesinfo.fr\/remiremontinfo\/2020\/09\/remiremont-seul-mars-capitaine-nexus-vi\/#primaryimage\"},\"thumbnailUrl\":\"https:\/\/vosgesinfo.fr\/app\/uploads\/sites\/5\/2024\/09\/2020092161.jpg\",\"datePublished\":\"2020-09-26T03:45:02+00:00\",\"dateModified\":\"2020-09-26T03:45:02+00:00\",\"breadcrumb\":{\"@id\":\"https:\/\/vosgesinfo.fr\/remiremontinfo\/2020\/09\/remiremont-seul-mars-capitaine-nexus-vi\/#breadcrumb\"},\"inLanguage\":\"fr-FR\",\"potentialAction\":[{\"@type\":\"ReadAction\",\"target\":[\"https:\/\/vosgesinfo.fr\/remiremontinfo\/2020\/09\/remiremont-seul-mars-capitaine-nexus-vi\/\"]}]},{\"@type\":\"ImageObject\",\"inLanguage\":\"fr-FR\",\"@id\":\"https:\/\/vosgesinfo.fr\/remiremontinfo\/2020\/09\/remiremont-seul-mars-capitaine-nexus-vi\/#primaryimage\",\"url\":\"https:\/\/vosgesinfo.fr\/app\/uploads\/sites\/5\/2024\/09\/2020092161.jpg\",\"contentUrl\":\"https:\/\/vosgesinfo.fr\/app\/uploads\/sites\/5\/2024\/09\/2020092161.jpg\",\"width\":800,\"height\":567},{\"@type\":\"BreadcrumbList\",\"@id\":\"https:\/\/vosgesinfo.fr\/remiremontinfo\/2020\/09\/remiremont-seul-mars-capitaine-nexus-vi\/#breadcrumb\",\"itemListElement\":[{\"@type\":\"ListItem\",\"position\":1,\"name\":\"Home\",\"item\":\"https:\/\/vosgesinfo.fr\/remiremontinfo\/\"},{\"@type\":\"ListItem\",\"position\":2,\"name\":\"Remiremont : \u00ab Seul sur Mars \u00bb avec le capitaine du Nexus VI\"}]},{\"@type\":\"WebSite\",\"@id\":\"https:\/\/vosgesinfo.fr\/remiremontinfo\/#website\",\"url\":\"https:\/\/vosgesinfo.fr\/remiremontinfo\/\",\"name\":\"Remiremont Info\",\"description\":\"Toute l&#039;actualit\u00e9 de Remiremont\",\"publisher\":{\"@id\":\"https:\/\/vosgesinfo.fr\/remiremontinfo\/#organization\"},\"alternateName\":\"Toute l'actualit\u00e9 de Remiremont\",\"potentialAction\":[{\"@type\":\"SearchAction\",\"target\":{\"@type\":\"EntryPoint\",\"urlTemplate\":\"https:\/\/vosgesinfo.fr\/remiremontinfo\/?s={search_term_string}\"},\"query-input\":\"required name=search_term_string\"}],\"inLanguage\":\"fr-FR\"},{\"@type\":\"Organization\",\"@id\":\"https:\/\/vosgesinfo.fr\/remiremontinfo\/#organization\",\"name\":\"Remiremont Info\",\"url\":\"https:\/\/vosgesinfo.fr\/remiremontinfo\/\",\"logo\":{\"@type\":\"ImageObject\",\"inLanguage\":\"fr-FR\",\"@id\":\"https:\/\/vosgesinfo.fr\/remiremontinfo\/#\/schema\/logo\/image\/\",\"url\":\"https:\/\/vosgesinfo.fr\/app\/uploads\/sites\/5\/2023\/08\/favicon-remiremontinfo.png\",\"contentUrl\":\"https:\/\/vosgesinfo.fr\/app\/uploads\/sites\/5\/2023\/08\/favicon-remiremontinfo.png\",\"width\":512,\"height\":512,\"caption\":\"Remiremont Info\"},\"image\":{\"@id\":\"https:\/\/vosgesinfo.fr\/remiremontinfo\/#\/schema\/logo\/image\/\"},\"sameAs\":[\"https:\/\/www.facebook.com\/remiremontinfo\",\"https:\/\/x.com\/VosgesInfo88\",\"https:\/\/www.youtube.com\/@vosgesinfo\"]},{\"@type\":\"Person\",\"@id\":\"https:\/\/vosgesinfo.fr\/remiremontinfo\/#\/schema\/person\/3bfd164d5218a185b1db68655a265316\",\"name\":\"C D\",\"image\":{\"@type\":\"ImageObject\",\"inLanguage\":\"fr-FR\",\"@id\":\"https:\/\/vosgesinfo.fr\/remiremontinfo\/#\/schema\/person\/image\/\",\"url\":\"https:\/\/secure.gravatar.com\/avatar\/1f9a70007336511a47468b8f1c66f922b8b7cf617b02a31149ada43893a5d48f?s=96&d=mm&r=g\",\"contentUrl\":\"https:\/\/secure.gravatar.com\/avatar\/1f9a70007336511a47468b8f1c66f922b8b7cf617b02a31149ada43893a5d48f?s=96&d=mm&r=g\",\"caption\":\"C D\"},\"url\":\"https:\/\/vosgesinfo.fr\/remiremontinfo\/author\/cedric-drevet\/\"}]}<\/script>\n<!-- \/ Yoast SEO plugin. -->","yoast_head_json":{"title":"Remiremont : \u00ab Seul sur Mars \u00bb avec le capitaine du Nexus VI - Remiremont Info","robots":{"index":"index","follow":"follow","max-snippet":"max-snippet:-1","max-image-preview":"max-image-preview:large","max-video-preview":"max-video-preview:-1"},"canonical":"https:\/\/vosgesinfo.fr\/remiremontinfo\/2020\/09\/remiremont-seul-mars-capitaine-nexus-vi\/","twitter_card":"summary_large_image","twitter_title":"Remiremont : \u00ab Seul sur Mars \u00bb avec le capitaine du Nexus VI - Remiremont Info","twitter_description":"Jusqu\u2019au 7 octobre, le cin\u00e9ma de Science-Fiction est \u00e0 l\u2019honneur \u00e0 la M\u00e9diath\u00e8que. Les cin\u00e9philes sont invit\u00e9s \u00e0 d\u00e9couvrir le [&hellip;]","twitter_image":"https:\/\/vosgesinfo.fr\/app\/uploads\/sites\/5\/2024\/09\/2020092161.jpg","twitter_creator":"@VosgesInfo88","twitter_site":"@VosgesInfo88","twitter_misc":{"\u00c9crit par":"C D","Dur\u00e9e de lecture estim\u00e9e":"2 minutes"},"schema":{"@context":"https:\/\/schema.org","@graph":[{"@type":"Article","@id":"https:\/\/vosgesinfo.fr\/remiremontinfo\/2020\/09\/remiremont-seul-mars-capitaine-nexus-vi\/#article","isPartOf":{"@id":"https:\/\/vosgesinfo.fr\/remiremontinfo\/2020\/09\/remiremont-seul-mars-capitaine-nexus-vi\/"},"author":{"name":"C D","@id":"https:\/\/vosgesinfo.fr\/remiremontinfo\/#\/schema\/person\/3bfd164d5218a185b1db68655a265316"},"headline":"Remiremont : \u00ab Seul sur Mars \u00bb avec le capitaine du Nexus VI","datePublished":"2020-09-26T03:45:02+00:00","dateModified":"2020-09-26T03:45:02+00:00","mainEntityOfPage":{"@id":"https:\/\/vosgesinfo.fr\/remiremontinfo\/2020\/09\/remiremont-seul-mars-capitaine-nexus-vi\/"},"wordCount":318,"commentCount":0,"publisher":{"@id":"https:\/\/vosgesinfo.fr\/remiremontinfo\/#organization"},"image":{"@id":"https:\/\/vosgesinfo.fr\/remiremontinfo\/2020\/09\/remiremont-seul-mars-capitaine-nexus-vi\/#primaryimage"},"thumbnailUrl":"https:\/\/vosgesinfo.fr\/app\/uploads\/sites\/5\/2024\/09\/2020092161.jpg","articleSection":["A la Une","Culture","Remiremont","Remiremont &amp; son canton"],"inLanguage":"fr-FR","potentialAction":[{"@type":"CommentAction","name":"Comment","target":["https:\/\/vosgesinfo.fr\/remiremontinfo\/2020\/09\/remiremont-seul-mars-capitaine-nexus-vi\/#respond"]}]},{"@type":"WebPage","@id":"https:\/\/vosgesinfo.fr\/remiremontinfo\/2020\/09\/remiremont-seul-mars-capitaine-nexus-vi\/","url":"https:\/\/vosgesinfo.fr\/remiremontinfo\/2020\/09\/remiremont-seul-mars-capitaine-nexus-vi\/","name":"Remiremont : \u00ab Seul sur Mars \u00bb avec le capitaine du Nexus VI - Remiremont Info","isPartOf":{"@id":"https:\/\/vosgesinfo.fr\/remiremontinfo\/#website"},"primaryImageOfPage":{"@id":"https:\/\/vosgesinfo.fr\/remiremontinfo\/2020\/09\/remiremont-seul-mars-capitaine-nexus-vi\/#primaryimage"},"image":{"@id":"https:\/\/vosgesinfo.fr\/remiremontinfo\/2020\/09\/remiremont-seul-mars-capitaine-nexus-vi\/#primaryimage"},"thumbnailUrl":"https:\/\/vosgesinfo.fr\/app\/uploads\/sites\/5\/2024\/09\/2020092161.jpg","datePublished":"2020-09-26T03:45:02+00:00","dateModified":"2020-09-26T03:45:02+00:00","breadcrumb":{"@id":"https:\/\/vosgesinfo.fr\/remiremontinfo\/2020\/09\/remiremont-seul-mars-capitaine-nexus-vi\/#breadcrumb"},"inLanguage":"fr-FR","potentialAction":[{"@type":"ReadAction","target":["https:\/\/vosgesinfo.fr\/remiremontinfo\/2020\/09\/remiremont-seul-mars-capitaine-nexus-vi\/"]}]},{"@type":"ImageObject","inLanguage":"fr-FR","@id":"https:\/\/vosgesinfo.fr\/remiremontinfo\/2020\/09\/remiremont-seul-mars-capitaine-nexus-vi\/#primaryimage","url":"https:\/\/vosgesinfo.fr\/app\/uploads\/sites\/5\/2024\/09\/2020092161.jpg","contentUrl":"https:\/\/vosgesinfo.fr\/app\/uploads\/sites\/5\/2024\/09\/2020092161.jpg","width":800,"height":567},{"@type":"BreadcrumbList","@id":"https:\/\/vosgesinfo.fr\/remiremontinfo\/2020\/09\/remiremont-seul-mars-capitaine-nexus-vi\/#breadcrumb","itemListElement":[{"@type":"ListItem","position":1,"name":"Home","item":"https:\/\/vosgesinfo.fr\/remiremontinfo\/"},{"@type":"ListItem","position":2,"name":"Remiremont : \u00ab Seul sur Mars \u00bb avec le capitaine du Nexus VI"}]},{"@type":"WebSite","@id":"https:\/\/vosgesinfo.fr\/remiremontinfo\/#website","url":"https:\/\/vosgesinfo.fr\/remiremontinfo\/","name":"Remiremont Info","description":"Toute l&#039;actualit\u00e9 de Remiremont","publisher":{"@id":"https:\/\/vosgesinfo.fr\/remiremontinfo\/#organization"},"alternateName":"Toute l'actualit\u00e9 de Remiremont","potentialAction":[{"@type":"SearchAction","target":{"@type":"EntryPoint","urlTemplate":"https:\/\/vosgesinfo.fr\/remiremontinfo\/?s={search_term_string}"},"query-input":"required name=search_term_string"}],"inLanguage":"fr-FR"},{"@type":"Organization","@id":"https:\/\/vosgesinfo.fr\/remiremontinfo\/#organization","name":"Remiremont Info","url":"https:\/\/vosgesinfo.fr\/remiremontinfo\/","logo":{"@type":"ImageObject","inLanguage":"fr-FR","@id":"https:\/\/vosgesinfo.fr\/remiremontinfo\/#\/schema\/logo\/image\/","url":"https:\/\/vosgesinfo.fr\/app\/uploads\/sites\/5\/2023\/08\/favicon-remiremontinfo.png","contentUrl":"https:\/\/vosgesinfo.fr\/app\/uploads\/sites\/5\/2023\/08\/favicon-remiremontinfo.png","width":512,"height":512,"caption":"Remiremont Info"},"image":{"@id":"https:\/\/vosgesinfo.fr\/remiremontinfo\/#\/schema\/logo\/image\/"},"sameAs":["https:\/\/www.facebook.com\/remiremontinfo","https:\/\/x.com\/VosgesInfo88","https:\/\/www.youtube.com\/@vosgesinfo"]},{"@type":"Person","@id":"https:\/\/vosgesinfo.fr\/remiremontinfo\/#\/schema\/person\/3bfd164d5218a185b1db68655a265316","name":"C D","image":{"@type":"ImageObject","inLanguage":"fr-FR","@id":"https:\/\/vosgesinfo.fr\/remiremontinfo\/#\/schema\/person\/image\/","url":"https:\/\/secure.gravatar.com\/avatar\/1f9a70007336511a47468b8f1c66f922b8b7cf617b02a31149ada43893a5d48f?s=96&d=mm&r=g","contentUrl":"https:\/\/secure.gravatar.com\/avatar\/1f9a70007336511a47468b8f1c66f922b8b7cf617b02a31149ada43893a5d48f?s=96&d=mm&r=g","caption":"C D"},"url":"https:\/\/vosgesinfo.fr\/remiremontinfo\/author\/cedric-drevet\/"}]}},"_links":{"self":[{"href":"https:\/\/vosgesinfo.fr\/remiremontinfo\/wp-json\/wp\/v2\/posts\/31939","targetHints":{"allow":["GET"]}}],"collection":[{"href":"https:\/\/vosgesinfo.fr\/remiremontinfo\/wp-json\/wp\/v2\/posts"}],"about":[{"href":"https:\/\/vosgesinfo.fr\/remiremontinfo\/wp-json\/wp\/v2\/types\/post"}],"author":[{"embeddable":true,"href":"https:\/\/vosgesinfo.fr\/remiremontinfo\/wp-json\/wp\/v2\/users\/407"}],"replies":[{"embeddable":true,"href":"https:\/\/vosgesinfo.fr\/remiremontinfo\/wp-json\/wp\/v2\/comments?post=31939"}],"version-history":[{"count":0,"href":"https:\/\/vosgesinfo.fr\/remiremontinfo\/wp-json\/wp\/v2\/posts\/31939\/revisions"}],"wp:featuredmedia":[{"embeddable":true,"href":"https:\/\/vosgesinfo.fr\/remiremontinfo\/wp-json\/wp\/v2\/media\/31940"}],"wp:attachment":[{"href":"https:\/\/vosgesinfo.fr\/remiremontinfo\/wp-json\/wp\/v2\/media?parent=31939"}],"wp:term":[{"taxonomy":"category","embeddable":true,"href":"https:\/\/vosgesinfo.fr\/remiremontinfo\/wp-json\/wp\/v2\/categories?post=31939"},{"taxonomy":"post_tag","embeddable":true,"href":"https:\/\/vosgesinfo.fr\/remiremontinfo\/wp-json\/wp\/v2\/tags?post=31939"}],"curies":[{"name":"wp","href":"https:\/\/api.w.org\/{rel}","templated":true}]}}