{"id":31948,"date":"2020-09-26T05:00:52","date_gmt":"2020-09-26T03:00:52","guid":{"rendered":"https:\/\/vosgesinfo.fr\/remiremontinfo\/2020\/09\/remiremont-jattendais-quelquun-9-octobre-theatre-de-miroiterie\/"},"modified":"2020-09-26T05:00:52","modified_gmt":"2020-09-26T03:00:52","slug":"remiremont-jattendais-quelquun-9-octobre-theatre-de-miroiterie","status":"publish","type":"post","link":"https:\/\/vosgesinfo.fr\/remiremontinfo\/2020\/09\/remiremont-jattendais-quelquun-9-octobre-theatre-de-miroiterie\/","title":{"rendered":"Remiremont : \u00ab J&rsquo;attendais Quelqu&rsquo;un \u00bb le 9 octobre au Th\u00e9\u00e2tre de la Miroiterie"},"content":{"rendered":"<h2 style=\"text-align: center;\"><a href=\"\/2020\/09\/Capture-d\u2019\u00e9cran-2020-09-26-122652.png\"><img decoding=\"async\" class=\"alignnone size-full wp-image-296961\" src=\"\/2020\/09\/Capture-d\u2019\u00e9cran-2020-09-26-122652.png\" alt=\"Capture d\u2019\u00e9cran 2020-09-26 122652\" width=\"800\" height=\"586\" \/><\/a><\/h2>\n<h2><span style=\"font-size: 12pt;\"><strong><span style=\"font-family: 'Times New Roman', serif;\">L<\/span><span style=\"font-family: 'Times New Roman', serif;\">&lsquo;association CTPS <\/span><span style=\"font-family: 'Times New Roman', serif;\">propose un spectacle, le v<\/span><span style=\"font-family: 'Times New Roman', serif;\">endredi 09 octobre <\/span><span style=\"font-family: 'Times New Roman', serif;\">prochain<\/span><span style=\"font-family: 'Times New Roman', serif;\"> \u00e0 20h30, au Th\u00e9\u00e2tre de la Miroiterie, <\/span><span style=\"font-family: 'Times New Roman', serif;\">situ\u00e9 au <\/span><span style=\"font-family: 'Times New Roman', serif;\">28 rue de la Joncherie, <\/span><span style=\"font-family: 'Times New Roman', serif;\">\u00e0 Remirmeont. \u00ab\u00a0<\/span><span style=\"font-family: 'Times New Roman', serif;\">L<\/span><span style=\"font-family: 'Times New Roman', serif;\">e Th\u00e9\u00e2tre au Noir\u00a0\u00bb pr\u00e9sentera <\/span><span style=\"font-family: 'Times New Roman', serif;\"> \u00ab\u00a0J&rsquo;attendais Quelqu&rsquo;un\u00a0\u00bb, <\/span><span style=\"font-family: 'Times New Roman', serif;\">a<\/span><span style=\"font-family: 'Times New Roman', serif;\">vec V\u00e9ronique Mangenot et Christian Magnani. Texte et mise en sc\u00e8ne Jacques Rimbert.<\/span><\/strong><\/span><\/h2>\n<p><em><span style=\"font-family: 'Times New Roman', serif;\">\u00ab\u00a0Des mots. Pour diff\u00e9rer ou pour anticiper mais dans tous les cas une suspension de l\u2019action.\u00a0<\/span><span style=\"font-family: 'Times New Roman', serif;\">Souhait\u00e9e ? Regrett\u00e9e ? Avec toutes les ambigu\u00eft\u00e9s des deux c\u00f4t\u00e9s. Jeu de chat et de souris.\u00a0<\/span><span style=\"font-family: 'Times New Roman', serif;\">Chat \u00e9chaud\u00e9 craint l\u2019eau froide. Lui est d\u2019abord \u00e0 l\u2019attaque, drague classique fa\u00e7on macho\u00a0<\/span><span style=\"font-family: 'Times New Roman', serif;\">apparemment s\u00fbr de lui. Beaucoup plus circonspect quand elle lui aura \u00ab r\u00e9gl\u00e9 son compte\u00a0<\/span><span style=\"font-family: 'Times New Roman', serif;\">\u00bb. Mensonges. Frime. On gagne du temps pour savoir ce qu\u2019on va dire. On joue au poker\u00a0<\/span><span style=\"font-family: 'Times New Roman', serif;\">menteur. Tous deux attendent qu\u2019il se passe quelque chose. Mais lui aurait voulu que \u00e7a aille\u00a0<\/span><span style=\"font-family: 'Times New Roman', serif;\">vite. C\u2019est elle qui l\u2019oblige \u00e0 parler. Tout en se d\u00e9fendant d\u2019attendre une rencontre, en la\u00a0<\/span>diff\u00e9rant, elle la rend peut-\u00eatre ainsi possible\u00a0\u00bb<\/em><\/p>\n<p><span style=\"font-family: 'Times New Roman', serif;\"><em><strong>Dur\u00e9e :<\/strong><\/em> 1h00<\/span><\/p>\n<p><em><strong><span style=\"font-family: 'Times New Roman', serif;\">Tarifs<\/span><span style=\"font-family: 'Times New Roman', serif;\"> :<\/span><\/strong><\/em><\/p>\n<p><span style=\"font-family: 'Times New Roman', serif;\">Tarif plein : 10 euros<\/span><\/p>\n<p><span style=\"font-family: 'Times New Roman', serif;\">Tarif r\u00e9duit : 8 euros <\/span><\/p>\n<p><em><span style=\"font-family: 'Times New Roman', serif;\">Les ch\u00e8ques vacances sont accept\u00e9s mais nous ne rendons pas la monnaie.<\/span><\/em><\/p>\n<p><span style=\"font-family: 'Times New Roman', serif;\">R\u00e8glement par CB accept\u00e9<\/span><\/p>\n<p><span style=\"font-family: 'Times New Roman', serif;\">Une r\u00e9servation est vivement conseill\u00e9e au 07.49.29.33.37<\/span><\/p>\n<p><span style=\"font-family: 'Times New Roman', serif;\">(L<\/span><span style=\"font-family: 'Times New Roman', serif;\">e port du masque est obligatoire<\/span><span style=\"font-family: 'Times New Roman', serif;\">)<\/span><\/p>\n<p style=\"text-align: center;\"><a href=\"\/2020\/09\/attendais-quelqu-un-de-jacques-rimbert-theatre-au-noir_500595.jpg\"><img decoding=\"async\" class=\"alignnone size-full wp-image-296960\" src=\"\/2020\/09\/attendais-quelqu-un-de-jacques-rimbert-theatre-au-noir_500595.jpg\" alt=\"attendais-quelqu-un-de-jacques-rimbert-theatre-au-noir_500595\" width=\"400\" height=\"567\" \/><\/a><\/p>\n","protected":false},"excerpt":{"rendered":"<p>L&lsquo;association CTPS propose un spectacle, le vendredi 09 octobre prochain \u00e0 20h30, au Th\u00e9\u00e2tre de la Miroiterie, situ\u00e9 au 28 [&hellip;]<\/p>\n","protected":false},"author":407,"featured_media":31949,"comment_status":"open","ping_status":"open","sticky":false,"template":"","format":"standard","meta":{"footnotes":""},"categories":[26,4,1556,35],"tags":[],"class_list":["post-31948","post","type-post","status-publish","format-standard","has-post-thumbnail","hentry","category-a-la-une","category-culture","category-remiremont-remiremont-son-canton-2","category-remiremont-son-canton"],"acf":[],"yoast_head":"<!-- This site is optimized with the Yoast SEO plugin v22.5 - https:\/\/yoast.com\/wordpress\/plugins\/seo\/ -->\n<title>Remiremont : \u00ab J&#039;attendais Quelqu&#039;un \u00bb le 9 octobre au Th\u00e9\u00e2tre de la Miroiterie - Remiremont Info<\/title>\n<meta name=\"robots\" content=\"index, follow, max-snippet:-1, max-image-preview:large, max-video-preview:-1\" \/>\n<link rel=\"canonical\" href=\"https:\/\/vosgesinfo.fr\/remiremontinfo\/2020\/09\/remiremont-jattendais-quelquun-9-octobre-theatre-de-miroiterie\/\" \/>\n<meta name=\"twitter:card\" content=\"summary_large_image\" \/>\n<meta name=\"twitter:title\" content=\"Remiremont : \u00ab J&#039;attendais Quelqu&#039;un \u00bb le 9 octobre au Th\u00e9\u00e2tre de la Miroiterie - Remiremont Info\" \/>\n<meta name=\"twitter:description\" content=\"L&lsquo;association CTPS propose un spectacle, le vendredi 09 octobre prochain \u00e0 20h30, au Th\u00e9\u00e2tre de la Miroiterie, situ\u00e9 au 28 [&hellip;]\" \/>\n<meta name=\"twitter:image\" content=\"https:\/\/vosgesinfo.fr\/app\/uploads\/sites\/5\/2024\/09\/202009capture-decran-2020-09-26-122652.png\" \/>\n<meta name=\"twitter:creator\" content=\"@VosgesInfo88\" \/>\n<meta name=\"twitter:site\" content=\"@VosgesInfo88\" \/>\n<meta name=\"twitter:label1\" content=\"\u00c9crit par\" \/>\n\t<meta name=\"twitter:data1\" content=\"C D\" \/>\n\t<meta name=\"twitter:label2\" content=\"Dur\u00e9e de lecture estim\u00e9e\" \/>\n\t<meta name=\"twitter:data2\" content=\"1 minute\" \/>\n<script type=\"application\/ld+json\" class=\"yoast-schema-graph\">{\"@context\":\"https:\/\/schema.org\",\"@graph\":[{\"@type\":\"Article\",\"@id\":\"https:\/\/vosgesinfo.fr\/remiremontinfo\/2020\/09\/remiremont-jattendais-quelquun-9-octobre-theatre-de-miroiterie\/#article\",\"isPartOf\":{\"@id\":\"https:\/\/vosgesinfo.fr\/remiremontinfo\/2020\/09\/remiremont-jattendais-quelquun-9-octobre-theatre-de-miroiterie\/\"},\"author\":{\"name\":\"C D\",\"@id\":\"https:\/\/vosgesinfo.fr\/remiremontinfo\/#\/schema\/person\/3bfd164d5218a185b1db68655a265316\"},\"headline\":\"Remiremont : \u00ab J&rsquo;attendais Quelqu&rsquo;un \u00bb le 9 octobre au Th\u00e9\u00e2tre de la Miroiterie\",\"datePublished\":\"2020-09-26T03:00:52+00:00\",\"dateModified\":\"2020-09-26T03:00:52+00:00\",\"mainEntityOfPage\":{\"@id\":\"https:\/\/vosgesinfo.fr\/remiremontinfo\/2020\/09\/remiremont-jattendais-quelquun-9-octobre-theatre-de-miroiterie\/\"},\"wordCount\":245,\"commentCount\":0,\"publisher\":{\"@id\":\"https:\/\/vosgesinfo.fr\/remiremontinfo\/#organization\"},\"image\":{\"@id\":\"https:\/\/vosgesinfo.fr\/remiremontinfo\/2020\/09\/remiremont-jattendais-quelquun-9-octobre-theatre-de-miroiterie\/#primaryimage\"},\"thumbnailUrl\":\"https:\/\/vosgesinfo.fr\/app\/uploads\/sites\/5\/2024\/09\/202009capture-decran-2020-09-26-122652.png\",\"articleSection\":[\"A la Une\",\"Culture\",\"Remiremont\",\"Remiremont &amp; son canton\"],\"inLanguage\":\"fr-FR\",\"potentialAction\":[{\"@type\":\"CommentAction\",\"name\":\"Comment\",\"target\":[\"https:\/\/vosgesinfo.fr\/remiremontinfo\/2020\/09\/remiremont-jattendais-quelquun-9-octobre-theatre-de-miroiterie\/#respond\"]}]},{\"@type\":\"WebPage\",\"@id\":\"https:\/\/vosgesinfo.fr\/remiremontinfo\/2020\/09\/remiremont-jattendais-quelquun-9-octobre-theatre-de-miroiterie\/\",\"url\":\"https:\/\/vosgesinfo.fr\/remiremontinfo\/2020\/09\/remiremont-jattendais-quelquun-9-octobre-theatre-de-miroiterie\/\",\"name\":\"Remiremont : \u00ab J'attendais Quelqu'un \u00bb le 9 octobre au Th\u00e9\u00e2tre de la Miroiterie - Remiremont Info\",\"isPartOf\":{\"@id\":\"https:\/\/vosgesinfo.fr\/remiremontinfo\/#website\"},\"primaryImageOfPage\":{\"@id\":\"https:\/\/vosgesinfo.fr\/remiremontinfo\/2020\/09\/remiremont-jattendais-quelquun-9-octobre-theatre-de-miroiterie\/#primaryimage\"},\"image\":{\"@id\":\"https:\/\/vosgesinfo.fr\/remiremontinfo\/2020\/09\/remiremont-jattendais-quelquun-9-octobre-theatre-de-miroiterie\/#primaryimage\"},\"thumbnailUrl\":\"https:\/\/vosgesinfo.fr\/app\/uploads\/sites\/5\/2024\/09\/202009capture-decran-2020-09-26-122652.png\",\"datePublished\":\"2020-09-26T03:00:52+00:00\",\"dateModified\":\"2020-09-26T03:00:52+00:00\",\"breadcrumb\":{\"@id\":\"https:\/\/vosgesinfo.fr\/remiremontinfo\/2020\/09\/remiremont-jattendais-quelquun-9-octobre-theatre-de-miroiterie\/#breadcrumb\"},\"inLanguage\":\"fr-FR\",\"potentialAction\":[{\"@type\":\"ReadAction\",\"target\":[\"https:\/\/vosgesinfo.fr\/remiremontinfo\/2020\/09\/remiremont-jattendais-quelquun-9-octobre-theatre-de-miroiterie\/\"]}]},{\"@type\":\"ImageObject\",\"inLanguage\":\"fr-FR\",\"@id\":\"https:\/\/vosgesinfo.fr\/remiremontinfo\/2020\/09\/remiremont-jattendais-quelquun-9-octobre-theatre-de-miroiterie\/#primaryimage\",\"url\":\"https:\/\/vosgesinfo.fr\/app\/uploads\/sites\/5\/2024\/09\/202009capture-decran-2020-09-26-122652.png\",\"contentUrl\":\"https:\/\/vosgesinfo.fr\/app\/uploads\/sites\/5\/2024\/09\/202009capture-decran-2020-09-26-122652.png\",\"width\":800,\"height\":586},{\"@type\":\"BreadcrumbList\",\"@id\":\"https:\/\/vosgesinfo.fr\/remiremontinfo\/2020\/09\/remiremont-jattendais-quelquun-9-octobre-theatre-de-miroiterie\/#breadcrumb\",\"itemListElement\":[{\"@type\":\"ListItem\",\"position\":1,\"name\":\"Home\",\"item\":\"https:\/\/vosgesinfo.fr\/remiremontinfo\/\"},{\"@type\":\"ListItem\",\"position\":2,\"name\":\"Remiremont : \u00ab J&rsquo;attendais Quelqu&rsquo;un \u00bb le 9 octobre au Th\u00e9\u00e2tre de la Miroiterie\"}]},{\"@type\":\"WebSite\",\"@id\":\"https:\/\/vosgesinfo.fr\/remiremontinfo\/#website\",\"url\":\"https:\/\/vosgesinfo.fr\/remiremontinfo\/\",\"name\":\"Remiremont Info\",\"description\":\"Toute l&#039;actualit\u00e9 de Remiremont\",\"publisher\":{\"@id\":\"https:\/\/vosgesinfo.fr\/remiremontinfo\/#organization\"},\"alternateName\":\"Toute l'actualit\u00e9 de Remiremont\",\"potentialAction\":[{\"@type\":\"SearchAction\",\"target\":{\"@type\":\"EntryPoint\",\"urlTemplate\":\"https:\/\/vosgesinfo.fr\/remiremontinfo\/?s={search_term_string}\"},\"query-input\":\"required name=search_term_string\"}],\"inLanguage\":\"fr-FR\"},{\"@type\":\"Organization\",\"@id\":\"https:\/\/vosgesinfo.fr\/remiremontinfo\/#organization\",\"name\":\"Remiremont Info\",\"url\":\"https:\/\/vosgesinfo.fr\/remiremontinfo\/\",\"logo\":{\"@type\":\"ImageObject\",\"inLanguage\":\"fr-FR\",\"@id\":\"https:\/\/vosgesinfo.fr\/remiremontinfo\/#\/schema\/logo\/image\/\",\"url\":\"https:\/\/vosgesinfo.fr\/app\/uploads\/sites\/5\/2023\/08\/favicon-remiremontinfo.png\",\"contentUrl\":\"https:\/\/vosgesinfo.fr\/app\/uploads\/sites\/5\/2023\/08\/favicon-remiremontinfo.png\",\"width\":512,\"height\":512,\"caption\":\"Remiremont Info\"},\"image\":{\"@id\":\"https:\/\/vosgesinfo.fr\/remiremontinfo\/#\/schema\/logo\/image\/\"},\"sameAs\":[\"https:\/\/www.facebook.com\/remiremontinfo\",\"https:\/\/x.com\/VosgesInfo88\",\"https:\/\/www.youtube.com\/@vosgesinfo\"]},{\"@type\":\"Person\",\"@id\":\"https:\/\/vosgesinfo.fr\/remiremontinfo\/#\/schema\/person\/3bfd164d5218a185b1db68655a265316\",\"name\":\"C D\",\"image\":{\"@type\":\"ImageObject\",\"inLanguage\":\"fr-FR\",\"@id\":\"https:\/\/vosgesinfo.fr\/remiremontinfo\/#\/schema\/person\/image\/\",\"url\":\"https:\/\/secure.gravatar.com\/avatar\/1f9a70007336511a47468b8f1c66f922b8b7cf617b02a31149ada43893a5d48f?s=96&d=mm&r=g\",\"contentUrl\":\"https:\/\/secure.gravatar.com\/avatar\/1f9a70007336511a47468b8f1c66f922b8b7cf617b02a31149ada43893a5d48f?s=96&d=mm&r=g\",\"caption\":\"C D\"},\"url\":\"https:\/\/vosgesinfo.fr\/remiremontinfo\/author\/cedric-drevet\/\"}]}<\/script>\n<!-- \/ Yoast SEO plugin. -->","yoast_head_json":{"title":"Remiremont : \u00ab J'attendais Quelqu'un \u00bb le 9 octobre au Th\u00e9\u00e2tre de la Miroiterie - Remiremont Info","robots":{"index":"index","follow":"follow","max-snippet":"max-snippet:-1","max-image-preview":"max-image-preview:large","max-video-preview":"max-video-preview:-1"},"canonical":"https:\/\/vosgesinfo.fr\/remiremontinfo\/2020\/09\/remiremont-jattendais-quelquun-9-octobre-theatre-de-miroiterie\/","twitter_card":"summary_large_image","twitter_title":"Remiremont : \u00ab J'attendais Quelqu'un \u00bb le 9 octobre au Th\u00e9\u00e2tre de la Miroiterie - Remiremont Info","twitter_description":"L&lsquo;association CTPS propose un spectacle, le vendredi 09 octobre prochain \u00e0 20h30, au Th\u00e9\u00e2tre de la Miroiterie, situ\u00e9 au 28 [&hellip;]","twitter_image":"https:\/\/vosgesinfo.fr\/app\/uploads\/sites\/5\/2024\/09\/202009capture-decran-2020-09-26-122652.png","twitter_creator":"@VosgesInfo88","twitter_site":"@VosgesInfo88","twitter_misc":{"\u00c9crit par":"C D","Dur\u00e9e de lecture estim\u00e9e":"1 minute"},"schema":{"@context":"https:\/\/schema.org","@graph":[{"@type":"Article","@id":"https:\/\/vosgesinfo.fr\/remiremontinfo\/2020\/09\/remiremont-jattendais-quelquun-9-octobre-theatre-de-miroiterie\/#article","isPartOf":{"@id":"https:\/\/vosgesinfo.fr\/remiremontinfo\/2020\/09\/remiremont-jattendais-quelquun-9-octobre-theatre-de-miroiterie\/"},"author":{"name":"C D","@id":"https:\/\/vosgesinfo.fr\/remiremontinfo\/#\/schema\/person\/3bfd164d5218a185b1db68655a265316"},"headline":"Remiremont : \u00ab J&rsquo;attendais Quelqu&rsquo;un \u00bb le 9 octobre au Th\u00e9\u00e2tre de la Miroiterie","datePublished":"2020-09-26T03:00:52+00:00","dateModified":"2020-09-26T03:00:52+00:00","mainEntityOfPage":{"@id":"https:\/\/vosgesinfo.fr\/remiremontinfo\/2020\/09\/remiremont-jattendais-quelquun-9-octobre-theatre-de-miroiterie\/"},"wordCount":245,"commentCount":0,"publisher":{"@id":"https:\/\/vosgesinfo.fr\/remiremontinfo\/#organization"},"image":{"@id":"https:\/\/vosgesinfo.fr\/remiremontinfo\/2020\/09\/remiremont-jattendais-quelquun-9-octobre-theatre-de-miroiterie\/#primaryimage"},"thumbnailUrl":"https:\/\/vosgesinfo.fr\/app\/uploads\/sites\/5\/2024\/09\/202009capture-decran-2020-09-26-122652.png","articleSection":["A la Une","Culture","Remiremont","Remiremont &amp; son canton"],"inLanguage":"fr-FR","potentialAction":[{"@type":"CommentAction","name":"Comment","target":["https:\/\/vosgesinfo.fr\/remiremontinfo\/2020\/09\/remiremont-jattendais-quelquun-9-octobre-theatre-de-miroiterie\/#respond"]}]},{"@type":"WebPage","@id":"https:\/\/vosgesinfo.fr\/remiremontinfo\/2020\/09\/remiremont-jattendais-quelquun-9-octobre-theatre-de-miroiterie\/","url":"https:\/\/vosgesinfo.fr\/remiremontinfo\/2020\/09\/remiremont-jattendais-quelquun-9-octobre-theatre-de-miroiterie\/","name":"Remiremont : \u00ab J'attendais Quelqu'un \u00bb le 9 octobre au Th\u00e9\u00e2tre de la Miroiterie - Remiremont Info","isPartOf":{"@id":"https:\/\/vosgesinfo.fr\/remiremontinfo\/#website"},"primaryImageOfPage":{"@id":"https:\/\/vosgesinfo.fr\/remiremontinfo\/2020\/09\/remiremont-jattendais-quelquun-9-octobre-theatre-de-miroiterie\/#primaryimage"},"image":{"@id":"https:\/\/vosgesinfo.fr\/remiremontinfo\/2020\/09\/remiremont-jattendais-quelquun-9-octobre-theatre-de-miroiterie\/#primaryimage"},"thumbnailUrl":"https:\/\/vosgesinfo.fr\/app\/uploads\/sites\/5\/2024\/09\/202009capture-decran-2020-09-26-122652.png","datePublished":"2020-09-26T03:00:52+00:00","dateModified":"2020-09-26T03:00:52+00:00","breadcrumb":{"@id":"https:\/\/vosgesinfo.fr\/remiremontinfo\/2020\/09\/remiremont-jattendais-quelquun-9-octobre-theatre-de-miroiterie\/#breadcrumb"},"inLanguage":"fr-FR","potentialAction":[{"@type":"ReadAction","target":["https:\/\/vosgesinfo.fr\/remiremontinfo\/2020\/09\/remiremont-jattendais-quelquun-9-octobre-theatre-de-miroiterie\/"]}]},{"@type":"ImageObject","inLanguage":"fr-FR","@id":"https:\/\/vosgesinfo.fr\/remiremontinfo\/2020\/09\/remiremont-jattendais-quelquun-9-octobre-theatre-de-miroiterie\/#primaryimage","url":"https:\/\/vosgesinfo.fr\/app\/uploads\/sites\/5\/2024\/09\/202009capture-decran-2020-09-26-122652.png","contentUrl":"https:\/\/vosgesinfo.fr\/app\/uploads\/sites\/5\/2024\/09\/202009capture-decran-2020-09-26-122652.png","width":800,"height":586},{"@type":"BreadcrumbList","@id":"https:\/\/vosgesinfo.fr\/remiremontinfo\/2020\/09\/remiremont-jattendais-quelquun-9-octobre-theatre-de-miroiterie\/#breadcrumb","itemListElement":[{"@type":"ListItem","position":1,"name":"Home","item":"https:\/\/vosgesinfo.fr\/remiremontinfo\/"},{"@type":"ListItem","position":2,"name":"Remiremont : \u00ab J&rsquo;attendais Quelqu&rsquo;un \u00bb le 9 octobre au Th\u00e9\u00e2tre de la Miroiterie"}]},{"@type":"WebSite","@id":"https:\/\/vosgesinfo.fr\/remiremontinfo\/#website","url":"https:\/\/vosgesinfo.fr\/remiremontinfo\/","name":"Remiremont Info","description":"Toute l&#039;actualit\u00e9 de Remiremont","publisher":{"@id":"https:\/\/vosgesinfo.fr\/remiremontinfo\/#organization"},"alternateName":"Toute l'actualit\u00e9 de Remiremont","potentialAction":[{"@type":"SearchAction","target":{"@type":"EntryPoint","urlTemplate":"https:\/\/vosgesinfo.fr\/remiremontinfo\/?s={search_term_string}"},"query-input":"required name=search_term_string"}],"inLanguage":"fr-FR"},{"@type":"Organization","@id":"https:\/\/vosgesinfo.fr\/remiremontinfo\/#organization","name":"Remiremont Info","url":"https:\/\/vosgesinfo.fr\/remiremontinfo\/","logo":{"@type":"ImageObject","inLanguage":"fr-FR","@id":"https:\/\/vosgesinfo.fr\/remiremontinfo\/#\/schema\/logo\/image\/","url":"https:\/\/vosgesinfo.fr\/app\/uploads\/sites\/5\/2023\/08\/favicon-remiremontinfo.png","contentUrl":"https:\/\/vosgesinfo.fr\/app\/uploads\/sites\/5\/2023\/08\/favicon-remiremontinfo.png","width":512,"height":512,"caption":"Remiremont Info"},"image":{"@id":"https:\/\/vosgesinfo.fr\/remiremontinfo\/#\/schema\/logo\/image\/"},"sameAs":["https:\/\/www.facebook.com\/remiremontinfo","https:\/\/x.com\/VosgesInfo88","https:\/\/www.youtube.com\/@vosgesinfo"]},{"@type":"Person","@id":"https:\/\/vosgesinfo.fr\/remiremontinfo\/#\/schema\/person\/3bfd164d5218a185b1db68655a265316","name":"C D","image":{"@type":"ImageObject","inLanguage":"fr-FR","@id":"https:\/\/vosgesinfo.fr\/remiremontinfo\/#\/schema\/person\/image\/","url":"https:\/\/secure.gravatar.com\/avatar\/1f9a70007336511a47468b8f1c66f922b8b7cf617b02a31149ada43893a5d48f?s=96&d=mm&r=g","contentUrl":"https:\/\/secure.gravatar.com\/avatar\/1f9a70007336511a47468b8f1c66f922b8b7cf617b02a31149ada43893a5d48f?s=96&d=mm&r=g","caption":"C D"},"url":"https:\/\/vosgesinfo.fr\/remiremontinfo\/author\/cedric-drevet\/"}]}},"_links":{"self":[{"href":"https:\/\/vosgesinfo.fr\/remiremontinfo\/wp-json\/wp\/v2\/posts\/31948","targetHints":{"allow":["GET"]}}],"collection":[{"href":"https:\/\/vosgesinfo.fr\/remiremontinfo\/wp-json\/wp\/v2\/posts"}],"about":[{"href":"https:\/\/vosgesinfo.fr\/remiremontinfo\/wp-json\/wp\/v2\/types\/post"}],"author":[{"embeddable":true,"href":"https:\/\/vosgesinfo.fr\/remiremontinfo\/wp-json\/wp\/v2\/users\/407"}],"replies":[{"embeddable":true,"href":"https:\/\/vosgesinfo.fr\/remiremontinfo\/wp-json\/wp\/v2\/comments?post=31948"}],"version-history":[{"count":0,"href":"https:\/\/vosgesinfo.fr\/remiremontinfo\/wp-json\/wp\/v2\/posts\/31948\/revisions"}],"wp:featuredmedia":[{"embeddable":true,"href":"https:\/\/vosgesinfo.fr\/remiremontinfo\/wp-json\/wp\/v2\/media\/31949"}],"wp:attachment":[{"href":"https:\/\/vosgesinfo.fr\/remiremontinfo\/wp-json\/wp\/v2\/media?parent=31948"}],"wp:term":[{"taxonomy":"category","embeddable":true,"href":"https:\/\/vosgesinfo.fr\/remiremontinfo\/wp-json\/wp\/v2\/categories?post=31948"},{"taxonomy":"post_tag","embeddable":true,"href":"https:\/\/vosgesinfo.fr\/remiremontinfo\/wp-json\/wp\/v2\/tags?post=31948"}],"curies":[{"name":"wp","href":"https:\/\/api.w.org\/{rel}","templated":true}]}}