{"id":31953,"date":"2020-09-26T08:26:01","date_gmt":"2020-09-26T06:26:01","guid":{"rendered":"https:\/\/vosgesinfo.fr\/remiremontinfo\/2020\/09\/remiremont-trois-auteurs-recompenses-90eme-edition-prix-erckmann-chatrian\/"},"modified":"2020-09-26T08:26:01","modified_gmt":"2020-09-26T06:26:01","slug":"remiremont-trois-auteurs-recompenses-90eme-edition-prix-erckmann-chatrian","status":"publish","type":"post","link":"https:\/\/vosgesinfo.fr\/remiremontinfo\/2020\/09\/remiremont-trois-auteurs-recompenses-90eme-edition-prix-erckmann-chatrian\/","title":{"rendered":"Remiremont\u00a0: trois auteurs r\u00e9compens\u00e9s pour la 90\u00e8me \u00e9dition du prix Erckmann-Chatrian"},"content":{"rendered":"<p style=\"text-align: center;\"><a href=\"\/2020\/09\/DSC_03561.jpg\"><img decoding=\"async\" class=\"alignnone size-full wp-image-296992\" src=\"\/2020\/09\/DSC_03561.jpg\" alt=\"DSC_0356\" width=\"800\" height=\"559\" \/><\/a><\/p>\n<h2><span style=\"font-size: 12pt;\"><strong><span style=\"font-family: 'Times New Roman', serif;\">La remise des 90\u00e8me Prix Erckmann-Chatrian a eu lieu ce samedi matin, au Grand Salon de l&rsquo;H\u00f4tel de Ville de Remiremont. 3 auteurs ont \u00e9t\u00e9 distingu\u00e9s\u00a0: Isabelle Flaten, Isabelle Laurent et Dominique-Fran\u00e7ois Bareth.<\/span><\/strong><\/span><\/h2>\n<p><span style=\"font-family: 'Times New Roman', serif;\">Le prix, surnomm\u00e9 le \u00ab\u00a0Goncourt Lorrain\u00a0\u00bb, a \u00e9t\u00e9 attribu\u00e9 cette ann\u00e9e \u00e0 Isabelle Flaten, pour son roman \u00ab\u00a0Adelphe\u00a0\u00bb, publi\u00e9 aux \u00e9ditions Le Nouvel Attila. Isabelle Flaten s\u2019est montr\u00e9e tr\u00e8s \u00e9mue. S\u2019il n\u2019\u00e9crit pas recevoir un prix, l\u2019auteur affirme cependant que \u00ab\u00a0c\u2019est vraiment une grande fiert\u00e9\u00a0\u00bb, de figurer au c\u00f4t\u00e9 de grands noms de la litt\u00e9rature, dans un \u00ab\u00a0catalogue\u00a0\u00bb de prix. La laur\u00e9ate s\u2019est install\u00e9e en Lorraine depuis un moment un maintenant. \u00ab\u00a0C\u2019est un peu comme si la Lorraine m\u2019avait d\u00e9livr\u00e9 un certificat d\u2019adoption. Comme si la Lorraine m\u2019avais naturalis\u00e9e\u00a0\u00bb.<\/span><\/p>\n<p style=\"text-align: left;\"><i><span style=\"font-family: 'Times New Roman', serif;\"><a href=\"\/2020\/09\/DSC_03541.jpg\"><img decoding=\"async\" class=\" wp-image-296979 alignleft\" src=\"\/2020\/09\/DSC_03541.jpg\" alt=\"DSC_0354\" width=\"297\" height=\"198\" \/><\/a><\/span><\/i><strong><em><span style=\"font-family: 'Times New Roman', serif;\">A<\/span><span style=\"font-family: 'Times New Roman', serif;\">delphe<\/span><\/em><\/strong><\/p>\n<p style=\"text-align: left;\"><em><span style=\"font-family: 'Times New Roman', serif;\">\u00ab\u00a0\u00c0 la sortie de la guerre, les hommes sont rares, ou en mauvais \u00e9tat\u2026 C\u2019est le temps des r\u00e9volutions, de l\u2019Europe, mais aussi des femmes\u2026 des femmes conscientes de leur pouvoir, qui s\u2019\u00e9mancipent de leurs foyers, tirent les ficelles, et se r\u00e9approprient leur destin. Le jour o\u00f9 Gabrielle Thomas, dans sa paisible bourgade, tend \u00e0 Adelphe le pasteur un exemplaire de N\u00eane, prix Goncourt de l\u2019ann\u00e9e, que chacun lit et annote \u00e0 son tour, la vie des personnages bascule, les lois divines et terrestres sont menac\u00e9es \u00bb.<\/span><\/em><\/p>\n<p><span style=\"font-family: 'Times New Roman', serif;\">Par ailleurs, deux autres prix ont \u00e9t\u00e9 d\u00e9cern\u00e9s <\/span><span style=\"font-family: 'Times New Roman', serif;\">par le jury<\/span><span style=\"font-family: 'Times New Roman', serif;\">. La Bourse Lorraine a r\u00e9compens\u00e9 \u00ab\u00a0Marraine du djebel\u00a0\u00bb de Isabelle Laurent, publi\u00e9 aux \u00e9ditions Michalon.\u00a0<\/span><span style=\"font-family: 'Times New Roman', serif;\">La pr\u00e9sentation, et lecture d\u2019un passage du livre aura sans doute attis\u00e9 la curiosit\u00e9 du lecteur pr\u00e9sent dans la salle, et l\u2019envie d\u2019en\u00a0d\u00e9couvrir plus.<\/span><\/p>\n<p style=\"text-align: left;\"><strong><em><span style=\"font-family: 'Times New Roman', serif;\">Marraine du djebel<\/span><\/em><\/strong><\/p>\n<p style=\"text-align: left;\"><em><span style=\"font-family: 'Times New Roman', serif;\">\u00ab\u00a0\u00c0 vingt ans, Pierre Simon quitte ses Vosges natales et la ferme familiale pour d\u00e9barquer en Alg\u00e9rie, aux c\u00f4t\u00e9s d&rsquo;autres soldats venus des quatre coins de <a href=\"\/2020\/09\/DSC_0319.jpg\"><img decoding=\"async\" class=\" wp-image-296970 alignright\" src=\"\/2020\/09\/DSC_0319.jpg\" alt=\"DSC_0319\" width=\"322\" height=\"214\" \/><\/a>la m\u00e9tropole, tous appel\u00e9s \u00e0 la fin des ann\u00e9es 50, dans le cadre de leur service national, \u00e0 renforcer la pr\u00e9sence militaire en Alg\u00e9rie. Le 11 f\u00e9vrier 1958, il \u00e9crit sa premi\u00e8re lettre \u00e0 Georgette Kollmann. La correspondance entre Pierre et Georgette courra tout au long des 21 mois de mobilisation du jeune homme\u00a0\u00bb.<\/span><\/em><\/p>\n<p><span style=\"font-family: 'Times New Roman', serif;\">La Bourse Histoire a \u00e9t\u00e9 d\u00e9cern\u00e9e \u00e0 Dominique-Fran\u00e7ois Bareth, pour \u00ab\u00a0La D\u00e9cision secr\u00e8te d\u2019Eisenhower &#8211; Saint-Di\u00e9 24 novembre 1944\u00a0\u00bb, publi\u00e9 aux \u00e9ditions La Nu\u00e9e bleue. Le laur\u00e9at a d\u00e9cid\u00e9 de reverser le montant de son prix \u00e0 l\u2019h\u00f4pital de Remiremont, o\u00f9 sa fille a \u00e9t\u00e9 \u00ab\u00a0admirablement soign\u00e9e\u00a0\u00bb, il y a une quinzaine d\u2019ann\u00e9es, suite \u00e0 un accident survenu \u00e0 G\u00e9rardmer.<\/span><\/p>\n<p style=\"text-align: left;\"><strong><em><span style=\"font-family: 'Times New Roman', serif;\">La D\u00e9cision secr\u00e8te d\u2019Eisenhower<\/span><\/em><\/strong><\/p>\n<p style=\"text-align: left;\"><em><span style=\"font-family: 'Times New Roman', serif;\">\u00ab\u00a0Le 23 novembre 1944, en pleine offensive alli\u00e9e dans les Vosges, une conf\u00e9rence secr\u00e8te a r\u00e9uni \u00e0 Saint-Di\u00e9-des-Vosges le QG des arm\u00e9es alli\u00e9es en Europe occidentale. Le g\u00e9n\u00e9ral Eisenhower, commandant supr\u00eame des troupes alli\u00e9es, y prend alors une d\u00e9cision, \u00e0 la fois politique et militaire, parmi les <a href=\"\/2020\/09\/DSC_03262.jpg\"><img decoding=\"async\" class=\" wp-image-296974 alignleft\" src=\"\/2020\/09\/DSC_03262.jpg\" alt=\"DSC_0326\" width=\"332\" height=\"220\" \/><\/a>plus graves de la guerre : celle de ne pas passer le Rhin. Sans vouloir refaire l\u2019Histoire, quelles auraient pu \u00eatre les cons\u00e9quences d\u2019un choix plus audacieux d\u2019Eisenhower en ce 23 novembre s\u2019il avait suivi le plan de Devers ? Aurait-il pu lib\u00e9rer imm\u00e9diatement tout l\u2019est de la France, raccourcir la guerre de plusieurs mois , \u00e9viter la Poche de Colmar, l\u2019offensive allemande des Ardennes et des dizaines de milliers de morts ? Ce livre apporte un nouveau regard sur la Lib\u00e9ration de l\u2019Alsace et de la Lorraine, gr\u00e2ce \u00e0 l\u2019\u00e9tude des sources am\u00e9ricaines inconnues en France \u00bb.<\/span><\/em><\/p>\n<p><strong><em><span style=\"font-family: 'Times New Roman', serif;\">Une tradition de promotion de la culture fran\u00e7aise issue de Lorraine<\/span><\/em><\/strong><\/p>\n<p><span style=\"font-family: 'Times New Roman', serif;\">Le 17 juillet 1913, \u00c9mile Hinzelin, \u00e9crivain, membre de l\u2019Acad\u00e9mie Fran\u00e7aise, et Georges Sadler, musicien et homme de Lettres, r\u00e9unissent \u00e0 Nancy une vingtaine de personnalit\u00e9s lorraines. Ils leur proposent la cr\u00e9ation d\u2019une Soci\u00e9t\u00e9 Erckmann-Chatrian. Le d\u00e9but d\u2019une longue histoire.<\/span><\/p>\n<p><span style=\"font-family: 'Times New Roman', serif;\">Durant la premi\u00e8re Guerre mondiale, la Soci\u00e9t\u00e9 consacre toute son \u00e9nergie et ses moyens au soutien des r\u00e9fugi\u00e9s lorrains et alsaciens, \u00e0 l\u2019organisation de conf\u00e9rences, repr\u00e9sentations th\u00e9\u00e2trales et autres manifestations culturelles destin\u00e9es \u00e0 rassembler les fonds n\u00e9cessaires \u00e0 ses activit\u00e9s.<\/span><\/p>\n<p><span style=\"font-family: 'Times New Roman', serif;\">Depuis sa cr\u00e9ation, soutenu par les collectivit\u00e9s locales et territoriales de Lorraine, le Prix Erckmann-Chatrian est attribu\u00e9 tous les ans, sauf de 1940 \u00e0 1944. On devine pourquoi. Il acquiert tr\u00e8s vite une belle notori\u00e9t\u00e9 : d\u00e8s 1945, la presse nationale le baptise le \u00ab Goncourt Lorrain \u00bb.<\/span><\/p>\n\n<h2><\/h2>\n","protected":false},"excerpt":{"rendered":"<p>La remise des 90\u00e8me Prix Erckmann-Chatrian a eu lieu ce samedi matin, au Grand Salon de l&rsquo;H\u00f4tel de Ville de [&hellip;]<\/p>\n","protected":false},"author":407,"featured_media":31954,"comment_status":"open","ping_status":"open","sticky":false,"template":"","format":"standard","meta":{"footnotes":""},"categories":[26,4,1556,35],"tags":[],"class_list":["post-31953","post","type-post","status-publish","format-standard","has-post-thumbnail","hentry","category-a-la-une","category-culture","category-remiremont-remiremont-son-canton-2","category-remiremont-son-canton"],"acf":[],"yoast_head":"<!-- This site is optimized with the Yoast SEO plugin v22.5 - https:\/\/yoast.com\/wordpress\/plugins\/seo\/ -->\n<title>Remiremont\u00a0: trois auteurs r\u00e9compens\u00e9s pour la 90\u00e8me \u00e9dition du prix Erckmann-Chatrian - Remiremont Info<\/title>\n<meta name=\"robots\" content=\"index, follow, max-snippet:-1, max-image-preview:large, max-video-preview:-1\" \/>\n<link rel=\"canonical\" href=\"https:\/\/vosgesinfo.fr\/remiremontinfo\/2020\/09\/remiremont-trois-auteurs-recompenses-90eme-edition-prix-erckmann-chatrian\/\" \/>\n<meta name=\"twitter:card\" content=\"summary_large_image\" \/>\n<meta name=\"twitter:title\" content=\"Remiremont\u00a0: trois auteurs r\u00e9compens\u00e9s pour la 90\u00e8me \u00e9dition du prix Erckmann-Chatrian - Remiremont Info\" \/>\n<meta name=\"twitter:description\" content=\"La remise des 90\u00e8me Prix Erckmann-Chatrian a eu lieu ce samedi matin, au Grand Salon de l&rsquo;H\u00f4tel de Ville de [&hellip;]\" \/>\n<meta name=\"twitter:image\" content=\"https:\/\/vosgesinfo.fr\/app\/uploads\/sites\/5\/2024\/09\/202009dsc-03411.jpg\" \/>\n<meta name=\"twitter:creator\" content=\"@VosgesInfo88\" \/>\n<meta name=\"twitter:site\" content=\"@VosgesInfo88\" \/>\n<meta name=\"twitter:label1\" content=\"\u00c9crit par\" \/>\n\t<meta name=\"twitter:data1\" content=\"C D\" \/>\n\t<meta name=\"twitter:label2\" content=\"Dur\u00e9e de lecture estim\u00e9e\" \/>\n\t<meta name=\"twitter:data2\" content=\"4 minutes\" \/>\n<script type=\"application\/ld+json\" class=\"yoast-schema-graph\">{\"@context\":\"https:\/\/schema.org\",\"@graph\":[{\"@type\":\"Article\",\"@id\":\"https:\/\/vosgesinfo.fr\/remiremontinfo\/2020\/09\/remiremont-trois-auteurs-recompenses-90eme-edition-prix-erckmann-chatrian\/#article\",\"isPartOf\":{\"@id\":\"https:\/\/vosgesinfo.fr\/remiremontinfo\/2020\/09\/remiremont-trois-auteurs-recompenses-90eme-edition-prix-erckmann-chatrian\/\"},\"author\":{\"name\":\"C D\",\"@id\":\"https:\/\/vosgesinfo.fr\/remiremontinfo\/#\/schema\/person\/3bfd164d5218a185b1db68655a265316\"},\"headline\":\"Remiremont\u00a0: trois auteurs r\u00e9compens\u00e9s pour la 90\u00e8me \u00e9dition du prix Erckmann-Chatrian\",\"datePublished\":\"2020-09-26T06:26:01+00:00\",\"dateModified\":\"2020-09-26T06:26:01+00:00\",\"mainEntityOfPage\":{\"@id\":\"https:\/\/vosgesinfo.fr\/remiremontinfo\/2020\/09\/remiremont-trois-auteurs-recompenses-90eme-edition-prix-erckmann-chatrian\/\"},\"wordCount\":794,\"commentCount\":0,\"publisher\":{\"@id\":\"https:\/\/vosgesinfo.fr\/remiremontinfo\/#organization\"},\"image\":{\"@id\":\"https:\/\/vosgesinfo.fr\/remiremontinfo\/2020\/09\/remiremont-trois-auteurs-recompenses-90eme-edition-prix-erckmann-chatrian\/#primaryimage\"},\"thumbnailUrl\":\"https:\/\/vosgesinfo.fr\/app\/uploads\/sites\/5\/2024\/09\/202009dsc-03411.jpg\",\"articleSection\":[\"A la Une\",\"Culture\",\"Remiremont\",\"Remiremont &amp; son canton\"],\"inLanguage\":\"fr-FR\",\"potentialAction\":[{\"@type\":\"CommentAction\",\"name\":\"Comment\",\"target\":[\"https:\/\/vosgesinfo.fr\/remiremontinfo\/2020\/09\/remiremont-trois-auteurs-recompenses-90eme-edition-prix-erckmann-chatrian\/#respond\"]}]},{\"@type\":\"WebPage\",\"@id\":\"https:\/\/vosgesinfo.fr\/remiremontinfo\/2020\/09\/remiremont-trois-auteurs-recompenses-90eme-edition-prix-erckmann-chatrian\/\",\"url\":\"https:\/\/vosgesinfo.fr\/remiremontinfo\/2020\/09\/remiremont-trois-auteurs-recompenses-90eme-edition-prix-erckmann-chatrian\/\",\"name\":\"Remiremont\u00a0: trois auteurs r\u00e9compens\u00e9s pour la 90\u00e8me \u00e9dition du prix Erckmann-Chatrian - Remiremont Info\",\"isPartOf\":{\"@id\":\"https:\/\/vosgesinfo.fr\/remiremontinfo\/#website\"},\"primaryImageOfPage\":{\"@id\":\"https:\/\/vosgesinfo.fr\/remiremontinfo\/2020\/09\/remiremont-trois-auteurs-recompenses-90eme-edition-prix-erckmann-chatrian\/#primaryimage\"},\"image\":{\"@id\":\"https:\/\/vosgesinfo.fr\/remiremontinfo\/2020\/09\/remiremont-trois-auteurs-recompenses-90eme-edition-prix-erckmann-chatrian\/#primaryimage\"},\"thumbnailUrl\":\"https:\/\/vosgesinfo.fr\/app\/uploads\/sites\/5\/2024\/09\/202009dsc-03411.jpg\",\"datePublished\":\"2020-09-26T06:26:01+00:00\",\"dateModified\":\"2020-09-26T06:26:01+00:00\",\"breadcrumb\":{\"@id\":\"https:\/\/vosgesinfo.fr\/remiremontinfo\/2020\/09\/remiremont-trois-auteurs-recompenses-90eme-edition-prix-erckmann-chatrian\/#breadcrumb\"},\"inLanguage\":\"fr-FR\",\"potentialAction\":[{\"@type\":\"ReadAction\",\"target\":[\"https:\/\/vosgesinfo.fr\/remiremontinfo\/2020\/09\/remiremont-trois-auteurs-recompenses-90eme-edition-prix-erckmann-chatrian\/\"]}]},{\"@type\":\"ImageObject\",\"inLanguage\":\"fr-FR\",\"@id\":\"https:\/\/vosgesinfo.fr\/remiremontinfo\/2020\/09\/remiremont-trois-auteurs-recompenses-90eme-edition-prix-erckmann-chatrian\/#primaryimage\",\"url\":\"https:\/\/vosgesinfo.fr\/app\/uploads\/sites\/5\/2024\/09\/202009dsc-03411.jpg\",\"contentUrl\":\"https:\/\/vosgesinfo.fr\/app\/uploads\/sites\/5\/2024\/09\/202009dsc-03411.jpg\",\"width\":629,\"height\":446},{\"@type\":\"BreadcrumbList\",\"@id\":\"https:\/\/vosgesinfo.fr\/remiremontinfo\/2020\/09\/remiremont-trois-auteurs-recompenses-90eme-edition-prix-erckmann-chatrian\/#breadcrumb\",\"itemListElement\":[{\"@type\":\"ListItem\",\"position\":1,\"name\":\"Home\",\"item\":\"https:\/\/vosgesinfo.fr\/remiremontinfo\/\"},{\"@type\":\"ListItem\",\"position\":2,\"name\":\"Remiremont\u00a0: trois auteurs r\u00e9compens\u00e9s pour la 90\u00e8me \u00e9dition du prix Erckmann-Chatrian\"}]},{\"@type\":\"WebSite\",\"@id\":\"https:\/\/vosgesinfo.fr\/remiremontinfo\/#website\",\"url\":\"https:\/\/vosgesinfo.fr\/remiremontinfo\/\",\"name\":\"Remiremont Info\",\"description\":\"Toute l&#039;actualit\u00e9 de Remiremont\",\"publisher\":{\"@id\":\"https:\/\/vosgesinfo.fr\/remiremontinfo\/#organization\"},\"alternateName\":\"Toute l'actualit\u00e9 de Remiremont\",\"potentialAction\":[{\"@type\":\"SearchAction\",\"target\":{\"@type\":\"EntryPoint\",\"urlTemplate\":\"https:\/\/vosgesinfo.fr\/remiremontinfo\/?s={search_term_string}\"},\"query-input\":\"required name=search_term_string\"}],\"inLanguage\":\"fr-FR\"},{\"@type\":\"Organization\",\"@id\":\"https:\/\/vosgesinfo.fr\/remiremontinfo\/#organization\",\"name\":\"Remiremont Info\",\"url\":\"https:\/\/vosgesinfo.fr\/remiremontinfo\/\",\"logo\":{\"@type\":\"ImageObject\",\"inLanguage\":\"fr-FR\",\"@id\":\"https:\/\/vosgesinfo.fr\/remiremontinfo\/#\/schema\/logo\/image\/\",\"url\":\"https:\/\/vosgesinfo.fr\/app\/uploads\/sites\/5\/2023\/08\/favicon-remiremontinfo.png\",\"contentUrl\":\"https:\/\/vosgesinfo.fr\/app\/uploads\/sites\/5\/2023\/08\/favicon-remiremontinfo.png\",\"width\":512,\"height\":512,\"caption\":\"Remiremont Info\"},\"image\":{\"@id\":\"https:\/\/vosgesinfo.fr\/remiremontinfo\/#\/schema\/logo\/image\/\"},\"sameAs\":[\"https:\/\/www.facebook.com\/remiremontinfo\",\"https:\/\/x.com\/VosgesInfo88\",\"https:\/\/www.youtube.com\/@vosgesinfo\"]},{\"@type\":\"Person\",\"@id\":\"https:\/\/vosgesinfo.fr\/remiremontinfo\/#\/schema\/person\/3bfd164d5218a185b1db68655a265316\",\"name\":\"C D\",\"image\":{\"@type\":\"ImageObject\",\"inLanguage\":\"fr-FR\",\"@id\":\"https:\/\/vosgesinfo.fr\/remiremontinfo\/#\/schema\/person\/image\/\",\"url\":\"https:\/\/secure.gravatar.com\/avatar\/1f9a70007336511a47468b8f1c66f922b8b7cf617b02a31149ada43893a5d48f?s=96&d=mm&r=g\",\"contentUrl\":\"https:\/\/secure.gravatar.com\/avatar\/1f9a70007336511a47468b8f1c66f922b8b7cf617b02a31149ada43893a5d48f?s=96&d=mm&r=g\",\"caption\":\"C D\"},\"url\":\"https:\/\/vosgesinfo.fr\/remiremontinfo\/author\/cedric-drevet\/\"}]}<\/script>\n<!-- \/ Yoast SEO plugin. -->","yoast_head_json":{"title":"Remiremont\u00a0: trois auteurs r\u00e9compens\u00e9s pour la 90\u00e8me \u00e9dition du prix Erckmann-Chatrian - Remiremont Info","robots":{"index":"index","follow":"follow","max-snippet":"max-snippet:-1","max-image-preview":"max-image-preview:large","max-video-preview":"max-video-preview:-1"},"canonical":"https:\/\/vosgesinfo.fr\/remiremontinfo\/2020\/09\/remiremont-trois-auteurs-recompenses-90eme-edition-prix-erckmann-chatrian\/","twitter_card":"summary_large_image","twitter_title":"Remiremont\u00a0: trois auteurs r\u00e9compens\u00e9s pour la 90\u00e8me \u00e9dition du prix Erckmann-Chatrian - Remiremont Info","twitter_description":"La remise des 90\u00e8me Prix Erckmann-Chatrian a eu lieu ce samedi matin, au Grand Salon de l&rsquo;H\u00f4tel de Ville de [&hellip;]","twitter_image":"https:\/\/vosgesinfo.fr\/app\/uploads\/sites\/5\/2024\/09\/202009dsc-03411.jpg","twitter_creator":"@VosgesInfo88","twitter_site":"@VosgesInfo88","twitter_misc":{"\u00c9crit par":"C D","Dur\u00e9e de lecture estim\u00e9e":"4 minutes"},"schema":{"@context":"https:\/\/schema.org","@graph":[{"@type":"Article","@id":"https:\/\/vosgesinfo.fr\/remiremontinfo\/2020\/09\/remiremont-trois-auteurs-recompenses-90eme-edition-prix-erckmann-chatrian\/#article","isPartOf":{"@id":"https:\/\/vosgesinfo.fr\/remiremontinfo\/2020\/09\/remiremont-trois-auteurs-recompenses-90eme-edition-prix-erckmann-chatrian\/"},"author":{"name":"C D","@id":"https:\/\/vosgesinfo.fr\/remiremontinfo\/#\/schema\/person\/3bfd164d5218a185b1db68655a265316"},"headline":"Remiremont\u00a0: trois auteurs r\u00e9compens\u00e9s pour la 90\u00e8me \u00e9dition du prix Erckmann-Chatrian","datePublished":"2020-09-26T06:26:01+00:00","dateModified":"2020-09-26T06:26:01+00:00","mainEntityOfPage":{"@id":"https:\/\/vosgesinfo.fr\/remiremontinfo\/2020\/09\/remiremont-trois-auteurs-recompenses-90eme-edition-prix-erckmann-chatrian\/"},"wordCount":794,"commentCount":0,"publisher":{"@id":"https:\/\/vosgesinfo.fr\/remiremontinfo\/#organization"},"image":{"@id":"https:\/\/vosgesinfo.fr\/remiremontinfo\/2020\/09\/remiremont-trois-auteurs-recompenses-90eme-edition-prix-erckmann-chatrian\/#primaryimage"},"thumbnailUrl":"https:\/\/vosgesinfo.fr\/app\/uploads\/sites\/5\/2024\/09\/202009dsc-03411.jpg","articleSection":["A la Une","Culture","Remiremont","Remiremont &amp; son canton"],"inLanguage":"fr-FR","potentialAction":[{"@type":"CommentAction","name":"Comment","target":["https:\/\/vosgesinfo.fr\/remiremontinfo\/2020\/09\/remiremont-trois-auteurs-recompenses-90eme-edition-prix-erckmann-chatrian\/#respond"]}]},{"@type":"WebPage","@id":"https:\/\/vosgesinfo.fr\/remiremontinfo\/2020\/09\/remiremont-trois-auteurs-recompenses-90eme-edition-prix-erckmann-chatrian\/","url":"https:\/\/vosgesinfo.fr\/remiremontinfo\/2020\/09\/remiremont-trois-auteurs-recompenses-90eme-edition-prix-erckmann-chatrian\/","name":"Remiremont\u00a0: trois auteurs r\u00e9compens\u00e9s pour la 90\u00e8me \u00e9dition du prix Erckmann-Chatrian - Remiremont Info","isPartOf":{"@id":"https:\/\/vosgesinfo.fr\/remiremontinfo\/#website"},"primaryImageOfPage":{"@id":"https:\/\/vosgesinfo.fr\/remiremontinfo\/2020\/09\/remiremont-trois-auteurs-recompenses-90eme-edition-prix-erckmann-chatrian\/#primaryimage"},"image":{"@id":"https:\/\/vosgesinfo.fr\/remiremontinfo\/2020\/09\/remiremont-trois-auteurs-recompenses-90eme-edition-prix-erckmann-chatrian\/#primaryimage"},"thumbnailUrl":"https:\/\/vosgesinfo.fr\/app\/uploads\/sites\/5\/2024\/09\/202009dsc-03411.jpg","datePublished":"2020-09-26T06:26:01+00:00","dateModified":"2020-09-26T06:26:01+00:00","breadcrumb":{"@id":"https:\/\/vosgesinfo.fr\/remiremontinfo\/2020\/09\/remiremont-trois-auteurs-recompenses-90eme-edition-prix-erckmann-chatrian\/#breadcrumb"},"inLanguage":"fr-FR","potentialAction":[{"@type":"ReadAction","target":["https:\/\/vosgesinfo.fr\/remiremontinfo\/2020\/09\/remiremont-trois-auteurs-recompenses-90eme-edition-prix-erckmann-chatrian\/"]}]},{"@type":"ImageObject","inLanguage":"fr-FR","@id":"https:\/\/vosgesinfo.fr\/remiremontinfo\/2020\/09\/remiremont-trois-auteurs-recompenses-90eme-edition-prix-erckmann-chatrian\/#primaryimage","url":"https:\/\/vosgesinfo.fr\/app\/uploads\/sites\/5\/2024\/09\/202009dsc-03411.jpg","contentUrl":"https:\/\/vosgesinfo.fr\/app\/uploads\/sites\/5\/2024\/09\/202009dsc-03411.jpg","width":629,"height":446},{"@type":"BreadcrumbList","@id":"https:\/\/vosgesinfo.fr\/remiremontinfo\/2020\/09\/remiremont-trois-auteurs-recompenses-90eme-edition-prix-erckmann-chatrian\/#breadcrumb","itemListElement":[{"@type":"ListItem","position":1,"name":"Home","item":"https:\/\/vosgesinfo.fr\/remiremontinfo\/"},{"@type":"ListItem","position":2,"name":"Remiremont\u00a0: trois auteurs r\u00e9compens\u00e9s pour la 90\u00e8me \u00e9dition du prix Erckmann-Chatrian"}]},{"@type":"WebSite","@id":"https:\/\/vosgesinfo.fr\/remiremontinfo\/#website","url":"https:\/\/vosgesinfo.fr\/remiremontinfo\/","name":"Remiremont Info","description":"Toute l&#039;actualit\u00e9 de Remiremont","publisher":{"@id":"https:\/\/vosgesinfo.fr\/remiremontinfo\/#organization"},"alternateName":"Toute l'actualit\u00e9 de Remiremont","potentialAction":[{"@type":"SearchAction","target":{"@type":"EntryPoint","urlTemplate":"https:\/\/vosgesinfo.fr\/remiremontinfo\/?s={search_term_string}"},"query-input":"required name=search_term_string"}],"inLanguage":"fr-FR"},{"@type":"Organization","@id":"https:\/\/vosgesinfo.fr\/remiremontinfo\/#organization","name":"Remiremont Info","url":"https:\/\/vosgesinfo.fr\/remiremontinfo\/","logo":{"@type":"ImageObject","inLanguage":"fr-FR","@id":"https:\/\/vosgesinfo.fr\/remiremontinfo\/#\/schema\/logo\/image\/","url":"https:\/\/vosgesinfo.fr\/app\/uploads\/sites\/5\/2023\/08\/favicon-remiremontinfo.png","contentUrl":"https:\/\/vosgesinfo.fr\/app\/uploads\/sites\/5\/2023\/08\/favicon-remiremontinfo.png","width":512,"height":512,"caption":"Remiremont Info"},"image":{"@id":"https:\/\/vosgesinfo.fr\/remiremontinfo\/#\/schema\/logo\/image\/"},"sameAs":["https:\/\/www.facebook.com\/remiremontinfo","https:\/\/x.com\/VosgesInfo88","https:\/\/www.youtube.com\/@vosgesinfo"]},{"@type":"Person","@id":"https:\/\/vosgesinfo.fr\/remiremontinfo\/#\/schema\/person\/3bfd164d5218a185b1db68655a265316","name":"C D","image":{"@type":"ImageObject","inLanguage":"fr-FR","@id":"https:\/\/vosgesinfo.fr\/remiremontinfo\/#\/schema\/person\/image\/","url":"https:\/\/secure.gravatar.com\/avatar\/1f9a70007336511a47468b8f1c66f922b8b7cf617b02a31149ada43893a5d48f?s=96&d=mm&r=g","contentUrl":"https:\/\/secure.gravatar.com\/avatar\/1f9a70007336511a47468b8f1c66f922b8b7cf617b02a31149ada43893a5d48f?s=96&d=mm&r=g","caption":"C D"},"url":"https:\/\/vosgesinfo.fr\/remiremontinfo\/author\/cedric-drevet\/"}]}},"_links":{"self":[{"href":"https:\/\/vosgesinfo.fr\/remiremontinfo\/wp-json\/wp\/v2\/posts\/31953","targetHints":{"allow":["GET"]}}],"collection":[{"href":"https:\/\/vosgesinfo.fr\/remiremontinfo\/wp-json\/wp\/v2\/posts"}],"about":[{"href":"https:\/\/vosgesinfo.fr\/remiremontinfo\/wp-json\/wp\/v2\/types\/post"}],"author":[{"embeddable":true,"href":"https:\/\/vosgesinfo.fr\/remiremontinfo\/wp-json\/wp\/v2\/users\/407"}],"replies":[{"embeddable":true,"href":"https:\/\/vosgesinfo.fr\/remiremontinfo\/wp-json\/wp\/v2\/comments?post=31953"}],"version-history":[{"count":0,"href":"https:\/\/vosgesinfo.fr\/remiremontinfo\/wp-json\/wp\/v2\/posts\/31953\/revisions"}],"wp:featuredmedia":[{"embeddable":true,"href":"https:\/\/vosgesinfo.fr\/remiremontinfo\/wp-json\/wp\/v2\/media\/31954"}],"wp:attachment":[{"href":"https:\/\/vosgesinfo.fr\/remiremontinfo\/wp-json\/wp\/v2\/media?parent=31953"}],"wp:term":[{"taxonomy":"category","embeddable":true,"href":"https:\/\/vosgesinfo.fr\/remiremontinfo\/wp-json\/wp\/v2\/categories?post=31953"},{"taxonomy":"post_tag","embeddable":true,"href":"https:\/\/vosgesinfo.fr\/remiremontinfo\/wp-json\/wp\/v2\/tags?post=31953"}],"curies":[{"name":"wp","href":"https:\/\/api.w.org\/{rel}","templated":true}]}}