{"id":31974,"date":"2020-09-27T05:53:03","date_gmt":"2020-09-27T03:53:03","guid":{"rendered":"https:\/\/vosgesinfo.fr\/remiremontinfo\/2020\/09\/lemission-noubliez-paroles-recherche-candidats-a-bresse\/"},"modified":"2020-09-27T05:53:03","modified_gmt":"2020-09-27T03:53:03","slug":"lemission-noubliez-paroles-recherche-candidats-a-bresse","status":"publish","type":"post","link":"https:\/\/vosgesinfo.fr\/remiremontinfo\/2020\/09\/lemission-noubliez-paroles-recherche-candidats-a-bresse\/","title":{"rendered":"L&rsquo;\u00e9mission \u00ab N&rsquo;oubliez pas les paroles ! \u00bb recherche des candidats \u00e0 La Bresse"},"content":{"rendered":"<p style=\"text-align: center;\"><a href=\"\/2020\/09\/2b0031e0-phpnupatp.jpg\"><img decoding=\"async\" class=\"alignnone size-full wp-image-297026\" src=\"\/2020\/09\/2b0031e0-phpnupatp.jpg\" alt=\"2b0031e0-phpnupatp\" width=\"800\" height=\"450\" \/><\/a><\/p>\n<p><span style=\"font-size: 10pt;\"><em><span style=\"font-family: 'Times New Roman', serif;\">Photo de <\/span><a href=\"http:\/\/www.france.tv\/\"><span style=\"font-family: 'Times New Roman', serif;\">www.france.tv<\/span><\/a><\/em><\/span><\/p>\n<h2><span style=\"font-size: 12pt;\"><strong><span style=\"font-family: 'Times New Roman', serif;\">L\u2019\u00e9quipe de casting du c\u00e9l\u00e8bre jeu t\u00e9l\u00e9vis\u00e9 \u00ab\u00a0<\/span><span style=\"font-family: 'Times New Roman', serif;\">N&rsquo;oubliez pas les paroles !\u00a0\u00bb, <\/span><span style=\"font-family: 'Times New Roman', serif;\">pr\u00e9sent\u00e9 par l\u2019animateur <\/span><span style=\"font-family: 'Times New Roman', serif;\">Nagui <\/span><span style=\"font-family: 'Times New Roman', serif;\">et\u00a0<\/span><span style=\"font-family: 'Times New Roman', serif;\">diffus\u00e9<\/span> <span style=\"font-family: 'Times New Roman', serif;\">sur France 2 <\/span><span style=\"font-family: 'Times New Roman', serif;\">recherche des candidats \u00e0 La Bresse. <\/span><\/strong><\/span><\/h2>\n<p><span style=\"font-family: 'Times New Roman', serif;\">S<\/span><span style=\"font-family: 'Times New Roman', serif;\">i vous aimez chanter <\/span><span style=\"font-family: 'Times New Roman', serif;\">(et si vous avez pour cela un quelconque talent, c\u2019est quand m\u00eame mieux), et voulez participer \u00e0 cette \u00e9mission, vous pouvez pr\u00e9senter votre candidature en suivant les indications inscrite sur l\u2019image plus bas. Si vous connaissez quelqu\u2019un qui pourrait \u00eatre int\u00e9ress\u00e9, partagez cette annonce avec lui. <\/span><span style=\"font-family: 'Times New Roman', serif;\">Pas besoin de se d\u00e9placer de chez soi pour passer le casting.<\/span><\/p>\n<p style=\"text-align: center;\"><a href=\"\/2020\/09\/120142250_2469933643305733_4562980749373168975_o.jpg\"><img decoding=\"async\" class=\"alignnone size-full wp-image-297025\" src=\"\/2020\/09\/120142250_2469933643305733_4562980749373168975_o.jpg\" alt=\"120142250_2469933643305733_4562980749373168975_o\" width=\"800\" height=\"565\" \/><\/a><\/p>\n","protected":false},"excerpt":{"rendered":"<p>Photo de www.france.tv L\u2019\u00e9quipe de casting du c\u00e9l\u00e8bre jeu t\u00e9l\u00e9vis\u00e9 \u00ab\u00a0N&rsquo;oubliez pas les paroles !\u00a0\u00bb, pr\u00e9sent\u00e9 par l\u2019animateur Nagui et\u00a0diffus\u00e9 [&hellip;]<\/p>\n","protected":false},"author":407,"featured_media":31975,"comment_status":"open","ping_status":"open","sticky":false,"template":"","format":"standard","meta":{"footnotes":""},"categories":[26,104,25],"tags":[],"class_list":["post-31974","post","type-post","status-publish","format-standard","has-post-thumbnail","hentry","category-a-la-une","category-la-bresse-la-bresse-son-canton","category-la-bresse-son-canton"],"acf":[],"yoast_head":"<!-- This site is optimized with the Yoast SEO plugin v22.5 - https:\/\/yoast.com\/wordpress\/plugins\/seo\/ -->\n<title>L&#039;\u00e9mission \u00ab N&#039;oubliez pas les paroles ! \u00bb recherche des candidats \u00e0 La Bresse - Remiremont Info<\/title>\n<meta name=\"robots\" content=\"index, follow, max-snippet:-1, max-image-preview:large, max-video-preview:-1\" \/>\n<link rel=\"canonical\" href=\"https:\/\/vosgesinfo.fr\/remiremontinfo\/2020\/09\/lemission-noubliez-paroles-recherche-candidats-a-bresse\/\" \/>\n<meta name=\"twitter:card\" content=\"summary_large_image\" \/>\n<meta name=\"twitter:title\" content=\"L&#039;\u00e9mission \u00ab N&#039;oubliez pas les paroles ! \u00bb recherche des candidats \u00e0 La Bresse - Remiremont Info\" \/>\n<meta name=\"twitter:description\" content=\"Photo de www.france.tv L\u2019\u00e9quipe de casting du c\u00e9l\u00e8bre jeu t\u00e9l\u00e9vis\u00e9 \u00ab\u00a0N&rsquo;oubliez pas les paroles !\u00a0\u00bb, pr\u00e9sent\u00e9 par l\u2019animateur Nagui et\u00a0diffus\u00e9 [&hellip;]\" \/>\n<meta name=\"twitter:image\" content=\"https:\/\/vosgesinfo.fr\/app\/uploads\/sites\/5\/2024\/09\/2020092b0031e0-phpnupatp1.jpg\" \/>\n<meta name=\"twitter:creator\" content=\"@VosgesInfo88\" \/>\n<meta name=\"twitter:site\" content=\"@VosgesInfo88\" \/>\n<meta name=\"twitter:label1\" content=\"\u00c9crit par\" \/>\n\t<meta name=\"twitter:data1\" content=\"C D\" \/>\n\t<meta name=\"twitter:label2\" content=\"Dur\u00e9e de lecture estim\u00e9e\" \/>\n\t<meta name=\"twitter:data2\" content=\"1 minute\" \/>\n<script type=\"application\/ld+json\" class=\"yoast-schema-graph\">{\"@context\":\"https:\/\/schema.org\",\"@graph\":[{\"@type\":\"Article\",\"@id\":\"https:\/\/vosgesinfo.fr\/remiremontinfo\/2020\/09\/lemission-noubliez-paroles-recherche-candidats-a-bresse\/#article\",\"isPartOf\":{\"@id\":\"https:\/\/vosgesinfo.fr\/remiremontinfo\/2020\/09\/lemission-noubliez-paroles-recherche-candidats-a-bresse\/\"},\"author\":{\"name\":\"C D\",\"@id\":\"https:\/\/vosgesinfo.fr\/remiremontinfo\/#\/schema\/person\/3bfd164d5218a185b1db68655a265316\"},\"headline\":\"L&rsquo;\u00e9mission \u00ab N&rsquo;oubliez pas les paroles ! \u00bb recherche des candidats \u00e0 La Bresse\",\"datePublished\":\"2020-09-27T03:53:03+00:00\",\"dateModified\":\"2020-09-27T03:53:03+00:00\",\"mainEntityOfPage\":{\"@id\":\"https:\/\/vosgesinfo.fr\/remiremontinfo\/2020\/09\/lemission-noubliez-paroles-recherche-candidats-a-bresse\/\"},\"wordCount\":118,\"commentCount\":0,\"publisher\":{\"@id\":\"https:\/\/vosgesinfo.fr\/remiremontinfo\/#organization\"},\"image\":{\"@id\":\"https:\/\/vosgesinfo.fr\/remiremontinfo\/2020\/09\/lemission-noubliez-paroles-recherche-candidats-a-bresse\/#primaryimage\"},\"thumbnailUrl\":\"https:\/\/vosgesinfo.fr\/app\/uploads\/sites\/5\/2024\/09\/2020092b0031e0-phpnupatp1.jpg\",\"articleSection\":[\"A la Une\",\"La Bresse\",\"La Bresse &amp; son canton\"],\"inLanguage\":\"fr-FR\",\"potentialAction\":[{\"@type\":\"CommentAction\",\"name\":\"Comment\",\"target\":[\"https:\/\/vosgesinfo.fr\/remiremontinfo\/2020\/09\/lemission-noubliez-paroles-recherche-candidats-a-bresse\/#respond\"]}]},{\"@type\":\"WebPage\",\"@id\":\"https:\/\/vosgesinfo.fr\/remiremontinfo\/2020\/09\/lemission-noubliez-paroles-recherche-candidats-a-bresse\/\",\"url\":\"https:\/\/vosgesinfo.fr\/remiremontinfo\/2020\/09\/lemission-noubliez-paroles-recherche-candidats-a-bresse\/\",\"name\":\"L'\u00e9mission \u00ab N'oubliez pas les paroles ! \u00bb recherche des candidats \u00e0 La Bresse - Remiremont Info\",\"isPartOf\":{\"@id\":\"https:\/\/vosgesinfo.fr\/remiremontinfo\/#website\"},\"primaryImageOfPage\":{\"@id\":\"https:\/\/vosgesinfo.fr\/remiremontinfo\/2020\/09\/lemission-noubliez-paroles-recherche-candidats-a-bresse\/#primaryimage\"},\"image\":{\"@id\":\"https:\/\/vosgesinfo.fr\/remiremontinfo\/2020\/09\/lemission-noubliez-paroles-recherche-candidats-a-bresse\/#primaryimage\"},\"thumbnailUrl\":\"https:\/\/vosgesinfo.fr\/app\/uploads\/sites\/5\/2024\/09\/2020092b0031e0-phpnupatp1.jpg\",\"datePublished\":\"2020-09-27T03:53:03+00:00\",\"dateModified\":\"2020-09-27T03:53:03+00:00\",\"breadcrumb\":{\"@id\":\"https:\/\/vosgesinfo.fr\/remiremontinfo\/2020\/09\/lemission-noubliez-paroles-recherche-candidats-a-bresse\/#breadcrumb\"},\"inLanguage\":\"fr-FR\",\"potentialAction\":[{\"@type\":\"ReadAction\",\"target\":[\"https:\/\/vosgesinfo.fr\/remiremontinfo\/2020\/09\/lemission-noubliez-paroles-recherche-candidats-a-bresse\/\"]}]},{\"@type\":\"ImageObject\",\"inLanguage\":\"fr-FR\",\"@id\":\"https:\/\/vosgesinfo.fr\/remiremontinfo\/2020\/09\/lemission-noubliez-paroles-recherche-candidats-a-bresse\/#primaryimage\",\"url\":\"https:\/\/vosgesinfo.fr\/app\/uploads\/sites\/5\/2024\/09\/2020092b0031e0-phpnupatp1.jpg\",\"contentUrl\":\"https:\/\/vosgesinfo.fr\/app\/uploads\/sites\/5\/2024\/09\/2020092b0031e0-phpnupatp1.jpg\",\"width\":666,\"height\":450},{\"@type\":\"BreadcrumbList\",\"@id\":\"https:\/\/vosgesinfo.fr\/remiremontinfo\/2020\/09\/lemission-noubliez-paroles-recherche-candidats-a-bresse\/#breadcrumb\",\"itemListElement\":[{\"@type\":\"ListItem\",\"position\":1,\"name\":\"Home\",\"item\":\"https:\/\/vosgesinfo.fr\/remiremontinfo\/\"},{\"@type\":\"ListItem\",\"position\":2,\"name\":\"L&rsquo;\u00e9mission \u00ab N&rsquo;oubliez pas les paroles ! \u00bb recherche des candidats \u00e0 La Bresse\"}]},{\"@type\":\"WebSite\",\"@id\":\"https:\/\/vosgesinfo.fr\/remiremontinfo\/#website\",\"url\":\"https:\/\/vosgesinfo.fr\/remiremontinfo\/\",\"name\":\"Remiremont Info\",\"description\":\"Toute l&#039;actualit\u00e9 de Remiremont\",\"publisher\":{\"@id\":\"https:\/\/vosgesinfo.fr\/remiremontinfo\/#organization\"},\"alternateName\":\"Toute l'actualit\u00e9 de Remiremont\",\"potentialAction\":[{\"@type\":\"SearchAction\",\"target\":{\"@type\":\"EntryPoint\",\"urlTemplate\":\"https:\/\/vosgesinfo.fr\/remiremontinfo\/?s={search_term_string}\"},\"query-input\":\"required name=search_term_string\"}],\"inLanguage\":\"fr-FR\"},{\"@type\":\"Organization\",\"@id\":\"https:\/\/vosgesinfo.fr\/remiremontinfo\/#organization\",\"name\":\"Remiremont Info\",\"url\":\"https:\/\/vosgesinfo.fr\/remiremontinfo\/\",\"logo\":{\"@type\":\"ImageObject\",\"inLanguage\":\"fr-FR\",\"@id\":\"https:\/\/vosgesinfo.fr\/remiremontinfo\/#\/schema\/logo\/image\/\",\"url\":\"https:\/\/vosgesinfo.fr\/app\/uploads\/sites\/5\/2023\/08\/favicon-remiremontinfo.png\",\"contentUrl\":\"https:\/\/vosgesinfo.fr\/app\/uploads\/sites\/5\/2023\/08\/favicon-remiremontinfo.png\",\"width\":512,\"height\":512,\"caption\":\"Remiremont Info\"},\"image\":{\"@id\":\"https:\/\/vosgesinfo.fr\/remiremontinfo\/#\/schema\/logo\/image\/\"},\"sameAs\":[\"https:\/\/www.facebook.com\/remiremontinfo\",\"https:\/\/x.com\/VosgesInfo88\",\"https:\/\/www.youtube.com\/@vosgesinfo\"]},{\"@type\":\"Person\",\"@id\":\"https:\/\/vosgesinfo.fr\/remiremontinfo\/#\/schema\/person\/3bfd164d5218a185b1db68655a265316\",\"name\":\"C D\",\"image\":{\"@type\":\"ImageObject\",\"inLanguage\":\"fr-FR\",\"@id\":\"https:\/\/vosgesinfo.fr\/remiremontinfo\/#\/schema\/person\/image\/\",\"url\":\"https:\/\/secure.gravatar.com\/avatar\/1f9a70007336511a47468b8f1c66f922b8b7cf617b02a31149ada43893a5d48f?s=96&d=mm&r=g\",\"contentUrl\":\"https:\/\/secure.gravatar.com\/avatar\/1f9a70007336511a47468b8f1c66f922b8b7cf617b02a31149ada43893a5d48f?s=96&d=mm&r=g\",\"caption\":\"C D\"},\"url\":\"https:\/\/vosgesinfo.fr\/remiremontinfo\/author\/cedric-drevet\/\"}]}<\/script>\n<!-- \/ Yoast SEO plugin. -->","yoast_head_json":{"title":"L'\u00e9mission \u00ab N'oubliez pas les paroles ! \u00bb recherche des candidats \u00e0 La Bresse - Remiremont Info","robots":{"index":"index","follow":"follow","max-snippet":"max-snippet:-1","max-image-preview":"max-image-preview:large","max-video-preview":"max-video-preview:-1"},"canonical":"https:\/\/vosgesinfo.fr\/remiremontinfo\/2020\/09\/lemission-noubliez-paroles-recherche-candidats-a-bresse\/","twitter_card":"summary_large_image","twitter_title":"L'\u00e9mission \u00ab N'oubliez pas les paroles ! \u00bb recherche des candidats \u00e0 La Bresse - Remiremont Info","twitter_description":"Photo de www.france.tv L\u2019\u00e9quipe de casting du c\u00e9l\u00e8bre jeu t\u00e9l\u00e9vis\u00e9 \u00ab\u00a0N&rsquo;oubliez pas les paroles !\u00a0\u00bb, pr\u00e9sent\u00e9 par l\u2019animateur Nagui et\u00a0diffus\u00e9 [&hellip;]","twitter_image":"https:\/\/vosgesinfo.fr\/app\/uploads\/sites\/5\/2024\/09\/2020092b0031e0-phpnupatp1.jpg","twitter_creator":"@VosgesInfo88","twitter_site":"@VosgesInfo88","twitter_misc":{"\u00c9crit par":"C D","Dur\u00e9e de lecture estim\u00e9e":"1 minute"},"schema":{"@context":"https:\/\/schema.org","@graph":[{"@type":"Article","@id":"https:\/\/vosgesinfo.fr\/remiremontinfo\/2020\/09\/lemission-noubliez-paroles-recherche-candidats-a-bresse\/#article","isPartOf":{"@id":"https:\/\/vosgesinfo.fr\/remiremontinfo\/2020\/09\/lemission-noubliez-paroles-recherche-candidats-a-bresse\/"},"author":{"name":"C D","@id":"https:\/\/vosgesinfo.fr\/remiremontinfo\/#\/schema\/person\/3bfd164d5218a185b1db68655a265316"},"headline":"L&rsquo;\u00e9mission \u00ab N&rsquo;oubliez pas les paroles ! \u00bb recherche des candidats \u00e0 La Bresse","datePublished":"2020-09-27T03:53:03+00:00","dateModified":"2020-09-27T03:53:03+00:00","mainEntityOfPage":{"@id":"https:\/\/vosgesinfo.fr\/remiremontinfo\/2020\/09\/lemission-noubliez-paroles-recherche-candidats-a-bresse\/"},"wordCount":118,"commentCount":0,"publisher":{"@id":"https:\/\/vosgesinfo.fr\/remiremontinfo\/#organization"},"image":{"@id":"https:\/\/vosgesinfo.fr\/remiremontinfo\/2020\/09\/lemission-noubliez-paroles-recherche-candidats-a-bresse\/#primaryimage"},"thumbnailUrl":"https:\/\/vosgesinfo.fr\/app\/uploads\/sites\/5\/2024\/09\/2020092b0031e0-phpnupatp1.jpg","articleSection":["A la Une","La Bresse","La Bresse &amp; son canton"],"inLanguage":"fr-FR","potentialAction":[{"@type":"CommentAction","name":"Comment","target":["https:\/\/vosgesinfo.fr\/remiremontinfo\/2020\/09\/lemission-noubliez-paroles-recherche-candidats-a-bresse\/#respond"]}]},{"@type":"WebPage","@id":"https:\/\/vosgesinfo.fr\/remiremontinfo\/2020\/09\/lemission-noubliez-paroles-recherche-candidats-a-bresse\/","url":"https:\/\/vosgesinfo.fr\/remiremontinfo\/2020\/09\/lemission-noubliez-paroles-recherche-candidats-a-bresse\/","name":"L'\u00e9mission \u00ab N'oubliez pas les paroles ! \u00bb recherche des candidats \u00e0 La Bresse - Remiremont Info","isPartOf":{"@id":"https:\/\/vosgesinfo.fr\/remiremontinfo\/#website"},"primaryImageOfPage":{"@id":"https:\/\/vosgesinfo.fr\/remiremontinfo\/2020\/09\/lemission-noubliez-paroles-recherche-candidats-a-bresse\/#primaryimage"},"image":{"@id":"https:\/\/vosgesinfo.fr\/remiremontinfo\/2020\/09\/lemission-noubliez-paroles-recherche-candidats-a-bresse\/#primaryimage"},"thumbnailUrl":"https:\/\/vosgesinfo.fr\/app\/uploads\/sites\/5\/2024\/09\/2020092b0031e0-phpnupatp1.jpg","datePublished":"2020-09-27T03:53:03+00:00","dateModified":"2020-09-27T03:53:03+00:00","breadcrumb":{"@id":"https:\/\/vosgesinfo.fr\/remiremontinfo\/2020\/09\/lemission-noubliez-paroles-recherche-candidats-a-bresse\/#breadcrumb"},"inLanguage":"fr-FR","potentialAction":[{"@type":"ReadAction","target":["https:\/\/vosgesinfo.fr\/remiremontinfo\/2020\/09\/lemission-noubliez-paroles-recherche-candidats-a-bresse\/"]}]},{"@type":"ImageObject","inLanguage":"fr-FR","@id":"https:\/\/vosgesinfo.fr\/remiremontinfo\/2020\/09\/lemission-noubliez-paroles-recherche-candidats-a-bresse\/#primaryimage","url":"https:\/\/vosgesinfo.fr\/app\/uploads\/sites\/5\/2024\/09\/2020092b0031e0-phpnupatp1.jpg","contentUrl":"https:\/\/vosgesinfo.fr\/app\/uploads\/sites\/5\/2024\/09\/2020092b0031e0-phpnupatp1.jpg","width":666,"height":450},{"@type":"BreadcrumbList","@id":"https:\/\/vosgesinfo.fr\/remiremontinfo\/2020\/09\/lemission-noubliez-paroles-recherche-candidats-a-bresse\/#breadcrumb","itemListElement":[{"@type":"ListItem","position":1,"name":"Home","item":"https:\/\/vosgesinfo.fr\/remiremontinfo\/"},{"@type":"ListItem","position":2,"name":"L&rsquo;\u00e9mission \u00ab N&rsquo;oubliez pas les paroles ! \u00bb recherche des candidats \u00e0 La Bresse"}]},{"@type":"WebSite","@id":"https:\/\/vosgesinfo.fr\/remiremontinfo\/#website","url":"https:\/\/vosgesinfo.fr\/remiremontinfo\/","name":"Remiremont Info","description":"Toute l&#039;actualit\u00e9 de Remiremont","publisher":{"@id":"https:\/\/vosgesinfo.fr\/remiremontinfo\/#organization"},"alternateName":"Toute l'actualit\u00e9 de Remiremont","potentialAction":[{"@type":"SearchAction","target":{"@type":"EntryPoint","urlTemplate":"https:\/\/vosgesinfo.fr\/remiremontinfo\/?s={search_term_string}"},"query-input":"required name=search_term_string"}],"inLanguage":"fr-FR"},{"@type":"Organization","@id":"https:\/\/vosgesinfo.fr\/remiremontinfo\/#organization","name":"Remiremont Info","url":"https:\/\/vosgesinfo.fr\/remiremontinfo\/","logo":{"@type":"ImageObject","inLanguage":"fr-FR","@id":"https:\/\/vosgesinfo.fr\/remiremontinfo\/#\/schema\/logo\/image\/","url":"https:\/\/vosgesinfo.fr\/app\/uploads\/sites\/5\/2023\/08\/favicon-remiremontinfo.png","contentUrl":"https:\/\/vosgesinfo.fr\/app\/uploads\/sites\/5\/2023\/08\/favicon-remiremontinfo.png","width":512,"height":512,"caption":"Remiremont Info"},"image":{"@id":"https:\/\/vosgesinfo.fr\/remiremontinfo\/#\/schema\/logo\/image\/"},"sameAs":["https:\/\/www.facebook.com\/remiremontinfo","https:\/\/x.com\/VosgesInfo88","https:\/\/www.youtube.com\/@vosgesinfo"]},{"@type":"Person","@id":"https:\/\/vosgesinfo.fr\/remiremontinfo\/#\/schema\/person\/3bfd164d5218a185b1db68655a265316","name":"C D","image":{"@type":"ImageObject","inLanguage":"fr-FR","@id":"https:\/\/vosgesinfo.fr\/remiremontinfo\/#\/schema\/person\/image\/","url":"https:\/\/secure.gravatar.com\/avatar\/1f9a70007336511a47468b8f1c66f922b8b7cf617b02a31149ada43893a5d48f?s=96&d=mm&r=g","contentUrl":"https:\/\/secure.gravatar.com\/avatar\/1f9a70007336511a47468b8f1c66f922b8b7cf617b02a31149ada43893a5d48f?s=96&d=mm&r=g","caption":"C D"},"url":"https:\/\/vosgesinfo.fr\/remiremontinfo\/author\/cedric-drevet\/"}]}},"_links":{"self":[{"href":"https:\/\/vosgesinfo.fr\/remiremontinfo\/wp-json\/wp\/v2\/posts\/31974","targetHints":{"allow":["GET"]}}],"collection":[{"href":"https:\/\/vosgesinfo.fr\/remiremontinfo\/wp-json\/wp\/v2\/posts"}],"about":[{"href":"https:\/\/vosgesinfo.fr\/remiremontinfo\/wp-json\/wp\/v2\/types\/post"}],"author":[{"embeddable":true,"href":"https:\/\/vosgesinfo.fr\/remiremontinfo\/wp-json\/wp\/v2\/users\/407"}],"replies":[{"embeddable":true,"href":"https:\/\/vosgesinfo.fr\/remiremontinfo\/wp-json\/wp\/v2\/comments?post=31974"}],"version-history":[{"count":0,"href":"https:\/\/vosgesinfo.fr\/remiremontinfo\/wp-json\/wp\/v2\/posts\/31974\/revisions"}],"wp:featuredmedia":[{"embeddable":true,"href":"https:\/\/vosgesinfo.fr\/remiremontinfo\/wp-json\/wp\/v2\/media\/31975"}],"wp:attachment":[{"href":"https:\/\/vosgesinfo.fr\/remiremontinfo\/wp-json\/wp\/v2\/media?parent=31974"}],"wp:term":[{"taxonomy":"category","embeddable":true,"href":"https:\/\/vosgesinfo.fr\/remiremontinfo\/wp-json\/wp\/v2\/categories?post=31974"},{"taxonomy":"post_tag","embeddable":true,"href":"https:\/\/vosgesinfo.fr\/remiremontinfo\/wp-json\/wp\/v2\/tags?post=31974"}],"curies":[{"name":"wp","href":"https:\/\/api.w.org\/{rel}","templated":true}]}}