{"id":32072,"date":"2020-09-28T05:30:05","date_gmt":"2020-09-28T03:30:05","guid":{"rendered":"https:\/\/vosgesinfo.fr\/remiremontinfo\/2020\/09\/remiremont-hall-daccueil-nouveau-cinema-sera-baptise-christian-poncelet\/"},"modified":"2020-09-28T05:30:05","modified_gmt":"2020-09-28T03:30:05","slug":"remiremont-hall-daccueil-nouveau-cinema-sera-baptise-christian-poncelet","status":"publish","type":"post","link":"https:\/\/vosgesinfo.fr\/remiremontinfo\/2020\/09\/remiremont-hall-daccueil-nouveau-cinema-sera-baptise-christian-poncelet\/","title":{"rendered":"Remiremont\u00a0: le hall d\u2019accueil du nouveau cin\u00e9ma sera baptis\u00e9 \u00ab Christian Poncelet \u00bb"},"content":{"rendered":"<h2 style=\"text-align: center;\"><a href=\"\/2020\/09\/tg.jpg\"><img decoding=\"async\" class=\"alignnone size-full wp-image-295275\" src=\"\/2020\/09\/tg.jpg\" alt=\"poncelet123\" width=\"788\" height=\"636\" \/><\/a><\/h2>\n<p><em><span style=\"font-size: 10pt;\">Photo de Cheep, CC BY-SA 3.0<\/span><\/em><\/p>\n<h2><span style=\"font-size: 12pt;\"><strong>La livraison du nouveau complexe cin\u00e9matographique aura de l\u2019avance. Le 7 octobre prochain, apr\u00e8s huit mois de chantier, l\u2019\u00e9quipe du cin\u00e9ma \u00ab Majestic France le Volontaire \u00bb ouvrira les portes des sept salles de projection. Un \u00e9tablissement plac\u00e9 sous le \u00ab\u00a0patronage\u00a0\u00bb de plusieurs personnalit\u00e9 locales.<\/strong><\/span><\/h2>\n<p>Le hall d\u2019accueil sera baptis\u00e9 \u00ab Christian Poncelet \u00bb : Jean-Claude Tupin, pr\u00e9sident du groupe Majestic Cin\u00e9mas, y tenait, lui qui \u00e9tait proche de l\u2019ancien maire et qui l\u2019a vu mener bataille pour accueillir le premier cin\u00e9ma Le France \u00e0 Remiremont.<\/p>\n<p>Une marraine, en la personne de Chantal Goya, a \u00e9t\u00e9 choisie et a donn\u00e9 son accord : la chanteuse aux origines romarimontaines a en effet go\u00fbt\u00e9 au septi\u00e8me art, ayant tourn\u00e9 dans une dizaine de films, aux c\u00f4t\u00e9s notamment de Godart, Philippe Labro ou Pierre Tchernia. Elle a promis de venir avec Jean-Jacques Debout, son pianiste de mari, pour honorer cette distinction en musique.<\/p>\n<p>La plus belle des salles de l&rsquo;\u00e9tablissement sera nomm\u00e9e \u00ab Emmanuelle Riva \u00bb, en souvenir de l\u2019enfant du pays d\u00e9c\u00e9d\u00e9e il y a trois ans. Une vitrine \u00e0 l\u2019entr\u00e9e de la salle rappellera les heures de gloire de l\u2019actrice, avec divers objets lui ayant appartenu et plusieurs des prix qu\u2019elle a gagn\u00e9s, notamment son C\u00e9sar.<\/p>\n","protected":false},"excerpt":{"rendered":"<p>Photo de Cheep, CC BY-SA 3.0 La livraison du nouveau complexe cin\u00e9matographique aura de l\u2019avance. Le 7 octobre prochain, apr\u00e8s [&hellip;]<\/p>\n","protected":false},"author":407,"featured_media":32073,"comment_status":"open","ping_status":"open","sticky":false,"template":"","format":"standard","meta":{"footnotes":""},"categories":[26,4,1556,35],"tags":[],"class_list":["post-32072","post","type-post","status-publish","format-standard","has-post-thumbnail","hentry","category-a-la-une","category-culture","category-remiremont-remiremont-son-canton-2","category-remiremont-son-canton"],"acf":[],"yoast_head":"<!-- This site is optimized with the Yoast SEO plugin v22.5 - https:\/\/yoast.com\/wordpress\/plugins\/seo\/ -->\n<title>Remiremont\u00a0: le hall d\u2019accueil du nouveau cin\u00e9ma sera baptis\u00e9 \u00ab Christian Poncelet \u00bb - Remiremont Info<\/title>\n<meta name=\"robots\" content=\"index, follow, max-snippet:-1, max-image-preview:large, max-video-preview:-1\" \/>\n<link rel=\"canonical\" href=\"https:\/\/vosgesinfo.fr\/remiremontinfo\/2020\/09\/remiremont-hall-daccueil-nouveau-cinema-sera-baptise-christian-poncelet\/\" \/>\n<meta name=\"twitter:card\" content=\"summary_large_image\" \/>\n<meta name=\"twitter:title\" content=\"Remiremont\u00a0: le hall d\u2019accueil du nouveau cin\u00e9ma sera baptis\u00e9 \u00ab Christian Poncelet \u00bb - Remiremont Info\" \/>\n<meta name=\"twitter:description\" content=\"Photo de Cheep, CC BY-SA 3.0 La livraison du nouveau complexe cin\u00e9matographique aura de l\u2019avance. Le 7 octobre prochain, apr\u00e8s [&hellip;]\" \/>\n<meta name=\"twitter:image\" content=\"https:\/\/vosgesinfo.fr\/app\/uploads\/sites\/5\/2024\/09\/202009tg-2.jpg\" \/>\n<meta name=\"twitter:creator\" content=\"@VosgesInfo88\" \/>\n<meta name=\"twitter:site\" content=\"@VosgesInfo88\" \/>\n<meta name=\"twitter:label1\" content=\"\u00c9crit par\" \/>\n\t<meta name=\"twitter:data1\" content=\"C D\" \/>\n\t<meta name=\"twitter:label2\" content=\"Dur\u00e9e de lecture estim\u00e9e\" \/>\n\t<meta name=\"twitter:data2\" content=\"1 minute\" \/>\n<script type=\"application\/ld+json\" class=\"yoast-schema-graph\">{\"@context\":\"https:\/\/schema.org\",\"@graph\":[{\"@type\":\"Article\",\"@id\":\"https:\/\/vosgesinfo.fr\/remiremontinfo\/2020\/09\/remiremont-hall-daccueil-nouveau-cinema-sera-baptise-christian-poncelet\/#article\",\"isPartOf\":{\"@id\":\"https:\/\/vosgesinfo.fr\/remiremontinfo\/2020\/09\/remiremont-hall-daccueil-nouveau-cinema-sera-baptise-christian-poncelet\/\"},\"author\":{\"name\":\"C D\",\"@id\":\"https:\/\/vosgesinfo.fr\/remiremontinfo\/#\/schema\/person\/3bfd164d5218a185b1db68655a265316\"},\"headline\":\"Remiremont\u00a0: le hall d\u2019accueil du nouveau cin\u00e9ma sera baptis\u00e9 \u00ab Christian Poncelet \u00bb\",\"datePublished\":\"2020-09-28T03:30:05+00:00\",\"dateModified\":\"2020-09-28T03:30:05+00:00\",\"mainEntityOfPage\":{\"@id\":\"https:\/\/vosgesinfo.fr\/remiremontinfo\/2020\/09\/remiremont-hall-daccueil-nouveau-cinema-sera-baptise-christian-poncelet\/\"},\"wordCount\":239,\"commentCount\":0,\"publisher\":{\"@id\":\"https:\/\/vosgesinfo.fr\/remiremontinfo\/#organization\"},\"image\":{\"@id\":\"https:\/\/vosgesinfo.fr\/remiremontinfo\/2020\/09\/remiremont-hall-daccueil-nouveau-cinema-sera-baptise-christian-poncelet\/#primaryimage\"},\"thumbnailUrl\":\"https:\/\/vosgesinfo.fr\/app\/uploads\/sites\/5\/2024\/09\/202009tg-2.jpg\",\"articleSection\":[\"A la Une\",\"Culture\",\"Remiremont\",\"Remiremont &amp; son canton\"],\"inLanguage\":\"fr-FR\",\"potentialAction\":[{\"@type\":\"CommentAction\",\"name\":\"Comment\",\"target\":[\"https:\/\/vosgesinfo.fr\/remiremontinfo\/2020\/09\/remiremont-hall-daccueil-nouveau-cinema-sera-baptise-christian-poncelet\/#respond\"]}]},{\"@type\":\"WebPage\",\"@id\":\"https:\/\/vosgesinfo.fr\/remiremontinfo\/2020\/09\/remiremont-hall-daccueil-nouveau-cinema-sera-baptise-christian-poncelet\/\",\"url\":\"https:\/\/vosgesinfo.fr\/remiremontinfo\/2020\/09\/remiremont-hall-daccueil-nouveau-cinema-sera-baptise-christian-poncelet\/\",\"name\":\"Remiremont\u00a0: le hall d\u2019accueil du nouveau cin\u00e9ma sera baptis\u00e9 \u00ab Christian Poncelet \u00bb - Remiremont Info\",\"isPartOf\":{\"@id\":\"https:\/\/vosgesinfo.fr\/remiremontinfo\/#website\"},\"primaryImageOfPage\":{\"@id\":\"https:\/\/vosgesinfo.fr\/remiremontinfo\/2020\/09\/remiremont-hall-daccueil-nouveau-cinema-sera-baptise-christian-poncelet\/#primaryimage\"},\"image\":{\"@id\":\"https:\/\/vosgesinfo.fr\/remiremontinfo\/2020\/09\/remiremont-hall-daccueil-nouveau-cinema-sera-baptise-christian-poncelet\/#primaryimage\"},\"thumbnailUrl\":\"https:\/\/vosgesinfo.fr\/app\/uploads\/sites\/5\/2024\/09\/202009tg-2.jpg\",\"datePublished\":\"2020-09-28T03:30:05+00:00\",\"dateModified\":\"2020-09-28T03:30:05+00:00\",\"breadcrumb\":{\"@id\":\"https:\/\/vosgesinfo.fr\/remiremontinfo\/2020\/09\/remiremont-hall-daccueil-nouveau-cinema-sera-baptise-christian-poncelet\/#breadcrumb\"},\"inLanguage\":\"fr-FR\",\"potentialAction\":[{\"@type\":\"ReadAction\",\"target\":[\"https:\/\/vosgesinfo.fr\/remiremontinfo\/2020\/09\/remiremont-hall-daccueil-nouveau-cinema-sera-baptise-christian-poncelet\/\"]}]},{\"@type\":\"ImageObject\",\"inLanguage\":\"fr-FR\",\"@id\":\"https:\/\/vosgesinfo.fr\/remiremontinfo\/2020\/09\/remiremont-hall-daccueil-nouveau-cinema-sera-baptise-christian-poncelet\/#primaryimage\",\"url\":\"https:\/\/vosgesinfo.fr\/app\/uploads\/sites\/5\/2024\/09\/202009tg-2.jpg\",\"contentUrl\":\"https:\/\/vosgesinfo.fr\/app\/uploads\/sites\/5\/2024\/09\/202009tg-2.jpg\",\"width\":788,\"height\":636},{\"@type\":\"BreadcrumbList\",\"@id\":\"https:\/\/vosgesinfo.fr\/remiremontinfo\/2020\/09\/remiremont-hall-daccueil-nouveau-cinema-sera-baptise-christian-poncelet\/#breadcrumb\",\"itemListElement\":[{\"@type\":\"ListItem\",\"position\":1,\"name\":\"Home\",\"item\":\"https:\/\/vosgesinfo.fr\/remiremontinfo\/\"},{\"@type\":\"ListItem\",\"position\":2,\"name\":\"Remiremont\u00a0: le hall d\u2019accueil du nouveau cin\u00e9ma sera baptis\u00e9 \u00ab Christian Poncelet \u00bb\"}]},{\"@type\":\"WebSite\",\"@id\":\"https:\/\/vosgesinfo.fr\/remiremontinfo\/#website\",\"url\":\"https:\/\/vosgesinfo.fr\/remiremontinfo\/\",\"name\":\"Remiremont Info\",\"description\":\"Toute l&#039;actualit\u00e9 de Remiremont\",\"publisher\":{\"@id\":\"https:\/\/vosgesinfo.fr\/remiremontinfo\/#organization\"},\"alternateName\":\"Toute l'actualit\u00e9 de Remiremont\",\"potentialAction\":[{\"@type\":\"SearchAction\",\"target\":{\"@type\":\"EntryPoint\",\"urlTemplate\":\"https:\/\/vosgesinfo.fr\/remiremontinfo\/?s={search_term_string}\"},\"query-input\":\"required name=search_term_string\"}],\"inLanguage\":\"fr-FR\"},{\"@type\":\"Organization\",\"@id\":\"https:\/\/vosgesinfo.fr\/remiremontinfo\/#organization\",\"name\":\"Remiremont Info\",\"url\":\"https:\/\/vosgesinfo.fr\/remiremontinfo\/\",\"logo\":{\"@type\":\"ImageObject\",\"inLanguage\":\"fr-FR\",\"@id\":\"https:\/\/vosgesinfo.fr\/remiremontinfo\/#\/schema\/logo\/image\/\",\"url\":\"https:\/\/vosgesinfo.fr\/app\/uploads\/sites\/5\/2023\/08\/favicon-remiremontinfo.png\",\"contentUrl\":\"https:\/\/vosgesinfo.fr\/app\/uploads\/sites\/5\/2023\/08\/favicon-remiremontinfo.png\",\"width\":512,\"height\":512,\"caption\":\"Remiremont Info\"},\"image\":{\"@id\":\"https:\/\/vosgesinfo.fr\/remiremontinfo\/#\/schema\/logo\/image\/\"},\"sameAs\":[\"https:\/\/www.facebook.com\/remiremontinfo\",\"https:\/\/x.com\/VosgesInfo88\",\"https:\/\/www.youtube.com\/@vosgesinfo\"]},{\"@type\":\"Person\",\"@id\":\"https:\/\/vosgesinfo.fr\/remiremontinfo\/#\/schema\/person\/3bfd164d5218a185b1db68655a265316\",\"name\":\"C D\",\"image\":{\"@type\":\"ImageObject\",\"inLanguage\":\"fr-FR\",\"@id\":\"https:\/\/vosgesinfo.fr\/remiremontinfo\/#\/schema\/person\/image\/\",\"url\":\"https:\/\/secure.gravatar.com\/avatar\/1f9a70007336511a47468b8f1c66f922b8b7cf617b02a31149ada43893a5d48f?s=96&d=mm&r=g\",\"contentUrl\":\"https:\/\/secure.gravatar.com\/avatar\/1f9a70007336511a47468b8f1c66f922b8b7cf617b02a31149ada43893a5d48f?s=96&d=mm&r=g\",\"caption\":\"C D\"},\"url\":\"https:\/\/vosgesinfo.fr\/remiremontinfo\/author\/cedric-drevet\/\"}]}<\/script>\n<!-- \/ Yoast SEO plugin. -->","yoast_head_json":{"title":"Remiremont\u00a0: le hall d\u2019accueil du nouveau cin\u00e9ma sera baptis\u00e9 \u00ab Christian Poncelet \u00bb - Remiremont Info","robots":{"index":"index","follow":"follow","max-snippet":"max-snippet:-1","max-image-preview":"max-image-preview:large","max-video-preview":"max-video-preview:-1"},"canonical":"https:\/\/vosgesinfo.fr\/remiremontinfo\/2020\/09\/remiremont-hall-daccueil-nouveau-cinema-sera-baptise-christian-poncelet\/","twitter_card":"summary_large_image","twitter_title":"Remiremont\u00a0: le hall d\u2019accueil du nouveau cin\u00e9ma sera baptis\u00e9 \u00ab Christian Poncelet \u00bb - Remiremont Info","twitter_description":"Photo de Cheep, CC BY-SA 3.0 La livraison du nouveau complexe cin\u00e9matographique aura de l\u2019avance. Le 7 octobre prochain, apr\u00e8s [&hellip;]","twitter_image":"https:\/\/vosgesinfo.fr\/app\/uploads\/sites\/5\/2024\/09\/202009tg-2.jpg","twitter_creator":"@VosgesInfo88","twitter_site":"@VosgesInfo88","twitter_misc":{"\u00c9crit par":"C D","Dur\u00e9e de lecture estim\u00e9e":"1 minute"},"schema":{"@context":"https:\/\/schema.org","@graph":[{"@type":"Article","@id":"https:\/\/vosgesinfo.fr\/remiremontinfo\/2020\/09\/remiremont-hall-daccueil-nouveau-cinema-sera-baptise-christian-poncelet\/#article","isPartOf":{"@id":"https:\/\/vosgesinfo.fr\/remiremontinfo\/2020\/09\/remiremont-hall-daccueil-nouveau-cinema-sera-baptise-christian-poncelet\/"},"author":{"name":"C D","@id":"https:\/\/vosgesinfo.fr\/remiremontinfo\/#\/schema\/person\/3bfd164d5218a185b1db68655a265316"},"headline":"Remiremont\u00a0: le hall d\u2019accueil du nouveau cin\u00e9ma sera baptis\u00e9 \u00ab Christian Poncelet \u00bb","datePublished":"2020-09-28T03:30:05+00:00","dateModified":"2020-09-28T03:30:05+00:00","mainEntityOfPage":{"@id":"https:\/\/vosgesinfo.fr\/remiremontinfo\/2020\/09\/remiremont-hall-daccueil-nouveau-cinema-sera-baptise-christian-poncelet\/"},"wordCount":239,"commentCount":0,"publisher":{"@id":"https:\/\/vosgesinfo.fr\/remiremontinfo\/#organization"},"image":{"@id":"https:\/\/vosgesinfo.fr\/remiremontinfo\/2020\/09\/remiremont-hall-daccueil-nouveau-cinema-sera-baptise-christian-poncelet\/#primaryimage"},"thumbnailUrl":"https:\/\/vosgesinfo.fr\/app\/uploads\/sites\/5\/2024\/09\/202009tg-2.jpg","articleSection":["A la Une","Culture","Remiremont","Remiremont &amp; son canton"],"inLanguage":"fr-FR","potentialAction":[{"@type":"CommentAction","name":"Comment","target":["https:\/\/vosgesinfo.fr\/remiremontinfo\/2020\/09\/remiremont-hall-daccueil-nouveau-cinema-sera-baptise-christian-poncelet\/#respond"]}]},{"@type":"WebPage","@id":"https:\/\/vosgesinfo.fr\/remiremontinfo\/2020\/09\/remiremont-hall-daccueil-nouveau-cinema-sera-baptise-christian-poncelet\/","url":"https:\/\/vosgesinfo.fr\/remiremontinfo\/2020\/09\/remiremont-hall-daccueil-nouveau-cinema-sera-baptise-christian-poncelet\/","name":"Remiremont\u00a0: le hall d\u2019accueil du nouveau cin\u00e9ma sera baptis\u00e9 \u00ab Christian Poncelet \u00bb - Remiremont Info","isPartOf":{"@id":"https:\/\/vosgesinfo.fr\/remiremontinfo\/#website"},"primaryImageOfPage":{"@id":"https:\/\/vosgesinfo.fr\/remiremontinfo\/2020\/09\/remiremont-hall-daccueil-nouveau-cinema-sera-baptise-christian-poncelet\/#primaryimage"},"image":{"@id":"https:\/\/vosgesinfo.fr\/remiremontinfo\/2020\/09\/remiremont-hall-daccueil-nouveau-cinema-sera-baptise-christian-poncelet\/#primaryimage"},"thumbnailUrl":"https:\/\/vosgesinfo.fr\/app\/uploads\/sites\/5\/2024\/09\/202009tg-2.jpg","datePublished":"2020-09-28T03:30:05+00:00","dateModified":"2020-09-28T03:30:05+00:00","breadcrumb":{"@id":"https:\/\/vosgesinfo.fr\/remiremontinfo\/2020\/09\/remiremont-hall-daccueil-nouveau-cinema-sera-baptise-christian-poncelet\/#breadcrumb"},"inLanguage":"fr-FR","potentialAction":[{"@type":"ReadAction","target":["https:\/\/vosgesinfo.fr\/remiremontinfo\/2020\/09\/remiremont-hall-daccueil-nouveau-cinema-sera-baptise-christian-poncelet\/"]}]},{"@type":"ImageObject","inLanguage":"fr-FR","@id":"https:\/\/vosgesinfo.fr\/remiremontinfo\/2020\/09\/remiremont-hall-daccueil-nouveau-cinema-sera-baptise-christian-poncelet\/#primaryimage","url":"https:\/\/vosgesinfo.fr\/app\/uploads\/sites\/5\/2024\/09\/202009tg-2.jpg","contentUrl":"https:\/\/vosgesinfo.fr\/app\/uploads\/sites\/5\/2024\/09\/202009tg-2.jpg","width":788,"height":636},{"@type":"BreadcrumbList","@id":"https:\/\/vosgesinfo.fr\/remiremontinfo\/2020\/09\/remiremont-hall-daccueil-nouveau-cinema-sera-baptise-christian-poncelet\/#breadcrumb","itemListElement":[{"@type":"ListItem","position":1,"name":"Home","item":"https:\/\/vosgesinfo.fr\/remiremontinfo\/"},{"@type":"ListItem","position":2,"name":"Remiremont\u00a0: le hall d\u2019accueil du nouveau cin\u00e9ma sera baptis\u00e9 \u00ab Christian Poncelet \u00bb"}]},{"@type":"WebSite","@id":"https:\/\/vosgesinfo.fr\/remiremontinfo\/#website","url":"https:\/\/vosgesinfo.fr\/remiremontinfo\/","name":"Remiremont Info","description":"Toute l&#039;actualit\u00e9 de Remiremont","publisher":{"@id":"https:\/\/vosgesinfo.fr\/remiremontinfo\/#organization"},"alternateName":"Toute l'actualit\u00e9 de Remiremont","potentialAction":[{"@type":"SearchAction","target":{"@type":"EntryPoint","urlTemplate":"https:\/\/vosgesinfo.fr\/remiremontinfo\/?s={search_term_string}"},"query-input":"required name=search_term_string"}],"inLanguage":"fr-FR"},{"@type":"Organization","@id":"https:\/\/vosgesinfo.fr\/remiremontinfo\/#organization","name":"Remiremont Info","url":"https:\/\/vosgesinfo.fr\/remiremontinfo\/","logo":{"@type":"ImageObject","inLanguage":"fr-FR","@id":"https:\/\/vosgesinfo.fr\/remiremontinfo\/#\/schema\/logo\/image\/","url":"https:\/\/vosgesinfo.fr\/app\/uploads\/sites\/5\/2023\/08\/favicon-remiremontinfo.png","contentUrl":"https:\/\/vosgesinfo.fr\/app\/uploads\/sites\/5\/2023\/08\/favicon-remiremontinfo.png","width":512,"height":512,"caption":"Remiremont Info"},"image":{"@id":"https:\/\/vosgesinfo.fr\/remiremontinfo\/#\/schema\/logo\/image\/"},"sameAs":["https:\/\/www.facebook.com\/remiremontinfo","https:\/\/x.com\/VosgesInfo88","https:\/\/www.youtube.com\/@vosgesinfo"]},{"@type":"Person","@id":"https:\/\/vosgesinfo.fr\/remiremontinfo\/#\/schema\/person\/3bfd164d5218a185b1db68655a265316","name":"C D","image":{"@type":"ImageObject","inLanguage":"fr-FR","@id":"https:\/\/vosgesinfo.fr\/remiremontinfo\/#\/schema\/person\/image\/","url":"https:\/\/secure.gravatar.com\/avatar\/1f9a70007336511a47468b8f1c66f922b8b7cf617b02a31149ada43893a5d48f?s=96&d=mm&r=g","contentUrl":"https:\/\/secure.gravatar.com\/avatar\/1f9a70007336511a47468b8f1c66f922b8b7cf617b02a31149ada43893a5d48f?s=96&d=mm&r=g","caption":"C D"},"url":"https:\/\/vosgesinfo.fr\/remiremontinfo\/author\/cedric-drevet\/"}]}},"_links":{"self":[{"href":"https:\/\/vosgesinfo.fr\/remiremontinfo\/wp-json\/wp\/v2\/posts\/32072","targetHints":{"allow":["GET"]}}],"collection":[{"href":"https:\/\/vosgesinfo.fr\/remiremontinfo\/wp-json\/wp\/v2\/posts"}],"about":[{"href":"https:\/\/vosgesinfo.fr\/remiremontinfo\/wp-json\/wp\/v2\/types\/post"}],"author":[{"embeddable":true,"href":"https:\/\/vosgesinfo.fr\/remiremontinfo\/wp-json\/wp\/v2\/users\/407"}],"replies":[{"embeddable":true,"href":"https:\/\/vosgesinfo.fr\/remiremontinfo\/wp-json\/wp\/v2\/comments?post=32072"}],"version-history":[{"count":0,"href":"https:\/\/vosgesinfo.fr\/remiremontinfo\/wp-json\/wp\/v2\/posts\/32072\/revisions"}],"wp:featuredmedia":[{"embeddable":true,"href":"https:\/\/vosgesinfo.fr\/remiremontinfo\/wp-json\/wp\/v2\/media\/32073"}],"wp:attachment":[{"href":"https:\/\/vosgesinfo.fr\/remiremontinfo\/wp-json\/wp\/v2\/media?parent=32072"}],"wp:term":[{"taxonomy":"category","embeddable":true,"href":"https:\/\/vosgesinfo.fr\/remiremontinfo\/wp-json\/wp\/v2\/categories?post=32072"},{"taxonomy":"post_tag","embeddable":true,"href":"https:\/\/vosgesinfo.fr\/remiremontinfo\/wp-json\/wp\/v2\/tags?post=32072"}],"curies":[{"name":"wp","href":"https:\/\/api.w.org\/{rel}","templated":true}]}}