{"id":32091,"date":"2020-09-29T07:02:25","date_gmt":"2020-09-29T05:02:25","guid":{"rendered":"https:\/\/vosgesinfo.fr\/remiremontinfo\/2020\/09\/vosges-lassociation-oiseaux-nature-fete-40-ans-on-avance-fort-bien\/"},"modified":"2020-09-29T07:02:25","modified_gmt":"2020-09-29T05:02:25","slug":"vosges-lassociation-oiseaux-nature-fete-40-ans-on-avance-fort-bien","status":"publish","type":"post","link":"https:\/\/vosgesinfo.fr\/remiremontinfo\/2020\/09\/vosges-lassociation-oiseaux-nature-fete-40-ans-on-avance-fort-bien\/","title":{"rendered":"Vosges \u2013 L\u2019association \u00ab Oiseaux Nature \u00bb f\u00eate ses 40 ans : \u00ab On avance fort et bien ! \u00bb"},"content":{"rendered":"<p style=\"text-align: center;\"><a href=\"\/2020\/09\/oiseaux-nature-3.jpg\"><img decoding=\"async\" class=\"alignnone size-full wp-image-297256\" src=\"\/2020\/09\/oiseaux-nature-3.jpg\" alt=\"oiseaux-nature-3\" width=\"800\" height=\"600\" \/><\/a><\/p>\n<h2 class=\"x_MsoNormal\"><span style=\"font-size: 12pt;\"><strong>L\u2019association \u00ab\u00a0Oiseaux Nature\u00a0\u00bb avait le plaisir de c\u00e9l\u00e9brer son 40\u00e8me anniversaire ce dimanche 27 septembre \u00e0 L\u2019Espace Lac \u00e0 G\u00e9rardmer. Rester vigilent, lancer des alertes et faire respecter les lois et r\u00e8glements restent les ma\u00eetres mots pour Claude MAURICE et ses amis.<\/strong><\/span><\/h2>\n<p class=\"x_MsoNormal\">Pour cet anniversaire, l\u2019association avait voulu \u00ab\u00a0un chouette cadre\u00a0\u00bb et s\u2019\u00e9tait donc naturellement tourn\u00e9 vers la Perle des Vosges et son lac, adressant au passage un grand merci \u00e0 Ville de G\u00e9rardmer et son maire qui mettent \u00e0 disposition cette belle salle. Premier constat, malgr\u00e9 le COVID, de nombreux adh\u00e9rents avaient fait le d\u00e9placement pour ce bel \u00e9v\u00e9nement, sachant que \u00ab\u00a0Oiseaux Nature\u00a0\u00bb est une structure d\u00e9partementale et m\u00eame la plus grosse association naturaliste de Lorraine. Comme l\u2019a rappel\u00e9 son pr\u00e9sident historique Claude Maurice, elle compte d\u00e9sormais dans ses rangs un peu moins de 500 adh\u00e9rents dispers\u00e9s aux 4 coins du d\u00e9partement.\u00a0<em>\u00ab\u00a0Pour ma part, j\u2019avais 30 ans quand j\u2019ai commenc\u00e9. Je constate que le niveau de comp\u00e9tences et d\u2019investissements de nos membres a largement augment\u00e9. On a de plus en plus de lanceurs d\u2019alerte et de relais, on avance fort et bien, on est m\u00eame\u00a0\u00bb chauds-bouillants !\u00a0\u00bb<\/em>\u00a0pr\u00e9cisait-il avec enthousiasme.<\/p>\n<p class=\"x_MsoNormal\">La suite ici :\u00a0<a href=\"https:\/\/gerardmerinfo.fr\/2020\/09\/lassociation-oiseaux-nature-fete-40-ans-on-avance-fort-bien\/\" target=\"_blank\" rel=\"noopener\">https:\/\/gerardmerinfo.fr\/2020\/09\/lassociation-oiseaux-nature-fete-40-ans-on-avance-fort-bien\/<\/a><\/p>\n","protected":false},"excerpt":{"rendered":"<p>L\u2019association \u00ab\u00a0Oiseaux Nature\u00a0\u00bb avait le plaisir de c\u00e9l\u00e9brer son 40\u00e8me anniversaire ce dimanche 27 septembre \u00e0 L\u2019Espace Lac \u00e0 G\u00e9rardmer. [&hellip;]<\/p>\n","protected":false},"author":407,"featured_media":32092,"comment_status":"open","ping_status":"open","sticky":false,"template":"","format":"standard","meta":{"footnotes":""},"categories":[26,7,18],"tags":[],"class_list":["post-32091","post","type-post","status-publish","format-standard","has-post-thumbnail","hentry","category-a-la-une","category-environnement","category-vosges"],"acf":[],"yoast_head":"<!-- This site is optimized with the Yoast SEO plugin v22.5 - https:\/\/yoast.com\/wordpress\/plugins\/seo\/ -->\n<title>Vosges \u2013 L\u2019association \u00ab Oiseaux Nature \u00bb f\u00eate ses 40 ans : \u00ab On avance fort et bien ! \u00bb - Remiremont Info<\/title>\n<meta name=\"robots\" content=\"index, follow, max-snippet:-1, max-image-preview:large, max-video-preview:-1\" \/>\n<link rel=\"canonical\" href=\"https:\/\/vosgesinfo.fr\/remiremontinfo\/2020\/09\/vosges-lassociation-oiseaux-nature-fete-40-ans-on-avance-fort-bien\/\" \/>\n<meta name=\"twitter:card\" content=\"summary_large_image\" \/>\n<meta name=\"twitter:title\" content=\"Vosges \u2013 L\u2019association \u00ab Oiseaux Nature \u00bb f\u00eate ses 40 ans : \u00ab On avance fort et bien ! \u00bb - Remiremont Info\" \/>\n<meta name=\"twitter:description\" content=\"L\u2019association \u00ab\u00a0Oiseaux Nature\u00a0\u00bb avait le plaisir de c\u00e9l\u00e9brer son 40\u00e8me anniversaire ce dimanche 27 septembre \u00e0 L\u2019Espace Lac \u00e0 G\u00e9rardmer. [&hellip;]\" \/>\n<meta name=\"twitter:image\" content=\"https:\/\/vosgesinfo.fr\/app\/uploads\/sites\/5\/2024\/09\/202009oiseaux-nature-3.jpg\" \/>\n<meta name=\"twitter:creator\" content=\"@VosgesInfo88\" \/>\n<meta name=\"twitter:site\" content=\"@VosgesInfo88\" \/>\n<meta name=\"twitter:label1\" content=\"\u00c9crit par\" \/>\n\t<meta name=\"twitter:data1\" content=\"C D\" \/>\n\t<meta name=\"twitter:label2\" content=\"Dur\u00e9e de lecture estim\u00e9e\" \/>\n\t<meta name=\"twitter:data2\" content=\"1 minute\" \/>\n<script type=\"application\/ld+json\" class=\"yoast-schema-graph\">{\"@context\":\"https:\/\/schema.org\",\"@graph\":[{\"@type\":\"Article\",\"@id\":\"https:\/\/vosgesinfo.fr\/remiremontinfo\/2020\/09\/vosges-lassociation-oiseaux-nature-fete-40-ans-on-avance-fort-bien\/#article\",\"isPartOf\":{\"@id\":\"https:\/\/vosgesinfo.fr\/remiremontinfo\/2020\/09\/vosges-lassociation-oiseaux-nature-fete-40-ans-on-avance-fort-bien\/\"},\"author\":{\"name\":\"C D\",\"@id\":\"https:\/\/vosgesinfo.fr\/remiremontinfo\/#\/schema\/person\/3bfd164d5218a185b1db68655a265316\"},\"headline\":\"Vosges \u2013 L\u2019association \u00ab Oiseaux Nature \u00bb f\u00eate ses 40 ans : \u00ab On avance fort et bien ! \u00bb\",\"datePublished\":\"2020-09-29T05:02:25+00:00\",\"dateModified\":\"2020-09-29T05:02:25+00:00\",\"mainEntityOfPage\":{\"@id\":\"https:\/\/vosgesinfo.fr\/remiremontinfo\/2020\/09\/vosges-lassociation-oiseaux-nature-fete-40-ans-on-avance-fort-bien\/\"},\"wordCount\":233,\"commentCount\":0,\"publisher\":{\"@id\":\"https:\/\/vosgesinfo.fr\/remiremontinfo\/#organization\"},\"image\":{\"@id\":\"https:\/\/vosgesinfo.fr\/remiremontinfo\/2020\/09\/vosges-lassociation-oiseaux-nature-fete-40-ans-on-avance-fort-bien\/#primaryimage\"},\"thumbnailUrl\":\"https:\/\/vosgesinfo.fr\/app\/uploads\/sites\/5\/2024\/09\/202009oiseaux-nature-3.jpg\",\"articleSection\":[\"A la Une\",\"Environnement\",\"Vosges\"],\"inLanguage\":\"fr-FR\",\"potentialAction\":[{\"@type\":\"CommentAction\",\"name\":\"Comment\",\"target\":[\"https:\/\/vosgesinfo.fr\/remiremontinfo\/2020\/09\/vosges-lassociation-oiseaux-nature-fete-40-ans-on-avance-fort-bien\/#respond\"]}]},{\"@type\":\"WebPage\",\"@id\":\"https:\/\/vosgesinfo.fr\/remiremontinfo\/2020\/09\/vosges-lassociation-oiseaux-nature-fete-40-ans-on-avance-fort-bien\/\",\"url\":\"https:\/\/vosgesinfo.fr\/remiremontinfo\/2020\/09\/vosges-lassociation-oiseaux-nature-fete-40-ans-on-avance-fort-bien\/\",\"name\":\"Vosges \u2013 L\u2019association \u00ab Oiseaux Nature \u00bb f\u00eate ses 40 ans : \u00ab On avance fort et bien ! \u00bb - Remiremont Info\",\"isPartOf\":{\"@id\":\"https:\/\/vosgesinfo.fr\/remiremontinfo\/#website\"},\"primaryImageOfPage\":{\"@id\":\"https:\/\/vosgesinfo.fr\/remiremontinfo\/2020\/09\/vosges-lassociation-oiseaux-nature-fete-40-ans-on-avance-fort-bien\/#primaryimage\"},\"image\":{\"@id\":\"https:\/\/vosgesinfo.fr\/remiremontinfo\/2020\/09\/vosges-lassociation-oiseaux-nature-fete-40-ans-on-avance-fort-bien\/#primaryimage\"},\"thumbnailUrl\":\"https:\/\/vosgesinfo.fr\/app\/uploads\/sites\/5\/2024\/09\/202009oiseaux-nature-3.jpg\",\"datePublished\":\"2020-09-29T05:02:25+00:00\",\"dateModified\":\"2020-09-29T05:02:25+00:00\",\"breadcrumb\":{\"@id\":\"https:\/\/vosgesinfo.fr\/remiremontinfo\/2020\/09\/vosges-lassociation-oiseaux-nature-fete-40-ans-on-avance-fort-bien\/#breadcrumb\"},\"inLanguage\":\"fr-FR\",\"potentialAction\":[{\"@type\":\"ReadAction\",\"target\":[\"https:\/\/vosgesinfo.fr\/remiremontinfo\/2020\/09\/vosges-lassociation-oiseaux-nature-fete-40-ans-on-avance-fort-bien\/\"]}]},{\"@type\":\"ImageObject\",\"inLanguage\":\"fr-FR\",\"@id\":\"https:\/\/vosgesinfo.fr\/remiremontinfo\/2020\/09\/vosges-lassociation-oiseaux-nature-fete-40-ans-on-avance-fort-bien\/#primaryimage\",\"url\":\"https:\/\/vosgesinfo.fr\/app\/uploads\/sites\/5\/2024\/09\/202009oiseaux-nature-3.jpg\",\"contentUrl\":\"https:\/\/vosgesinfo.fr\/app\/uploads\/sites\/5\/2024\/09\/202009oiseaux-nature-3.jpg\",\"width\":800,\"height\":600},{\"@type\":\"BreadcrumbList\",\"@id\":\"https:\/\/vosgesinfo.fr\/remiremontinfo\/2020\/09\/vosges-lassociation-oiseaux-nature-fete-40-ans-on-avance-fort-bien\/#breadcrumb\",\"itemListElement\":[{\"@type\":\"ListItem\",\"position\":1,\"name\":\"Home\",\"item\":\"https:\/\/vosgesinfo.fr\/remiremontinfo\/\"},{\"@type\":\"ListItem\",\"position\":2,\"name\":\"Vosges \u2013 L\u2019association \u00ab Oiseaux Nature \u00bb f\u00eate ses 40 ans : \u00ab On avance fort et bien ! \u00bb\"}]},{\"@type\":\"WebSite\",\"@id\":\"https:\/\/vosgesinfo.fr\/remiremontinfo\/#website\",\"url\":\"https:\/\/vosgesinfo.fr\/remiremontinfo\/\",\"name\":\"Remiremont Info\",\"description\":\"Toute l&#039;actualit\u00e9 de Remiremont\",\"publisher\":{\"@id\":\"https:\/\/vosgesinfo.fr\/remiremontinfo\/#organization\"},\"alternateName\":\"Toute l'actualit\u00e9 de Remiremont\",\"potentialAction\":[{\"@type\":\"SearchAction\",\"target\":{\"@type\":\"EntryPoint\",\"urlTemplate\":\"https:\/\/vosgesinfo.fr\/remiremontinfo\/?s={search_term_string}\"},\"query-input\":\"required name=search_term_string\"}],\"inLanguage\":\"fr-FR\"},{\"@type\":\"Organization\",\"@id\":\"https:\/\/vosgesinfo.fr\/remiremontinfo\/#organization\",\"name\":\"Remiremont Info\",\"url\":\"https:\/\/vosgesinfo.fr\/remiremontinfo\/\",\"logo\":{\"@type\":\"ImageObject\",\"inLanguage\":\"fr-FR\",\"@id\":\"https:\/\/vosgesinfo.fr\/remiremontinfo\/#\/schema\/logo\/image\/\",\"url\":\"https:\/\/vosgesinfo.fr\/app\/uploads\/sites\/5\/2023\/08\/favicon-remiremontinfo.png\",\"contentUrl\":\"https:\/\/vosgesinfo.fr\/app\/uploads\/sites\/5\/2023\/08\/favicon-remiremontinfo.png\",\"width\":512,\"height\":512,\"caption\":\"Remiremont Info\"},\"image\":{\"@id\":\"https:\/\/vosgesinfo.fr\/remiremontinfo\/#\/schema\/logo\/image\/\"},\"sameAs\":[\"https:\/\/www.facebook.com\/remiremontinfo\",\"https:\/\/x.com\/VosgesInfo88\",\"https:\/\/www.youtube.com\/@vosgesinfo\"]},{\"@type\":\"Person\",\"@id\":\"https:\/\/vosgesinfo.fr\/remiremontinfo\/#\/schema\/person\/3bfd164d5218a185b1db68655a265316\",\"name\":\"C D\",\"image\":{\"@type\":\"ImageObject\",\"inLanguage\":\"fr-FR\",\"@id\":\"https:\/\/vosgesinfo.fr\/remiremontinfo\/#\/schema\/person\/image\/\",\"url\":\"https:\/\/secure.gravatar.com\/avatar\/1f9a70007336511a47468b8f1c66f922b8b7cf617b02a31149ada43893a5d48f?s=96&d=mm&r=g\",\"contentUrl\":\"https:\/\/secure.gravatar.com\/avatar\/1f9a70007336511a47468b8f1c66f922b8b7cf617b02a31149ada43893a5d48f?s=96&d=mm&r=g\",\"caption\":\"C D\"},\"url\":\"https:\/\/vosgesinfo.fr\/remiremontinfo\/author\/cedric-drevet\/\"}]}<\/script>\n<!-- \/ Yoast SEO plugin. -->","yoast_head_json":{"title":"Vosges \u2013 L\u2019association \u00ab Oiseaux Nature \u00bb f\u00eate ses 40 ans : \u00ab On avance fort et bien ! \u00bb - Remiremont Info","robots":{"index":"index","follow":"follow","max-snippet":"max-snippet:-1","max-image-preview":"max-image-preview:large","max-video-preview":"max-video-preview:-1"},"canonical":"https:\/\/vosgesinfo.fr\/remiremontinfo\/2020\/09\/vosges-lassociation-oiseaux-nature-fete-40-ans-on-avance-fort-bien\/","twitter_card":"summary_large_image","twitter_title":"Vosges \u2013 L\u2019association \u00ab Oiseaux Nature \u00bb f\u00eate ses 40 ans : \u00ab On avance fort et bien ! \u00bb - Remiremont Info","twitter_description":"L\u2019association \u00ab\u00a0Oiseaux Nature\u00a0\u00bb avait le plaisir de c\u00e9l\u00e9brer son 40\u00e8me anniversaire ce dimanche 27 septembre \u00e0 L\u2019Espace Lac \u00e0 G\u00e9rardmer. [&hellip;]","twitter_image":"https:\/\/vosgesinfo.fr\/app\/uploads\/sites\/5\/2024\/09\/202009oiseaux-nature-3.jpg","twitter_creator":"@VosgesInfo88","twitter_site":"@VosgesInfo88","twitter_misc":{"\u00c9crit par":"C D","Dur\u00e9e de lecture estim\u00e9e":"1 minute"},"schema":{"@context":"https:\/\/schema.org","@graph":[{"@type":"Article","@id":"https:\/\/vosgesinfo.fr\/remiremontinfo\/2020\/09\/vosges-lassociation-oiseaux-nature-fete-40-ans-on-avance-fort-bien\/#article","isPartOf":{"@id":"https:\/\/vosgesinfo.fr\/remiremontinfo\/2020\/09\/vosges-lassociation-oiseaux-nature-fete-40-ans-on-avance-fort-bien\/"},"author":{"name":"C D","@id":"https:\/\/vosgesinfo.fr\/remiremontinfo\/#\/schema\/person\/3bfd164d5218a185b1db68655a265316"},"headline":"Vosges \u2013 L\u2019association \u00ab Oiseaux Nature \u00bb f\u00eate ses 40 ans : \u00ab On avance fort et bien ! \u00bb","datePublished":"2020-09-29T05:02:25+00:00","dateModified":"2020-09-29T05:02:25+00:00","mainEntityOfPage":{"@id":"https:\/\/vosgesinfo.fr\/remiremontinfo\/2020\/09\/vosges-lassociation-oiseaux-nature-fete-40-ans-on-avance-fort-bien\/"},"wordCount":233,"commentCount":0,"publisher":{"@id":"https:\/\/vosgesinfo.fr\/remiremontinfo\/#organization"},"image":{"@id":"https:\/\/vosgesinfo.fr\/remiremontinfo\/2020\/09\/vosges-lassociation-oiseaux-nature-fete-40-ans-on-avance-fort-bien\/#primaryimage"},"thumbnailUrl":"https:\/\/vosgesinfo.fr\/app\/uploads\/sites\/5\/2024\/09\/202009oiseaux-nature-3.jpg","articleSection":["A la Une","Environnement","Vosges"],"inLanguage":"fr-FR","potentialAction":[{"@type":"CommentAction","name":"Comment","target":["https:\/\/vosgesinfo.fr\/remiremontinfo\/2020\/09\/vosges-lassociation-oiseaux-nature-fete-40-ans-on-avance-fort-bien\/#respond"]}]},{"@type":"WebPage","@id":"https:\/\/vosgesinfo.fr\/remiremontinfo\/2020\/09\/vosges-lassociation-oiseaux-nature-fete-40-ans-on-avance-fort-bien\/","url":"https:\/\/vosgesinfo.fr\/remiremontinfo\/2020\/09\/vosges-lassociation-oiseaux-nature-fete-40-ans-on-avance-fort-bien\/","name":"Vosges \u2013 L\u2019association \u00ab Oiseaux Nature \u00bb f\u00eate ses 40 ans : \u00ab On avance fort et bien ! \u00bb - Remiremont Info","isPartOf":{"@id":"https:\/\/vosgesinfo.fr\/remiremontinfo\/#website"},"primaryImageOfPage":{"@id":"https:\/\/vosgesinfo.fr\/remiremontinfo\/2020\/09\/vosges-lassociation-oiseaux-nature-fete-40-ans-on-avance-fort-bien\/#primaryimage"},"image":{"@id":"https:\/\/vosgesinfo.fr\/remiremontinfo\/2020\/09\/vosges-lassociation-oiseaux-nature-fete-40-ans-on-avance-fort-bien\/#primaryimage"},"thumbnailUrl":"https:\/\/vosgesinfo.fr\/app\/uploads\/sites\/5\/2024\/09\/202009oiseaux-nature-3.jpg","datePublished":"2020-09-29T05:02:25+00:00","dateModified":"2020-09-29T05:02:25+00:00","breadcrumb":{"@id":"https:\/\/vosgesinfo.fr\/remiremontinfo\/2020\/09\/vosges-lassociation-oiseaux-nature-fete-40-ans-on-avance-fort-bien\/#breadcrumb"},"inLanguage":"fr-FR","potentialAction":[{"@type":"ReadAction","target":["https:\/\/vosgesinfo.fr\/remiremontinfo\/2020\/09\/vosges-lassociation-oiseaux-nature-fete-40-ans-on-avance-fort-bien\/"]}]},{"@type":"ImageObject","inLanguage":"fr-FR","@id":"https:\/\/vosgesinfo.fr\/remiremontinfo\/2020\/09\/vosges-lassociation-oiseaux-nature-fete-40-ans-on-avance-fort-bien\/#primaryimage","url":"https:\/\/vosgesinfo.fr\/app\/uploads\/sites\/5\/2024\/09\/202009oiseaux-nature-3.jpg","contentUrl":"https:\/\/vosgesinfo.fr\/app\/uploads\/sites\/5\/2024\/09\/202009oiseaux-nature-3.jpg","width":800,"height":600},{"@type":"BreadcrumbList","@id":"https:\/\/vosgesinfo.fr\/remiremontinfo\/2020\/09\/vosges-lassociation-oiseaux-nature-fete-40-ans-on-avance-fort-bien\/#breadcrumb","itemListElement":[{"@type":"ListItem","position":1,"name":"Home","item":"https:\/\/vosgesinfo.fr\/remiremontinfo\/"},{"@type":"ListItem","position":2,"name":"Vosges \u2013 L\u2019association \u00ab Oiseaux Nature \u00bb f\u00eate ses 40 ans : \u00ab On avance fort et bien ! \u00bb"}]},{"@type":"WebSite","@id":"https:\/\/vosgesinfo.fr\/remiremontinfo\/#website","url":"https:\/\/vosgesinfo.fr\/remiremontinfo\/","name":"Remiremont Info","description":"Toute l&#039;actualit\u00e9 de Remiremont","publisher":{"@id":"https:\/\/vosgesinfo.fr\/remiremontinfo\/#organization"},"alternateName":"Toute l'actualit\u00e9 de Remiremont","potentialAction":[{"@type":"SearchAction","target":{"@type":"EntryPoint","urlTemplate":"https:\/\/vosgesinfo.fr\/remiremontinfo\/?s={search_term_string}"},"query-input":"required name=search_term_string"}],"inLanguage":"fr-FR"},{"@type":"Organization","@id":"https:\/\/vosgesinfo.fr\/remiremontinfo\/#organization","name":"Remiremont Info","url":"https:\/\/vosgesinfo.fr\/remiremontinfo\/","logo":{"@type":"ImageObject","inLanguage":"fr-FR","@id":"https:\/\/vosgesinfo.fr\/remiremontinfo\/#\/schema\/logo\/image\/","url":"https:\/\/vosgesinfo.fr\/app\/uploads\/sites\/5\/2023\/08\/favicon-remiremontinfo.png","contentUrl":"https:\/\/vosgesinfo.fr\/app\/uploads\/sites\/5\/2023\/08\/favicon-remiremontinfo.png","width":512,"height":512,"caption":"Remiremont Info"},"image":{"@id":"https:\/\/vosgesinfo.fr\/remiremontinfo\/#\/schema\/logo\/image\/"},"sameAs":["https:\/\/www.facebook.com\/remiremontinfo","https:\/\/x.com\/VosgesInfo88","https:\/\/www.youtube.com\/@vosgesinfo"]},{"@type":"Person","@id":"https:\/\/vosgesinfo.fr\/remiremontinfo\/#\/schema\/person\/3bfd164d5218a185b1db68655a265316","name":"C D","image":{"@type":"ImageObject","inLanguage":"fr-FR","@id":"https:\/\/vosgesinfo.fr\/remiremontinfo\/#\/schema\/person\/image\/","url":"https:\/\/secure.gravatar.com\/avatar\/1f9a70007336511a47468b8f1c66f922b8b7cf617b02a31149ada43893a5d48f?s=96&d=mm&r=g","contentUrl":"https:\/\/secure.gravatar.com\/avatar\/1f9a70007336511a47468b8f1c66f922b8b7cf617b02a31149ada43893a5d48f?s=96&d=mm&r=g","caption":"C D"},"url":"https:\/\/vosgesinfo.fr\/remiremontinfo\/author\/cedric-drevet\/"}]}},"_links":{"self":[{"href":"https:\/\/vosgesinfo.fr\/remiremontinfo\/wp-json\/wp\/v2\/posts\/32091","targetHints":{"allow":["GET"]}}],"collection":[{"href":"https:\/\/vosgesinfo.fr\/remiremontinfo\/wp-json\/wp\/v2\/posts"}],"about":[{"href":"https:\/\/vosgesinfo.fr\/remiremontinfo\/wp-json\/wp\/v2\/types\/post"}],"author":[{"embeddable":true,"href":"https:\/\/vosgesinfo.fr\/remiremontinfo\/wp-json\/wp\/v2\/users\/407"}],"replies":[{"embeddable":true,"href":"https:\/\/vosgesinfo.fr\/remiremontinfo\/wp-json\/wp\/v2\/comments?post=32091"}],"version-history":[{"count":0,"href":"https:\/\/vosgesinfo.fr\/remiremontinfo\/wp-json\/wp\/v2\/posts\/32091\/revisions"}],"wp:featuredmedia":[{"embeddable":true,"href":"https:\/\/vosgesinfo.fr\/remiremontinfo\/wp-json\/wp\/v2\/media\/32092"}],"wp:attachment":[{"href":"https:\/\/vosgesinfo.fr\/remiremontinfo\/wp-json\/wp\/v2\/media?parent=32091"}],"wp:term":[{"taxonomy":"category","embeddable":true,"href":"https:\/\/vosgesinfo.fr\/remiremontinfo\/wp-json\/wp\/v2\/categories?post=32091"},{"taxonomy":"post_tag","embeddable":true,"href":"https:\/\/vosgesinfo.fr\/remiremontinfo\/wp-json\/wp\/v2\/tags?post=32091"}],"curies":[{"name":"wp","href":"https:\/\/api.w.org\/{rel}","templated":true}]}}