{"id":32306,"date":"2020-10-04T06:52:59","date_gmt":"2020-10-04T04:52:59","guid":{"rendered":"https:\/\/vosgesinfo.fr\/remiremontinfo\/2020\/10\/vosges-plusieurs-cas-de-covid-19-lycee\/"},"modified":"2020-10-04T06:52:59","modified_gmt":"2020-10-04T04:52:59","slug":"vosges-plusieurs-cas-de-covid-19-lycee","status":"publish","type":"post","link":"https:\/\/vosgesinfo.fr\/remiremontinfo\/2020\/10\/vosges-plusieurs-cas-de-covid-19-lycee\/","title":{"rendered":"Vosges \u2013 Plusieurs cas de Covid-19 dans un lyc\u00e9e"},"content":{"rendered":"<p><a href=\"https:\/\/remiremontinfo.fr\/2020\/10\/vosges-plusieurs-cas-de-covid-19-lycee\/lpn\/\" rel=\"attachment wp-att-297721\"><img decoding=\"async\" class=\"alignright size-medium wp-image-297721\" src=\"\/2020\/10\/lpn-391x255.jpg\" alt=\"lpn\" width=\"391\" height=\"255\" \/><\/a>Ce vendredi 2 octobre, de nombreux parents d\u2019enfants scolaris\u00e9s au lyc\u00e9e polyvalent Pierre et Marie Curie\u00a0 de Neufchateau ont re\u00e7u via l\u2019acc\u00e8s internet au bureau num\u00e9rique, un courrier type adress\u00e9 de l\u2019Agence R\u00e9gionale de Sant\u00e9 et de l\u2019acad\u00e9mie Nancy-Metz.<\/p>\n<p>Ce mail informe que trois cas de Covid-19 ont \u00e9t\u00e9 identifi\u00e9s dans l\u2019\u00e9tablissement que fr\u00e9quente l\u2019enfant et qu\u2019apr\u00e8s des recherches il n\u2019a pas \u00e9t\u00e9 en contact \u00e9troit avec ces cas.<\/p>\n<p>L\u2019info relay\u00e9 sur la page Facebook Neufch\u2019Actu, a suscit\u00e9 de nombreuses r\u00e9actions des parents sur la \u00ab\u00a0toile\u00a0\u00bb et sur le parking de l\u2019\u00e9tablissement scolaire o\u00f9 certains d\u2019entre-eux attendaient leurs enfants \u00e0 la sortie des cours.<\/p>\n<p>Un papa se demande \u00ab\u00a0<em>comment peut-on \u00eatre s\u00fbr que son fils n\u2019a pas \u00e9t\u00e9 en contact, dans la cour, \u00e0 la cantine, dans les couloirs, ou en attendant le bus\u00a0\u00bb<\/em>. Une maman s\u2019interroge, \u00ab\u00a0<em>tous les parents ne vont pas sur le bureau num\u00e9rique, ou n\u2019ont tout simplement pas internet, et il s\u2019av\u00e8re que ces personnes ne sont donc pas pr\u00e9venues<\/em>\u00ab\u00a0.<\/p>\n<p>Une phrase du courrier pourrait pr\u00eater \u00e0 sourire si la situation n\u2019\u00e9tait pas aussi grave. <em>\u00abSi votre enfant n\u2019a pas eu de contact en dehors de l\u2019\u00e9tablissement avec un cas confirm\u00e9, il peut donc continuer \u00e0 fr\u00e9quenter normalement l\u2019\u00e9tablissement et n\u2019a pas besoin d\u2019effectuer un d\u00e9pistage.\u00bb <\/em>Plusieurs personnes ont donc contact\u00e9 le lyc\u00e9e pour conna\u00eetre le nom des jeunes lyc\u00e9ens contamin\u00e9s. Malheureusement secret professionnel oblige, il n\u2019est pas possible de communiquer cette information. Il s\u2019av\u00e8re donc difficile de suivre les directives de la phrase cit\u00e9e.<\/p>\n<p>Un autre cas avec sensiblement le m\u00eame courrier a \u00e9t\u00e9 adress\u00e9 aux parents d\u2019enfants scolaris\u00e9s \u00e0 l\u2019\u00e9cole primaire Julie-Victoire Daubi\u00e9. La mairie a confirm\u00e9 avoir appliqu\u00e9 le protocole mis en place dans le cas pr\u00e9sent.<\/p>\n<p>Rappelons-nous quelques mois auparavant, le ministre de la sant\u00e9, Olivier V\u00e9ran, informait, qu\u2019il n\u2019y avait pas de risque que les enfants soient contamin\u00e9s\u2026<\/p>\n<p>D.S.<\/p>\n","protected":false},"excerpt":{"rendered":"<p>Ce vendredi 2 octobre, de nombreux parents d\u2019enfants scolaris\u00e9s au lyc\u00e9e polyvalent Pierre et Marie Curie\u00a0 de Neufchateau ont re\u00e7u [&hellip;]<\/p>\n","protected":false},"author":392,"featured_media":32307,"comment_status":"open","ping_status":"open","sticky":false,"template":"","format":"standard","meta":{"footnotes":""},"categories":[26,12,18],"tags":[],"class_list":["post-32306","post","type-post","status-publish","format-standard","has-post-thumbnail","hentry","category-a-la-une","category-sante","category-vosges"],"acf":[],"yoast_head":"<!-- This site is optimized with the Yoast SEO plugin v22.5 - https:\/\/yoast.com\/wordpress\/plugins\/seo\/ -->\n<title>Vosges \u2013 Plusieurs cas de Covid-19 dans un lyc\u00e9e - Remiremont Info<\/title>\n<meta name=\"robots\" content=\"index, follow, max-snippet:-1, max-image-preview:large, max-video-preview:-1\" \/>\n<link rel=\"canonical\" href=\"https:\/\/vosgesinfo.fr\/remiremontinfo\/2020\/10\/vosges-plusieurs-cas-de-covid-19-lycee\/\" \/>\n<meta name=\"twitter:card\" content=\"summary_large_image\" \/>\n<meta name=\"twitter:title\" content=\"Vosges \u2013 Plusieurs cas de Covid-19 dans un lyc\u00e9e - Remiremont Info\" \/>\n<meta name=\"twitter:description\" content=\"Ce vendredi 2 octobre, de nombreux parents d\u2019enfants scolaris\u00e9s au lyc\u00e9e polyvalent Pierre et Marie Curie\u00a0 de Neufchateau ont re\u00e7u [&hellip;]\" \/>\n<meta name=\"twitter:image\" content=\"https:\/\/vosgesinfo.fr\/app\/uploads\/sites\/5\/2024\/09\/202010lpn.jpg\" \/>\n<meta name=\"twitter:creator\" content=\"@VosgesInfo88\" \/>\n<meta name=\"twitter:site\" content=\"@VosgesInfo88\" \/>\n<meta name=\"twitter:label1\" content=\"\u00c9crit par\" \/>\n\t<meta name=\"twitter:data1\" content=\"La redaction\" \/>\n\t<meta name=\"twitter:label2\" content=\"Dur\u00e9e de lecture estim\u00e9e\" \/>\n\t<meta name=\"twitter:data2\" content=\"2 minutes\" \/>\n<script type=\"application\/ld+json\" class=\"yoast-schema-graph\">{\"@context\":\"https:\/\/schema.org\",\"@graph\":[{\"@type\":\"Article\",\"@id\":\"https:\/\/vosgesinfo.fr\/remiremontinfo\/2020\/10\/vosges-plusieurs-cas-de-covid-19-lycee\/#article\",\"isPartOf\":{\"@id\":\"https:\/\/vosgesinfo.fr\/remiremontinfo\/2020\/10\/vosges-plusieurs-cas-de-covid-19-lycee\/\"},\"author\":{\"name\":\"La redaction\",\"@id\":\"https:\/\/vosgesinfo.fr\/remiremontinfo\/#\/schema\/person\/80c6ea85ff4afefe81dceaf949954c76\"},\"headline\":\"Vosges \u2013 Plusieurs cas de Covid-19 dans un lyc\u00e9e\",\"datePublished\":\"2020-10-04T04:52:59+00:00\",\"dateModified\":\"2020-10-04T04:52:59+00:00\",\"mainEntityOfPage\":{\"@id\":\"https:\/\/vosgesinfo.fr\/remiremontinfo\/2020\/10\/vosges-plusieurs-cas-de-covid-19-lycee\/\"},\"wordCount\":369,\"commentCount\":0,\"publisher\":{\"@id\":\"https:\/\/vosgesinfo.fr\/remiremontinfo\/#organization\"},\"image\":{\"@id\":\"https:\/\/vosgesinfo.fr\/remiremontinfo\/2020\/10\/vosges-plusieurs-cas-de-covid-19-lycee\/#primaryimage\"},\"thumbnailUrl\":\"https:\/\/vosgesinfo.fr\/app\/uploads\/sites\/5\/2024\/09\/202010lpn.jpg\",\"articleSection\":[\"A la Une\",\"Sant\u00e9\",\"Vosges\"],\"inLanguage\":\"fr-FR\",\"potentialAction\":[{\"@type\":\"CommentAction\",\"name\":\"Comment\",\"target\":[\"https:\/\/vosgesinfo.fr\/remiremontinfo\/2020\/10\/vosges-plusieurs-cas-de-covid-19-lycee\/#respond\"]}]},{\"@type\":\"WebPage\",\"@id\":\"https:\/\/vosgesinfo.fr\/remiremontinfo\/2020\/10\/vosges-plusieurs-cas-de-covid-19-lycee\/\",\"url\":\"https:\/\/vosgesinfo.fr\/remiremontinfo\/2020\/10\/vosges-plusieurs-cas-de-covid-19-lycee\/\",\"name\":\"Vosges \u2013 Plusieurs cas de Covid-19 dans un lyc\u00e9e - Remiremont Info\",\"isPartOf\":{\"@id\":\"https:\/\/vosgesinfo.fr\/remiremontinfo\/#website\"},\"primaryImageOfPage\":{\"@id\":\"https:\/\/vosgesinfo.fr\/remiremontinfo\/2020\/10\/vosges-plusieurs-cas-de-covid-19-lycee\/#primaryimage\"},\"image\":{\"@id\":\"https:\/\/vosgesinfo.fr\/remiremontinfo\/2020\/10\/vosges-plusieurs-cas-de-covid-19-lycee\/#primaryimage\"},\"thumbnailUrl\":\"https:\/\/vosgesinfo.fr\/app\/uploads\/sites\/5\/2024\/09\/202010lpn.jpg\",\"datePublished\":\"2020-10-04T04:52:59+00:00\",\"dateModified\":\"2020-10-04T04:52:59+00:00\",\"breadcrumb\":{\"@id\":\"https:\/\/vosgesinfo.fr\/remiremontinfo\/2020\/10\/vosges-plusieurs-cas-de-covid-19-lycee\/#breadcrumb\"},\"inLanguage\":\"fr-FR\",\"potentialAction\":[{\"@type\":\"ReadAction\",\"target\":[\"https:\/\/vosgesinfo.fr\/remiremontinfo\/2020\/10\/vosges-plusieurs-cas-de-covid-19-lycee\/\"]}]},{\"@type\":\"ImageObject\",\"inLanguage\":\"fr-FR\",\"@id\":\"https:\/\/vosgesinfo.fr\/remiremontinfo\/2020\/10\/vosges-plusieurs-cas-de-covid-19-lycee\/#primaryimage\",\"url\":\"https:\/\/vosgesinfo.fr\/app\/uploads\/sites\/5\/2024\/09\/202010lpn.jpg\",\"contentUrl\":\"https:\/\/vosgesinfo.fr\/app\/uploads\/sites\/5\/2024\/09\/202010lpn.jpg\",\"width\":512,\"height\":334},{\"@type\":\"BreadcrumbList\",\"@id\":\"https:\/\/vosgesinfo.fr\/remiremontinfo\/2020\/10\/vosges-plusieurs-cas-de-covid-19-lycee\/#breadcrumb\",\"itemListElement\":[{\"@type\":\"ListItem\",\"position\":1,\"name\":\"Home\",\"item\":\"https:\/\/vosgesinfo.fr\/remiremontinfo\/\"},{\"@type\":\"ListItem\",\"position\":2,\"name\":\"Vosges \u2013 Plusieurs cas de Covid-19 dans un lyc\u00e9e\"}]},{\"@type\":\"WebSite\",\"@id\":\"https:\/\/vosgesinfo.fr\/remiremontinfo\/#website\",\"url\":\"https:\/\/vosgesinfo.fr\/remiremontinfo\/\",\"name\":\"Remiremont Info\",\"description\":\"Toute l&#039;actualit\u00e9 de Remiremont\",\"publisher\":{\"@id\":\"https:\/\/vosgesinfo.fr\/remiremontinfo\/#organization\"},\"alternateName\":\"Toute l'actualit\u00e9 de Remiremont\",\"potentialAction\":[{\"@type\":\"SearchAction\",\"target\":{\"@type\":\"EntryPoint\",\"urlTemplate\":\"https:\/\/vosgesinfo.fr\/remiremontinfo\/?s={search_term_string}\"},\"query-input\":\"required name=search_term_string\"}],\"inLanguage\":\"fr-FR\"},{\"@type\":\"Organization\",\"@id\":\"https:\/\/vosgesinfo.fr\/remiremontinfo\/#organization\",\"name\":\"Remiremont Info\",\"url\":\"https:\/\/vosgesinfo.fr\/remiremontinfo\/\",\"logo\":{\"@type\":\"ImageObject\",\"inLanguage\":\"fr-FR\",\"@id\":\"https:\/\/vosgesinfo.fr\/remiremontinfo\/#\/schema\/logo\/image\/\",\"url\":\"https:\/\/vosgesinfo.fr\/app\/uploads\/sites\/5\/2023\/08\/favicon-remiremontinfo.png\",\"contentUrl\":\"https:\/\/vosgesinfo.fr\/app\/uploads\/sites\/5\/2023\/08\/favicon-remiremontinfo.png\",\"width\":512,\"height\":512,\"caption\":\"Remiremont Info\"},\"image\":{\"@id\":\"https:\/\/vosgesinfo.fr\/remiremontinfo\/#\/schema\/logo\/image\/\"},\"sameAs\":[\"https:\/\/www.facebook.com\/remiremontinfo\",\"https:\/\/x.com\/VosgesInfo88\",\"https:\/\/www.youtube.com\/@vosgesinfo\"]},{\"@type\":\"Person\",\"@id\":\"https:\/\/vosgesinfo.fr\/remiremontinfo\/#\/schema\/person\/80c6ea85ff4afefe81dceaf949954c76\",\"name\":\"La redaction\",\"image\":{\"@type\":\"ImageObject\",\"inLanguage\":\"fr-FR\",\"@id\":\"https:\/\/vosgesinfo.fr\/remiremontinfo\/#\/schema\/person\/image\/\",\"url\":\"https:\/\/secure.gravatar.com\/avatar\/fa684fed8c27e631d40f39d17520286009f89cf7526728ea4e58b5a8c426c16a?s=96&d=mm&r=g\",\"contentUrl\":\"https:\/\/secure.gravatar.com\/avatar\/fa684fed8c27e631d40f39d17520286009f89cf7526728ea4e58b5a8c426c16a?s=96&d=mm&r=g\",\"caption\":\"La redaction\"},\"url\":\"https:\/\/vosgesinfo.fr\/remiremontinfo\/author\/d-p\/\"}]}<\/script>\n<!-- \/ Yoast SEO plugin. -->","yoast_head_json":{"title":"Vosges \u2013 Plusieurs cas de Covid-19 dans un lyc\u00e9e - Remiremont Info","robots":{"index":"index","follow":"follow","max-snippet":"max-snippet:-1","max-image-preview":"max-image-preview:large","max-video-preview":"max-video-preview:-1"},"canonical":"https:\/\/vosgesinfo.fr\/remiremontinfo\/2020\/10\/vosges-plusieurs-cas-de-covid-19-lycee\/","twitter_card":"summary_large_image","twitter_title":"Vosges \u2013 Plusieurs cas de Covid-19 dans un lyc\u00e9e - Remiremont Info","twitter_description":"Ce vendredi 2 octobre, de nombreux parents d\u2019enfants scolaris\u00e9s au lyc\u00e9e polyvalent Pierre et Marie Curie\u00a0 de Neufchateau ont re\u00e7u [&hellip;]","twitter_image":"https:\/\/vosgesinfo.fr\/app\/uploads\/sites\/5\/2024\/09\/202010lpn.jpg","twitter_creator":"@VosgesInfo88","twitter_site":"@VosgesInfo88","twitter_misc":{"\u00c9crit par":"La redaction","Dur\u00e9e de lecture estim\u00e9e":"2 minutes"},"schema":{"@context":"https:\/\/schema.org","@graph":[{"@type":"Article","@id":"https:\/\/vosgesinfo.fr\/remiremontinfo\/2020\/10\/vosges-plusieurs-cas-de-covid-19-lycee\/#article","isPartOf":{"@id":"https:\/\/vosgesinfo.fr\/remiremontinfo\/2020\/10\/vosges-plusieurs-cas-de-covid-19-lycee\/"},"author":{"name":"La redaction","@id":"https:\/\/vosgesinfo.fr\/remiremontinfo\/#\/schema\/person\/80c6ea85ff4afefe81dceaf949954c76"},"headline":"Vosges \u2013 Plusieurs cas de Covid-19 dans un lyc\u00e9e","datePublished":"2020-10-04T04:52:59+00:00","dateModified":"2020-10-04T04:52:59+00:00","mainEntityOfPage":{"@id":"https:\/\/vosgesinfo.fr\/remiremontinfo\/2020\/10\/vosges-plusieurs-cas-de-covid-19-lycee\/"},"wordCount":369,"commentCount":0,"publisher":{"@id":"https:\/\/vosgesinfo.fr\/remiremontinfo\/#organization"},"image":{"@id":"https:\/\/vosgesinfo.fr\/remiremontinfo\/2020\/10\/vosges-plusieurs-cas-de-covid-19-lycee\/#primaryimage"},"thumbnailUrl":"https:\/\/vosgesinfo.fr\/app\/uploads\/sites\/5\/2024\/09\/202010lpn.jpg","articleSection":["A la Une","Sant\u00e9","Vosges"],"inLanguage":"fr-FR","potentialAction":[{"@type":"CommentAction","name":"Comment","target":["https:\/\/vosgesinfo.fr\/remiremontinfo\/2020\/10\/vosges-plusieurs-cas-de-covid-19-lycee\/#respond"]}]},{"@type":"WebPage","@id":"https:\/\/vosgesinfo.fr\/remiremontinfo\/2020\/10\/vosges-plusieurs-cas-de-covid-19-lycee\/","url":"https:\/\/vosgesinfo.fr\/remiremontinfo\/2020\/10\/vosges-plusieurs-cas-de-covid-19-lycee\/","name":"Vosges \u2013 Plusieurs cas de Covid-19 dans un lyc\u00e9e - Remiremont Info","isPartOf":{"@id":"https:\/\/vosgesinfo.fr\/remiremontinfo\/#website"},"primaryImageOfPage":{"@id":"https:\/\/vosgesinfo.fr\/remiremontinfo\/2020\/10\/vosges-plusieurs-cas-de-covid-19-lycee\/#primaryimage"},"image":{"@id":"https:\/\/vosgesinfo.fr\/remiremontinfo\/2020\/10\/vosges-plusieurs-cas-de-covid-19-lycee\/#primaryimage"},"thumbnailUrl":"https:\/\/vosgesinfo.fr\/app\/uploads\/sites\/5\/2024\/09\/202010lpn.jpg","datePublished":"2020-10-04T04:52:59+00:00","dateModified":"2020-10-04T04:52:59+00:00","breadcrumb":{"@id":"https:\/\/vosgesinfo.fr\/remiremontinfo\/2020\/10\/vosges-plusieurs-cas-de-covid-19-lycee\/#breadcrumb"},"inLanguage":"fr-FR","potentialAction":[{"@type":"ReadAction","target":["https:\/\/vosgesinfo.fr\/remiremontinfo\/2020\/10\/vosges-plusieurs-cas-de-covid-19-lycee\/"]}]},{"@type":"ImageObject","inLanguage":"fr-FR","@id":"https:\/\/vosgesinfo.fr\/remiremontinfo\/2020\/10\/vosges-plusieurs-cas-de-covid-19-lycee\/#primaryimage","url":"https:\/\/vosgesinfo.fr\/app\/uploads\/sites\/5\/2024\/09\/202010lpn.jpg","contentUrl":"https:\/\/vosgesinfo.fr\/app\/uploads\/sites\/5\/2024\/09\/202010lpn.jpg","width":512,"height":334},{"@type":"BreadcrumbList","@id":"https:\/\/vosgesinfo.fr\/remiremontinfo\/2020\/10\/vosges-plusieurs-cas-de-covid-19-lycee\/#breadcrumb","itemListElement":[{"@type":"ListItem","position":1,"name":"Home","item":"https:\/\/vosgesinfo.fr\/remiremontinfo\/"},{"@type":"ListItem","position":2,"name":"Vosges \u2013 Plusieurs cas de Covid-19 dans un lyc\u00e9e"}]},{"@type":"WebSite","@id":"https:\/\/vosgesinfo.fr\/remiremontinfo\/#website","url":"https:\/\/vosgesinfo.fr\/remiremontinfo\/","name":"Remiremont Info","description":"Toute l&#039;actualit\u00e9 de Remiremont","publisher":{"@id":"https:\/\/vosgesinfo.fr\/remiremontinfo\/#organization"},"alternateName":"Toute l'actualit\u00e9 de Remiremont","potentialAction":[{"@type":"SearchAction","target":{"@type":"EntryPoint","urlTemplate":"https:\/\/vosgesinfo.fr\/remiremontinfo\/?s={search_term_string}"},"query-input":"required name=search_term_string"}],"inLanguage":"fr-FR"},{"@type":"Organization","@id":"https:\/\/vosgesinfo.fr\/remiremontinfo\/#organization","name":"Remiremont Info","url":"https:\/\/vosgesinfo.fr\/remiremontinfo\/","logo":{"@type":"ImageObject","inLanguage":"fr-FR","@id":"https:\/\/vosgesinfo.fr\/remiremontinfo\/#\/schema\/logo\/image\/","url":"https:\/\/vosgesinfo.fr\/app\/uploads\/sites\/5\/2023\/08\/favicon-remiremontinfo.png","contentUrl":"https:\/\/vosgesinfo.fr\/app\/uploads\/sites\/5\/2023\/08\/favicon-remiremontinfo.png","width":512,"height":512,"caption":"Remiremont Info"},"image":{"@id":"https:\/\/vosgesinfo.fr\/remiremontinfo\/#\/schema\/logo\/image\/"},"sameAs":["https:\/\/www.facebook.com\/remiremontinfo","https:\/\/x.com\/VosgesInfo88","https:\/\/www.youtube.com\/@vosgesinfo"]},{"@type":"Person","@id":"https:\/\/vosgesinfo.fr\/remiremontinfo\/#\/schema\/person\/80c6ea85ff4afefe81dceaf949954c76","name":"La redaction","image":{"@type":"ImageObject","inLanguage":"fr-FR","@id":"https:\/\/vosgesinfo.fr\/remiremontinfo\/#\/schema\/person\/image\/","url":"https:\/\/secure.gravatar.com\/avatar\/fa684fed8c27e631d40f39d17520286009f89cf7526728ea4e58b5a8c426c16a?s=96&d=mm&r=g","contentUrl":"https:\/\/secure.gravatar.com\/avatar\/fa684fed8c27e631d40f39d17520286009f89cf7526728ea4e58b5a8c426c16a?s=96&d=mm&r=g","caption":"La redaction"},"url":"https:\/\/vosgesinfo.fr\/remiremontinfo\/author\/d-p\/"}]}},"_links":{"self":[{"href":"https:\/\/vosgesinfo.fr\/remiremontinfo\/wp-json\/wp\/v2\/posts\/32306","targetHints":{"allow":["GET"]}}],"collection":[{"href":"https:\/\/vosgesinfo.fr\/remiremontinfo\/wp-json\/wp\/v2\/posts"}],"about":[{"href":"https:\/\/vosgesinfo.fr\/remiremontinfo\/wp-json\/wp\/v2\/types\/post"}],"author":[{"embeddable":true,"href":"https:\/\/vosgesinfo.fr\/remiremontinfo\/wp-json\/wp\/v2\/users\/392"}],"replies":[{"embeddable":true,"href":"https:\/\/vosgesinfo.fr\/remiremontinfo\/wp-json\/wp\/v2\/comments?post=32306"}],"version-history":[{"count":0,"href":"https:\/\/vosgesinfo.fr\/remiremontinfo\/wp-json\/wp\/v2\/posts\/32306\/revisions"}],"wp:featuredmedia":[{"embeddable":true,"href":"https:\/\/vosgesinfo.fr\/remiremontinfo\/wp-json\/wp\/v2\/media\/32307"}],"wp:attachment":[{"href":"https:\/\/vosgesinfo.fr\/remiremontinfo\/wp-json\/wp\/v2\/media?parent=32306"}],"wp:term":[{"taxonomy":"category","embeddable":true,"href":"https:\/\/vosgesinfo.fr\/remiremontinfo\/wp-json\/wp\/v2\/categories?post=32306"},{"taxonomy":"post_tag","embeddable":true,"href":"https:\/\/vosgesinfo.fr\/remiremontinfo\/wp-json\/wp\/v2\/tags?post=32306"}],"curies":[{"name":"wp","href":"https:\/\/api.w.org\/{rel}","templated":true}]}}