{"id":32311,"date":"2020-10-04T08:09:10","date_gmt":"2020-10-04T06:09:10","guid":{"rendered":"https:\/\/vosgesinfo.fr\/remiremontinfo\/2020\/10\/changement-climatique-bientot-fin-tourisme-dhiver-vosges\/"},"modified":"2020-10-04T08:09:10","modified_gmt":"2020-10-04T06:09:10","slug":"changement-climatique-bientot-fin-tourisme-dhiver-vosges","status":"publish","type":"post","link":"https:\/\/vosgesinfo.fr\/remiremontinfo\/2020\/10\/changement-climatique-bientot-fin-tourisme-dhiver-vosges\/","title":{"rendered":"Changement climatique\u00a0: bient\u00f4t la fin du tourisme d\u2019hiver dans les Vosges ?"},"content":{"rendered":"<p style=\"text-align: center;\"><a href=\"\/2020\/10\/DSC_03201.jpg\"><img decoding=\"async\" class=\"alignnone size-full wp-image-297740\" src=\"\/2020\/10\/DSC_03201.jpg\" alt=\"DSC_0320\" width=\"800\" height=\"532\" \/><\/a><\/p>\n<h2><strong><span style=\"font-size: 12pt;\"><span style=\"color: #333333;\"><span style=\"font-family: 'Times New Roman', serif;\">A l\u2019occasion du<\/span><\/span><span style=\"color: #333333;\"><span style=\"font-family: 'Times New Roman', serif;\"> 31\u00e8me Festival International de G\u00e9ographie <\/span><\/span><span style=\"color: #333333;\"><span style=\"font-family: 'Times New Roman', serif;\">qui se d\u00e9roule actuellement <\/span><\/span><span style=\"color: #333333;\"><span style=\"font-family: 'Times New Roman', serif;\">\u00e0 Saint-Di\u00e9-des-Vosges, <\/span><\/span><span style=\"color: #333333;\"><span style=\"font-family: 'Times New Roman', serif;\">u<\/span><\/span><span style=\"color: #333333;\"><span style=\"font-family: 'Times New Roman', serif;\">ne conf\u00e9rence d\u00e9localis\u00e9e a<\/span><\/span><span style=\"color: #333333;\"><span style=\"font-family: 'Times New Roman', serif;\">vait<\/span><\/span><span style=\"color: #333333;\"><span style=\"font-family: 'Times New Roman', serif;\"> lieu <\/span><\/span><span style=\"color: #333333;\"><span style=\"font-family: 'Times New Roman', serif;\">c<\/span><\/span><span style=\"color: #333333;\"><span style=\"font-family: 'Times New Roman', serif;\">e samedi <\/span><\/span><span style=\"color: #333333;\"><span style=\"font-family: 'Times New Roman', serif;\">soir<\/span><\/span><span style=\"color: #333333;\"><span style=\"font-family: 'Times New Roman', serif;\"> au grand Salon de l\u2019h\u00f4tel de Ville de Remiremont. Xavier Fettweiss, professeur \u00e0 l\u2019Universit\u00e9 de Li\u00e8ge et chercheur en climatologie a fait une pr\u00e9sentation sur le th\u00e8me :\u00ab \u00c9volution actuelle et future de l\u2019enneigement dans les Vosges et les massifs montagneux fran\u00e7ais \u00bb<\/span><\/span><\/span><\/strong><\/h2>\n<p><span style=\"color: #333333;\"><span style=\"font-family: 'Times New Roman', serif;\"><span style=\"font-size: medium;\">Sp\u00e9cialiste des p\u00f4les et de la calotte polaire, il a choisi de <\/span><\/span><\/span><span style=\"color: #333333;\"><span style=\"font-family: 'Times New Roman', serif;\"><span style=\"font-size: medium;\">s\u2019<\/span><\/span><\/span><span style=\"color: #333333;\"><span style=\"font-family: 'Times New Roman', serif;\"><span style=\"font-size: medium;\">int\u00e9resser \u00e0 l\u2019enneigement en France. <\/span><\/span><\/span><span style=\"color: #333333;\"><span style=\"font-family: 'Times New Roman', serif;\"><span style=\"font-size: medium;\">Il se veut tout d\u2019abord rassurant, en ce qui concerne l\u2019avenir climatique\u00a0: <em>\u00ab\u00a0il y a plusieurs trajectoires possibles, tout n\u2019est pas perdu, rassurez vous\u00a0\u00bb. <\/em>Le cherch<em>eur<\/em><\/span><\/span><\/span><span style=\"color: #333333;\"><span style=\"font-family: 'Times New Roman', serif;\"><span style=\"font-size: medium;\">\u00a0a pr\u00e9sent\u00e9 plusieurs cartes du nord-est de la France,\u00a0<\/span><\/span><\/span><span style=\"color: #333333;\"><span style=\"font-family: 'Times New Roman', serif;\"><span style=\"font-size: medium;\">illustrant<\/span><\/span><\/span><span style=\"color: #333333;\"><span style=\"font-family: 'Times New Roman', serif;\"><span style=\"font-size: medium;\"> l\u2019\u00e9volution de certains param\u00e8tres (temp\u00e9ratures, enneigement) entre les ann\u00e9es 80 et aujourd\u2019hui et des mod\u00e8les de pr\u00e9vision pour le si\u00e8cle \u00e0 venir. Globalement, on observe une hausse de la temp\u00e9rature et une baisse de l\u2019enneigement. Un point positif\u00a0: si cette tendance se confirme, il y aurait moins de risques d\u2019inondations\u00a0. <em>\u00ab\u00a0On observe une diminution de jours qui seraient favorables aux inondations\u00a0\u00bb<\/em>, du fait de la fonte de glaces. Cependant, cela ne prend pas en compte l\u2019artificialisation des sols.<\/span><\/span><\/span><\/p>\n<p><span style=\"color: #333333;\"><span style=\"font-family: 'Times New Roman', serif;\"><span style=\"font-size: medium;\">Le professeur pr\u00e9sente ensuite une s\u00e9rie de cartes \u00ab\u00a0avant-apr\u00e8s\u00a0\u00bb, avec deux pr\u00e9visions diff\u00e9rentes. L\u2019une<em> \u00ab\u00a0business as usual, si l\u2019on ne fait rien\u00a0\u00bb<\/em>, l\u2019autre si l\u2019on respecte les objectifs de l\u2019accord de Paris sur le climat, en limitant la hausse des temp\u00e9ratures \u00e0 2\u00b0C. Dans le premier cas, dans les Hautes Vosges, les estimations sont\u00a0: des temp\u00e9ratures au dessus de 0\u00b0 en hiver, et 15 jours d\u2019enneigement. Dans le deuxi\u00e8me cas\u00a0: des temp\u00e9ratures en dessous de 0\u00b0C et environ un mois et demi d\u2019enneigement. Des changements qui, s\u2019ils se confirment,\u00a0n\u00e9cessiteront une adaptation. Notamment dans le domaine touristique. <em>\u00ab\u00a0Dans les Vosges, s\u2019il faut investir dans un tourisme, c\u2019est un tourisme d\u2019\u00e9t\u00e9\u00a0\u00bb<\/em>, affirme Xavier Fettweiss, si les tendances se confirment.<\/span><\/span><\/span><\/p>\n<p><span style=\"color: #333333;\"><span style=\"font-family: 'Times New Roman', serif;\"><span style=\"font-size: medium;\">Pour finir, le professeur pr\u00e9sente deux cartes du monde, produites par le <\/span><\/span><\/span><span style=\"color: #333333;\"><span style=\"font-family: 'Times New Roman', serif;\"><span style=\"font-size: medium;\">GIEC (Groupe d&rsquo;experts intergouvernemental sur l&rsquo;\u00e9volution du climat). <\/span><\/span><\/span><span style=\"color: #333333;\"><span style=\"font-family: 'Times New Roman', serif;\"><span style=\"font-size: medium;\">Une carte avec respect des accords de Paris, une carte sans\u00a0. <\/span><\/span><\/span><em><span style=\"color: #333333;\"><span style=\"font-family: 'Times New Roman', serif;\"><span style=\"font-size: medium;\">\u00ab\u00a0<\/span><\/span><\/span><\/em><span style=\"color: #333333;\"><span style=\"font-family: 'Times New Roman', serif;\"><span style=\"font-size: medium;\"><em>Le GIEC se base sur une trentaine de mod\u00e8les globaux\u00a0\u00bb<\/em>. Une carte \u00ab\u00a0optimiste\u00a0\u00bb et une carte \u00ab\u00a0pessimiste\u00a0\u00bb donc, sauf si vous pr\u00e9f\u00e9rez un climat plus <\/span><\/span><\/span><span style=\"color: #333333;\"><span style=\"font-family: 'Times New Roman', serif;\"><span style=\"font-size: medium;\">m\u00e9diterran\u00e9en<\/span><\/span><\/span><span style=\"color: #333333;\"><span style=\"font-family: 'Times New Roman', serif;\"><span style=\"font-size: medium;\">, <\/span><\/span><\/span><span style=\"color: #333333;\"><span style=\"font-family: 'Times New Roman', serif;\"><span style=\"font-size: medium;\">ou si vous voulez construire une piscine dans votre jardin.<\/span><\/span><\/span> <em><span style=\"color: #333333;\"><span style=\"font-family: 'Times New Roman', serif;\"><span style=\"font-size: medium;\">\u00ab\u00a0<\/span><\/span><\/span><span style=\"color: #333333;\"><span style=\"font-family: 'Times New Roman', serif;\"><span style=\"font-size: medium;\">Dans tous les cas, on a \u00e0 reconvertir les Vosges dans le touris<\/span><\/span><\/span><span style=\"color: #333333;\"><span style=\"font-family: 'Times New Roman', serif;\"><span style=\"font-size: medium;\">m<\/span><\/span><\/span><\/em><span style=\"color: #333333;\"><span style=\"font-family: 'Times New Roman', serif;\"><span style=\"font-size: medium;\"><em>e d\u2019\u00e9t\u00e9\u00a0\u00bb.<\/em>\u00a0<\/span><\/span><\/span><span style=\"color: #333333;\"><span style=\"font-family: 'Times New Roman', serif;\"><span style=\"font-size: medium;\">Devant ces deux cartes, <\/span><\/span><\/span><span style=\"color: #333333;\"><span style=\"font-family: 'Times New Roman', serif;\"><span style=\"font-size: medium;\">Xavier Fettweiss <\/span><\/span><\/span><span style=\"color: #333333;\"><span style=\"font-family: 'Times New Roman', serif;\"><span style=\"font-size: medium;\">termine sa conf\u00e9rence sur cette affirmation\u00a0: <\/span><\/span><\/span><em><span style=\"color: #333333;\"><span style=\"font-family: 'Times New Roman', serif;\"><span style=\"font-size: medium;\">\u00ab\u00a0<\/span><\/span><\/span><\/em><span style=\"color: #333333;\"><span style=\"font-family: 'Times New Roman', serif;\"><span style=\"font-size: medium;\"><em>A nous de choisir o\u00f9 on va\u00a0\u00bb<\/em>. <\/span><\/span><\/span><span style=\"color: #333333;\"><span style=\"font-family: 'Times New Roman', serif;\"><span style=\"font-size: medium;\">\u00ab\u00a0<\/span><\/span><\/span><span style=\"color: #333333;\"><span style=\"font-family: 'Times New Roman', serif;\"><span style=\"font-size: medium;\">Nous\u00a0\u00bb incluant les chinois, les am\u00e9ricains, et les pays \u00e9merge<\/span><\/span><\/span><span style=\"color: #333333;\"><span style=\"font-family: 'Times New Roman', serif;\"><span style=\"font-size: medium;\">nts. Acheter une voiture \u00e9lectrique et manger moins de beefsteak ne sera peut \u00eatre pas suffisant. Si le professeur invite \u00e0 faire \u00ab\u00a0des efforts\u00a0\u00bb, il \u00e9voque \u00e9galement la recherche technologique, qui permettra peut \u00eatre un jour, notamment, de r\u00e9cup\u00e9rer le CO2 dans l&rsquo;atmosph\u00e8re.\u00a0<\/span><\/span><\/span><span style=\"color: #333333;\"><span style=\"font-family: 'Times New Roman', serif;\"><span style=\"font-size: medium;\">On verra ce qui se passe.<\/span><\/span><\/span><\/p>\n\n","protected":false},"excerpt":{"rendered":"<p>A l\u2019occasion du 31\u00e8me Festival International de G\u00e9ographie qui se d\u00e9roule actuellement \u00e0 Saint-Di\u00e9-des-Vosges, une conf\u00e9rence d\u00e9localis\u00e9e avait lieu ce [&hellip;]<\/p>\n","protected":false},"author":407,"featured_media":32312,"comment_status":"open","ping_status":"open","sticky":false,"template":"","format":"standard","meta":{"footnotes":""},"categories":[26,7,1556,35],"tags":[],"class_list":["post-32311","post","type-post","status-publish","format-standard","has-post-thumbnail","hentry","category-a-la-une","category-environnement","category-remiremont-remiremont-son-canton-2","category-remiremont-son-canton"],"acf":[],"yoast_head":"<!-- This site is optimized with the Yoast SEO plugin v22.5 - https:\/\/yoast.com\/wordpress\/plugins\/seo\/ -->\n<title>Changement climatique\u00a0: bient\u00f4t la fin du tourisme d\u2019hiver dans les Vosges ? - Remiremont Info<\/title>\n<meta name=\"robots\" content=\"index, follow, max-snippet:-1, max-image-preview:large, max-video-preview:-1\" \/>\n<link rel=\"canonical\" href=\"https:\/\/vosgesinfo.fr\/remiremontinfo\/2020\/10\/changement-climatique-bientot-fin-tourisme-dhiver-vosges\/\" \/>\n<meta name=\"twitter:card\" content=\"summary_large_image\" \/>\n<meta name=\"twitter:title\" content=\"Changement climatique\u00a0: bient\u00f4t la fin du tourisme d\u2019hiver dans les Vosges ? - Remiremont Info\" \/>\n<meta name=\"twitter:description\" content=\"A l\u2019occasion du 31\u00e8me Festival International de G\u00e9ographie qui se d\u00e9roule actuellement \u00e0 Saint-Di\u00e9-des-Vosges, une conf\u00e9rence d\u00e9localis\u00e9e avait lieu ce [&hellip;]\" \/>\n<meta name=\"twitter:image\" content=\"https:\/\/vosgesinfo.fr\/app\/uploads\/sites\/5\/2024\/09\/202010dsc-03201.jpg\" \/>\n<meta name=\"twitter:creator\" content=\"@VosgesInfo88\" \/>\n<meta name=\"twitter:site\" content=\"@VosgesInfo88\" \/>\n<meta name=\"twitter:label1\" content=\"\u00c9crit par\" \/>\n\t<meta name=\"twitter:data1\" content=\"C D\" \/>\n\t<meta name=\"twitter:label2\" content=\"Dur\u00e9e de lecture estim\u00e9e\" \/>\n\t<meta name=\"twitter:data2\" content=\"3 minutes\" \/>\n<script type=\"application\/ld+json\" class=\"yoast-schema-graph\">{\"@context\":\"https:\/\/schema.org\",\"@graph\":[{\"@type\":\"Article\",\"@id\":\"https:\/\/vosgesinfo.fr\/remiremontinfo\/2020\/10\/changement-climatique-bientot-fin-tourisme-dhiver-vosges\/#article\",\"isPartOf\":{\"@id\":\"https:\/\/vosgesinfo.fr\/remiremontinfo\/2020\/10\/changement-climatique-bientot-fin-tourisme-dhiver-vosges\/\"},\"author\":{\"name\":\"C D\",\"@id\":\"https:\/\/vosgesinfo.fr\/remiremontinfo\/#\/schema\/person\/3bfd164d5218a185b1db68655a265316\"},\"headline\":\"Changement climatique\u00a0: bient\u00f4t la fin du tourisme d\u2019hiver dans les Vosges ?\",\"datePublished\":\"2020-10-04T06:09:10+00:00\",\"dateModified\":\"2020-10-04T06:09:10+00:00\",\"mainEntityOfPage\":{\"@id\":\"https:\/\/vosgesinfo.fr\/remiremontinfo\/2020\/10\/changement-climatique-bientot-fin-tourisme-dhiver-vosges\/\"},\"wordCount\":559,\"commentCount\":0,\"publisher\":{\"@id\":\"https:\/\/vosgesinfo.fr\/remiremontinfo\/#organization\"},\"image\":{\"@id\":\"https:\/\/vosgesinfo.fr\/remiremontinfo\/2020\/10\/changement-climatique-bientot-fin-tourisme-dhiver-vosges\/#primaryimage\"},\"thumbnailUrl\":\"https:\/\/vosgesinfo.fr\/app\/uploads\/sites\/5\/2024\/09\/202010dsc-03201.jpg\",\"articleSection\":[\"A la Une\",\"Environnement\",\"Remiremont\",\"Remiremont &amp; son canton\"],\"inLanguage\":\"fr-FR\",\"potentialAction\":[{\"@type\":\"CommentAction\",\"name\":\"Comment\",\"target\":[\"https:\/\/vosgesinfo.fr\/remiremontinfo\/2020\/10\/changement-climatique-bientot-fin-tourisme-dhiver-vosges\/#respond\"]}]},{\"@type\":\"WebPage\",\"@id\":\"https:\/\/vosgesinfo.fr\/remiremontinfo\/2020\/10\/changement-climatique-bientot-fin-tourisme-dhiver-vosges\/\",\"url\":\"https:\/\/vosgesinfo.fr\/remiremontinfo\/2020\/10\/changement-climatique-bientot-fin-tourisme-dhiver-vosges\/\",\"name\":\"Changement climatique\u00a0: bient\u00f4t la fin du tourisme d\u2019hiver dans les Vosges ? - Remiremont Info\",\"isPartOf\":{\"@id\":\"https:\/\/vosgesinfo.fr\/remiremontinfo\/#website\"},\"primaryImageOfPage\":{\"@id\":\"https:\/\/vosgesinfo.fr\/remiremontinfo\/2020\/10\/changement-climatique-bientot-fin-tourisme-dhiver-vosges\/#primaryimage\"},\"image\":{\"@id\":\"https:\/\/vosgesinfo.fr\/remiremontinfo\/2020\/10\/changement-climatique-bientot-fin-tourisme-dhiver-vosges\/#primaryimage\"},\"thumbnailUrl\":\"https:\/\/vosgesinfo.fr\/app\/uploads\/sites\/5\/2024\/09\/202010dsc-03201.jpg\",\"datePublished\":\"2020-10-04T06:09:10+00:00\",\"dateModified\":\"2020-10-04T06:09:10+00:00\",\"breadcrumb\":{\"@id\":\"https:\/\/vosgesinfo.fr\/remiremontinfo\/2020\/10\/changement-climatique-bientot-fin-tourisme-dhiver-vosges\/#breadcrumb\"},\"inLanguage\":\"fr-FR\",\"potentialAction\":[{\"@type\":\"ReadAction\",\"target\":[\"https:\/\/vosgesinfo.fr\/remiremontinfo\/2020\/10\/changement-climatique-bientot-fin-tourisme-dhiver-vosges\/\"]}]},{\"@type\":\"ImageObject\",\"inLanguage\":\"fr-FR\",\"@id\":\"https:\/\/vosgesinfo.fr\/remiremontinfo\/2020\/10\/changement-climatique-bientot-fin-tourisme-dhiver-vosges\/#primaryimage\",\"url\":\"https:\/\/vosgesinfo.fr\/app\/uploads\/sites\/5\/2024\/09\/202010dsc-03201.jpg\",\"contentUrl\":\"https:\/\/vosgesinfo.fr\/app\/uploads\/sites\/5\/2024\/09\/202010dsc-03201.jpg\",\"width\":800,\"height\":532},{\"@type\":\"BreadcrumbList\",\"@id\":\"https:\/\/vosgesinfo.fr\/remiremontinfo\/2020\/10\/changement-climatique-bientot-fin-tourisme-dhiver-vosges\/#breadcrumb\",\"itemListElement\":[{\"@type\":\"ListItem\",\"position\":1,\"name\":\"Home\",\"item\":\"https:\/\/vosgesinfo.fr\/remiremontinfo\/\"},{\"@type\":\"ListItem\",\"position\":2,\"name\":\"Changement climatique\u00a0: bient\u00f4t la fin du tourisme d\u2019hiver dans les Vosges ?\"}]},{\"@type\":\"WebSite\",\"@id\":\"https:\/\/vosgesinfo.fr\/remiremontinfo\/#website\",\"url\":\"https:\/\/vosgesinfo.fr\/remiremontinfo\/\",\"name\":\"Remiremont Info\",\"description\":\"Toute l&#039;actualit\u00e9 de Remiremont\",\"publisher\":{\"@id\":\"https:\/\/vosgesinfo.fr\/remiremontinfo\/#organization\"},\"alternateName\":\"Toute l'actualit\u00e9 de Remiremont\",\"potentialAction\":[{\"@type\":\"SearchAction\",\"target\":{\"@type\":\"EntryPoint\",\"urlTemplate\":\"https:\/\/vosgesinfo.fr\/remiremontinfo\/?s={search_term_string}\"},\"query-input\":\"required name=search_term_string\"}],\"inLanguage\":\"fr-FR\"},{\"@type\":\"Organization\",\"@id\":\"https:\/\/vosgesinfo.fr\/remiremontinfo\/#organization\",\"name\":\"Remiremont Info\",\"url\":\"https:\/\/vosgesinfo.fr\/remiremontinfo\/\",\"logo\":{\"@type\":\"ImageObject\",\"inLanguage\":\"fr-FR\",\"@id\":\"https:\/\/vosgesinfo.fr\/remiremontinfo\/#\/schema\/logo\/image\/\",\"url\":\"https:\/\/vosgesinfo.fr\/app\/uploads\/sites\/5\/2023\/08\/favicon-remiremontinfo.png\",\"contentUrl\":\"https:\/\/vosgesinfo.fr\/app\/uploads\/sites\/5\/2023\/08\/favicon-remiremontinfo.png\",\"width\":512,\"height\":512,\"caption\":\"Remiremont Info\"},\"image\":{\"@id\":\"https:\/\/vosgesinfo.fr\/remiremontinfo\/#\/schema\/logo\/image\/\"},\"sameAs\":[\"https:\/\/www.facebook.com\/remiremontinfo\",\"https:\/\/x.com\/VosgesInfo88\",\"https:\/\/www.youtube.com\/@vosgesinfo\"]},{\"@type\":\"Person\",\"@id\":\"https:\/\/vosgesinfo.fr\/remiremontinfo\/#\/schema\/person\/3bfd164d5218a185b1db68655a265316\",\"name\":\"C D\",\"image\":{\"@type\":\"ImageObject\",\"inLanguage\":\"fr-FR\",\"@id\":\"https:\/\/vosgesinfo.fr\/remiremontinfo\/#\/schema\/person\/image\/\",\"url\":\"https:\/\/secure.gravatar.com\/avatar\/1f9a70007336511a47468b8f1c66f922b8b7cf617b02a31149ada43893a5d48f?s=96&d=mm&r=g\",\"contentUrl\":\"https:\/\/secure.gravatar.com\/avatar\/1f9a70007336511a47468b8f1c66f922b8b7cf617b02a31149ada43893a5d48f?s=96&d=mm&r=g\",\"caption\":\"C D\"},\"url\":\"https:\/\/vosgesinfo.fr\/remiremontinfo\/author\/cedric-drevet\/\"}]}<\/script>\n<!-- \/ Yoast SEO plugin. -->","yoast_head_json":{"title":"Changement climatique\u00a0: bient\u00f4t la fin du tourisme d\u2019hiver dans les Vosges ? - Remiremont Info","robots":{"index":"index","follow":"follow","max-snippet":"max-snippet:-1","max-image-preview":"max-image-preview:large","max-video-preview":"max-video-preview:-1"},"canonical":"https:\/\/vosgesinfo.fr\/remiremontinfo\/2020\/10\/changement-climatique-bientot-fin-tourisme-dhiver-vosges\/","twitter_card":"summary_large_image","twitter_title":"Changement climatique\u00a0: bient\u00f4t la fin du tourisme d\u2019hiver dans les Vosges ? - Remiremont Info","twitter_description":"A l\u2019occasion du 31\u00e8me Festival International de G\u00e9ographie qui se d\u00e9roule actuellement \u00e0 Saint-Di\u00e9-des-Vosges, une conf\u00e9rence d\u00e9localis\u00e9e avait lieu ce [&hellip;]","twitter_image":"https:\/\/vosgesinfo.fr\/app\/uploads\/sites\/5\/2024\/09\/202010dsc-03201.jpg","twitter_creator":"@VosgesInfo88","twitter_site":"@VosgesInfo88","twitter_misc":{"\u00c9crit par":"C D","Dur\u00e9e de lecture estim\u00e9e":"3 minutes"},"schema":{"@context":"https:\/\/schema.org","@graph":[{"@type":"Article","@id":"https:\/\/vosgesinfo.fr\/remiremontinfo\/2020\/10\/changement-climatique-bientot-fin-tourisme-dhiver-vosges\/#article","isPartOf":{"@id":"https:\/\/vosgesinfo.fr\/remiremontinfo\/2020\/10\/changement-climatique-bientot-fin-tourisme-dhiver-vosges\/"},"author":{"name":"C D","@id":"https:\/\/vosgesinfo.fr\/remiremontinfo\/#\/schema\/person\/3bfd164d5218a185b1db68655a265316"},"headline":"Changement climatique\u00a0: bient\u00f4t la fin du tourisme d\u2019hiver dans les Vosges ?","datePublished":"2020-10-04T06:09:10+00:00","dateModified":"2020-10-04T06:09:10+00:00","mainEntityOfPage":{"@id":"https:\/\/vosgesinfo.fr\/remiremontinfo\/2020\/10\/changement-climatique-bientot-fin-tourisme-dhiver-vosges\/"},"wordCount":559,"commentCount":0,"publisher":{"@id":"https:\/\/vosgesinfo.fr\/remiremontinfo\/#organization"},"image":{"@id":"https:\/\/vosgesinfo.fr\/remiremontinfo\/2020\/10\/changement-climatique-bientot-fin-tourisme-dhiver-vosges\/#primaryimage"},"thumbnailUrl":"https:\/\/vosgesinfo.fr\/app\/uploads\/sites\/5\/2024\/09\/202010dsc-03201.jpg","articleSection":["A la Une","Environnement","Remiremont","Remiremont &amp; son canton"],"inLanguage":"fr-FR","potentialAction":[{"@type":"CommentAction","name":"Comment","target":["https:\/\/vosgesinfo.fr\/remiremontinfo\/2020\/10\/changement-climatique-bientot-fin-tourisme-dhiver-vosges\/#respond"]}]},{"@type":"WebPage","@id":"https:\/\/vosgesinfo.fr\/remiremontinfo\/2020\/10\/changement-climatique-bientot-fin-tourisme-dhiver-vosges\/","url":"https:\/\/vosgesinfo.fr\/remiremontinfo\/2020\/10\/changement-climatique-bientot-fin-tourisme-dhiver-vosges\/","name":"Changement climatique\u00a0: bient\u00f4t la fin du tourisme d\u2019hiver dans les Vosges ? - Remiremont Info","isPartOf":{"@id":"https:\/\/vosgesinfo.fr\/remiremontinfo\/#website"},"primaryImageOfPage":{"@id":"https:\/\/vosgesinfo.fr\/remiremontinfo\/2020\/10\/changement-climatique-bientot-fin-tourisme-dhiver-vosges\/#primaryimage"},"image":{"@id":"https:\/\/vosgesinfo.fr\/remiremontinfo\/2020\/10\/changement-climatique-bientot-fin-tourisme-dhiver-vosges\/#primaryimage"},"thumbnailUrl":"https:\/\/vosgesinfo.fr\/app\/uploads\/sites\/5\/2024\/09\/202010dsc-03201.jpg","datePublished":"2020-10-04T06:09:10+00:00","dateModified":"2020-10-04T06:09:10+00:00","breadcrumb":{"@id":"https:\/\/vosgesinfo.fr\/remiremontinfo\/2020\/10\/changement-climatique-bientot-fin-tourisme-dhiver-vosges\/#breadcrumb"},"inLanguage":"fr-FR","potentialAction":[{"@type":"ReadAction","target":["https:\/\/vosgesinfo.fr\/remiremontinfo\/2020\/10\/changement-climatique-bientot-fin-tourisme-dhiver-vosges\/"]}]},{"@type":"ImageObject","inLanguage":"fr-FR","@id":"https:\/\/vosgesinfo.fr\/remiremontinfo\/2020\/10\/changement-climatique-bientot-fin-tourisme-dhiver-vosges\/#primaryimage","url":"https:\/\/vosgesinfo.fr\/app\/uploads\/sites\/5\/2024\/09\/202010dsc-03201.jpg","contentUrl":"https:\/\/vosgesinfo.fr\/app\/uploads\/sites\/5\/2024\/09\/202010dsc-03201.jpg","width":800,"height":532},{"@type":"BreadcrumbList","@id":"https:\/\/vosgesinfo.fr\/remiremontinfo\/2020\/10\/changement-climatique-bientot-fin-tourisme-dhiver-vosges\/#breadcrumb","itemListElement":[{"@type":"ListItem","position":1,"name":"Home","item":"https:\/\/vosgesinfo.fr\/remiremontinfo\/"},{"@type":"ListItem","position":2,"name":"Changement climatique\u00a0: bient\u00f4t la fin du tourisme d\u2019hiver dans les Vosges ?"}]},{"@type":"WebSite","@id":"https:\/\/vosgesinfo.fr\/remiremontinfo\/#website","url":"https:\/\/vosgesinfo.fr\/remiremontinfo\/","name":"Remiremont Info","description":"Toute l&#039;actualit\u00e9 de Remiremont","publisher":{"@id":"https:\/\/vosgesinfo.fr\/remiremontinfo\/#organization"},"alternateName":"Toute l'actualit\u00e9 de Remiremont","potentialAction":[{"@type":"SearchAction","target":{"@type":"EntryPoint","urlTemplate":"https:\/\/vosgesinfo.fr\/remiremontinfo\/?s={search_term_string}"},"query-input":"required name=search_term_string"}],"inLanguage":"fr-FR"},{"@type":"Organization","@id":"https:\/\/vosgesinfo.fr\/remiremontinfo\/#organization","name":"Remiremont Info","url":"https:\/\/vosgesinfo.fr\/remiremontinfo\/","logo":{"@type":"ImageObject","inLanguage":"fr-FR","@id":"https:\/\/vosgesinfo.fr\/remiremontinfo\/#\/schema\/logo\/image\/","url":"https:\/\/vosgesinfo.fr\/app\/uploads\/sites\/5\/2023\/08\/favicon-remiremontinfo.png","contentUrl":"https:\/\/vosgesinfo.fr\/app\/uploads\/sites\/5\/2023\/08\/favicon-remiremontinfo.png","width":512,"height":512,"caption":"Remiremont Info"},"image":{"@id":"https:\/\/vosgesinfo.fr\/remiremontinfo\/#\/schema\/logo\/image\/"},"sameAs":["https:\/\/www.facebook.com\/remiremontinfo","https:\/\/x.com\/VosgesInfo88","https:\/\/www.youtube.com\/@vosgesinfo"]},{"@type":"Person","@id":"https:\/\/vosgesinfo.fr\/remiremontinfo\/#\/schema\/person\/3bfd164d5218a185b1db68655a265316","name":"C D","image":{"@type":"ImageObject","inLanguage":"fr-FR","@id":"https:\/\/vosgesinfo.fr\/remiremontinfo\/#\/schema\/person\/image\/","url":"https:\/\/secure.gravatar.com\/avatar\/1f9a70007336511a47468b8f1c66f922b8b7cf617b02a31149ada43893a5d48f?s=96&d=mm&r=g","contentUrl":"https:\/\/secure.gravatar.com\/avatar\/1f9a70007336511a47468b8f1c66f922b8b7cf617b02a31149ada43893a5d48f?s=96&d=mm&r=g","caption":"C D"},"url":"https:\/\/vosgesinfo.fr\/remiremontinfo\/author\/cedric-drevet\/"}]}},"_links":{"self":[{"href":"https:\/\/vosgesinfo.fr\/remiremontinfo\/wp-json\/wp\/v2\/posts\/32311","targetHints":{"allow":["GET"]}}],"collection":[{"href":"https:\/\/vosgesinfo.fr\/remiremontinfo\/wp-json\/wp\/v2\/posts"}],"about":[{"href":"https:\/\/vosgesinfo.fr\/remiremontinfo\/wp-json\/wp\/v2\/types\/post"}],"author":[{"embeddable":true,"href":"https:\/\/vosgesinfo.fr\/remiremontinfo\/wp-json\/wp\/v2\/users\/407"}],"replies":[{"embeddable":true,"href":"https:\/\/vosgesinfo.fr\/remiremontinfo\/wp-json\/wp\/v2\/comments?post=32311"}],"version-history":[{"count":0,"href":"https:\/\/vosgesinfo.fr\/remiremontinfo\/wp-json\/wp\/v2\/posts\/32311\/revisions"}],"wp:featuredmedia":[{"embeddable":true,"href":"https:\/\/vosgesinfo.fr\/remiremontinfo\/wp-json\/wp\/v2\/media\/32312"}],"wp:attachment":[{"href":"https:\/\/vosgesinfo.fr\/remiremontinfo\/wp-json\/wp\/v2\/media?parent=32311"}],"wp:term":[{"taxonomy":"category","embeddable":true,"href":"https:\/\/vosgesinfo.fr\/remiremontinfo\/wp-json\/wp\/v2\/categories?post=32311"},{"taxonomy":"post_tag","embeddable":true,"href":"https:\/\/vosgesinfo.fr\/remiremontinfo\/wp-json\/wp\/v2\/tags?post=32311"}],"curies":[{"name":"wp","href":"https:\/\/api.w.org\/{rel}","templated":true}]}}